{"id":854,"date":"2010-05-01T19:42:30","date_gmt":"2010-05-01T17:42:30","guid":{"rendered":"http:\/\/blog.zeit.de\/gruenegeschaefte\/?p=854"},"modified":"2010-05-01T19:43:30","modified_gmt":"2010-05-01T17:43:30","slug":"zeit-online-talk-okos-2-0","status":"publish","type":"post","link":"https:\/\/blog.zeit.de\/gruenegeschaefte\/2010\/05\/01\/zeit-online-talk-okos-2-0\/","title":{"rendered":"ZEIT ONLINE Talk &#8222;\u00d6kos 2.0&#8220;"},"content":{"rendered":"<p>Umwelt- und Klimasch\u00fctzer zieht es ins Netz: Greenpeace bloggt \u00fcber  Demos und organisiert Aktivisten in seinem Portal <a href=\"http:\/\/beta.greenaction.de\/\" target=\"_blank\">GreenAction<\/a>,  <a href=\"http:\/\/www.campact.de\/campact\/home\" target=\"_blank\">Campact<\/a> kann in Sekundenschnelle Atomkraftgegner  \u00fcber seinen E-Mail-Verteiler mobilisieren und <a href=\"http:\/\/twitter.com\/socialbloggerde\">Blogger Ole Seidenberg  von der Agentur Nest<\/a> kommentiert die Klimaschutzverhandlungen live vor Ort.<\/p>\n<p>Wie  ver\u00e4ndert das Netz die Arbeit von Nichtregierungsorganisationen und  Klimaaktivisten?\u00a0 Und was genau machen Verbraucherportale wie <a href=\"http:\/\/www.utopia.de\/\">Utopia<\/a> und wie wichtig sind sie? Darum drehte sich heute der <a href=\"http:\/\/www.zeit.de\/hoeren\/dradio\/zeit-online-talk\">ZEIT ONLINE Talk <\/a>auf Deutschlandradio Wissen, wo ich mit Vertretern von Greenpeace, Campact und dem Socialblogger Ole Seidenberg diskutierte.<\/p>\n<p>Eines der Ergebnisse: Das Internet ist nur Mittel zum Zweck &#8211; es geht nicht nur darum, Onlinepetitionen zu unterschreiben, sondern am Ende die Leute zu mobilisieren, selbst aktiv zu werden.<\/p>\n<p>Wer die einst\u00fcndige Livesendung um 11 Uhr verpasst hat: <a href=\"http:\/\/wissen.dradio.de\/index.98.de.html?dram:article_id=2482&amp;dram:play=1\">Hier gibt\u00b4s den Podcast zum Nachh\u00f6ren<\/a>&#8230;- auch ein kurzes Reinschnuppern von f\u00fcnf Minuten lohnt ;-)<\/p>\n","protected":false},"excerpt":{"rendered":"<p>Umwelt- und Klimasch\u00fctzer zieht es ins Netz: Greenpeace bloggt \u00fcber Demos und organisiert Aktivisten in seinem Portal GreenAction, Campact kann in Sekundenschnelle Atomkraftgegner \u00fcber seinen E-Mail-Verteiler mobilisieren und Blogger Ole Seidenberg von der Agentur Nest kommentiert die Klimaschutzverhandlungen live vor Ort. Wie ver\u00e4ndert das Netz die Arbeit von Nichtregierungsorganisationen und Klimaaktivisten?\u00a0 Und was genau machen [&hellip;]<\/p>\n","protected":false},"author":196,"featured_media":0,"comment_status":"open","ping_status":"open","sticky":false,"template":"","format":"standard","meta":{"_jetpack_memberships_contains_paid_content":false,"footnotes":""},"categories":[1131],"tags":[],"class_list":["post-854","post","type-post","status-publish","format-standard","hentry","category-aktionen"],"yoast_head":"<!-- This site is optimized with the Yoast SEO plugin v21.0 - https:\/\/yoast.com\/wordpress\/plugins\/seo\/ -->\n<title>ZEIT ONLINE Talk &quot;\u00d6kos 2.0&quot; - Gr\u00fcne Gesch\u00e4fte<\/title>\n<meta name=\"robots\" content=\"index, follow, max-snippet:-1, max-image-preview:large, max-video-preview:-1\" \/>\n<link rel=\"canonical\" href=\"https:\/\/blog.zeit.de\/gruenegeschaefte\/2010\/05\/01\/zeit-online-talk-okos-2-0\/\" \/>\n<meta property=\"og:locale\" content=\"de_DE\" \/>\n<meta property=\"og:type\" content=\"article\" \/>\n<meta property=\"og:title\" content=\"ZEIT ONLINE Talk &quot;\u00d6kos 2.0&quot; - Gr\u00fcne Gesch\u00e4fte\" \/>\n<meta property=\"og:description\" content=\"Umwelt- und Klimasch\u00fctzer zieht es ins Netz: Greenpeace bloggt \u00fcber Demos und organisiert Aktivisten in seinem Portal GreenAction, Campact kann in Sekundenschnelle Atomkraftgegner \u00fcber seinen E-Mail-Verteiler mobilisieren und Blogger Ole Seidenberg von der Agentur Nest kommentiert die Klimaschutzverhandlungen live vor Ort. Wie ver\u00e4ndert das Netz die Arbeit von Nichtregierungsorganisationen und Klimaaktivisten?\u00a0 Und was genau machen [&hellip;]\" \/>\n<meta property=\"og:url\" content=\"https:\/\/blog.zeit.de\/gruenegeschaefte\/2010\/05\/01\/zeit-online-talk-okos-2-0\/\" \/>\n<meta property=\"og:site_name\" content=\"Gr\u00fcne Gesch\u00e4fte\" \/>\n<meta property=\"article:published_time\" content=\"2010-05-01T17:42:30+00:00\" \/>\n<meta property=\"article:modified_time\" content=\"2010-05-01T17:43:30+00:00\" \/>\n<meta name=\"author\" content=\"Marlies Uken\" \/>\n<meta name=\"twitter:card\" content=\"summary_large_image\" \/>\n<meta name=\"twitter:creator\" content=\"@zeitonline\" \/>\n<meta name=\"twitter:site\" content=\"@zeitonline\" \/>\n<meta name=\"twitter:label1\" content=\"Geschrieben von\" \/>\n\t<meta name=\"twitter:data1\" content=\"Marlies Uken\" \/>\n\t<meta name=\"twitter:label2\" content=\"Gesch\u00e4tzte Lesezeit\" \/>\n\t<meta name=\"twitter:data2\" content=\"1\u00a0Minute\" \/>\n<script type=\"application\/ld+json\" class=\"yoast-schema-graph\">{\"@context\":\"https:\/\/schema.org\",\"@graph\":[{\"@type\":\"WebPage\",\"@id\":\"https:\/\/blog.zeit.de\/gruenegeschaefte\/2010\/05\/01\/zeit-online-talk-okos-2-0\/\",\"url\":\"https:\/\/blog.zeit.de\/gruenegeschaefte\/2010\/05\/01\/zeit-online-talk-okos-2-0\/\",\"name\":\"ZEIT ONLINE Talk \\\"\u00d6kos 2.0\\\" - Gr\u00fcne Gesch\u00e4fte\",\"isPartOf\":{\"@id\":\"https:\/\/blog.zeit.de\/gruenegeschaefte\/#website\"},\"datePublished\":\"2010-05-01T17:42:30+00:00\",\"dateModified\":\"2010-05-01T17:43:30+00:00\",\"author\":{\"@id\":\"https:\/\/blog.zeit.de\/gruenegeschaefte\/#\/schema\/person\/56a2bdb136cd5997b1dd0485f3d105f9\"},\"breadcrumb\":{\"@id\":\"https:\/\/blog.zeit.de\/gruenegeschaefte\/2010\/05\/01\/zeit-online-talk-okos-2-0\/#breadcrumb\"},\"inLanguage\":\"de\",\"potentialAction\":[{\"@type\":\"ReadAction\",\"target\":[\"https:\/\/blog.zeit.de\/gruenegeschaefte\/2010\/05\/01\/zeit-online-talk-okos-2-0\/\"]}]},{\"@type\":\"BreadcrumbList\",\"@id\":\"https:\/\/blog.zeit.de\/gruenegeschaefte\/2010\/05\/01\/zeit-online-talk-okos-2-0\/#breadcrumb\",\"itemListElement\":[{\"@type\":\"ListItem\",\"position\":1,\"name\":\"Startseite\",\"item\":\"https:\/\/blog.zeit.de\/gruenegeschaefte\/\"},{\"@type\":\"ListItem\",\"position\":2,\"name\":\"ZEIT ONLINE Talk &#8222;\u00d6kos 2.0&#8220;\"}]},{\"@type\":\"WebSite\",\"@id\":\"https:\/\/blog.zeit.de\/gruenegeschaefte\/#website\",\"url\":\"https:\/\/blog.zeit.de\/gruenegeschaefte\/\",\"name\":\"Gr\u00fcne Gesch\u00e4fte\",\"description\":\"Wir k\u00f6nnen&#039;s besser: Das Blog f\u00fcr eine Wirtschaft, die Ressourcen und Klima schont\",\"potentialAction\":[{\"@type\":\"SearchAction\",\"target\":{\"@type\":\"EntryPoint\",\"urlTemplate\":\"https:\/\/blog.zeit.de\/gruenegeschaefte\/?s={search_term_string}\"},\"query-input\":\"required name=search_term_string\"}],\"inLanguage\":\"de\"},{\"@type\":\"Person\",\"@id\":\"https:\/\/blog.zeit.de\/gruenegeschaefte\/#\/schema\/person\/56a2bdb136cd5997b1dd0485f3d105f9\",\"name\":\"Marlies Uken\",\"image\":{\"@type\":\"ImageObject\",\"inLanguage\":\"de\",\"@id\":\"https:\/\/blog.zeit.de\/gruenegeschaefte\/#\/schema\/person\/image\/\",\"url\":\"https:\/\/secure.gravatar.com\/avatar\/1b4c2e971f407a9ead4389a9370b171e45b0ee693342f36fcc448bb9175b9ee2?s=96&d=mm&r=g\",\"contentUrl\":\"https:\/\/secure.gravatar.com\/avatar\/1b4c2e971f407a9ead4389a9370b171e45b0ee693342f36fcc448bb9175b9ee2?s=96&d=mm&r=g\",\"caption\":\"Marlies Uken\"},\"description\":\"ist Redakteurin bei ZEIT ONLINE.\",\"sameAs\":[\"https:\/\/blog.zeit.de\/gruenegeschaefte\/\"],\"url\":\"https:\/\/blog.zeit.de\/gruenegeschaefte\/author\/marlies-uken\/\"}]}<\/script>\n<!-- \/ Yoast SEO plugin. -->","yoast_head_json":{"title":"ZEIT ONLINE Talk \"\u00d6kos 2.0\" - Gr\u00fcne Gesch\u00e4fte","robots":{"index":"index","follow":"follow","max-snippet":"max-snippet:-1","max-image-preview":"max-image-preview:large","max-video-preview":"max-video-preview:-1"},"canonical":"https:\/\/blog.zeit.de\/gruenegeschaefte\/2010\/05\/01\/zeit-online-talk-okos-2-0\/","og_locale":"de_DE","og_type":"article","og_title":"ZEIT ONLINE Talk \"\u00d6kos 2.0\" - Gr\u00fcne Gesch\u00e4fte","og_description":"Umwelt- und Klimasch\u00fctzer zieht es ins Netz: Greenpeace bloggt \u00fcber Demos und organisiert Aktivisten in seinem Portal GreenAction, Campact kann in Sekundenschnelle Atomkraftgegner \u00fcber seinen E-Mail-Verteiler mobilisieren und Blogger Ole Seidenberg von der Agentur Nest kommentiert die Klimaschutzverhandlungen live vor Ort. Wie ver\u00e4ndert das Netz die Arbeit von Nichtregierungsorganisationen und Klimaaktivisten?\u00a0 Und was genau machen [&hellip;]","og_url":"https:\/\/blog.zeit.de\/gruenegeschaefte\/2010\/05\/01\/zeit-online-talk-okos-2-0\/","og_site_name":"Gr\u00fcne Gesch\u00e4fte","article_published_time":"2010-05-01T17:42:30+00:00","article_modified_time":"2010-05-01T17:43:30+00:00","author":"Marlies Uken","twitter_card":"summary_large_image","twitter_creator":"@zeitonline","twitter_site":"@zeitonline","twitter_misc":{"Geschrieben von":"Marlies Uken","Gesch\u00e4tzte Lesezeit":"1\u00a0Minute"},"schema":{"@context":"https:\/\/schema.org","@graph":[{"@type":"WebPage","@id":"https:\/\/blog.zeit.de\/gruenegeschaefte\/2010\/05\/01\/zeit-online-talk-okos-2-0\/","url":"https:\/\/blog.zeit.de\/gruenegeschaefte\/2010\/05\/01\/zeit-online-talk-okos-2-0\/","name":"ZEIT ONLINE Talk \"\u00d6kos 2.0\" - Gr\u00fcne Gesch\u00e4fte","isPartOf":{"@id":"https:\/\/blog.zeit.de\/gruenegeschaefte\/#website"},"datePublished":"2010-05-01T17:42:30+00:00","dateModified":"2010-05-01T17:43:30+00:00","author":{"@id":"https:\/\/blog.zeit.de\/gruenegeschaefte\/#\/schema\/person\/56a2bdb136cd5997b1dd0485f3d105f9"},"breadcrumb":{"@id":"https:\/\/blog.zeit.de\/gruenegeschaefte\/2010\/05\/01\/zeit-online-talk-okos-2-0\/#breadcrumb"},"inLanguage":"de","potentialAction":[{"@type":"ReadAction","target":["https:\/\/blog.zeit.de\/gruenegeschaefte\/2010\/05\/01\/zeit-online-talk-okos-2-0\/"]}]},{"@type":"BreadcrumbList","@id":"https:\/\/blog.zeit.de\/gruenegeschaefte\/2010\/05\/01\/zeit-online-talk-okos-2-0\/#breadcrumb","itemListElement":[{"@type":"ListItem","position":1,"name":"Startseite","item":"https:\/\/blog.zeit.de\/gruenegeschaefte\/"},{"@type":"ListItem","position":2,"name":"ZEIT ONLINE Talk &#8222;\u00d6kos 2.0&#8220;"}]},{"@type":"WebSite","@id":"https:\/\/blog.zeit.de\/gruenegeschaefte\/#website","url":"https:\/\/blog.zeit.de\/gruenegeschaefte\/","name":"Gr\u00fcne Gesch\u00e4fte","description":"Wir k\u00f6nnen&#039;s besser: Das Blog f\u00fcr eine Wirtschaft, die Ressourcen und Klima schont","potentialAction":[{"@type":"SearchAction","target":{"@type":"EntryPoint","urlTemplate":"https:\/\/blog.zeit.de\/gruenegeschaefte\/?s={search_term_string}"},"query-input":"required name=search_term_string"}],"inLanguage":"de"},{"@type":"Person","@id":"https:\/\/blog.zeit.de\/gruenegeschaefte\/#\/schema\/person\/56a2bdb136cd5997b1dd0485f3d105f9","name":"Marlies Uken","image":{"@type":"ImageObject","inLanguage":"de","@id":"https:\/\/blog.zeit.de\/gruenegeschaefte\/#\/schema\/person\/image\/","url":"https:\/\/secure.gravatar.com\/avatar\/1b4c2e971f407a9ead4389a9370b171e45b0ee693342f36fcc448bb9175b9ee2?s=96&d=mm&r=g","contentUrl":"https:\/\/secure.gravatar.com\/avatar\/1b4c2e971f407a9ead4389a9370b171e45b0ee693342f36fcc448bb9175b9ee2?s=96&d=mm&r=g","caption":"Marlies Uken"},"description":"ist Redakteurin bei ZEIT ONLINE.","sameAs":["https:\/\/blog.zeit.de\/gruenegeschaefte\/"],"url":"https:\/\/blog.zeit.de\/gruenegeschaefte\/author\/marlies-uken\/"}]}},"jetpack_featured_media_url":"","jetpack_sharing_enabled":true,"_links":{"self":[{"href":"https:\/\/blog.zeit.de\/gruenegeschaefte\/wp-json\/wp\/v2\/posts\/854","targetHints":{"allow":["GET"]}}],"collection":[{"href":"https:\/\/blog.zeit.de\/gruenegeschaefte\/wp-json\/wp\/v2\/posts"}],"about":[{"href":"https:\/\/blog.zeit.de\/gruenegeschaefte\/wp-json\/wp\/v2\/types\/post"}],"author":[{"embeddable":true,"href":"https:\/\/blog.zeit.de\/gruenegeschaefte\/wp-json\/wp\/v2\/users\/196"}],"replies":[{"embeddable":true,"href":"https:\/\/blog.zeit.de\/gruenegeschaefte\/wp-json\/wp\/v2\/comments?post=854"}],"version-history":[{"count":0,"href":"https:\/\/blog.zeit.de\/gruenegeschaefte\/wp-json\/wp\/v2\/posts\/854\/revisions"}],"wp:attachment":[{"href":"https:\/\/blog.zeit.de\/gruenegeschaefte\/wp-json\/wp\/v2\/media?parent=854"}],"wp:term":[{"taxonomy":"category","embeddable":true,"href":"https:\/\/blog.zeit.de\/gruenegeschaefte\/wp-json\/wp\/v2\/categories?post=854"},{"taxonomy":"post_tag","embeddable":true,"href":"https:\/\/blog.zeit.de\/gruenegeschaefte\/wp-json\/wp\/v2\/tags?post=854"}],"curies":[{"name":"wp","href":"https:\/\/api.w.org\/{rel}","templated":true}]}}