{"id":892,"date":"2010-05-11T13:22:41","date_gmt":"2010-05-11T11:22:41","guid":{"rendered":"http:\/\/blog.zeit.de\/gruenegeschaefte\/?p=892"},"modified":"2010-05-11T13:22:41","modified_gmt":"2010-05-11T11:22:41","slug":"rem-kolhaas-denkt-europa-neu","status":"publish","type":"post","link":"https:\/\/blog.zeit.de\/gruenegeschaefte\/2010\/05\/11\/rem-kolhaas-denkt-europa-neu\/","title":{"rendered":"Rem Kolhaas denkt Europa neu"},"content":{"rendered":"<p><figure id=\"attachment_897\" aria-describedby=\"caption-attachment-897\" style=\"width: 300px\" class=\"wp-caption alignleft\"><a href=\"https:\/\/blog.zeit.de\/gruenegeschaefte\/files\/2010\/05\/roadmap_eneropa_560x374x901.jpg\"><img loading=\"lazy\" decoding=\"async\" class=\"size-medium wp-image-897\" title=\"roadmap_eneropa_560x374x90\" src=\"https:\/\/blog.zeit.de\/gruenegeschaefte\/files\/2010\/05\/roadmap_eneropa_560x374x901-300x225.jpg\" alt=\"\" width=\"300\" height=\"225\" srcset=\"https:\/\/blog.zeit.de\/gruenegeschaefte\/files\/2010\/05\/roadmap_eneropa_560x374x901-300x225.jpg 300w, https:\/\/blog.zeit.de\/gruenegeschaefte\/files\/2010\/05\/roadmap_eneropa_560x374x901.jpg 497w\" sizes=\"auto, (max-width: 300px) 100vw, 300px\" \/><\/a><figcaption id=\"caption-attachment-897\" class=\"wp-caption-text\">Copyright: OMA<\/figcaption><\/figure><\/p>\n<p>Okay, bislang sagte mir der niederl\u00e4ndische Architekt Rem Koolhass nur etwas, weil er unter anderem den neuen Hauptsitz des staatlichen Fernsehsenders <a href=\"http:\/\/de.wikipedia.org\/wiki\/Datei:CCTV-new-building.jpg\" target=\"_blank\">CCTV<\/a> in Peking gebaut hat. Nun gut, und weil er einfach ber\u00fchmt ist f\u00fcr seine futuristischen Geb\u00e4ude weltweit. Jetzt hat sein Architektenb\u00fcro OMA ein neues Projekt vorgestellt, die Roadmap 2050. Es ist eine Vision f\u00fcr ein Europa, das sich voll mit erneuerbaren Energien versorgt. <a href=\"http:\/\/www.oma.eu\/index.php?option=com_content&amp;task=view&amp;id=237&amp;Itemid=25\" target=\"_blank\">ENEROPA<\/a> nennt sein B\u00fcro den neuen Kontinent. Das Zeitalter der Einzelstaaten ist vorbei, stattdessen leben wir Geothermien, aus Italien wird Solaria und das ehemalige Habsburger Reich wird zu Biomassburg. Die neue Landkarte ist \u00fcbrigens Teil der <a href=\"http:\/\/www.roadmap2050.eu\/downloads.html\">Roadmap2050<\/a>, einer Initiative der European Climate Foundation, an der auch <a href=\"https:\/\/blog.zeit.de\/gruenegeschaefte\/2010\/04\/13\/selbst-mckinsey-halt-radikale-co2-minderung-bis-2050-fur-moglich\/\">McKinsey mitarbeitet<\/a>. Egal, ob Prophezeiung oder Provokation: Gut zu haben, attestiert der <a href=\"http:\/\/www.guardian.co.uk\/artanddesign\/2010\/may\/09\/roadmap-2050-eneropa-rem-koolhaas\"><em>Guardian<\/em><\/a> ENEROPA.<\/p>\n","protected":false},"excerpt":{"rendered":"<p>Okay, bislang sagte mir der niederl\u00e4ndische Architekt Rem Koolhass nur etwas, weil er unter anderem den neuen Hauptsitz des staatlichen Fernsehsenders CCTV in Peking gebaut hat. Nun gut, und weil er einfach ber\u00fchmt ist f\u00fcr seine futuristischen Geb\u00e4ude weltweit. Jetzt hat sein Architektenb\u00fcro OMA ein neues Projekt vorgestellt, die Roadmap 2050. Es ist eine Vision [&hellip;]<\/p>\n","protected":false},"author":196,"featured_media":0,"comment_status":"open","ping_status":"open","sticky":false,"template":"","format":"standard","meta":{"_jetpack_memberships_contains_paid_content":false,"footnotes":""},"categories":[1122,1124,1129],"tags":[],"class_list":["post-892","post","type-post","status-publish","format-standard","hentry","category-erneuerbare-energien","category-solar","category-wind"],"yoast_head":"<!-- This site is optimized with the Yoast SEO plugin v21.0 - https:\/\/yoast.com\/wordpress\/plugins\/seo\/ -->\n<title>Rem Kolhaas denkt Europa neu - Gr\u00fcne Gesch\u00e4fte<\/title>\n<meta name=\"robots\" content=\"index, follow, max-snippet:-1, max-image-preview:large, max-video-preview:-1\" \/>\n<link rel=\"canonical\" href=\"https:\/\/blog.zeit.de\/gruenegeschaefte\/2010\/05\/11\/rem-kolhaas-denkt-europa-neu\/\" \/>\n<meta property=\"og:locale\" content=\"de_DE\" \/>\n<meta property=\"og:type\" content=\"article\" \/>\n<meta property=\"og:title\" content=\"Rem Kolhaas denkt Europa neu - Gr\u00fcne Gesch\u00e4fte\" \/>\n<meta property=\"og:description\" content=\"Okay, bislang sagte mir der niederl\u00e4ndische Architekt Rem Koolhass nur etwas, weil er unter anderem den neuen Hauptsitz des staatlichen Fernsehsenders CCTV in Peking gebaut hat. Nun gut, und weil er einfach ber\u00fchmt ist f\u00fcr seine futuristischen Geb\u00e4ude weltweit. Jetzt hat sein Architektenb\u00fcro OMA ein neues Projekt vorgestellt, die Roadmap 2050. Es ist eine Vision [&hellip;]\" \/>\n<meta property=\"og:url\" content=\"https:\/\/blog.zeit.de\/gruenegeschaefte\/2010\/05\/11\/rem-kolhaas-denkt-europa-neu\/\" \/>\n<meta property=\"og:site_name\" content=\"Gr\u00fcne Gesch\u00e4fte\" \/>\n<meta property=\"article:published_time\" content=\"2010-05-11T11:22:41+00:00\" \/>\n<meta property=\"og:image\" content=\"https:\/\/blog.zeit.de\/gruenegeschaefte\/files\/2010\/05\/roadmap_eneropa_560x374x901-300x225.jpg\" \/>\n<meta name=\"author\" content=\"Marlies Uken\" \/>\n<meta name=\"twitter:card\" content=\"summary_large_image\" \/>\n<meta name=\"twitter:creator\" content=\"@zeitonline\" \/>\n<meta name=\"twitter:site\" content=\"@zeitonline\" \/>\n<meta name=\"twitter:label1\" content=\"Geschrieben von\" \/>\n\t<meta name=\"twitter:data1\" content=\"Marlies Uken\" \/>\n\t<meta name=\"twitter:label2\" content=\"Gesch\u00e4tzte Lesezeit\" \/>\n\t<meta name=\"twitter:data2\" content=\"1\u00a0Minute\" \/>\n<script type=\"application\/ld+json\" class=\"yoast-schema-graph\">{\"@context\":\"https:\/\/schema.org\",\"@graph\":[{\"@type\":\"WebPage\",\"@id\":\"https:\/\/blog.zeit.de\/gruenegeschaefte\/2010\/05\/11\/rem-kolhaas-denkt-europa-neu\/\",\"url\":\"https:\/\/blog.zeit.de\/gruenegeschaefte\/2010\/05\/11\/rem-kolhaas-denkt-europa-neu\/\",\"name\":\"Rem Kolhaas denkt Europa neu - Gr\u00fcne Gesch\u00e4fte\",\"isPartOf\":{\"@id\":\"https:\/\/blog.zeit.de\/gruenegeschaefte\/#website\"},\"datePublished\":\"2010-05-11T11:22:41+00:00\",\"dateModified\":\"2010-05-11T11:22:41+00:00\",\"author\":{\"@id\":\"https:\/\/blog.zeit.de\/gruenegeschaefte\/#\/schema\/person\/56a2bdb136cd5997b1dd0485f3d105f9\"},\"breadcrumb\":{\"@id\":\"https:\/\/blog.zeit.de\/gruenegeschaefte\/2010\/05\/11\/rem-kolhaas-denkt-europa-neu\/#breadcrumb\"},\"inLanguage\":\"de\",\"potentialAction\":[{\"@type\":\"ReadAction\",\"target\":[\"https:\/\/blog.zeit.de\/gruenegeschaefte\/2010\/05\/11\/rem-kolhaas-denkt-europa-neu\/\"]}]},{\"@type\":\"BreadcrumbList\",\"@id\":\"https:\/\/blog.zeit.de\/gruenegeschaefte\/2010\/05\/11\/rem-kolhaas-denkt-europa-neu\/#breadcrumb\",\"itemListElement\":[{\"@type\":\"ListItem\",\"position\":1,\"name\":\"Startseite\",\"item\":\"https:\/\/blog.zeit.de\/gruenegeschaefte\/\"},{\"@type\":\"ListItem\",\"position\":2,\"name\":\"Rem Kolhaas denkt Europa neu\"}]},{\"@type\":\"WebSite\",\"@id\":\"https:\/\/blog.zeit.de\/gruenegeschaefte\/#website\",\"url\":\"https:\/\/blog.zeit.de\/gruenegeschaefte\/\",\"name\":\"Gr\u00fcne Gesch\u00e4fte\",\"description\":\"Wir k\u00f6nnen&#039;s besser: Das Blog f\u00fcr eine Wirtschaft, die Ressourcen und Klima schont\",\"potentialAction\":[{\"@type\":\"SearchAction\",\"target\":{\"@type\":\"EntryPoint\",\"urlTemplate\":\"https:\/\/blog.zeit.de\/gruenegeschaefte\/?s={search_term_string}\"},\"query-input\":\"required name=search_term_string\"}],\"inLanguage\":\"de\"},{\"@type\":\"Person\",\"@id\":\"https:\/\/blog.zeit.de\/gruenegeschaefte\/#\/schema\/person\/56a2bdb136cd5997b1dd0485f3d105f9\",\"name\":\"Marlies Uken\",\"image\":{\"@type\":\"ImageObject\",\"inLanguage\":\"de\",\"@id\":\"https:\/\/blog.zeit.de\/gruenegeschaefte\/#\/schema\/person\/image\/\",\"url\":\"https:\/\/secure.gravatar.com\/avatar\/1b4c2e971f407a9ead4389a9370b171e45b0ee693342f36fcc448bb9175b9ee2?s=96&d=mm&r=g\",\"contentUrl\":\"https:\/\/secure.gravatar.com\/avatar\/1b4c2e971f407a9ead4389a9370b171e45b0ee693342f36fcc448bb9175b9ee2?s=96&d=mm&r=g\",\"caption\":\"Marlies Uken\"},\"description\":\"ist Redakteurin bei ZEIT ONLINE.\",\"sameAs\":[\"https:\/\/blog.zeit.de\/gruenegeschaefte\/\"],\"url\":\"https:\/\/blog.zeit.de\/gruenegeschaefte\/author\/marlies-uken\/\"}]}<\/script>\n<!-- \/ Yoast SEO plugin. -->","yoast_head_json":{"title":"Rem Kolhaas denkt Europa neu - Gr\u00fcne Gesch\u00e4fte","robots":{"index":"index","follow":"follow","max-snippet":"max-snippet:-1","max-image-preview":"max-image-preview:large","max-video-preview":"max-video-preview:-1"},"canonical":"https:\/\/blog.zeit.de\/gruenegeschaefte\/2010\/05\/11\/rem-kolhaas-denkt-europa-neu\/","og_locale":"de_DE","og_type":"article","og_title":"Rem Kolhaas denkt Europa neu - Gr\u00fcne Gesch\u00e4fte","og_description":"Okay, bislang sagte mir der niederl\u00e4ndische Architekt Rem Koolhass nur etwas, weil er unter anderem den neuen Hauptsitz des staatlichen Fernsehsenders CCTV in Peking gebaut hat. Nun gut, und weil er einfach ber\u00fchmt ist f\u00fcr seine futuristischen Geb\u00e4ude weltweit. Jetzt hat sein Architektenb\u00fcro OMA ein neues Projekt vorgestellt, die Roadmap 2050. Es ist eine Vision [&hellip;]","og_url":"https:\/\/blog.zeit.de\/gruenegeschaefte\/2010\/05\/11\/rem-kolhaas-denkt-europa-neu\/","og_site_name":"Gr\u00fcne Gesch\u00e4fte","article_published_time":"2010-05-11T11:22:41+00:00","og_image":[{"url":"https:\/\/blog.zeit.de\/gruenegeschaefte\/files\/2010\/05\/roadmap_eneropa_560x374x901-300x225.jpg"}],"author":"Marlies Uken","twitter_card":"summary_large_image","twitter_creator":"@zeitonline","twitter_site":"@zeitonline","twitter_misc":{"Geschrieben von":"Marlies Uken","Gesch\u00e4tzte Lesezeit":"1\u00a0Minute"},"schema":{"@context":"https:\/\/schema.org","@graph":[{"@type":"WebPage","@id":"https:\/\/blog.zeit.de\/gruenegeschaefte\/2010\/05\/11\/rem-kolhaas-denkt-europa-neu\/","url":"https:\/\/blog.zeit.de\/gruenegeschaefte\/2010\/05\/11\/rem-kolhaas-denkt-europa-neu\/","name":"Rem Kolhaas denkt Europa neu - Gr\u00fcne Gesch\u00e4fte","isPartOf":{"@id":"https:\/\/blog.zeit.de\/gruenegeschaefte\/#website"},"datePublished":"2010-05-11T11:22:41+00:00","dateModified":"2010-05-11T11:22:41+00:00","author":{"@id":"https:\/\/blog.zeit.de\/gruenegeschaefte\/#\/schema\/person\/56a2bdb136cd5997b1dd0485f3d105f9"},"breadcrumb":{"@id":"https:\/\/blog.zeit.de\/gruenegeschaefte\/2010\/05\/11\/rem-kolhaas-denkt-europa-neu\/#breadcrumb"},"inLanguage":"de","potentialAction":[{"@type":"ReadAction","target":["https:\/\/blog.zeit.de\/gruenegeschaefte\/2010\/05\/11\/rem-kolhaas-denkt-europa-neu\/"]}]},{"@type":"BreadcrumbList","@id":"https:\/\/blog.zeit.de\/gruenegeschaefte\/2010\/05\/11\/rem-kolhaas-denkt-europa-neu\/#breadcrumb","itemListElement":[{"@type":"ListItem","position":1,"name":"Startseite","item":"https:\/\/blog.zeit.de\/gruenegeschaefte\/"},{"@type":"ListItem","position":2,"name":"Rem Kolhaas denkt Europa neu"}]},{"@type":"WebSite","@id":"https:\/\/blog.zeit.de\/gruenegeschaefte\/#website","url":"https:\/\/blog.zeit.de\/gruenegeschaefte\/","name":"Gr\u00fcne Gesch\u00e4fte","description":"Wir k\u00f6nnen&#039;s besser: Das Blog f\u00fcr eine Wirtschaft, die Ressourcen und Klima schont","potentialAction":[{"@type":"SearchAction","target":{"@type":"EntryPoint","urlTemplate":"https:\/\/blog.zeit.de\/gruenegeschaefte\/?s={search_term_string}"},"query-input":"required name=search_term_string"}],"inLanguage":"de"},{"@type":"Person","@id":"https:\/\/blog.zeit.de\/gruenegeschaefte\/#\/schema\/person\/56a2bdb136cd5997b1dd0485f3d105f9","name":"Marlies Uken","image":{"@type":"ImageObject","inLanguage":"de","@id":"https:\/\/blog.zeit.de\/gruenegeschaefte\/#\/schema\/person\/image\/","url":"https:\/\/secure.gravatar.com\/avatar\/1b4c2e971f407a9ead4389a9370b171e45b0ee693342f36fcc448bb9175b9ee2?s=96&d=mm&r=g","contentUrl":"https:\/\/secure.gravatar.com\/avatar\/1b4c2e971f407a9ead4389a9370b171e45b0ee693342f36fcc448bb9175b9ee2?s=96&d=mm&r=g","caption":"Marlies Uken"},"description":"ist Redakteurin bei ZEIT ONLINE.","sameAs":["https:\/\/blog.zeit.de\/gruenegeschaefte\/"],"url":"https:\/\/blog.zeit.de\/gruenegeschaefte\/author\/marlies-uken\/"}]}},"jetpack_featured_media_url":"","jetpack_sharing_enabled":true,"_links":{"self":[{"href":"https:\/\/blog.zeit.de\/gruenegeschaefte\/wp-json\/wp\/v2\/posts\/892","targetHints":{"allow":["GET"]}}],"collection":[{"href":"https:\/\/blog.zeit.de\/gruenegeschaefte\/wp-json\/wp\/v2\/posts"}],"about":[{"href":"https:\/\/blog.zeit.de\/gruenegeschaefte\/wp-json\/wp\/v2\/types\/post"}],"author":[{"embeddable":true,"href":"https:\/\/blog.zeit.de\/gruenegeschaefte\/wp-json\/wp\/v2\/users\/196"}],"replies":[{"embeddable":true,"href":"https:\/\/blog.zeit.de\/gruenegeschaefte\/wp-json\/wp\/v2\/comments?post=892"}],"version-history":[{"count":0,"href":"https:\/\/blog.zeit.de\/gruenegeschaefte\/wp-json\/wp\/v2\/posts\/892\/revisions"}],"wp:attachment":[{"href":"https:\/\/blog.zeit.de\/gruenegeschaefte\/wp-json\/wp\/v2\/media?parent=892"}],"wp:term":[{"taxonomy":"category","embeddable":true,"href":"https:\/\/blog.zeit.de\/gruenegeschaefte\/wp-json\/wp\/v2\/categories?post=892"},{"taxonomy":"post_tag","embeddable":true,"href":"https:\/\/blog.zeit.de\/gruenegeschaefte\/wp-json\/wp\/v2\/tags?post=892"}],"curies":[{"name":"wp","href":"https:\/\/api.w.org\/{rel}","templated":true}]}}