{"id":984,"date":"2010-06-05T23:59:57","date_gmt":"2010-06-05T21:59:57","guid":{"rendered":"http:\/\/blog.zeit.de\/gruenegeschaefte\/?p=984"},"modified":"2010-06-06T00:02:13","modified_gmt":"2010-06-05T22:02:13","slug":"macht-eure-autos-ein-bisschen-gruner","status":"publish","type":"post","link":"https:\/\/blog.zeit.de\/gruenegeschaefte\/2010\/06\/05\/macht-eure-autos-ein-bisschen-gruner\/","title":{"rendered":"Macht Eure Autos ein bisschen gr\u00fcner"},"content":{"rendered":"<p>So unspektakul\u00e4r k\u00f6nnen Revolutionen daherkommen. <a href=\"http:\/\/www.oxy-hydrogen.com\/\">Die Box<\/a> ist etwa so gro\u00df wie ein zehn-Liter-Tank und l\u00e4sst sich in Autos, Bussen und LKWs installieren. Und was kann sie? Sie senkt den Spritverbrauch und die Emissionen um ein F\u00fcnftel: Per Elektrolyse wird in ihr ein Sauerstoff-Wasserstoff-Mix hergestellt, der zus\u00e4tzlich in den Tank eingespritzt wird und so den Benzinverbrauch reduziert. Der Charme der Erfindung: Glaubt man dem taiwanesischen Erfinder Jacky Lin, ist das System auch in \u00e4lteren Modellen nachr\u00fcstbar.<\/p>\n<p>Das w\u00e4r ja mal was. Statt von Elektroautos in ferner Zukunft zu schw\u00e4rmen, schreitet die Technikrevolution in der Autoindustrie in kleinen Schritten auch so voran. Das hat \u00fcbrigens auch die Jury des diesj\u00e4hrigen Energy Globe Award der Vereinten Nationen \u00fcberzeugt. Sie zeichnete die Hybridbox heute anl\u00e4sslich des <a href=\"http:\/\/www.unep.org\/wed\/2010\/english\/\" target=\"_blank\">Welt-Umwelttages<\/a> der Vereinten Nationen<a href=\"http:\/\/www.energyglobe.com\/de_at\/award\/aktuelle-preistraeger\/nominierte-world-awards\/luft\/\" target=\"_blank\"> mit einem Umweltpreis aus. <\/a><\/p>\n","protected":false},"excerpt":{"rendered":"<p>So unspektakul\u00e4r k\u00f6nnen Revolutionen daherkommen. Die Box ist etwa so gro\u00df wie ein zehn-Liter-Tank und l\u00e4sst sich in Autos, Bussen und LKWs installieren. Und was kann sie? Sie senkt den Spritverbrauch und die Emissionen um ein F\u00fcnftel: Per Elektrolyse wird in ihr ein Sauerstoff-Wasserstoff-Mix hergestellt, der zus\u00e4tzlich in den Tank eingespritzt wird und so den [&hellip;]<\/p>\n","protected":false},"author":196,"featured_media":0,"comment_status":"open","ping_status":"open","sticky":false,"template":"","format":"standard","meta":{"_jetpack_memberships_contains_paid_content":false,"footnotes":""},"categories":[2042,1952,591],"tags":[],"class_list":["post-984","post","type-post","status-publish","format-standard","hentry","category-innovation","category-mobilitat","category-wirtschaft"],"yoast_head":"<!-- This site is optimized with the Yoast SEO plugin v21.0 - https:\/\/yoast.com\/wordpress\/plugins\/seo\/ -->\n<title>Macht Eure Autos ein bisschen gr\u00fcner - Gr\u00fcne Gesch\u00e4fte<\/title>\n<meta name=\"robots\" content=\"index, follow, max-snippet:-1, max-image-preview:large, max-video-preview:-1\" \/>\n<link rel=\"canonical\" href=\"https:\/\/blog.zeit.de\/gruenegeschaefte\/2010\/06\/05\/macht-eure-autos-ein-bisschen-gruner\/\" \/>\n<meta property=\"og:locale\" content=\"de_DE\" \/>\n<meta property=\"og:type\" content=\"article\" \/>\n<meta property=\"og:title\" content=\"Macht Eure Autos ein bisschen gr\u00fcner - Gr\u00fcne Gesch\u00e4fte\" \/>\n<meta property=\"og:description\" content=\"So unspektakul\u00e4r k\u00f6nnen Revolutionen daherkommen. Die Box ist etwa so gro\u00df wie ein zehn-Liter-Tank und l\u00e4sst sich in Autos, Bussen und LKWs installieren. Und was kann sie? Sie senkt den Spritverbrauch und die Emissionen um ein F\u00fcnftel: Per Elektrolyse wird in ihr ein Sauerstoff-Wasserstoff-Mix hergestellt, der zus\u00e4tzlich in den Tank eingespritzt wird und so den [&hellip;]\" \/>\n<meta property=\"og:url\" content=\"https:\/\/blog.zeit.de\/gruenegeschaefte\/2010\/06\/05\/macht-eure-autos-ein-bisschen-gruner\/\" \/>\n<meta property=\"og:site_name\" content=\"Gr\u00fcne Gesch\u00e4fte\" \/>\n<meta property=\"article:published_time\" content=\"2010-06-05T21:59:57+00:00\" \/>\n<meta property=\"article:modified_time\" content=\"2010-06-05T22:02:13+00:00\" \/>\n<meta name=\"author\" content=\"Marlies Uken\" \/>\n<meta name=\"twitter:card\" content=\"summary_large_image\" \/>\n<meta name=\"twitter:creator\" content=\"@zeitonline\" \/>\n<meta name=\"twitter:site\" content=\"@zeitonline\" \/>\n<meta name=\"twitter:label1\" content=\"Geschrieben von\" \/>\n\t<meta name=\"twitter:data1\" content=\"Marlies Uken\" \/>\n\t<meta name=\"twitter:label2\" content=\"Gesch\u00e4tzte Lesezeit\" \/>\n\t<meta name=\"twitter:data2\" content=\"1\u00a0Minute\" \/>\n<script type=\"application\/ld+json\" class=\"yoast-schema-graph\">{\"@context\":\"https:\/\/schema.org\",\"@graph\":[{\"@type\":\"WebPage\",\"@id\":\"https:\/\/blog.zeit.de\/gruenegeschaefte\/2010\/06\/05\/macht-eure-autos-ein-bisschen-gruner\/\",\"url\":\"https:\/\/blog.zeit.de\/gruenegeschaefte\/2010\/06\/05\/macht-eure-autos-ein-bisschen-gruner\/\",\"name\":\"Macht Eure Autos ein bisschen gr\u00fcner - Gr\u00fcne Gesch\u00e4fte\",\"isPartOf\":{\"@id\":\"https:\/\/blog.zeit.de\/gruenegeschaefte\/#website\"},\"datePublished\":\"2010-06-05T21:59:57+00:00\",\"dateModified\":\"2010-06-05T22:02:13+00:00\",\"author\":{\"@id\":\"https:\/\/blog.zeit.de\/gruenegeschaefte\/#\/schema\/person\/56a2bdb136cd5997b1dd0485f3d105f9\"},\"breadcrumb\":{\"@id\":\"https:\/\/blog.zeit.de\/gruenegeschaefte\/2010\/06\/05\/macht-eure-autos-ein-bisschen-gruner\/#breadcrumb\"},\"inLanguage\":\"de\",\"potentialAction\":[{\"@type\":\"ReadAction\",\"target\":[\"https:\/\/blog.zeit.de\/gruenegeschaefte\/2010\/06\/05\/macht-eure-autos-ein-bisschen-gruner\/\"]}]},{\"@type\":\"BreadcrumbList\",\"@id\":\"https:\/\/blog.zeit.de\/gruenegeschaefte\/2010\/06\/05\/macht-eure-autos-ein-bisschen-gruner\/#breadcrumb\",\"itemListElement\":[{\"@type\":\"ListItem\",\"position\":1,\"name\":\"Startseite\",\"item\":\"https:\/\/blog.zeit.de\/gruenegeschaefte\/\"},{\"@type\":\"ListItem\",\"position\":2,\"name\":\"Macht Eure Autos ein bisschen gr\u00fcner\"}]},{\"@type\":\"WebSite\",\"@id\":\"https:\/\/blog.zeit.de\/gruenegeschaefte\/#website\",\"url\":\"https:\/\/blog.zeit.de\/gruenegeschaefte\/\",\"name\":\"Gr\u00fcne Gesch\u00e4fte\",\"description\":\"Wir k\u00f6nnen&#039;s besser: Das Blog f\u00fcr eine Wirtschaft, die Ressourcen und Klima schont\",\"potentialAction\":[{\"@type\":\"SearchAction\",\"target\":{\"@type\":\"EntryPoint\",\"urlTemplate\":\"https:\/\/blog.zeit.de\/gruenegeschaefte\/?s={search_term_string}\"},\"query-input\":\"required name=search_term_string\"}],\"inLanguage\":\"de\"},{\"@type\":\"Person\",\"@id\":\"https:\/\/blog.zeit.de\/gruenegeschaefte\/#\/schema\/person\/56a2bdb136cd5997b1dd0485f3d105f9\",\"name\":\"Marlies Uken\",\"image\":{\"@type\":\"ImageObject\",\"inLanguage\":\"de\",\"@id\":\"https:\/\/blog.zeit.de\/gruenegeschaefte\/#\/schema\/person\/image\/\",\"url\":\"https:\/\/secure.gravatar.com\/avatar\/1b4c2e971f407a9ead4389a9370b171e45b0ee693342f36fcc448bb9175b9ee2?s=96&d=mm&r=g\",\"contentUrl\":\"https:\/\/secure.gravatar.com\/avatar\/1b4c2e971f407a9ead4389a9370b171e45b0ee693342f36fcc448bb9175b9ee2?s=96&d=mm&r=g\",\"caption\":\"Marlies Uken\"},\"description\":\"ist Redakteurin bei ZEIT ONLINE.\",\"sameAs\":[\"https:\/\/blog.zeit.de\/gruenegeschaefte\/\"],\"url\":\"https:\/\/blog.zeit.de\/gruenegeschaefte\/author\/marlies-uken\/\"}]}<\/script>\n<!-- \/ Yoast SEO plugin. -->","yoast_head_json":{"title":"Macht Eure Autos ein bisschen gr\u00fcner - Gr\u00fcne Gesch\u00e4fte","robots":{"index":"index","follow":"follow","max-snippet":"max-snippet:-1","max-image-preview":"max-image-preview:large","max-video-preview":"max-video-preview:-1"},"canonical":"https:\/\/blog.zeit.de\/gruenegeschaefte\/2010\/06\/05\/macht-eure-autos-ein-bisschen-gruner\/","og_locale":"de_DE","og_type":"article","og_title":"Macht Eure Autos ein bisschen gr\u00fcner - Gr\u00fcne Gesch\u00e4fte","og_description":"So unspektakul\u00e4r k\u00f6nnen Revolutionen daherkommen. Die Box ist etwa so gro\u00df wie ein zehn-Liter-Tank und l\u00e4sst sich in Autos, Bussen und LKWs installieren. Und was kann sie? Sie senkt den Spritverbrauch und die Emissionen um ein F\u00fcnftel: Per Elektrolyse wird in ihr ein Sauerstoff-Wasserstoff-Mix hergestellt, der zus\u00e4tzlich in den Tank eingespritzt wird und so den [&hellip;]","og_url":"https:\/\/blog.zeit.de\/gruenegeschaefte\/2010\/06\/05\/macht-eure-autos-ein-bisschen-gruner\/","og_site_name":"Gr\u00fcne Gesch\u00e4fte","article_published_time":"2010-06-05T21:59:57+00:00","article_modified_time":"2010-06-05T22:02:13+00:00","author":"Marlies Uken","twitter_card":"summary_large_image","twitter_creator":"@zeitonline","twitter_site":"@zeitonline","twitter_misc":{"Geschrieben von":"Marlies Uken","Gesch\u00e4tzte Lesezeit":"1\u00a0Minute"},"schema":{"@context":"https:\/\/schema.org","@graph":[{"@type":"WebPage","@id":"https:\/\/blog.zeit.de\/gruenegeschaefte\/2010\/06\/05\/macht-eure-autos-ein-bisschen-gruner\/","url":"https:\/\/blog.zeit.de\/gruenegeschaefte\/2010\/06\/05\/macht-eure-autos-ein-bisschen-gruner\/","name":"Macht Eure Autos ein bisschen gr\u00fcner - Gr\u00fcne Gesch\u00e4fte","isPartOf":{"@id":"https:\/\/blog.zeit.de\/gruenegeschaefte\/#website"},"datePublished":"2010-06-05T21:59:57+00:00","dateModified":"2010-06-05T22:02:13+00:00","author":{"@id":"https:\/\/blog.zeit.de\/gruenegeschaefte\/#\/schema\/person\/56a2bdb136cd5997b1dd0485f3d105f9"},"breadcrumb":{"@id":"https:\/\/blog.zeit.de\/gruenegeschaefte\/2010\/06\/05\/macht-eure-autos-ein-bisschen-gruner\/#breadcrumb"},"inLanguage":"de","potentialAction":[{"@type":"ReadAction","target":["https:\/\/blog.zeit.de\/gruenegeschaefte\/2010\/06\/05\/macht-eure-autos-ein-bisschen-gruner\/"]}]},{"@type":"BreadcrumbList","@id":"https:\/\/blog.zeit.de\/gruenegeschaefte\/2010\/06\/05\/macht-eure-autos-ein-bisschen-gruner\/#breadcrumb","itemListElement":[{"@type":"ListItem","position":1,"name":"Startseite","item":"https:\/\/blog.zeit.de\/gruenegeschaefte\/"},{"@type":"ListItem","position":2,"name":"Macht Eure Autos ein bisschen gr\u00fcner"}]},{"@type":"WebSite","@id":"https:\/\/blog.zeit.de\/gruenegeschaefte\/#website","url":"https:\/\/blog.zeit.de\/gruenegeschaefte\/","name":"Gr\u00fcne Gesch\u00e4fte","description":"Wir k\u00f6nnen&#039;s besser: Das Blog f\u00fcr eine Wirtschaft, die Ressourcen und Klima schont","potentialAction":[{"@type":"SearchAction","target":{"@type":"EntryPoint","urlTemplate":"https:\/\/blog.zeit.de\/gruenegeschaefte\/?s={search_term_string}"},"query-input":"required name=search_term_string"}],"inLanguage":"de"},{"@type":"Person","@id":"https:\/\/blog.zeit.de\/gruenegeschaefte\/#\/schema\/person\/56a2bdb136cd5997b1dd0485f3d105f9","name":"Marlies Uken","image":{"@type":"ImageObject","inLanguage":"de","@id":"https:\/\/blog.zeit.de\/gruenegeschaefte\/#\/schema\/person\/image\/","url":"https:\/\/secure.gravatar.com\/avatar\/1b4c2e971f407a9ead4389a9370b171e45b0ee693342f36fcc448bb9175b9ee2?s=96&d=mm&r=g","contentUrl":"https:\/\/secure.gravatar.com\/avatar\/1b4c2e971f407a9ead4389a9370b171e45b0ee693342f36fcc448bb9175b9ee2?s=96&d=mm&r=g","caption":"Marlies Uken"},"description":"ist Redakteurin bei ZEIT ONLINE.","sameAs":["https:\/\/blog.zeit.de\/gruenegeschaefte\/"],"url":"https:\/\/blog.zeit.de\/gruenegeschaefte\/author\/marlies-uken\/"}]}},"jetpack_featured_media_url":"","jetpack_sharing_enabled":true,"_links":{"self":[{"href":"https:\/\/blog.zeit.de\/gruenegeschaefte\/wp-json\/wp\/v2\/posts\/984","targetHints":{"allow":["GET"]}}],"collection":[{"href":"https:\/\/blog.zeit.de\/gruenegeschaefte\/wp-json\/wp\/v2\/posts"}],"about":[{"href":"https:\/\/blog.zeit.de\/gruenegeschaefte\/wp-json\/wp\/v2\/types\/post"}],"author":[{"embeddable":true,"href":"https:\/\/blog.zeit.de\/gruenegeschaefte\/wp-json\/wp\/v2\/users\/196"}],"replies":[{"embeddable":true,"href":"https:\/\/blog.zeit.de\/gruenegeschaefte\/wp-json\/wp\/v2\/comments?post=984"}],"version-history":[{"count":0,"href":"https:\/\/blog.zeit.de\/gruenegeschaefte\/wp-json\/wp\/v2\/posts\/984\/revisions"}],"wp:attachment":[{"href":"https:\/\/blog.zeit.de\/gruenegeschaefte\/wp-json\/wp\/v2\/media?parent=984"}],"wp:term":[{"taxonomy":"category","embeddable":true,"href":"https:\/\/blog.zeit.de\/gruenegeschaefte\/wp-json\/wp\/v2\/categories?post=984"},{"taxonomy":"post_tag","embeddable":true,"href":"https:\/\/blog.zeit.de\/gruenegeschaefte\/wp-json\/wp\/v2\/tags?post=984"}],"curies":[{"name":"wp","href":"https:\/\/api.w.org\/{rel}","templated":true}]}}