{"id":10206,"date":"2015-05-11T11:56:34","date_gmt":"2015-05-11T09:56:34","guid":{"rendered":"http:\/\/blog.zeit.de\/hamburg-veranstaltungen\/?p=10206"},"modified":"2015-05-11T13:50:34","modified_gmt":"2015-05-11T11:50:34","slug":"fussball-und-liebe","status":"publish","type":"post","link":"https:\/\/blog.zeit.de\/hamburg-veranstaltungen\/veranstaltung\/10206","title":{"rendered":"Fu\u00dfball und Liebe"},"content":{"rendered":"<p><em>Das\u00a0Festival im Millerntor-Stadion er\u00f6ffnet mit einem\u00a0Talk\u00a0\u2013 u. a. mit Roger Willemsen. Zwei Tage sp\u00e4ter gibt es Live-Musik, Talk-Panels und mehr.<\/em><\/p>\n<p>Der FC St. Pauli steht gegen Diskriminierung, Hass, Intoleranz und Ausgrenzung. Das zeigen die Fans Woche f\u00fcr Woche bei den Spielen der Mannschaft. Auch neben dem Fu\u00dfballgesch\u00e4ft macht der Club immer wieder deutlich, dass ihm menschenverachtendes Gedankengut gestohlen bleiben kann. Beim zweiten <a href=\"http:\/\/www.fussball-und-liebe.de\/\" target=\"_blank\">Fu\u00dfball-und-Liebe-Festival<\/a>, das der gemeinn\u00fctzige Verein 1910 \u2013 Museum f\u00fcr den FC St. Pauli organisiert, m\u00f6chte man erneut ein Zeichen setzen.<\/p>\n<p>Am 14. Mai wird das Event mit einem prominent besetzten <a href=\"https:\/\/www.facebook.com\/events\/780896298690739\/\" target=\"_blank\">Er\u00f6ffnungstalk<\/a> (u. a. Roger Willemsen) starten. Thema: <em>Fu\u00dfballromantik \u2013 nichts als Nostalgie?<\/em>.\u00a0<a href=\"https:\/\/www.facebook.com\/events\/1433816776916727\/\" target=\"_blank\">Zwei Tage sp\u00e4ter steigt das gro\u00dfe Gegengeraden-Fest<\/a> mit drei Live-B\u00fchnen, Infost\u00e4nden, Talk-Panels, Lesungen, einer Foto-Ausstellung (Foto) sowie Film- und Kinderprogramm. Die Millerntor-Besucher erwarten K\u00fcnstler wie Le Fly, Dubtari, Frank Goosen, Gerhard Henschel, Gereon Klug, Frank Spilker, TemmyTon oder Tubbe.<\/p>\n<p>Text: Ole Masch<\/p>\n\n<div class=\"embed-wrapper embed-wrapper--blocked js-embed-consent\" data-method=\"iframe\">\n<script class=\"raw__source\" type=\"text\/template\"><iframe loading=\"lazy\" frameborder=\"no\" height=\"345\" scrolling=\"no\" src=\"https:\/\/w.soundcloud.com\/player\/?url=https%3A\/\/api.soundcloud.com\/users\/54181562&amp;auto_play=false&amp;hide_related=false&amp;show_comments=true&amp;show_user=true&amp;show_reposts=false&amp;visual=true\" width=\"460\"><\/iframe><\/script>\n<div class=\"embed-wrapper__inner\">\n<div class=\"embed-wrapper__text\">\n<h3>Empfohlener redaktioneller Inhalt<\/h3>\n<p data-replace=\"no\">An dieser Stelle finden Sie externen Inhalt, der den Artikel erg\u00e4nzt. Sie k\u00f6nnen sich externe Inhalte mit einem Klick anzeigen lassen und wieder ausblenden.<noscript>Bitte aktivieren Sie JavaScript damit Sie diesen Inhalt anzeigen k\u00f6nnen.<\/noscript><\/p>\n<\/div>\n<div class=\"embed-consent\">\n<label class=\"embed-consent__toggle\">\n<input class=\"js-embed-consent__toggle\" type=\"checkbox\" autocomplete=\"off\">\n<span><\/span>\nExterner Inhalt\n<\/label>\n<a href=\"https:\/\/www.zeit.de\/hilfe\/datenschutz\" target=\"_blank\" class=\"embed-consent__datalink-when-active\">Datenschutzerkl\u00e4rung<\/a>\n<\/div>\n<div class=\"embed-wrapper__footer\">\n<p data-replace=\"no\">\nIch bin damit einverstanden, dass mir externe Inhalte angezeigt werden. Damit k\u00f6nnen personenbezogene Daten an Drittplattformen \u00fcbermittelt werden. <a href=\"https:\/\/www.zeit.de\/hilfe\/datenschutz\" target=\"_blank\">Mehr dazu in unserer Datenschutzerkl\u00e4rung.<\/a>\n<\/p>\n<\/div>\n<\/div>\n<\/div>\n\n<div class=\"embed-wrapper embed-wrapper--blocked js-embed-consent\" data-method=\"iframe\">\n<script class=\"raw__source\" type=\"text\/template\"><iframe loading=\"lazy\" frameborder=\"no\" height=\"345\" scrolling=\"no\" src=\"https:\/\/w.soundcloud.com\/player\/?url=https%3A\/\/api.soundcloud.com\/users\/125085793&amp;auto_play=false&amp;hide_related=false&amp;show_comments=true&amp;show_user=true&amp;show_reposts=false&amp;visual=true\" width=\"460\"><\/iframe><\/script>\n<div class=\"embed-wrapper__inner\">\n<div class=\"embed-wrapper__text\">\n<h3>Empfohlener redaktioneller Inhalt<\/h3>\n<p data-replace=\"no\">An dieser Stelle finden Sie externen Inhalt, der den Artikel erg\u00e4nzt. Sie k\u00f6nnen sich externe Inhalte mit einem Klick anzeigen lassen und wieder ausblenden.<noscript>Bitte aktivieren Sie JavaScript damit Sie diesen Inhalt anzeigen k\u00f6nnen.<\/noscript><\/p>\n<\/div>\n<div class=\"embed-consent\">\n<label class=\"embed-consent__toggle\">\n<input class=\"js-embed-consent__toggle\" type=\"checkbox\" autocomplete=\"off\">\n<span><\/span>\nExterner Inhalt\n<\/label>\n<a href=\"https:\/\/www.zeit.de\/hilfe\/datenschutz\" target=\"_blank\" class=\"embed-consent__datalink-when-active\">Datenschutzerkl\u00e4rung<\/a>\n<\/div>\n<div class=\"embed-wrapper__footer\">\n<p data-replace=\"no\">\nIch bin damit einverstanden, dass mir externe Inhalte angezeigt werden. Damit k\u00f6nnen personenbezogene Daten an Drittplattformen \u00fcbermittelt werden. <a href=\"https:\/\/www.zeit.de\/hilfe\/datenschutz\" target=\"_blank\">Mehr dazu in unserer Datenschutzerkl\u00e4rung.<\/a>\n<\/p>\n<\/div>\n<\/div>\n<\/div>\n\n<div class=\"embed-wrapper embed-wrapper--blocked js-embed-consent\" data-method=\"iframe\">\n<script class=\"raw__source\" type=\"text\/template\"><iframe loading=\"lazy\" frameborder=\"no\" height=\"345\" scrolling=\"no\" src=\"https:\/\/w.soundcloud.com\/player\/?url=https%3A\/\/api.soundcloud.com\/users\/13522641&amp;auto_play=false&amp;hide_related=false&amp;show_comments=true&amp;show_user=true&amp;show_reposts=false&amp;visual=true\" width=\"460\"><\/iframe><\/script>\n<div class=\"embed-wrapper__inner\">\n<div class=\"embed-wrapper__text\">\n<h3>Empfohlener redaktioneller Inhalt<\/h3>\n<p data-replace=\"no\">An dieser Stelle finden Sie externen Inhalt, der den Artikel erg\u00e4nzt. Sie k\u00f6nnen sich externe Inhalte mit einem Klick anzeigen lassen und wieder ausblenden.<noscript>Bitte aktivieren Sie JavaScript damit Sie diesen Inhalt anzeigen k\u00f6nnen.<\/noscript><\/p>\n<\/div>\n<div class=\"embed-consent\">\n<label class=\"embed-consent__toggle\">\n<input class=\"js-embed-consent__toggle\" type=\"checkbox\" autocomplete=\"off\">\n<span><\/span>\nExterner Inhalt\n<\/label>\n<a href=\"https:\/\/www.zeit.de\/hilfe\/datenschutz\" target=\"_blank\" class=\"embed-consent__datalink-when-active\">Datenschutzerkl\u00e4rung<\/a>\n<\/div>\n<div class=\"embed-wrapper__footer\">\n<p data-replace=\"no\">\nIch bin damit einverstanden, dass mir externe Inhalte angezeigt werden. Damit k\u00f6nnen personenbezogene Daten an Drittplattformen \u00fcbermittelt werden. <a href=\"https:\/\/www.zeit.de\/hilfe\/datenschutz\" target=\"_blank\">Mehr dazu in unserer Datenschutzerkl\u00e4rung.<\/a>\n<\/p>\n<\/div>\n<\/div>\n<\/div>\n","protected":false},"excerpt":{"rendered":"<p>Das Festival im Millerntor-Stadion er\u00f6ffnet mit einem Talk \u2013 u. a. mit Roger Willemsen. Zwei Tage sp\u00e4ter gibt es Live-Musik, Talk-Panels und mehr.<\/p>\n","protected":false},"author":461,"featured_media":0,"comment_status":"open","ping_status":"open","sticky":false,"template":"","format":"standard","meta":{"_jetpack_memberships_contains_paid_content":false,"footnotes":""},"categories":[16],"tags":[],"class_list":["post-10206","post","type-post","status-publish","format-standard","hentry","category-allgemein"],"yoast_head":"<!-- This site is optimized with the Yoast SEO plugin v21.0 - https:\/\/yoast.com\/wordpress\/plugins\/seo\/ -->\n<title>Fu\u00dfball und Liebe - Hamburgtipps - ZEIT ONLINE<\/title>\n<meta name=\"robots\" content=\"index, follow, max-snippet:-1, max-image-preview:large, max-video-preview:-1\" \/>\n<link rel=\"canonical\" href=\"https:\/\/blog.zeit.de\/hamburg-veranstaltungen\/veranstaltung\/10206\" \/>\n<meta property=\"og:locale\" content=\"de_DE\" \/>\n<meta property=\"og:type\" content=\"article\" \/>\n<meta property=\"og:title\" content=\"Fu\u00dfball und Liebe - Hamburgtipps - ZEIT ONLINE\" \/>\n<meta property=\"og:description\" content=\"Das Festival im Millerntor-Stadion er\u00f6ffnet mit einem Talk \u2013 u. a. mit Roger Willemsen. Zwei Tage sp\u00e4ter gibt es Live-Musik, Talk-Panels und mehr.\" \/>\n<meta property=\"og:url\" content=\"https:\/\/blog.zeit.de\/hamburg-veranstaltungen\/veranstaltung\/10206\" \/>\n<meta property=\"og:site_name\" content=\"Veranstaltungen\" \/>\n<meta property=\"article:published_time\" content=\"2015-05-11T09:56:34+00:00\" \/>\n<meta property=\"article:modified_time\" content=\"2015-05-11T11:50:34+00:00\" \/>\n<meta name=\"author\" content=\"SZENE HAMBURG\" \/>\n<meta name=\"twitter:card\" content=\"summary_large_image\" \/>\n<meta name=\"twitter:creator\" content=\"@zeit_hh\" \/>\n<meta name=\"twitter:site\" content=\"@zeit_hh\" \/>\n<meta name=\"twitter:label1\" content=\"Geschrieben von\" \/>\n\t<meta name=\"twitter:data1\" content=\"SZENE HAMBURG\" \/>\n\t<meta name=\"twitter:label2\" content=\"Gesch\u00e4tzte Lesezeit\" \/>\n\t<meta name=\"twitter:data2\" content=\"1\u00a0Minute\" \/>\n<script type=\"application\/ld+json\" class=\"yoast-schema-graph\">{\"@context\":\"https:\/\/schema.org\",\"@graph\":[{\"@type\":\"WebPage\",\"@id\":\"https:\/\/blog.zeit.de\/hamburg-veranstaltungen\/veranstaltung\/10206\",\"url\":\"https:\/\/blog.zeit.de\/hamburg-veranstaltungen\/veranstaltung\/10206\",\"name\":\"Fu\u00dfball und Liebe - Hamburgtipps - ZEIT ONLINE\",\"isPartOf\":{\"@id\":\"https:\/\/blog.zeit.de\/hamburg-veranstaltungen\/#website\"},\"datePublished\":\"2015-05-11T09:56:34+00:00\",\"dateModified\":\"2015-05-11T11:50:34+00:00\",\"author\":{\"@id\":\"https:\/\/blog.zeit.de\/hamburg-veranstaltungen\/#\/schema\/person\/aaf7c4641d9b35e6f4ec57de3d3090f2\"},\"breadcrumb\":{\"@id\":\"https:\/\/blog.zeit.de\/hamburg-veranstaltungen\/veranstaltung\/10206#breadcrumb\"},\"inLanguage\":\"de\",\"potentialAction\":[{\"@type\":\"ReadAction\",\"target\":[\"https:\/\/blog.zeit.de\/hamburg-veranstaltungen\/veranstaltung\/10206\"]}]},{\"@type\":\"BreadcrumbList\",\"@id\":\"https:\/\/blog.zeit.de\/hamburg-veranstaltungen\/veranstaltung\/10206#breadcrumb\",\"itemListElement\":[{\"@type\":\"ListItem\",\"position\":1,\"name\":\"Startseite\",\"item\":\"https:\/\/blog.zeit.de\/hamburg-veranstaltungen\/\"},{\"@type\":\"ListItem\",\"position\":2,\"name\":\"Fu\u00dfball und Liebe\"}]},{\"@type\":\"WebSite\",\"@id\":\"https:\/\/blog.zeit.de\/hamburg-veranstaltungen\/#website\",\"url\":\"https:\/\/blog.zeit.de\/hamburg-veranstaltungen\/\",\"name\":\"Veranstaltungen\",\"description\":\"Die besten Tipps f\u00fcr Hamburg \u2013 heute, morgen, \u00fcbermorgen\",\"potentialAction\":[{\"@type\":\"SearchAction\",\"target\":{\"@type\":\"EntryPoint\",\"urlTemplate\":\"https:\/\/blog.zeit.de\/hamburg-veranstaltungen\/?s={search_term_string}\"},\"query-input\":\"required name=search_term_string\"}],\"inLanguage\":\"de\"},{\"@type\":\"Person\",\"@id\":\"https:\/\/blog.zeit.de\/hamburg-veranstaltungen\/#\/schema\/person\/aaf7c4641d9b35e6f4ec57de3d3090f2\",\"name\":\"SZENE HAMBURG\",\"image\":{\"@type\":\"ImageObject\",\"inLanguage\":\"de\",\"@id\":\"https:\/\/blog.zeit.de\/hamburg-veranstaltungen\/#\/schema\/person\/image\/\",\"url\":\"https:\/\/secure.gravatar.com\/avatar\/1f676d1af342e633e7a7348ddc8ff1b54a1335c0b81f94b1e589c476c356bc18?s=96&d=mm&r=g\",\"contentUrl\":\"https:\/\/secure.gravatar.com\/avatar\/1f676d1af342e633e7a7348ddc8ff1b54a1335c0b81f94b1e589c476c356bc18?s=96&d=mm&r=g\",\"caption\":\"SZENE HAMBURG\"},\"sameAs\":[\"http:\/\/www.szene-hamburg.com\"],\"url\":\"https:\/\/blog.zeit.de\/hamburg-veranstaltungen\/veranstaltung\/author\/lfrommeyer\"}]}<\/script>\n<!-- \/ Yoast SEO plugin. -->","yoast_head_json":{"title":"Fu\u00dfball und Liebe - Hamburgtipps - ZEIT ONLINE","robots":{"index":"index","follow":"follow","max-snippet":"max-snippet:-1","max-image-preview":"max-image-preview:large","max-video-preview":"max-video-preview:-1"},"canonical":"https:\/\/blog.zeit.de\/hamburg-veranstaltungen\/veranstaltung\/10206","og_locale":"de_DE","og_type":"article","og_title":"Fu\u00dfball und Liebe - Hamburgtipps - ZEIT ONLINE","og_description":"Das Festival im Millerntor-Stadion er\u00f6ffnet mit einem Talk \u2013 u. a. mit Roger Willemsen. Zwei Tage sp\u00e4ter gibt es Live-Musik, Talk-Panels und mehr.","og_url":"https:\/\/blog.zeit.de\/hamburg-veranstaltungen\/veranstaltung\/10206","og_site_name":"Veranstaltungen","article_published_time":"2015-05-11T09:56:34+00:00","article_modified_time":"2015-05-11T11:50:34+00:00","author":"SZENE HAMBURG","twitter_card":"summary_large_image","twitter_creator":"@zeit_hh","twitter_site":"@zeit_hh","twitter_misc":{"Geschrieben von":"SZENE HAMBURG","Gesch\u00e4tzte Lesezeit":"1\u00a0Minute"},"schema":{"@context":"https:\/\/schema.org","@graph":[{"@type":"WebPage","@id":"https:\/\/blog.zeit.de\/hamburg-veranstaltungen\/veranstaltung\/10206","url":"https:\/\/blog.zeit.de\/hamburg-veranstaltungen\/veranstaltung\/10206","name":"Fu\u00dfball und Liebe - Hamburgtipps - ZEIT ONLINE","isPartOf":{"@id":"https:\/\/blog.zeit.de\/hamburg-veranstaltungen\/#website"},"datePublished":"2015-05-11T09:56:34+00:00","dateModified":"2015-05-11T11:50:34+00:00","author":{"@id":"https:\/\/blog.zeit.de\/hamburg-veranstaltungen\/#\/schema\/person\/aaf7c4641d9b35e6f4ec57de3d3090f2"},"breadcrumb":{"@id":"https:\/\/blog.zeit.de\/hamburg-veranstaltungen\/veranstaltung\/10206#breadcrumb"},"inLanguage":"de","potentialAction":[{"@type":"ReadAction","target":["https:\/\/blog.zeit.de\/hamburg-veranstaltungen\/veranstaltung\/10206"]}]},{"@type":"BreadcrumbList","@id":"https:\/\/blog.zeit.de\/hamburg-veranstaltungen\/veranstaltung\/10206#breadcrumb","itemListElement":[{"@type":"ListItem","position":1,"name":"Startseite","item":"https:\/\/blog.zeit.de\/hamburg-veranstaltungen\/"},{"@type":"ListItem","position":2,"name":"Fu\u00dfball und Liebe"}]},{"@type":"WebSite","@id":"https:\/\/blog.zeit.de\/hamburg-veranstaltungen\/#website","url":"https:\/\/blog.zeit.de\/hamburg-veranstaltungen\/","name":"Veranstaltungen","description":"Die besten Tipps f\u00fcr Hamburg \u2013 heute, morgen, \u00fcbermorgen","potentialAction":[{"@type":"SearchAction","target":{"@type":"EntryPoint","urlTemplate":"https:\/\/blog.zeit.de\/hamburg-veranstaltungen\/?s={search_term_string}"},"query-input":"required name=search_term_string"}],"inLanguage":"de"},{"@type":"Person","@id":"https:\/\/blog.zeit.de\/hamburg-veranstaltungen\/#\/schema\/person\/aaf7c4641d9b35e6f4ec57de3d3090f2","name":"SZENE HAMBURG","image":{"@type":"ImageObject","inLanguage":"de","@id":"https:\/\/blog.zeit.de\/hamburg-veranstaltungen\/#\/schema\/person\/image\/","url":"https:\/\/secure.gravatar.com\/avatar\/1f676d1af342e633e7a7348ddc8ff1b54a1335c0b81f94b1e589c476c356bc18?s=96&d=mm&r=g","contentUrl":"https:\/\/secure.gravatar.com\/avatar\/1f676d1af342e633e7a7348ddc8ff1b54a1335c0b81f94b1e589c476c356bc18?s=96&d=mm&r=g","caption":"SZENE HAMBURG"},"sameAs":["http:\/\/www.szene-hamburg.com"],"url":"https:\/\/blog.zeit.de\/hamburg-veranstaltungen\/veranstaltung\/author\/lfrommeyer"}]}},"jetpack_featured_media_url":"","jetpack_sharing_enabled":true,"_links":{"self":[{"href":"https:\/\/blog.zeit.de\/hamburg-veranstaltungen\/wp-json\/wp\/v2\/posts\/10206","targetHints":{"allow":["GET"]}}],"collection":[{"href":"https:\/\/blog.zeit.de\/hamburg-veranstaltungen\/wp-json\/wp\/v2\/posts"}],"about":[{"href":"https:\/\/blog.zeit.de\/hamburg-veranstaltungen\/wp-json\/wp\/v2\/types\/post"}],"author":[{"embeddable":true,"href":"https:\/\/blog.zeit.de\/hamburg-veranstaltungen\/wp-json\/wp\/v2\/users\/461"}],"replies":[{"embeddable":true,"href":"https:\/\/blog.zeit.de\/hamburg-veranstaltungen\/wp-json\/wp\/v2\/comments?post=10206"}],"version-history":[{"count":7,"href":"https:\/\/blog.zeit.de\/hamburg-veranstaltungen\/wp-json\/wp\/v2\/posts\/10206\/revisions"}],"predecessor-version":[{"id":10229,"href":"https:\/\/blog.zeit.de\/hamburg-veranstaltungen\/wp-json\/wp\/v2\/posts\/10206\/revisions\/10229"}],"wp:attachment":[{"href":"https:\/\/blog.zeit.de\/hamburg-veranstaltungen\/wp-json\/wp\/v2\/media?parent=10206"}],"wp:term":[{"taxonomy":"category","embeddable":true,"href":"https:\/\/blog.zeit.de\/hamburg-veranstaltungen\/wp-json\/wp\/v2\/categories?post=10206"},{"taxonomy":"post_tag","embeddable":true,"href":"https:\/\/blog.zeit.de\/hamburg-veranstaltungen\/wp-json\/wp\/v2\/tags?post=10206"}],"curies":[{"name":"wp","href":"https:\/\/api.w.org\/{rel}","templated":true}]}}