{"id":6496,"date":"2014-12-03T14:10:29","date_gmt":"2014-12-03T13:10:29","guid":{"rendered":"http:\/\/blog.zeit.de\/hamburg-veranstaltungen\/?p=6496"},"modified":"2014-12-03T14:38:40","modified_gmt":"2014-12-03T13:38:40","slug":"tighte-kunst","status":"publish","type":"post","link":"https:\/\/blog.zeit.de\/hamburg-veranstaltungen\/veranstaltung\/6496","title":{"rendered":"&#8222;Tight&#8220;e Kunst"},"content":{"rendered":"<p><em>Das Studio Sechs7 zeigt Malerei, Foto und Video \u2013 und ein Who-is-Who der Szene. Die Schau l\u00e4uft bis zum 12. Dezember.<\/em><\/p>\n<p>Man kennt sich \u2013 die 30 K\u00fcnstler dieser beeindruckend gewachsenen Schau, die mit viel Herzblut und erneut im <a title=\"Homepage Studio Sechs\" href=\"http:\/\/www.sechs7.de\" target=\"_blank\">Studio Sechs7<\/a> stattfindet. Sich selbst einen Raum geben, die eigenen Arbeiten mit denen anderer aufeinanderprallen lassen, sich in ungew\u00f6hnliche Nachbarschaften begeben \u2013 und das auf hohem Niveau, daf\u00fcr sorgen das Kuratoren- und K\u00fcnstlerteam Sandra Prill und Patrick Fazar und l\u00e4sst die Arbeiten <em>tight<\/em>, eng aneinanderr\u00fccken, wie die diesj\u00e4hrige Ausstellung hei\u00dft. <a title=\"Infos Flinzer\" href=\"http:\/\/www.rehbein-galerie.de\/Jochen-Flinzer-Works.21.html\" target=\"_blank\">Jochen Flinzer<\/a>, immer auch virtuos mit Nadel und Faden, ist dabei, der unerm\u00fcdliche deutsche Popartist <a title=\"Avignon bei Facebook\" href=\"https:\/\/www.facebook.com\/jimavignon\" target=\"_blank\">Jim Avignon<\/a>, 4000, Karen Koltermann und dazu gibt es Fotografien von Bernhard Prinz, sich wunderbar in Rauch Aufl\u00f6sendes von <a title=\"Infos Oelze\" href=\"http:\/\/www.biggerthanlife.de\/\" target=\"_blank\">Wolfgang Oelze<\/a> oder die aus den Angeln gehobenen Welten von <a title=\"Onfos Kles\" href=\"http:\/\/wendt-friedmann.com\/artist\/83\/henning-kles\" target=\"_blank\">Henning Kles<\/a>, die so d\u00fcster sind, wie sie herrlich funkeln. Nicht nur die Auswahl der Verkaufsschau ist spannend, sondern auch, dass jeder K\u00fcnstler bis zu vier Arbeiten ausstellt \u2013 und zwar neue und meist noch nie gezeigte.<\/p>\n<p>Text: Sabine Danek<\/p>\n","protected":false},"excerpt":{"rendered":"<p>Das Studio Sechs7 zeigt Malerei, Foto und Video \u2013 und ein Who-is-Who der Szene. Die Schau l\u00e4uft bis zum 12. Dezember.<\/p>\n","protected":false},"author":461,"featured_media":0,"comment_status":"open","ping_status":"open","sticky":false,"template":"","format":"standard","meta":{"_jetpack_memberships_contains_paid_content":false,"footnotes":""},"categories":[16],"tags":[],"class_list":["post-6496","post","type-post","status-publish","format-standard","hentry","category-allgemein"],"yoast_head":"<!-- This site is optimized with the Yoast SEO plugin v21.0 - https:\/\/yoast.com\/wordpress\/plugins\/seo\/ -->\n<title>&quot;Tight&quot;e Kunst - Hamburgtipps - ZEIT ONLINE<\/title>\n<meta name=\"robots\" content=\"index, follow, max-snippet:-1, max-image-preview:large, max-video-preview:-1\" \/>\n<link rel=\"canonical\" href=\"https:\/\/blog.zeit.de\/hamburg-veranstaltungen\/veranstaltung\/6496\" \/>\n<meta property=\"og:locale\" content=\"de_DE\" \/>\n<meta property=\"og:type\" content=\"article\" \/>\n<meta property=\"og:title\" content=\"&quot;Tight&quot;e Kunst - Hamburgtipps - ZEIT ONLINE\" \/>\n<meta property=\"og:description\" content=\"Das Studio Sechs7 zeigt Malerei, Foto und Video \u2013 und ein Who-is-Who der Szene. Die Schau l\u00e4uft bis zum 12. Dezember.\" \/>\n<meta property=\"og:url\" content=\"https:\/\/blog.zeit.de\/hamburg-veranstaltungen\/veranstaltung\/6496\" \/>\n<meta property=\"og:site_name\" content=\"Veranstaltungen\" \/>\n<meta property=\"article:published_time\" content=\"2014-12-03T13:10:29+00:00\" \/>\n<meta property=\"article:modified_time\" content=\"2014-12-03T13:38:40+00:00\" \/>\n<meta name=\"author\" content=\"SZENE HAMBURG\" \/>\n<meta name=\"twitter:card\" content=\"summary_large_image\" \/>\n<meta name=\"twitter:creator\" content=\"@zeit_hh\" \/>\n<meta name=\"twitter:site\" content=\"@zeit_hh\" \/>\n<meta name=\"twitter:label1\" content=\"Geschrieben von\" \/>\n\t<meta name=\"twitter:data1\" content=\"SZENE HAMBURG\" \/>\n\t<meta name=\"twitter:label2\" content=\"Gesch\u00e4tzte Lesezeit\" \/>\n\t<meta name=\"twitter:data2\" content=\"1\u00a0Minute\" \/>\n<script type=\"application\/ld+json\" class=\"yoast-schema-graph\">{\"@context\":\"https:\/\/schema.org\",\"@graph\":[{\"@type\":\"WebPage\",\"@id\":\"https:\/\/blog.zeit.de\/hamburg-veranstaltungen\/veranstaltung\/6496\",\"url\":\"https:\/\/blog.zeit.de\/hamburg-veranstaltungen\/veranstaltung\/6496\",\"name\":\"\\\"Tight\\\"e Kunst - Hamburgtipps - ZEIT ONLINE\",\"isPartOf\":{\"@id\":\"https:\/\/blog.zeit.de\/hamburg-veranstaltungen\/#website\"},\"datePublished\":\"2014-12-03T13:10:29+00:00\",\"dateModified\":\"2014-12-03T13:38:40+00:00\",\"author\":{\"@id\":\"https:\/\/blog.zeit.de\/hamburg-veranstaltungen\/#\/schema\/person\/aaf7c4641d9b35e6f4ec57de3d3090f2\"},\"breadcrumb\":{\"@id\":\"https:\/\/blog.zeit.de\/hamburg-veranstaltungen\/veranstaltung\/6496#breadcrumb\"},\"inLanguage\":\"de\",\"potentialAction\":[{\"@type\":\"ReadAction\",\"target\":[\"https:\/\/blog.zeit.de\/hamburg-veranstaltungen\/veranstaltung\/6496\"]}]},{\"@type\":\"BreadcrumbList\",\"@id\":\"https:\/\/blog.zeit.de\/hamburg-veranstaltungen\/veranstaltung\/6496#breadcrumb\",\"itemListElement\":[{\"@type\":\"ListItem\",\"position\":1,\"name\":\"Startseite\",\"item\":\"https:\/\/blog.zeit.de\/hamburg-veranstaltungen\/\"},{\"@type\":\"ListItem\",\"position\":2,\"name\":\"&#8222;Tight&#8220;e Kunst\"}]},{\"@type\":\"WebSite\",\"@id\":\"https:\/\/blog.zeit.de\/hamburg-veranstaltungen\/#website\",\"url\":\"https:\/\/blog.zeit.de\/hamburg-veranstaltungen\/\",\"name\":\"Veranstaltungen\",\"description\":\"Die besten Tipps f\u00fcr Hamburg \u2013 heute, morgen, \u00fcbermorgen\",\"potentialAction\":[{\"@type\":\"SearchAction\",\"target\":{\"@type\":\"EntryPoint\",\"urlTemplate\":\"https:\/\/blog.zeit.de\/hamburg-veranstaltungen\/?s={search_term_string}\"},\"query-input\":\"required name=search_term_string\"}],\"inLanguage\":\"de\"},{\"@type\":\"Person\",\"@id\":\"https:\/\/blog.zeit.de\/hamburg-veranstaltungen\/#\/schema\/person\/aaf7c4641d9b35e6f4ec57de3d3090f2\",\"name\":\"SZENE HAMBURG\",\"image\":{\"@type\":\"ImageObject\",\"inLanguage\":\"de\",\"@id\":\"https:\/\/blog.zeit.de\/hamburg-veranstaltungen\/#\/schema\/person\/image\/\",\"url\":\"https:\/\/secure.gravatar.com\/avatar\/1f676d1af342e633e7a7348ddc8ff1b54a1335c0b81f94b1e589c476c356bc18?s=96&d=mm&r=g\",\"contentUrl\":\"https:\/\/secure.gravatar.com\/avatar\/1f676d1af342e633e7a7348ddc8ff1b54a1335c0b81f94b1e589c476c356bc18?s=96&d=mm&r=g\",\"caption\":\"SZENE HAMBURG\"},\"sameAs\":[\"http:\/\/www.szene-hamburg.com\"],\"url\":\"https:\/\/blog.zeit.de\/hamburg-veranstaltungen\/veranstaltung\/author\/lfrommeyer\"}]}<\/script>\n<!-- \/ Yoast SEO plugin. -->","yoast_head_json":{"title":"\"Tight\"e Kunst - Hamburgtipps - ZEIT ONLINE","robots":{"index":"index","follow":"follow","max-snippet":"max-snippet:-1","max-image-preview":"max-image-preview:large","max-video-preview":"max-video-preview:-1"},"canonical":"https:\/\/blog.zeit.de\/hamburg-veranstaltungen\/veranstaltung\/6496","og_locale":"de_DE","og_type":"article","og_title":"\"Tight\"e Kunst - Hamburgtipps - ZEIT ONLINE","og_description":"Das Studio Sechs7 zeigt Malerei, Foto und Video \u2013 und ein Who-is-Who der Szene. Die Schau l\u00e4uft bis zum 12. Dezember.","og_url":"https:\/\/blog.zeit.de\/hamburg-veranstaltungen\/veranstaltung\/6496","og_site_name":"Veranstaltungen","article_published_time":"2014-12-03T13:10:29+00:00","article_modified_time":"2014-12-03T13:38:40+00:00","author":"SZENE HAMBURG","twitter_card":"summary_large_image","twitter_creator":"@zeit_hh","twitter_site":"@zeit_hh","twitter_misc":{"Geschrieben von":"SZENE HAMBURG","Gesch\u00e4tzte Lesezeit":"1\u00a0Minute"},"schema":{"@context":"https:\/\/schema.org","@graph":[{"@type":"WebPage","@id":"https:\/\/blog.zeit.de\/hamburg-veranstaltungen\/veranstaltung\/6496","url":"https:\/\/blog.zeit.de\/hamburg-veranstaltungen\/veranstaltung\/6496","name":"\"Tight\"e Kunst - Hamburgtipps - ZEIT ONLINE","isPartOf":{"@id":"https:\/\/blog.zeit.de\/hamburg-veranstaltungen\/#website"},"datePublished":"2014-12-03T13:10:29+00:00","dateModified":"2014-12-03T13:38:40+00:00","author":{"@id":"https:\/\/blog.zeit.de\/hamburg-veranstaltungen\/#\/schema\/person\/aaf7c4641d9b35e6f4ec57de3d3090f2"},"breadcrumb":{"@id":"https:\/\/blog.zeit.de\/hamburg-veranstaltungen\/veranstaltung\/6496#breadcrumb"},"inLanguage":"de","potentialAction":[{"@type":"ReadAction","target":["https:\/\/blog.zeit.de\/hamburg-veranstaltungen\/veranstaltung\/6496"]}]},{"@type":"BreadcrumbList","@id":"https:\/\/blog.zeit.de\/hamburg-veranstaltungen\/veranstaltung\/6496#breadcrumb","itemListElement":[{"@type":"ListItem","position":1,"name":"Startseite","item":"https:\/\/blog.zeit.de\/hamburg-veranstaltungen\/"},{"@type":"ListItem","position":2,"name":"&#8222;Tight&#8220;e Kunst"}]},{"@type":"WebSite","@id":"https:\/\/blog.zeit.de\/hamburg-veranstaltungen\/#website","url":"https:\/\/blog.zeit.de\/hamburg-veranstaltungen\/","name":"Veranstaltungen","description":"Die besten Tipps f\u00fcr Hamburg \u2013 heute, morgen, \u00fcbermorgen","potentialAction":[{"@type":"SearchAction","target":{"@type":"EntryPoint","urlTemplate":"https:\/\/blog.zeit.de\/hamburg-veranstaltungen\/?s={search_term_string}"},"query-input":"required name=search_term_string"}],"inLanguage":"de"},{"@type":"Person","@id":"https:\/\/blog.zeit.de\/hamburg-veranstaltungen\/#\/schema\/person\/aaf7c4641d9b35e6f4ec57de3d3090f2","name":"SZENE HAMBURG","image":{"@type":"ImageObject","inLanguage":"de","@id":"https:\/\/blog.zeit.de\/hamburg-veranstaltungen\/#\/schema\/person\/image\/","url":"https:\/\/secure.gravatar.com\/avatar\/1f676d1af342e633e7a7348ddc8ff1b54a1335c0b81f94b1e589c476c356bc18?s=96&d=mm&r=g","contentUrl":"https:\/\/secure.gravatar.com\/avatar\/1f676d1af342e633e7a7348ddc8ff1b54a1335c0b81f94b1e589c476c356bc18?s=96&d=mm&r=g","caption":"SZENE HAMBURG"},"sameAs":["http:\/\/www.szene-hamburg.com"],"url":"https:\/\/blog.zeit.de\/hamburg-veranstaltungen\/veranstaltung\/author\/lfrommeyer"}]}},"jetpack_featured_media_url":"","jetpack_sharing_enabled":true,"_links":{"self":[{"href":"https:\/\/blog.zeit.de\/hamburg-veranstaltungen\/wp-json\/wp\/v2\/posts\/6496","targetHints":{"allow":["GET"]}}],"collection":[{"href":"https:\/\/blog.zeit.de\/hamburg-veranstaltungen\/wp-json\/wp\/v2\/posts"}],"about":[{"href":"https:\/\/blog.zeit.de\/hamburg-veranstaltungen\/wp-json\/wp\/v2\/types\/post"}],"author":[{"embeddable":true,"href":"https:\/\/blog.zeit.de\/hamburg-veranstaltungen\/wp-json\/wp\/v2\/users\/461"}],"replies":[{"embeddable":true,"href":"https:\/\/blog.zeit.de\/hamburg-veranstaltungen\/wp-json\/wp\/v2\/comments?post=6496"}],"version-history":[{"count":1,"href":"https:\/\/blog.zeit.de\/hamburg-veranstaltungen\/wp-json\/wp\/v2\/posts\/6496\/revisions"}],"predecessor-version":[{"id":6497,"href":"https:\/\/blog.zeit.de\/hamburg-veranstaltungen\/wp-json\/wp\/v2\/posts\/6496\/revisions\/6497"}],"wp:attachment":[{"href":"https:\/\/blog.zeit.de\/hamburg-veranstaltungen\/wp-json\/wp\/v2\/media?parent=6496"}],"wp:term":[{"taxonomy":"category","embeddable":true,"href":"https:\/\/blog.zeit.de\/hamburg-veranstaltungen\/wp-json\/wp\/v2\/categories?post=6496"},{"taxonomy":"post_tag","embeddable":true,"href":"https:\/\/blog.zeit.de\/hamburg-veranstaltungen\/wp-json\/wp\/v2\/tags?post=6496"}],"curies":[{"name":"wp","href":"https:\/\/api.w.org\/{rel}","templated":true}]}}