{"id":7696,"date":"2015-01-28T16:07:44","date_gmt":"2015-01-28T15:07:44","guid":{"rendered":"http:\/\/blog.zeit.de\/hamburg-veranstaltungen\/?p=7696"},"modified":"2015-01-28T19:50:08","modified_gmt":"2015-01-28T18:50:08","slug":"nach-der-diktatur","status":"publish","type":"post","link":"https:\/\/blog.zeit.de\/hamburg-veranstaltungen\/veranstaltung\/7696","title":{"rendered":"Nach der Diktatur"},"content":{"rendered":"<p><em>Das B-Movie startet seine Reihe mit Filmen der &#8222;Neuen Rum\u00e4nischen Welle&#8220; am 1. Februar mit dem 2007 in Cannes pr\u00e4mierten &#8222;4 Monate, 3 Wochen, 2 Tage&#8220; (OmU).<\/em><\/p>\n<p>Als 2007 in Cannes der rum\u00e4nische Film <em>4 Monate, 3 Wochen, 2 Tage<\/em> (1.\/12.\/28.2.) (Foto) die Goldene Palme gewann, war man geneigt, von einer Eintagsfliege zu sprechen. Doch der Tidenhub der <em>Neuen Rum\u00e4nischen Welle<\/em> h\u00e4lt schon sehr viel l\u00e4nger an, als der Filmtitel des gefeierten Schwangerschaftsdramas erhoffen lie\u00df. In Abgrenzung von der Diktatur\u00a0Ceau\u0219escu und dennoch gepr\u00e4gt von ihr, er\u00f6ffnet eine junge Regisseursgeneration unverstellte Perspektiven auf die Gegenwart des Landes. Filme wie das Polizistenportr\u00e4t <em>Police, Adjective<\/em> (1.\/5.\/22.2.) und die Krankenhaus-Odyssee <em>Der Tod des Herrn Lazarescu<\/em> \u2028(5.\/15.\/26.2.) gelten als ebenso beklemmende wie gallige Alltagsstudien. Einige \u00e4ltere Produktionen, darunter der in den Sechzigern als staatsfeindlich verbotene Klassiker <em>Die Rekonstruktion<\/em> (5.\/19.\/22.2.) und Harun Farockis Mediencollage <em>Videogramme einer Revolution<\/em> (8.\/19.2.), vervollst\u00e4ndigen die Reihe.<\/p>\n\n<div class=\"embed-wrapper embed-wrapper--blocked js-embed-consent\" data-method=\"iframe\">\n<script class=\"raw__source\" type=\"text\/template\"><iframe loading=\"lazy\" frameborder=\"0\" height=\"345\" src=\"\/\/www.youtube.com\/embed\/lpCIJcih2dU?rel=0\" width=\"460\"><\/iframe><\/script>\n<div class=\"embed-wrapper__inner\">\n<div class=\"embed-wrapper__text\">\n<h3>Empfohlener redaktioneller Inhalt<\/h3>\n<p data-replace=\"no\">An dieser Stelle finden Sie externen Inhalt, der den Artikel erg\u00e4nzt. Sie k\u00f6nnen sich externe Inhalte mit einem Klick anzeigen lassen und wieder ausblenden.<noscript>Bitte aktivieren Sie JavaScript damit Sie diesen Inhalt anzeigen k\u00f6nnen.<\/noscript><\/p>\n<\/div>\n<div class=\"embed-consent\">\n<label class=\"embed-consent__toggle\">\n<input class=\"js-embed-consent__toggle\" type=\"checkbox\" autocomplete=\"off\">\n<span><\/span>\nExterner Inhalt\n<\/label>\n<a href=\"https:\/\/www.zeit.de\/hilfe\/datenschutz\" target=\"_blank\" class=\"embed-consent__datalink-when-active\">Datenschutzerkl\u00e4rung<\/a>\n<\/div>\n<div class=\"embed-wrapper__footer\">\n<p data-replace=\"no\">\nIch bin damit einverstanden, dass mir externe Inhalte angezeigt werden. Damit k\u00f6nnen personenbezogene Daten an Drittplattformen \u00fcbermittelt werden. <a href=\"https:\/\/www.zeit.de\/hilfe\/datenschutz\" target=\"_blank\">Mehr dazu in unserer Datenschutzerkl\u00e4rung.<\/a>\n<\/p>\n<\/div>\n<\/div>\n<\/div>\n","protected":false},"excerpt":{"rendered":"<p>Das B-Movie startet seine Reihe mit Filmen der &#8222;Neuen Rum\u00e4nischen Welle&#8220; am 1. Februar mit dem 2007 in Cannes pr\u00e4mierten &#8222;4 Monate, 3 Wochen, 2 Tage&#8220; (OmU).<\/p>\n","protected":false},"author":461,"featured_media":0,"comment_status":"open","ping_status":"open","sticky":false,"template":"","format":"standard","meta":{"_jetpack_memberships_contains_paid_content":false,"footnotes":""},"categories":[16],"tags":[],"class_list":["post-7696","post","type-post","status-publish","format-standard","hentry","category-allgemein"],"yoast_head":"<!-- This site is optimized with the Yoast SEO plugin v21.0 - https:\/\/yoast.com\/wordpress\/plugins\/seo\/ -->\n<title>Nach der Diktatur - Hamburgtipps - ZEIT ONLINE<\/title>\n<meta name=\"robots\" content=\"index, follow, max-snippet:-1, max-image-preview:large, max-video-preview:-1\" \/>\n<link rel=\"canonical\" href=\"https:\/\/blog.zeit.de\/hamburg-veranstaltungen\/veranstaltung\/7696\" \/>\n<meta property=\"og:locale\" content=\"de_DE\" \/>\n<meta property=\"og:type\" content=\"article\" \/>\n<meta property=\"og:title\" content=\"Nach der Diktatur - Hamburgtipps - ZEIT ONLINE\" \/>\n<meta property=\"og:description\" content=\"Das B-Movie startet seine Reihe mit Filmen der &quot;Neuen Rum\u00e4nischen Welle&quot; am 1. Februar mit dem 2007 in Cannes pr\u00e4mierten &quot;4 Monate, 3 Wochen, 2 Tage&quot; (OmU).\" \/>\n<meta property=\"og:url\" content=\"https:\/\/blog.zeit.de\/hamburg-veranstaltungen\/veranstaltung\/7696\" \/>\n<meta property=\"og:site_name\" content=\"Veranstaltungen\" \/>\n<meta property=\"article:published_time\" content=\"2015-01-28T15:07:44+00:00\" \/>\n<meta property=\"article:modified_time\" content=\"2015-01-28T18:50:08+00:00\" \/>\n<meta name=\"author\" content=\"SZENE HAMBURG\" \/>\n<meta name=\"twitter:card\" content=\"summary_large_image\" \/>\n<meta name=\"twitter:creator\" content=\"@zeit_hh\" \/>\n<meta name=\"twitter:site\" content=\"@zeit_hh\" \/>\n<meta name=\"twitter:label1\" content=\"Geschrieben von\" \/>\n\t<meta name=\"twitter:data1\" content=\"SZENE HAMBURG\" \/>\n\t<meta name=\"twitter:label2\" content=\"Gesch\u00e4tzte Lesezeit\" \/>\n\t<meta name=\"twitter:data2\" content=\"1\u00a0Minute\" \/>\n<script type=\"application\/ld+json\" class=\"yoast-schema-graph\">{\"@context\":\"https:\/\/schema.org\",\"@graph\":[{\"@type\":\"WebPage\",\"@id\":\"https:\/\/blog.zeit.de\/hamburg-veranstaltungen\/veranstaltung\/7696\",\"url\":\"https:\/\/blog.zeit.de\/hamburg-veranstaltungen\/veranstaltung\/7696\",\"name\":\"Nach der Diktatur - Hamburgtipps - ZEIT ONLINE\",\"isPartOf\":{\"@id\":\"https:\/\/blog.zeit.de\/hamburg-veranstaltungen\/#website\"},\"datePublished\":\"2015-01-28T15:07:44+00:00\",\"dateModified\":\"2015-01-28T18:50:08+00:00\",\"author\":{\"@id\":\"https:\/\/blog.zeit.de\/hamburg-veranstaltungen\/#\/schema\/person\/aaf7c4641d9b35e6f4ec57de3d3090f2\"},\"breadcrumb\":{\"@id\":\"https:\/\/blog.zeit.de\/hamburg-veranstaltungen\/veranstaltung\/7696#breadcrumb\"},\"inLanguage\":\"de\",\"potentialAction\":[{\"@type\":\"ReadAction\",\"target\":[\"https:\/\/blog.zeit.de\/hamburg-veranstaltungen\/veranstaltung\/7696\"]}]},{\"@type\":\"BreadcrumbList\",\"@id\":\"https:\/\/blog.zeit.de\/hamburg-veranstaltungen\/veranstaltung\/7696#breadcrumb\",\"itemListElement\":[{\"@type\":\"ListItem\",\"position\":1,\"name\":\"Startseite\",\"item\":\"https:\/\/blog.zeit.de\/hamburg-veranstaltungen\/\"},{\"@type\":\"ListItem\",\"position\":2,\"name\":\"Nach der Diktatur\"}]},{\"@type\":\"WebSite\",\"@id\":\"https:\/\/blog.zeit.de\/hamburg-veranstaltungen\/#website\",\"url\":\"https:\/\/blog.zeit.de\/hamburg-veranstaltungen\/\",\"name\":\"Veranstaltungen\",\"description\":\"Die besten Tipps f\u00fcr Hamburg \u2013 heute, morgen, \u00fcbermorgen\",\"potentialAction\":[{\"@type\":\"SearchAction\",\"target\":{\"@type\":\"EntryPoint\",\"urlTemplate\":\"https:\/\/blog.zeit.de\/hamburg-veranstaltungen\/?s={search_term_string}\"},\"query-input\":\"required name=search_term_string\"}],\"inLanguage\":\"de\"},{\"@type\":\"Person\",\"@id\":\"https:\/\/blog.zeit.de\/hamburg-veranstaltungen\/#\/schema\/person\/aaf7c4641d9b35e6f4ec57de3d3090f2\",\"name\":\"SZENE HAMBURG\",\"image\":{\"@type\":\"ImageObject\",\"inLanguage\":\"de\",\"@id\":\"https:\/\/blog.zeit.de\/hamburg-veranstaltungen\/#\/schema\/person\/image\/\",\"url\":\"https:\/\/secure.gravatar.com\/avatar\/1f676d1af342e633e7a7348ddc8ff1b54a1335c0b81f94b1e589c476c356bc18?s=96&d=mm&r=g\",\"contentUrl\":\"https:\/\/secure.gravatar.com\/avatar\/1f676d1af342e633e7a7348ddc8ff1b54a1335c0b81f94b1e589c476c356bc18?s=96&d=mm&r=g\",\"caption\":\"SZENE HAMBURG\"},\"sameAs\":[\"http:\/\/www.szene-hamburg.com\"],\"url\":\"https:\/\/blog.zeit.de\/hamburg-veranstaltungen\/veranstaltung\/author\/lfrommeyer\"}]}<\/script>\n<!-- \/ Yoast SEO plugin. -->","yoast_head_json":{"title":"Nach der Diktatur - Hamburgtipps - ZEIT ONLINE","robots":{"index":"index","follow":"follow","max-snippet":"max-snippet:-1","max-image-preview":"max-image-preview:large","max-video-preview":"max-video-preview:-1"},"canonical":"https:\/\/blog.zeit.de\/hamburg-veranstaltungen\/veranstaltung\/7696","og_locale":"de_DE","og_type":"article","og_title":"Nach der Diktatur - Hamburgtipps - ZEIT ONLINE","og_description":"Das B-Movie startet seine Reihe mit Filmen der \"Neuen Rum\u00e4nischen Welle\" am 1. Februar mit dem 2007 in Cannes pr\u00e4mierten \"4 Monate, 3 Wochen, 2 Tage\" (OmU).","og_url":"https:\/\/blog.zeit.de\/hamburg-veranstaltungen\/veranstaltung\/7696","og_site_name":"Veranstaltungen","article_published_time":"2015-01-28T15:07:44+00:00","article_modified_time":"2015-01-28T18:50:08+00:00","author":"SZENE HAMBURG","twitter_card":"summary_large_image","twitter_creator":"@zeit_hh","twitter_site":"@zeit_hh","twitter_misc":{"Geschrieben von":"SZENE HAMBURG","Gesch\u00e4tzte Lesezeit":"1\u00a0Minute"},"schema":{"@context":"https:\/\/schema.org","@graph":[{"@type":"WebPage","@id":"https:\/\/blog.zeit.de\/hamburg-veranstaltungen\/veranstaltung\/7696","url":"https:\/\/blog.zeit.de\/hamburg-veranstaltungen\/veranstaltung\/7696","name":"Nach der Diktatur - Hamburgtipps - ZEIT ONLINE","isPartOf":{"@id":"https:\/\/blog.zeit.de\/hamburg-veranstaltungen\/#website"},"datePublished":"2015-01-28T15:07:44+00:00","dateModified":"2015-01-28T18:50:08+00:00","author":{"@id":"https:\/\/blog.zeit.de\/hamburg-veranstaltungen\/#\/schema\/person\/aaf7c4641d9b35e6f4ec57de3d3090f2"},"breadcrumb":{"@id":"https:\/\/blog.zeit.de\/hamburg-veranstaltungen\/veranstaltung\/7696#breadcrumb"},"inLanguage":"de","potentialAction":[{"@type":"ReadAction","target":["https:\/\/blog.zeit.de\/hamburg-veranstaltungen\/veranstaltung\/7696"]}]},{"@type":"BreadcrumbList","@id":"https:\/\/blog.zeit.de\/hamburg-veranstaltungen\/veranstaltung\/7696#breadcrumb","itemListElement":[{"@type":"ListItem","position":1,"name":"Startseite","item":"https:\/\/blog.zeit.de\/hamburg-veranstaltungen\/"},{"@type":"ListItem","position":2,"name":"Nach der Diktatur"}]},{"@type":"WebSite","@id":"https:\/\/blog.zeit.de\/hamburg-veranstaltungen\/#website","url":"https:\/\/blog.zeit.de\/hamburg-veranstaltungen\/","name":"Veranstaltungen","description":"Die besten Tipps f\u00fcr Hamburg \u2013 heute, morgen, \u00fcbermorgen","potentialAction":[{"@type":"SearchAction","target":{"@type":"EntryPoint","urlTemplate":"https:\/\/blog.zeit.de\/hamburg-veranstaltungen\/?s={search_term_string}"},"query-input":"required name=search_term_string"}],"inLanguage":"de"},{"@type":"Person","@id":"https:\/\/blog.zeit.de\/hamburg-veranstaltungen\/#\/schema\/person\/aaf7c4641d9b35e6f4ec57de3d3090f2","name":"SZENE HAMBURG","image":{"@type":"ImageObject","inLanguage":"de","@id":"https:\/\/blog.zeit.de\/hamburg-veranstaltungen\/#\/schema\/person\/image\/","url":"https:\/\/secure.gravatar.com\/avatar\/1f676d1af342e633e7a7348ddc8ff1b54a1335c0b81f94b1e589c476c356bc18?s=96&d=mm&r=g","contentUrl":"https:\/\/secure.gravatar.com\/avatar\/1f676d1af342e633e7a7348ddc8ff1b54a1335c0b81f94b1e589c476c356bc18?s=96&d=mm&r=g","caption":"SZENE HAMBURG"},"sameAs":["http:\/\/www.szene-hamburg.com"],"url":"https:\/\/blog.zeit.de\/hamburg-veranstaltungen\/veranstaltung\/author\/lfrommeyer"}]}},"jetpack_featured_media_url":"","jetpack_sharing_enabled":true,"_links":{"self":[{"href":"https:\/\/blog.zeit.de\/hamburg-veranstaltungen\/wp-json\/wp\/v2\/posts\/7696","targetHints":{"allow":["GET"]}}],"collection":[{"href":"https:\/\/blog.zeit.de\/hamburg-veranstaltungen\/wp-json\/wp\/v2\/posts"}],"about":[{"href":"https:\/\/blog.zeit.de\/hamburg-veranstaltungen\/wp-json\/wp\/v2\/types\/post"}],"author":[{"embeddable":true,"href":"https:\/\/blog.zeit.de\/hamburg-veranstaltungen\/wp-json\/wp\/v2\/users\/461"}],"replies":[{"embeddable":true,"href":"https:\/\/blog.zeit.de\/hamburg-veranstaltungen\/wp-json\/wp\/v2\/comments?post=7696"}],"version-history":[{"count":4,"href":"https:\/\/blog.zeit.de\/hamburg-veranstaltungen\/wp-json\/wp\/v2\/posts\/7696\/revisions"}],"predecessor-version":[{"id":7709,"href":"https:\/\/blog.zeit.de\/hamburg-veranstaltungen\/wp-json\/wp\/v2\/posts\/7696\/revisions\/7709"}],"wp:attachment":[{"href":"https:\/\/blog.zeit.de\/hamburg-veranstaltungen\/wp-json\/wp\/v2\/media?parent=7696"}],"wp:term":[{"taxonomy":"category","embeddable":true,"href":"https:\/\/blog.zeit.de\/hamburg-veranstaltungen\/wp-json\/wp\/v2\/categories?post=7696"},{"taxonomy":"post_tag","embeddable":true,"href":"https:\/\/blog.zeit.de\/hamburg-veranstaltungen\/wp-json\/wp\/v2\/tags?post=7696"}],"curies":[{"name":"wp","href":"https:\/\/api.w.org\/{rel}","templated":true}]}}