{"id":8502,"date":"2015-03-05T14:43:45","date_gmt":"2015-03-05T13:43:45","guid":{"rendered":"http:\/\/blog.zeit.de\/hamburg-veranstaltungen\/?p=8502"},"modified":"2015-03-05T16:25:16","modified_gmt":"2015-03-05T15:25:16","slug":"willkommen-auf-deutsch","status":"publish","type":"post","link":"https:\/\/blog.zeit.de\/hamburg-veranstaltungen\/veranstaltung\/8502","title":{"rendered":"&#8222;Willkommen auf Deutsch&#8220;"},"content":{"rendered":"<p><em>Die Hamburger Regisseure Carsten Rau und Hauke Wendler haben im Landkreis Harburg einen Dokumentarfilm zum Thema Flucht und Migration gedreht.<\/em><\/p>\n<p>Im Mittelpunkt von <a title=\"Homepage Willkommen auf Deutsch\" href=\"http:\/\/www.willkommen-auf-deutsch.de\/\" target=\"_blank\"><em>Willkommen auf Deutsch<\/em><\/a> stehen dieses Mal die Sorgen und \u00c4ngste, aber auch die Vorurteile von Menschen, die sich einer wachsenden Fl\u00fcchtlingszahl gegen\u00fcbersehen. Gedreht wurde im Landkreis Harburg. Fast ein Jahr lang begleite das Filmemacherduo hier Fl\u00fcchtlinge, Anwohner sowie den Bereichsleiter der \u00fcberlasteten Landkreisverwaltung \u2013 stellvertretend f\u00fcr die 295 Landkreise bundesweit. Zur Premiere am 8. M\u00e4rz kommen Carsten Rau und Hauke Wendler sowie weitere G\u00e4ste ins <a title=\"Homepage Abaton\" href=\"http:\/\/www.abaton.de\/\" target=\"_blank\">Abaton Kino<\/a>.<\/p>\n<p>Die Filmemacher \u00fcber ihre Arbeit:<\/p>\n<blockquote><p>Carsten Rau: &#8222;Wir machen seit Jahren Filme, die davon leben, dass wir einen sehr engen Kontakt zu unseren Protagonisten aufbauen. Fl\u00fcchtlinge sind oft traumatisiert und extrem angespannt, weil sie nicht wissen, was kommt, ob sie bleiben d\u00fcrfen oder nicht. Deshalb ist es so schwer, Vertrauen aufzubauen. Das geht nur \u00fcber lange Vorgespr\u00e4che. Wir m\u00fcssen viel nachhaken: Wo gibt es Br\u00fcche in den Lebensl\u00e4ufen, was stimmt, was stimmt nicht. Nach Jahren auf der Flucht haben sich manche auch Geschichten zurechtgelegt, von denen sie meinen, dass die hier besser ankommen und ihnen zu einem Bleiberecht verhelfen.&#8220;<\/p>\n<p>Hauke Wendler: &#8222;Dieses Thema wird uns alle noch lange besch\u00e4ftigen. Es ist einfach fahrl\u00e4ssig und kurzsichtig, dass die Politik seit 20 Jahren s\u00e4mtliche Warnungen von Experten in den Wind geschlagen hat: Dieses Land ist ein Einwanderungsland und daran \u00e4ndern auch immer h\u00f6here Z\u00e4une nichts. Wir brauchen endlich gesetzliche Regelungen, die besser sind, und zwar auf nationaler und auf europ\u00e4ischer Ebene. Sonst werden sich die Menschen weiter in diese Nussschalen quetschen und aufs Mittelmeer hinausfahren. Darum geht\u2019s am Ende ja auch.&#8220;<\/p><\/blockquote>\n<p>Weitere Vorstellungen: <em>Film im Gespr\u00e4ch<\/em> am 17.3. um 20 Uhr, <em>Licht + Dunkel<\/em> am 30.3. um 20 Uhr<\/p>\n<p>Interviews: Lisa Scheide<\/p>\n\n<div class=\"embed-wrapper embed-wrapper--blocked js-embed-consent\" data-method=\"iframe\">\n<script class=\"raw__source\" type=\"text\/template\"><iframe loading=\"lazy\" frameborder=\"0\" height=\"345\" src=\"https:\/\/player.vimeo.com\/video\/118016784?color=ffffff&amp;title=0&amp;byline=0&amp;portrait=0\" width=\"460\"><\/iframe><\/script>\n<div class=\"embed-wrapper__inner\">\n<div class=\"embed-wrapper__text\">\n<h3>Empfohlener redaktioneller Inhalt<\/h3>\n<p data-replace=\"no\">An dieser Stelle finden Sie externen Inhalt, der den Artikel erg\u00e4nzt. Sie k\u00f6nnen sich externe Inhalte mit einem Klick anzeigen lassen und wieder ausblenden.<noscript>Bitte aktivieren Sie JavaScript damit Sie diesen Inhalt anzeigen k\u00f6nnen.<\/noscript><\/p>\n<\/div>\n<div class=\"embed-consent\">\n<label class=\"embed-consent__toggle\">\n<input class=\"js-embed-consent__toggle\" type=\"checkbox\" autocomplete=\"off\">\n<span><\/span>\nExterner Inhalt\n<\/label>\n<a href=\"https:\/\/www.zeit.de\/hilfe\/datenschutz\" target=\"_blank\" class=\"embed-consent__datalink-when-active\">Datenschutzerkl\u00e4rung<\/a>\n<\/div>\n<div class=\"embed-wrapper__footer\">\n<p data-replace=\"no\">\nIch bin damit einverstanden, dass mir externe Inhalte angezeigt werden. Damit k\u00f6nnen personenbezogene Daten an Drittplattformen \u00fcbermittelt werden. <a href=\"https:\/\/www.zeit.de\/hilfe\/datenschutz\" target=\"_blank\">Mehr dazu in unserer Datenschutzerkl\u00e4rung.<\/a>\n<\/p>\n<\/div>\n<\/div>\n<\/div>\n<p><a href=\"https:\/\/vimeo.com\/118016784\">&#8222;Willkommen auf Deutsch&#8220; \u2013 Kinotrailer<\/a> von <a href=\"https:\/\/vimeo.com\/user17193660\">Joachim Bornemann<\/a> auf <a href=\"https:\/\/vimeo.com\">Vimeo<\/a>.<\/p>\n","protected":false},"excerpt":{"rendered":"<p>Die Hamburger Regisseure Carsten Rau und Hauke Wendler haben im Landkreis Harburg einen Dokumentarfilm zum Thema Flucht und Migration gedreht.<\/p>\n","protected":false},"author":461,"featured_media":0,"comment_status":"open","ping_status":"open","sticky":false,"template":"","format":"standard","meta":{"_jetpack_memberships_contains_paid_content":false,"footnotes":""},"categories":[16],"tags":[],"class_list":["post-8502","post","type-post","status-publish","format-standard","hentry","category-allgemein"],"yoast_head":"<!-- This site is optimized with the Yoast SEO plugin v21.0 - https:\/\/yoast.com\/wordpress\/plugins\/seo\/ -->\n<title>&quot;Willkommen auf Deutsch&quot; - Hamburgtipps - ZEIT ONLINE<\/title>\n<meta name=\"robots\" content=\"index, follow, max-snippet:-1, max-image-preview:large, max-video-preview:-1\" \/>\n<link rel=\"canonical\" href=\"https:\/\/blog.zeit.de\/hamburg-veranstaltungen\/veranstaltung\/8502\" \/>\n<meta property=\"og:locale\" content=\"de_DE\" \/>\n<meta property=\"og:type\" content=\"article\" \/>\n<meta property=\"og:title\" content=\"&quot;Willkommen auf Deutsch&quot; - Hamburgtipps - ZEIT ONLINE\" \/>\n<meta property=\"og:description\" content=\"Die Hamburger Regisseure Carsten Rau und Hauke Wendler haben im Landkreis Harburg einen Dokumentarfilm zum Thema Flucht und Migration gedreht.\" \/>\n<meta property=\"og:url\" content=\"https:\/\/blog.zeit.de\/hamburg-veranstaltungen\/veranstaltung\/8502\" \/>\n<meta property=\"og:site_name\" content=\"Veranstaltungen\" \/>\n<meta property=\"article:published_time\" content=\"2015-03-05T13:43:45+00:00\" \/>\n<meta property=\"article:modified_time\" content=\"2015-03-05T15:25:16+00:00\" \/>\n<meta name=\"author\" content=\"SZENE HAMBURG\" \/>\n<meta name=\"twitter:card\" content=\"summary_large_image\" \/>\n<meta name=\"twitter:creator\" content=\"@zeit_hh\" \/>\n<meta name=\"twitter:site\" content=\"@zeit_hh\" \/>\n<meta name=\"twitter:label1\" content=\"Geschrieben von\" \/>\n\t<meta name=\"twitter:data1\" content=\"SZENE HAMBURG\" \/>\n\t<meta name=\"twitter:label2\" content=\"Gesch\u00e4tzte Lesezeit\" \/>\n\t<meta name=\"twitter:data2\" content=\"2\u00a0Minuten\" \/>\n<script type=\"application\/ld+json\" class=\"yoast-schema-graph\">{\"@context\":\"https:\/\/schema.org\",\"@graph\":[{\"@type\":\"WebPage\",\"@id\":\"https:\/\/blog.zeit.de\/hamburg-veranstaltungen\/veranstaltung\/8502\",\"url\":\"https:\/\/blog.zeit.de\/hamburg-veranstaltungen\/veranstaltung\/8502\",\"name\":\"\\\"Willkommen auf Deutsch\\\" - Hamburgtipps - ZEIT ONLINE\",\"isPartOf\":{\"@id\":\"https:\/\/blog.zeit.de\/hamburg-veranstaltungen\/#website\"},\"datePublished\":\"2015-03-05T13:43:45+00:00\",\"dateModified\":\"2015-03-05T15:25:16+00:00\",\"author\":{\"@id\":\"https:\/\/blog.zeit.de\/hamburg-veranstaltungen\/#\/schema\/person\/aaf7c4641d9b35e6f4ec57de3d3090f2\"},\"breadcrumb\":{\"@id\":\"https:\/\/blog.zeit.de\/hamburg-veranstaltungen\/veranstaltung\/8502#breadcrumb\"},\"inLanguage\":\"de\",\"potentialAction\":[{\"@type\":\"ReadAction\",\"target\":[\"https:\/\/blog.zeit.de\/hamburg-veranstaltungen\/veranstaltung\/8502\"]}]},{\"@type\":\"BreadcrumbList\",\"@id\":\"https:\/\/blog.zeit.de\/hamburg-veranstaltungen\/veranstaltung\/8502#breadcrumb\",\"itemListElement\":[{\"@type\":\"ListItem\",\"position\":1,\"name\":\"Startseite\",\"item\":\"https:\/\/blog.zeit.de\/hamburg-veranstaltungen\/\"},{\"@type\":\"ListItem\",\"position\":2,\"name\":\"&#8222;Willkommen auf Deutsch&#8220;\"}]},{\"@type\":\"WebSite\",\"@id\":\"https:\/\/blog.zeit.de\/hamburg-veranstaltungen\/#website\",\"url\":\"https:\/\/blog.zeit.de\/hamburg-veranstaltungen\/\",\"name\":\"Veranstaltungen\",\"description\":\"Die besten Tipps f\u00fcr Hamburg \u2013 heute, morgen, \u00fcbermorgen\",\"potentialAction\":[{\"@type\":\"SearchAction\",\"target\":{\"@type\":\"EntryPoint\",\"urlTemplate\":\"https:\/\/blog.zeit.de\/hamburg-veranstaltungen\/?s={search_term_string}\"},\"query-input\":\"required name=search_term_string\"}],\"inLanguage\":\"de\"},{\"@type\":\"Person\",\"@id\":\"https:\/\/blog.zeit.de\/hamburg-veranstaltungen\/#\/schema\/person\/aaf7c4641d9b35e6f4ec57de3d3090f2\",\"name\":\"SZENE HAMBURG\",\"image\":{\"@type\":\"ImageObject\",\"inLanguage\":\"de\",\"@id\":\"https:\/\/blog.zeit.de\/hamburg-veranstaltungen\/#\/schema\/person\/image\/\",\"url\":\"https:\/\/secure.gravatar.com\/avatar\/1f676d1af342e633e7a7348ddc8ff1b54a1335c0b81f94b1e589c476c356bc18?s=96&d=mm&r=g\",\"contentUrl\":\"https:\/\/secure.gravatar.com\/avatar\/1f676d1af342e633e7a7348ddc8ff1b54a1335c0b81f94b1e589c476c356bc18?s=96&d=mm&r=g\",\"caption\":\"SZENE HAMBURG\"},\"sameAs\":[\"http:\/\/www.szene-hamburg.com\"],\"url\":\"https:\/\/blog.zeit.de\/hamburg-veranstaltungen\/veranstaltung\/author\/lfrommeyer\"}]}<\/script>\n<!-- \/ Yoast SEO plugin. -->","yoast_head_json":{"title":"\"Willkommen auf Deutsch\" - Hamburgtipps - ZEIT ONLINE","robots":{"index":"index","follow":"follow","max-snippet":"max-snippet:-1","max-image-preview":"max-image-preview:large","max-video-preview":"max-video-preview:-1"},"canonical":"https:\/\/blog.zeit.de\/hamburg-veranstaltungen\/veranstaltung\/8502","og_locale":"de_DE","og_type":"article","og_title":"\"Willkommen auf Deutsch\" - Hamburgtipps - ZEIT ONLINE","og_description":"Die Hamburger Regisseure Carsten Rau und Hauke Wendler haben im Landkreis Harburg einen Dokumentarfilm zum Thema Flucht und Migration gedreht.","og_url":"https:\/\/blog.zeit.de\/hamburg-veranstaltungen\/veranstaltung\/8502","og_site_name":"Veranstaltungen","article_published_time":"2015-03-05T13:43:45+00:00","article_modified_time":"2015-03-05T15:25:16+00:00","author":"SZENE HAMBURG","twitter_card":"summary_large_image","twitter_creator":"@zeit_hh","twitter_site":"@zeit_hh","twitter_misc":{"Geschrieben von":"SZENE HAMBURG","Gesch\u00e4tzte Lesezeit":"2\u00a0Minuten"},"schema":{"@context":"https:\/\/schema.org","@graph":[{"@type":"WebPage","@id":"https:\/\/blog.zeit.de\/hamburg-veranstaltungen\/veranstaltung\/8502","url":"https:\/\/blog.zeit.de\/hamburg-veranstaltungen\/veranstaltung\/8502","name":"\"Willkommen auf Deutsch\" - Hamburgtipps - ZEIT ONLINE","isPartOf":{"@id":"https:\/\/blog.zeit.de\/hamburg-veranstaltungen\/#website"},"datePublished":"2015-03-05T13:43:45+00:00","dateModified":"2015-03-05T15:25:16+00:00","author":{"@id":"https:\/\/blog.zeit.de\/hamburg-veranstaltungen\/#\/schema\/person\/aaf7c4641d9b35e6f4ec57de3d3090f2"},"breadcrumb":{"@id":"https:\/\/blog.zeit.de\/hamburg-veranstaltungen\/veranstaltung\/8502#breadcrumb"},"inLanguage":"de","potentialAction":[{"@type":"ReadAction","target":["https:\/\/blog.zeit.de\/hamburg-veranstaltungen\/veranstaltung\/8502"]}]},{"@type":"BreadcrumbList","@id":"https:\/\/blog.zeit.de\/hamburg-veranstaltungen\/veranstaltung\/8502#breadcrumb","itemListElement":[{"@type":"ListItem","position":1,"name":"Startseite","item":"https:\/\/blog.zeit.de\/hamburg-veranstaltungen\/"},{"@type":"ListItem","position":2,"name":"&#8222;Willkommen auf Deutsch&#8220;"}]},{"@type":"WebSite","@id":"https:\/\/blog.zeit.de\/hamburg-veranstaltungen\/#website","url":"https:\/\/blog.zeit.de\/hamburg-veranstaltungen\/","name":"Veranstaltungen","description":"Die besten Tipps f\u00fcr Hamburg \u2013 heute, morgen, \u00fcbermorgen","potentialAction":[{"@type":"SearchAction","target":{"@type":"EntryPoint","urlTemplate":"https:\/\/blog.zeit.de\/hamburg-veranstaltungen\/?s={search_term_string}"},"query-input":"required name=search_term_string"}],"inLanguage":"de"},{"@type":"Person","@id":"https:\/\/blog.zeit.de\/hamburg-veranstaltungen\/#\/schema\/person\/aaf7c4641d9b35e6f4ec57de3d3090f2","name":"SZENE HAMBURG","image":{"@type":"ImageObject","inLanguage":"de","@id":"https:\/\/blog.zeit.de\/hamburg-veranstaltungen\/#\/schema\/person\/image\/","url":"https:\/\/secure.gravatar.com\/avatar\/1f676d1af342e633e7a7348ddc8ff1b54a1335c0b81f94b1e589c476c356bc18?s=96&d=mm&r=g","contentUrl":"https:\/\/secure.gravatar.com\/avatar\/1f676d1af342e633e7a7348ddc8ff1b54a1335c0b81f94b1e589c476c356bc18?s=96&d=mm&r=g","caption":"SZENE HAMBURG"},"sameAs":["http:\/\/www.szene-hamburg.com"],"url":"https:\/\/blog.zeit.de\/hamburg-veranstaltungen\/veranstaltung\/author\/lfrommeyer"}]}},"jetpack_featured_media_url":"","jetpack_sharing_enabled":true,"_links":{"self":[{"href":"https:\/\/blog.zeit.de\/hamburg-veranstaltungen\/wp-json\/wp\/v2\/posts\/8502","targetHints":{"allow":["GET"]}}],"collection":[{"href":"https:\/\/blog.zeit.de\/hamburg-veranstaltungen\/wp-json\/wp\/v2\/posts"}],"about":[{"href":"https:\/\/blog.zeit.de\/hamburg-veranstaltungen\/wp-json\/wp\/v2\/types\/post"}],"author":[{"embeddable":true,"href":"https:\/\/blog.zeit.de\/hamburg-veranstaltungen\/wp-json\/wp\/v2\/users\/461"}],"replies":[{"embeddable":true,"href":"https:\/\/blog.zeit.de\/hamburg-veranstaltungen\/wp-json\/wp\/v2\/comments?post=8502"}],"version-history":[{"count":3,"href":"https:\/\/blog.zeit.de\/hamburg-veranstaltungen\/wp-json\/wp\/v2\/posts\/8502\/revisions"}],"predecessor-version":[{"id":8521,"href":"https:\/\/blog.zeit.de\/hamburg-veranstaltungen\/wp-json\/wp\/v2\/posts\/8502\/revisions\/8521"}],"wp:attachment":[{"href":"https:\/\/blog.zeit.de\/hamburg-veranstaltungen\/wp-json\/wp\/v2\/media?parent=8502"}],"wp:term":[{"taxonomy":"category","embeddable":true,"href":"https:\/\/blog.zeit.de\/hamburg-veranstaltungen\/wp-json\/wp\/v2\/categories?post=8502"},{"taxonomy":"post_tag","embeddable":true,"href":"https:\/\/blog.zeit.de\/hamburg-veranstaltungen\/wp-json\/wp\/v2\/tags?post=8502"}],"curies":[{"name":"wp","href":"https:\/\/api.w.org\/{rel}","templated":true}]}}