{"id":8833,"date":"2015-03-24T17:54:24","date_gmt":"2015-03-24T16:54:24","guid":{"rendered":"http:\/\/blog.zeit.de\/hamburg-veranstaltungen\/?p=8833"},"modified":"2015-03-26T07:04:02","modified_gmt":"2015-03-26T06:04:02","slug":"soy-de-cuba","status":"publish","type":"post","link":"https:\/\/blog.zeit.de\/hamburg-veranstaltungen\/veranstaltung\/8833","title":{"rendered":"Soy De Cuba"},"content":{"rendered":"<p><em>Lebenslust und Bewegungsfreude: Ein erstklassiges Ensemble feiert die Kultur seines Landes am 28. M\u00e4rz im CCH 2.<\/em><\/p>\n<p>Das hatte sich Ayala anders vorgestellt: Die junge Frau kommt aus der kubanischen Provinz in die Hauptstadt Havanna, um dort T\u00e4nzerin zu werden. Ihr Talent im l\u00e4ndlichen Folklore-Tanz bringt sie in der pulsierenden Metropole allerdings nicht weit. Doch dann bekommt sie endlich die Gelegenheit, ihr K\u00f6nnen zu beweisen \u2013 und vielleicht wartet mit Choreograf Mario sogar die gro\u00dfe Liebe auf sie&#8230; Die mitrei\u00dfende Show <em>Soy De Cuba<\/em>\u00a0bringt 14 T\u00e4nzerinnen und T\u00e4nzer von der Karibikinsel nach Hamburg, dazu spielt eine hochkar\u00e4tige Liveband. Von den klassischen kubanischen Tanzstilen wie Salsa und Mambo bis zu modernem Streetdance demonstrieren die Mitwirkenden absolute K\u00f6rperbeherrschung und Bewegungsfreude. Mit ansteckender Lebenslust feiert das erstklassige Ensemble die Kultur seines Landes, dass man am liebsten einstimmen w\u00fcrde: <em>Soy de Cuba<\/em>! \u2013 &#8222;Ich komme aus Kuba!&#8220;<\/p>\n<p>Text: Thorsten Moor<\/p>\n","protected":false},"excerpt":{"rendered":"<p>Lebenslust und Bewegungsfreude: Ein erstklassiges Ensemble feiert die Kultur seines Landes am 28. M\u00e4rz im CCH 2.<\/p>\n","protected":false},"author":461,"featured_media":0,"comment_status":"open","ping_status":"open","sticky":false,"template":"","format":"standard","meta":{"_jetpack_memberships_contains_paid_content":false,"footnotes":""},"categories":[16],"tags":[],"class_list":["post-8833","post","type-post","status-publish","format-standard","hentry","category-allgemein"],"yoast_head":"<!-- This site is optimized with the Yoast SEO plugin v21.0 - https:\/\/yoast.com\/wordpress\/plugins\/seo\/ -->\n<title>Soy De Cuba - Hamburgtipps - ZEIT ONLINE<\/title>\n<meta name=\"robots\" content=\"index, follow, max-snippet:-1, max-image-preview:large, max-video-preview:-1\" \/>\n<link rel=\"canonical\" href=\"https:\/\/blog.zeit.de\/hamburg-veranstaltungen\/veranstaltung\/8833\" \/>\n<meta property=\"og:locale\" content=\"de_DE\" \/>\n<meta property=\"og:type\" content=\"article\" \/>\n<meta property=\"og:title\" content=\"Soy De Cuba - Hamburgtipps - ZEIT ONLINE\" \/>\n<meta property=\"og:description\" content=\"Lebenslust und Bewegungsfreude: Ein erstklassiges Ensemble feiert die Kultur seines Landes am 28. M\u00e4rz im CCH 2.\" \/>\n<meta property=\"og:url\" content=\"https:\/\/blog.zeit.de\/hamburg-veranstaltungen\/veranstaltung\/8833\" \/>\n<meta property=\"og:site_name\" content=\"Veranstaltungen\" \/>\n<meta property=\"article:published_time\" content=\"2015-03-24T16:54:24+00:00\" \/>\n<meta property=\"article:modified_time\" content=\"2015-03-26T06:04:02+00:00\" \/>\n<meta name=\"author\" content=\"SZENE HAMBURG\" \/>\n<meta name=\"twitter:card\" content=\"summary_large_image\" \/>\n<meta name=\"twitter:creator\" content=\"@zeit_hh\" \/>\n<meta name=\"twitter:site\" content=\"@zeit_hh\" \/>\n<meta name=\"twitter:label1\" content=\"Geschrieben von\" \/>\n\t<meta name=\"twitter:data1\" content=\"SZENE HAMBURG\" \/>\n\t<meta name=\"twitter:label2\" content=\"Gesch\u00e4tzte Lesezeit\" \/>\n\t<meta name=\"twitter:data2\" content=\"1\u00a0Minute\" \/>\n<script type=\"application\/ld+json\" class=\"yoast-schema-graph\">{\"@context\":\"https:\/\/schema.org\",\"@graph\":[{\"@type\":\"WebPage\",\"@id\":\"https:\/\/blog.zeit.de\/hamburg-veranstaltungen\/veranstaltung\/8833\",\"url\":\"https:\/\/blog.zeit.de\/hamburg-veranstaltungen\/veranstaltung\/8833\",\"name\":\"Soy De Cuba - Hamburgtipps - ZEIT ONLINE\",\"isPartOf\":{\"@id\":\"https:\/\/blog.zeit.de\/hamburg-veranstaltungen\/#website\"},\"datePublished\":\"2015-03-24T16:54:24+00:00\",\"dateModified\":\"2015-03-26T06:04:02+00:00\",\"author\":{\"@id\":\"https:\/\/blog.zeit.de\/hamburg-veranstaltungen\/#\/schema\/person\/aaf7c4641d9b35e6f4ec57de3d3090f2\"},\"breadcrumb\":{\"@id\":\"https:\/\/blog.zeit.de\/hamburg-veranstaltungen\/veranstaltung\/8833#breadcrumb\"},\"inLanguage\":\"de\",\"potentialAction\":[{\"@type\":\"ReadAction\",\"target\":[\"https:\/\/blog.zeit.de\/hamburg-veranstaltungen\/veranstaltung\/8833\"]}]},{\"@type\":\"BreadcrumbList\",\"@id\":\"https:\/\/blog.zeit.de\/hamburg-veranstaltungen\/veranstaltung\/8833#breadcrumb\",\"itemListElement\":[{\"@type\":\"ListItem\",\"position\":1,\"name\":\"Startseite\",\"item\":\"https:\/\/blog.zeit.de\/hamburg-veranstaltungen\/\"},{\"@type\":\"ListItem\",\"position\":2,\"name\":\"Soy De Cuba\"}]},{\"@type\":\"WebSite\",\"@id\":\"https:\/\/blog.zeit.de\/hamburg-veranstaltungen\/#website\",\"url\":\"https:\/\/blog.zeit.de\/hamburg-veranstaltungen\/\",\"name\":\"Veranstaltungen\",\"description\":\"Die besten Tipps f\u00fcr Hamburg \u2013 heute, morgen, \u00fcbermorgen\",\"potentialAction\":[{\"@type\":\"SearchAction\",\"target\":{\"@type\":\"EntryPoint\",\"urlTemplate\":\"https:\/\/blog.zeit.de\/hamburg-veranstaltungen\/?s={search_term_string}\"},\"query-input\":\"required name=search_term_string\"}],\"inLanguage\":\"de\"},{\"@type\":\"Person\",\"@id\":\"https:\/\/blog.zeit.de\/hamburg-veranstaltungen\/#\/schema\/person\/aaf7c4641d9b35e6f4ec57de3d3090f2\",\"name\":\"SZENE HAMBURG\",\"image\":{\"@type\":\"ImageObject\",\"inLanguage\":\"de\",\"@id\":\"https:\/\/blog.zeit.de\/hamburg-veranstaltungen\/#\/schema\/person\/image\/\",\"url\":\"https:\/\/secure.gravatar.com\/avatar\/1f676d1af342e633e7a7348ddc8ff1b54a1335c0b81f94b1e589c476c356bc18?s=96&d=mm&r=g\",\"contentUrl\":\"https:\/\/secure.gravatar.com\/avatar\/1f676d1af342e633e7a7348ddc8ff1b54a1335c0b81f94b1e589c476c356bc18?s=96&d=mm&r=g\",\"caption\":\"SZENE HAMBURG\"},\"sameAs\":[\"http:\/\/www.szene-hamburg.com\"],\"url\":\"https:\/\/blog.zeit.de\/hamburg-veranstaltungen\/veranstaltung\/author\/lfrommeyer\"}]}<\/script>\n<!-- \/ Yoast SEO plugin. -->","yoast_head_json":{"title":"Soy De Cuba - Hamburgtipps - ZEIT ONLINE","robots":{"index":"index","follow":"follow","max-snippet":"max-snippet:-1","max-image-preview":"max-image-preview:large","max-video-preview":"max-video-preview:-1"},"canonical":"https:\/\/blog.zeit.de\/hamburg-veranstaltungen\/veranstaltung\/8833","og_locale":"de_DE","og_type":"article","og_title":"Soy De Cuba - Hamburgtipps - ZEIT ONLINE","og_description":"Lebenslust und Bewegungsfreude: Ein erstklassiges Ensemble feiert die Kultur seines Landes am 28. M\u00e4rz im CCH 2.","og_url":"https:\/\/blog.zeit.de\/hamburg-veranstaltungen\/veranstaltung\/8833","og_site_name":"Veranstaltungen","article_published_time":"2015-03-24T16:54:24+00:00","article_modified_time":"2015-03-26T06:04:02+00:00","author":"SZENE HAMBURG","twitter_card":"summary_large_image","twitter_creator":"@zeit_hh","twitter_site":"@zeit_hh","twitter_misc":{"Geschrieben von":"SZENE HAMBURG","Gesch\u00e4tzte Lesezeit":"1\u00a0Minute"},"schema":{"@context":"https:\/\/schema.org","@graph":[{"@type":"WebPage","@id":"https:\/\/blog.zeit.de\/hamburg-veranstaltungen\/veranstaltung\/8833","url":"https:\/\/blog.zeit.de\/hamburg-veranstaltungen\/veranstaltung\/8833","name":"Soy De Cuba - Hamburgtipps - ZEIT ONLINE","isPartOf":{"@id":"https:\/\/blog.zeit.de\/hamburg-veranstaltungen\/#website"},"datePublished":"2015-03-24T16:54:24+00:00","dateModified":"2015-03-26T06:04:02+00:00","author":{"@id":"https:\/\/blog.zeit.de\/hamburg-veranstaltungen\/#\/schema\/person\/aaf7c4641d9b35e6f4ec57de3d3090f2"},"breadcrumb":{"@id":"https:\/\/blog.zeit.de\/hamburg-veranstaltungen\/veranstaltung\/8833#breadcrumb"},"inLanguage":"de","potentialAction":[{"@type":"ReadAction","target":["https:\/\/blog.zeit.de\/hamburg-veranstaltungen\/veranstaltung\/8833"]}]},{"@type":"BreadcrumbList","@id":"https:\/\/blog.zeit.de\/hamburg-veranstaltungen\/veranstaltung\/8833#breadcrumb","itemListElement":[{"@type":"ListItem","position":1,"name":"Startseite","item":"https:\/\/blog.zeit.de\/hamburg-veranstaltungen\/"},{"@type":"ListItem","position":2,"name":"Soy De Cuba"}]},{"@type":"WebSite","@id":"https:\/\/blog.zeit.de\/hamburg-veranstaltungen\/#website","url":"https:\/\/blog.zeit.de\/hamburg-veranstaltungen\/","name":"Veranstaltungen","description":"Die besten Tipps f\u00fcr Hamburg \u2013 heute, morgen, \u00fcbermorgen","potentialAction":[{"@type":"SearchAction","target":{"@type":"EntryPoint","urlTemplate":"https:\/\/blog.zeit.de\/hamburg-veranstaltungen\/?s={search_term_string}"},"query-input":"required name=search_term_string"}],"inLanguage":"de"},{"@type":"Person","@id":"https:\/\/blog.zeit.de\/hamburg-veranstaltungen\/#\/schema\/person\/aaf7c4641d9b35e6f4ec57de3d3090f2","name":"SZENE HAMBURG","image":{"@type":"ImageObject","inLanguage":"de","@id":"https:\/\/blog.zeit.de\/hamburg-veranstaltungen\/#\/schema\/person\/image\/","url":"https:\/\/secure.gravatar.com\/avatar\/1f676d1af342e633e7a7348ddc8ff1b54a1335c0b81f94b1e589c476c356bc18?s=96&d=mm&r=g","contentUrl":"https:\/\/secure.gravatar.com\/avatar\/1f676d1af342e633e7a7348ddc8ff1b54a1335c0b81f94b1e589c476c356bc18?s=96&d=mm&r=g","caption":"SZENE HAMBURG"},"sameAs":["http:\/\/www.szene-hamburg.com"],"url":"https:\/\/blog.zeit.de\/hamburg-veranstaltungen\/veranstaltung\/author\/lfrommeyer"}]}},"jetpack_featured_media_url":"","jetpack_sharing_enabled":true,"_links":{"self":[{"href":"https:\/\/blog.zeit.de\/hamburg-veranstaltungen\/wp-json\/wp\/v2\/posts\/8833","targetHints":{"allow":["GET"]}}],"collection":[{"href":"https:\/\/blog.zeit.de\/hamburg-veranstaltungen\/wp-json\/wp\/v2\/posts"}],"about":[{"href":"https:\/\/blog.zeit.de\/hamburg-veranstaltungen\/wp-json\/wp\/v2\/types\/post"}],"author":[{"embeddable":true,"href":"https:\/\/blog.zeit.de\/hamburg-veranstaltungen\/wp-json\/wp\/v2\/users\/461"}],"replies":[{"embeddable":true,"href":"https:\/\/blog.zeit.de\/hamburg-veranstaltungen\/wp-json\/wp\/v2\/comments?post=8833"}],"version-history":[{"count":5,"href":"https:\/\/blog.zeit.de\/hamburg-veranstaltungen\/wp-json\/wp\/v2\/posts\/8833\/revisions"}],"predecessor-version":[{"id":8920,"href":"https:\/\/blog.zeit.de\/hamburg-veranstaltungen\/wp-json\/wp\/v2\/posts\/8833\/revisions\/8920"}],"wp:attachment":[{"href":"https:\/\/blog.zeit.de\/hamburg-veranstaltungen\/wp-json\/wp\/v2\/media?parent=8833"}],"wp:term":[{"taxonomy":"category","embeddable":true,"href":"https:\/\/blog.zeit.de\/hamburg-veranstaltungen\/wp-json\/wp\/v2\/categories?post=8833"},{"taxonomy":"post_tag","embeddable":true,"href":"https:\/\/blog.zeit.de\/hamburg-veranstaltungen\/wp-json\/wp\/v2\/tags?post=8833"}],"curies":[{"name":"wp","href":"https:\/\/api.w.org\/{rel}","templated":true}]}}