{"id":9086,"date":"2015-04-02T20:02:41","date_gmt":"2015-04-02T18:02:41","guid":{"rendered":"http:\/\/blog.zeit.de\/hamburg-veranstaltungen\/?p=9086"},"modified":"2015-04-06T21:56:38","modified_gmt":"2015-04-06T19:56:38","slug":"dokumentarfilmwoche","status":"publish","type":"post","link":"https:\/\/blog.zeit.de\/hamburg-veranstaltungen\/veranstaltung\/9086","title":{"rendered":"Dokumentarfilmwoche"},"content":{"rendered":"<p><em>Hamburgs Filmer entdecken die Welt als ihr Feld und pr\u00e4sentieren ihre Studien bis zum 12. April im 3001, B-Movie, Lichtme\u00df und Metropolis.<\/em><\/p>\n<p>Bevor Peter Schuster Film studierte, ist er zur See gefahren \u2013 als Steward auf einem St\u00fcckgutfrachter im S\u00fcdamerikadienst. 1968 war das. An seine Reise in den Golf von Mexiko an Bord des Hapag-Dampfers Wei\u00dfenburg hat er die sch\u00f6nsten Erinnerungen. Um diese f\u00fcrs Kino aufzufrischen, ist er jetzt noch einmal in See gestochen. <em>Cargo<\/em>\u00a0(Foto) hei\u00dft sein gemeinsam mit Barbara Kasper gedrehter Film, der bei der <a title=\"12. Dokumentarfilmwoche\" href=\"http:\/\/www.dokfilmwoche.com\/\" target=\"_blank\">12. Dokumentarfilmwoche<\/a> seine Hamburg-Premiere erlebt. Mit dem Film <em>Flotel Europa<\/em> er\u00f6ffnet das Festival am 8. April im Metropolis. Der Regisseur Vladimir Tomic, der mit seiner Familie dem Krieg in Ex-Jugoslawien entfloh, drehte &#8222;eine Autobiografie mit Bildern, die nie f\u00fcrs Kino bestimmt waren und Off-Texten, die uns Erinnerungen sowie Schicksale n\u00e4herbringen, ohne dass die Gefl\u00fcchteten dabei eine Opferrolle einnehmen.&#8220;<\/p>\n\n<div class=\"embed-wrapper embed-wrapper--blocked js-embed-consent\" data-method=\"iframe\">\n<script class=\"raw__source\" type=\"text\/template\"><iframe loading=\"lazy\" frameborder=\"0\" height=\"345\" src=\"https:\/\/player.vimeo.com\/video\/120455803\" width=\"460\"><\/iframe><\/script>\n<div class=\"embed-wrapper__inner\">\n<div class=\"embed-wrapper__text\">\n<h3>Empfohlener redaktioneller Inhalt<\/h3>\n<p data-replace=\"no\">An dieser Stelle finden Sie externen Inhalt, der den Artikel erg\u00e4nzt. Sie k\u00f6nnen sich externe Inhalte mit einem Klick anzeigen lassen und wieder ausblenden.<noscript>Bitte aktivieren Sie JavaScript damit Sie diesen Inhalt anzeigen k\u00f6nnen.<\/noscript><\/p>\n<\/div>\n<div class=\"embed-consent\">\n<label class=\"embed-consent__toggle\">\n<input class=\"js-embed-consent__toggle\" type=\"checkbox\" autocomplete=\"off\">\n<span><\/span>\nExterner Inhalt\n<\/label>\n<a href=\"https:\/\/www.zeit.de\/hilfe\/datenschutz\" target=\"_blank\" class=\"embed-consent__datalink-when-active\">Datenschutzerkl\u00e4rung<\/a>\n<\/div>\n<div class=\"embed-wrapper__footer\">\n<p data-replace=\"no\">\nIch bin damit einverstanden, dass mir externe Inhalte angezeigt werden. Damit k\u00f6nnen personenbezogene Daten an Drittplattformen \u00fcbermittelt werden. <a href=\"https:\/\/www.zeit.de\/hilfe\/datenschutz\" target=\"_blank\">Mehr dazu in unserer Datenschutzerkl\u00e4rung.<\/a>\n<\/p>\n<\/div>\n<\/div>\n<\/div>\n\n<div class=\"embed-wrapper embed-wrapper--blocked js-embed-consent\" data-method=\"iframe\">\n<script class=\"raw__source\" type=\"text\/template\"><iframe loading=\"lazy\" frameborder=\"0\" height=\"345\" src=\"https:\/\/player.vimeo.com\/video\/117721025\" width=\"460\"><\/iframe><\/script>\n<div class=\"embed-wrapper__inner\">\n<div class=\"embed-wrapper__text\">\n<h3>Empfohlener redaktioneller Inhalt<\/h3>\n<p data-replace=\"no\">An dieser Stelle finden Sie externen Inhalt, der den Artikel erg\u00e4nzt. Sie k\u00f6nnen sich externe Inhalte mit einem Klick anzeigen lassen und wieder ausblenden.<noscript>Bitte aktivieren Sie JavaScript damit Sie diesen Inhalt anzeigen k\u00f6nnen.<\/noscript><\/p>\n<\/div>\n<div class=\"embed-consent\">\n<label class=\"embed-consent__toggle\">\n<input class=\"js-embed-consent__toggle\" type=\"checkbox\" autocomplete=\"off\">\n<span><\/span>\nExterner Inhalt\n<\/label>\n<a href=\"https:\/\/www.zeit.de\/hilfe\/datenschutz\" target=\"_blank\" class=\"embed-consent__datalink-when-active\">Datenschutzerkl\u00e4rung<\/a>\n<\/div>\n<div class=\"embed-wrapper__footer\">\n<p data-replace=\"no\">\nIch bin damit einverstanden, dass mir externe Inhalte angezeigt werden. Damit k\u00f6nnen personenbezogene Daten an Drittplattformen \u00fcbermittelt werden. <a href=\"https:\/\/www.zeit.de\/hilfe\/datenschutz\" target=\"_blank\">Mehr dazu in unserer Datenschutzerkl\u00e4rung.<\/a>\n<\/p>\n<\/div>\n<\/div>\n<\/div>\n","protected":false},"excerpt":{"rendered":"<p>Hamburgs Filmer entdecken die Welt als ihr Feld und pr\u00e4sentieren ihre Studien bis zum 12. April im 3001, B-Movie, Lichtme\u00df und Metropolis.<\/p>\n","protected":false},"author":461,"featured_media":0,"comment_status":"open","ping_status":"open","sticky":false,"template":"","format":"standard","meta":{"_jetpack_memberships_contains_paid_content":false,"footnotes":""},"categories":[16],"tags":[],"class_list":["post-9086","post","type-post","status-publish","format-standard","hentry","category-allgemein"],"yoast_head":"<!-- This site is optimized with the Yoast SEO plugin v21.0 - https:\/\/yoast.com\/wordpress\/plugins\/seo\/ -->\n<title>Dokumentarfilmwoche - Hamburgtipps - ZEIT ONLINE<\/title>\n<meta name=\"robots\" content=\"index, follow, max-snippet:-1, max-image-preview:large, max-video-preview:-1\" \/>\n<link rel=\"canonical\" href=\"https:\/\/blog.zeit.de\/hamburg-veranstaltungen\/veranstaltung\/9086\" \/>\n<meta property=\"og:locale\" content=\"de_DE\" \/>\n<meta property=\"og:type\" content=\"article\" \/>\n<meta property=\"og:title\" content=\"Dokumentarfilmwoche - Hamburgtipps - ZEIT ONLINE\" \/>\n<meta property=\"og:description\" content=\"Hamburgs Filmer entdecken die Welt als ihr Feld und pr\u00e4sentieren ihre Studien bis zum 12. April im 3001, B-Movie, Lichtme\u00df und Metropolis.\" \/>\n<meta property=\"og:url\" content=\"https:\/\/blog.zeit.de\/hamburg-veranstaltungen\/veranstaltung\/9086\" \/>\n<meta property=\"og:site_name\" content=\"Veranstaltungen\" \/>\n<meta property=\"article:published_time\" content=\"2015-04-02T18:02:41+00:00\" \/>\n<meta property=\"article:modified_time\" content=\"2015-04-06T19:56:38+00:00\" \/>\n<meta name=\"author\" content=\"SZENE HAMBURG\" \/>\n<meta name=\"twitter:card\" content=\"summary_large_image\" \/>\n<meta name=\"twitter:creator\" content=\"@zeit_hh\" \/>\n<meta name=\"twitter:site\" content=\"@zeit_hh\" \/>\n<meta name=\"twitter:label1\" content=\"Geschrieben von\" \/>\n\t<meta name=\"twitter:data1\" content=\"SZENE HAMBURG\" \/>\n\t<meta name=\"twitter:label2\" content=\"Gesch\u00e4tzte Lesezeit\" \/>\n\t<meta name=\"twitter:data2\" content=\"1\u00a0Minute\" \/>\n<script type=\"application\/ld+json\" class=\"yoast-schema-graph\">{\"@context\":\"https:\/\/schema.org\",\"@graph\":[{\"@type\":\"WebPage\",\"@id\":\"https:\/\/blog.zeit.de\/hamburg-veranstaltungen\/veranstaltung\/9086\",\"url\":\"https:\/\/blog.zeit.de\/hamburg-veranstaltungen\/veranstaltung\/9086\",\"name\":\"Dokumentarfilmwoche - Hamburgtipps - ZEIT ONLINE\",\"isPartOf\":{\"@id\":\"https:\/\/blog.zeit.de\/hamburg-veranstaltungen\/#website\"},\"datePublished\":\"2015-04-02T18:02:41+00:00\",\"dateModified\":\"2015-04-06T19:56:38+00:00\",\"author\":{\"@id\":\"https:\/\/blog.zeit.de\/hamburg-veranstaltungen\/#\/schema\/person\/aaf7c4641d9b35e6f4ec57de3d3090f2\"},\"breadcrumb\":{\"@id\":\"https:\/\/blog.zeit.de\/hamburg-veranstaltungen\/veranstaltung\/9086#breadcrumb\"},\"inLanguage\":\"de\",\"potentialAction\":[{\"@type\":\"ReadAction\",\"target\":[\"https:\/\/blog.zeit.de\/hamburg-veranstaltungen\/veranstaltung\/9086\"]}]},{\"@type\":\"BreadcrumbList\",\"@id\":\"https:\/\/blog.zeit.de\/hamburg-veranstaltungen\/veranstaltung\/9086#breadcrumb\",\"itemListElement\":[{\"@type\":\"ListItem\",\"position\":1,\"name\":\"Startseite\",\"item\":\"https:\/\/blog.zeit.de\/hamburg-veranstaltungen\/\"},{\"@type\":\"ListItem\",\"position\":2,\"name\":\"Dokumentarfilmwoche\"}]},{\"@type\":\"WebSite\",\"@id\":\"https:\/\/blog.zeit.de\/hamburg-veranstaltungen\/#website\",\"url\":\"https:\/\/blog.zeit.de\/hamburg-veranstaltungen\/\",\"name\":\"Veranstaltungen\",\"description\":\"Die besten Tipps f\u00fcr Hamburg \u2013 heute, morgen, \u00fcbermorgen\",\"potentialAction\":[{\"@type\":\"SearchAction\",\"target\":{\"@type\":\"EntryPoint\",\"urlTemplate\":\"https:\/\/blog.zeit.de\/hamburg-veranstaltungen\/?s={search_term_string}\"},\"query-input\":\"required name=search_term_string\"}],\"inLanguage\":\"de\"},{\"@type\":\"Person\",\"@id\":\"https:\/\/blog.zeit.de\/hamburg-veranstaltungen\/#\/schema\/person\/aaf7c4641d9b35e6f4ec57de3d3090f2\",\"name\":\"SZENE HAMBURG\",\"image\":{\"@type\":\"ImageObject\",\"inLanguage\":\"de\",\"@id\":\"https:\/\/blog.zeit.de\/hamburg-veranstaltungen\/#\/schema\/person\/image\/\",\"url\":\"https:\/\/secure.gravatar.com\/avatar\/1f676d1af342e633e7a7348ddc8ff1b54a1335c0b81f94b1e589c476c356bc18?s=96&d=mm&r=g\",\"contentUrl\":\"https:\/\/secure.gravatar.com\/avatar\/1f676d1af342e633e7a7348ddc8ff1b54a1335c0b81f94b1e589c476c356bc18?s=96&d=mm&r=g\",\"caption\":\"SZENE HAMBURG\"},\"sameAs\":[\"http:\/\/www.szene-hamburg.com\"],\"url\":\"https:\/\/blog.zeit.de\/hamburg-veranstaltungen\/veranstaltung\/author\/lfrommeyer\"}]}<\/script>\n<!-- \/ Yoast SEO plugin. -->","yoast_head_json":{"title":"Dokumentarfilmwoche - Hamburgtipps - ZEIT ONLINE","robots":{"index":"index","follow":"follow","max-snippet":"max-snippet:-1","max-image-preview":"max-image-preview:large","max-video-preview":"max-video-preview:-1"},"canonical":"https:\/\/blog.zeit.de\/hamburg-veranstaltungen\/veranstaltung\/9086","og_locale":"de_DE","og_type":"article","og_title":"Dokumentarfilmwoche - Hamburgtipps - ZEIT ONLINE","og_description":"Hamburgs Filmer entdecken die Welt als ihr Feld und pr\u00e4sentieren ihre Studien bis zum 12. April im 3001, B-Movie, Lichtme\u00df und Metropolis.","og_url":"https:\/\/blog.zeit.de\/hamburg-veranstaltungen\/veranstaltung\/9086","og_site_name":"Veranstaltungen","article_published_time":"2015-04-02T18:02:41+00:00","article_modified_time":"2015-04-06T19:56:38+00:00","author":"SZENE HAMBURG","twitter_card":"summary_large_image","twitter_creator":"@zeit_hh","twitter_site":"@zeit_hh","twitter_misc":{"Geschrieben von":"SZENE HAMBURG","Gesch\u00e4tzte Lesezeit":"1\u00a0Minute"},"schema":{"@context":"https:\/\/schema.org","@graph":[{"@type":"WebPage","@id":"https:\/\/blog.zeit.de\/hamburg-veranstaltungen\/veranstaltung\/9086","url":"https:\/\/blog.zeit.de\/hamburg-veranstaltungen\/veranstaltung\/9086","name":"Dokumentarfilmwoche - Hamburgtipps - ZEIT ONLINE","isPartOf":{"@id":"https:\/\/blog.zeit.de\/hamburg-veranstaltungen\/#website"},"datePublished":"2015-04-02T18:02:41+00:00","dateModified":"2015-04-06T19:56:38+00:00","author":{"@id":"https:\/\/blog.zeit.de\/hamburg-veranstaltungen\/#\/schema\/person\/aaf7c4641d9b35e6f4ec57de3d3090f2"},"breadcrumb":{"@id":"https:\/\/blog.zeit.de\/hamburg-veranstaltungen\/veranstaltung\/9086#breadcrumb"},"inLanguage":"de","potentialAction":[{"@type":"ReadAction","target":["https:\/\/blog.zeit.de\/hamburg-veranstaltungen\/veranstaltung\/9086"]}]},{"@type":"BreadcrumbList","@id":"https:\/\/blog.zeit.de\/hamburg-veranstaltungen\/veranstaltung\/9086#breadcrumb","itemListElement":[{"@type":"ListItem","position":1,"name":"Startseite","item":"https:\/\/blog.zeit.de\/hamburg-veranstaltungen\/"},{"@type":"ListItem","position":2,"name":"Dokumentarfilmwoche"}]},{"@type":"WebSite","@id":"https:\/\/blog.zeit.de\/hamburg-veranstaltungen\/#website","url":"https:\/\/blog.zeit.de\/hamburg-veranstaltungen\/","name":"Veranstaltungen","description":"Die besten Tipps f\u00fcr Hamburg \u2013 heute, morgen, \u00fcbermorgen","potentialAction":[{"@type":"SearchAction","target":{"@type":"EntryPoint","urlTemplate":"https:\/\/blog.zeit.de\/hamburg-veranstaltungen\/?s={search_term_string}"},"query-input":"required name=search_term_string"}],"inLanguage":"de"},{"@type":"Person","@id":"https:\/\/blog.zeit.de\/hamburg-veranstaltungen\/#\/schema\/person\/aaf7c4641d9b35e6f4ec57de3d3090f2","name":"SZENE HAMBURG","image":{"@type":"ImageObject","inLanguage":"de","@id":"https:\/\/blog.zeit.de\/hamburg-veranstaltungen\/#\/schema\/person\/image\/","url":"https:\/\/secure.gravatar.com\/avatar\/1f676d1af342e633e7a7348ddc8ff1b54a1335c0b81f94b1e589c476c356bc18?s=96&d=mm&r=g","contentUrl":"https:\/\/secure.gravatar.com\/avatar\/1f676d1af342e633e7a7348ddc8ff1b54a1335c0b81f94b1e589c476c356bc18?s=96&d=mm&r=g","caption":"SZENE HAMBURG"},"sameAs":["http:\/\/www.szene-hamburg.com"],"url":"https:\/\/blog.zeit.de\/hamburg-veranstaltungen\/veranstaltung\/author\/lfrommeyer"}]}},"jetpack_featured_media_url":"","jetpack_sharing_enabled":true,"_links":{"self":[{"href":"https:\/\/blog.zeit.de\/hamburg-veranstaltungen\/wp-json\/wp\/v2\/posts\/9086","targetHints":{"allow":["GET"]}}],"collection":[{"href":"https:\/\/blog.zeit.de\/hamburg-veranstaltungen\/wp-json\/wp\/v2\/posts"}],"about":[{"href":"https:\/\/blog.zeit.de\/hamburg-veranstaltungen\/wp-json\/wp\/v2\/types\/post"}],"author":[{"embeddable":true,"href":"https:\/\/blog.zeit.de\/hamburg-veranstaltungen\/wp-json\/wp\/v2\/users\/461"}],"replies":[{"embeddable":true,"href":"https:\/\/blog.zeit.de\/hamburg-veranstaltungen\/wp-json\/wp\/v2\/comments?post=9086"}],"version-history":[{"count":4,"href":"https:\/\/blog.zeit.de\/hamburg-veranstaltungen\/wp-json\/wp\/v2\/posts\/9086\/revisions"}],"predecessor-version":[{"id":9124,"href":"https:\/\/blog.zeit.de\/hamburg-veranstaltungen\/wp-json\/wp\/v2\/posts\/9086\/revisions\/9124"}],"wp:attachment":[{"href":"https:\/\/blog.zeit.de\/hamburg-veranstaltungen\/wp-json\/wp\/v2\/media?parent=9086"}],"wp:term":[{"taxonomy":"category","embeddable":true,"href":"https:\/\/blog.zeit.de\/hamburg-veranstaltungen\/wp-json\/wp\/v2\/categories?post=9086"},{"taxonomy":"post_tag","embeddable":true,"href":"https:\/\/blog.zeit.de\/hamburg-veranstaltungen\/wp-json\/wp\/v2\/tags?post=9086"}],"curies":[{"name":"wp","href":"https:\/\/api.w.org\/{rel}","templated":true}]}}