{"id":1035,"date":"2014-05-30T11:04:34","date_gmt":"2014-05-30T09:04:34","guid":{"rendered":"http:\/\/blog.zeit.de\/hamburg\/?p=1035"},"modified":"2014-05-30T11:32:16","modified_gmt":"2014-05-30T09:32:16","slug":"wieso-bin-ich-eigentlich-gegen-eine-seilbahn-auf-st-pauli","status":"publish","type":"post","link":"https:\/\/blog.zeit.de\/hamburg\/wieso-bin-ich-eigentlich-gegen-eine-seilbahn-auf-st-pauli\/","title":{"rendered":"Wieso bin ich eigentlich gegen eine Seilbahn auf St. Pauli?"},"content":{"rendered":"<p>Auf den ersten Blick h\u00f6rt sich die Idee doch gut an: Eine Seilbahn \u00fcber die Elbe, die beide Ufer miteinander verbindet. Wie kann man denn dagegen sein, wenn Menschen mond\u00e4n \u00fcber die Elbe schweben? Das frage ich mich auch, denn in meinem Lebensumfeld sind beinahe alle gegen eine Seilbahn von St. Pauli zu den Musicalzelten am anderen Hafenufer.<\/p>\n<p>Ich bin \u00fcber 35 Jahre alt und laut Douglas Adams* permanent in Versuchung, Neuerungen als Versto\u00df gegen die nat\u00fcrliche Ordnung des Universums anzusehen. Deswegen habe ich mir angew\u00f6hnt, meine Ablehnung Neuem gegen\u00fcber kritisch zu hinterfragen \u2013 immerhin kann es ja nicht dauernd so weitergehen, wie es die letzten 20 Jahre war, in denen ich erwachsen \u00fcber unseren Kiez gestolpert bin.<!--more--> Irgendwann fangen die Leute an, in einem den verbiesterten Festhalter zu sehen, der man nie werden wollte.<\/p>\n<p><figure id=\"attachment_1036\" aria-describedby=\"caption-attachment-1036\" style=\"width: 580px\" class=\"wp-caption alignnone\"><img loading=\"lazy\" decoding=\"async\" class=\"size-medium wp-image-1036 \" alt=\"St. Pauli, Landungsbr\u00fccken mit Seilbahn. Foto: dpa, Stage Entertainment GmbH\" src=\"https:\/\/blog.zeit.de\/hamburg\/files\/2014\/05\/47-580x386.jpg\" width=\"580\" height=\"386\" srcset=\"https:\/\/blog.zeit.de\/hamburg\/files\/2014\/05\/47-580x386.jpg 580w, https:\/\/blog.zeit.de\/hamburg\/files\/2014\/05\/47.jpg 825w\" sizes=\"auto, (max-width: 580px) 100vw, 580px\" \/><figcaption id=\"caption-attachment-1036\" class=\"wp-caption-text\">St. Pauli, Landungsbr\u00fccken mit Seilbahn. Foto: dpa, Computeranimation: Stage Entertainment<\/figcaption><\/figure><\/p>\n<p>Und so eine Seilbahn sieht doch auch schick aus, wie sie so \u00fcber die Elbe gondelt.\u00a0 Zumindest auf den Computergrafiken der Stage Entertainment, die mit ihr die Besucher ihrer Musicalzelte lukrativ \u00fcber die Elbe bugsieren will (eine Fahrt soll zehn Euro kosten).<\/p>\n<p>Eigentlich bin ich auch nicht gegen die Seilbahn, sondern gegen die Art und Weise, wie dieses klassische Investorenmodell als \u201cGeschenk\u201d verkauft werden soll, wie es der Initiator des ersten \u201ckommerziellen B\u00fcrgerbegehrens\u201d, Thomas Magold, nennt. Ein \u201cGeschenk\u201d, das den Anwohnern\u00a0St. Paulis und in der Neustadt offenkundig wenig bringt und dessen Verhei\u00dfung sich wom\u00f6glich in Baul\u00e4rm, Verkehrskollaps und Mehrkosten verwandelt, die dann diejenigen zu tragen h\u00e4tten, die sowieso schon unter enormem Wandlungsdruck stehen, neudeutsch <a href=\"https:\/\/blog.zeit.de\/hamburg-veranstaltungen\/2014\/05\/27\/europa-im-gaengeviertel_1806\">Gentrifizierung<\/a> genannt. Wie schon so oft zuvor in diesem hippen Stadtteil, dessen eigene Entwicklung vom Hamburger Stadtmarketing und von Immobilien-Konzernen erstickt wird.<\/p>\n<p>Solange man mir nicht einleuchtend klar machen kann, wieso solch eine Seilbahn nicht bis nach Wilhelmsburg und andere Stadtteile gegen\u00fcber f\u00fchrt (und der Verweis auf das Hafenentwicklungsgesetz von 1982 reicht mir hier nicht), bevor man bei so etwas Einfachem, wie der Gestaltung der Fahrpreise nicht an die Bewohner denkt, beispielsweise durch regelm\u00e4\u00dfige Freifahrten f\u00fcr Hamburger B\u00fcrger, solange f\u00fchle ich mich an das Projekt IKEA in Altona erinnert.<\/p>\n<p>Auch hier wurde jeder Bedenkentr\u00e4ger als r\u00fcckw\u00e4rtsgewandter Fortschrittsverhinderer dargestellt. Doch deren d\u00fcstere Prognosen haben sich heute, noch vor der Er\u00f6ffnung des selten h\u00e4sslichen M\u00f6belklotzes, eine nach der anderen bewahrheitet.<\/p>\n<p>Solange die Seilbahnpl\u00e4ne bleiben, wie sie sind, werde ich also gegen dieses Projekt sein \u2013 auch wenn ich die Idee an sich f\u00fcr ganz charmant hielt.<\/p>\n<p>Zum Weiterlesen:<\/p>\n<ul>\n<li><a href=\"http:\/\/hh-mittendrin.de\/2014\/03\/gegner-und-befuerworter-im-duell-eine-seilbahn-fuer-hamburg\/\">Gegner und Bef\u00fcrworter bei HH mittendrin<\/a><\/li>\n<li><a href=\"http:\/\/www.stpaulinu.de\/its-a-kind-of-magic\/volksentscheid-zur-st-pauli-seilbahn-beinahe-war-ich-dafuer-aber-nur-beinahe\">SPNU: Wie ich beinahe ein Bef\u00fcrworter geworden w\u00e4re<\/a><\/li>\n<li><a href=\"https:\/\/www.openpetition.de\/petition\/online\/keine-seilbahn-von-st-pauli-ueber-die-elbe\">Open Petition gegen eine Seilbahn<\/a><\/li>\n<li><a href=\"http:\/\/reeperbahn.de\/ja-zur-seilbahn\">Reeperbahn.de: 10 Gr\u00fcnde f\u00fcr die Seilbahn<\/a><\/li>\n<\/ul>\n<p>*\u00a0\u201cAlles, was nach deinem 35. Lebensjahr erfunden wird, richtet sich gegen die nat\u00fcrliche Ordnung der Dinge.\u201d, Douglas Adams, Lachs im Zweifel<\/p>\n","protected":false},"excerpt":{"rendered":"<p>Auf den ersten Blick h\u00f6rt sich die Idee doch gut an: Eine Seilbahn \u00fcber die Elbe, die beide Ufer miteinander verbindet. Wie kann man denn dagegen sein, wenn Menschen mond\u00e4n \u00fcber die Elbe schweben? Das frage ich mich auch, denn in meinem Lebensumfeld sind beinahe alle gegen eine Seilbahn von St. Pauli zu den Musicalzelten [&hellip;]<\/p>\n","protected":false},"author":474,"featured_media":0,"comment_status":"open","ping_status":"open","sticky":false,"template":"","format":"standard","meta":{"_jetpack_memberships_contains_paid_content":false,"footnotes":""},"categories":[16],"tags":[31444,14060,31448,31445,31413,31447],"class_list":["post-1035","post","type-post","status-publish","format-standard","hentry","category-allgemein","tag-buergerbegehren","tag-gentrifizierung","tag-musical","tag-seilbahn","tag-st-pauli","tag-stage-entertainment"],"yoast_head":"<!-- This site is optimized with the Yoast SEO plugin v21.0 - https:\/\/yoast.com\/wordpress\/plugins\/seo\/ -->\n<title>Wieso bin ich eigentlich gegen eine Seilbahn auf St. Pauli? - Speersort 1 - ZEIT ONLINE<\/title>\n<meta name=\"robots\" content=\"index, follow, max-snippet:-1, max-image-preview:large, max-video-preview:-1\" \/>\n<link rel=\"canonical\" href=\"https:\/\/blog.zeit.de\/hamburg\/wieso-bin-ich-eigentlich-gegen-eine-seilbahn-auf-st-pauli\/\" \/>\n<meta property=\"og:locale\" content=\"de_DE\" \/>\n<meta property=\"og:type\" content=\"article\" \/>\n<meta property=\"og:title\" content=\"Wieso bin ich eigentlich gegen eine Seilbahn auf St. Pauli? - Speersort 1 - ZEIT ONLINE\" \/>\n<meta property=\"og:description\" content=\"Auf den ersten Blick h\u00f6rt sich die Idee doch gut an: Eine Seilbahn \u00fcber die Elbe, die beide Ufer miteinander verbindet. Wie kann man denn dagegen sein, wenn Menschen mond\u00e4n \u00fcber die Elbe schweben? Das frage ich mich auch, denn in meinem Lebensumfeld sind beinahe alle gegen eine Seilbahn von St. Pauli zu den Musicalzelten [&hellip;]\" \/>\n<meta property=\"og:url\" content=\"https:\/\/blog.zeit.de\/hamburg\/wieso-bin-ich-eigentlich-gegen-eine-seilbahn-auf-st-pauli\/\" \/>\n<meta property=\"og:site_name\" content=\"Speersort 1\" \/>\n<meta property=\"article:author\" content=\"https:\/\/www.facebook.com\/stpaulinu\" \/>\n<meta property=\"article:published_time\" content=\"2014-05-30T09:04:34+00:00\" \/>\n<meta property=\"article:modified_time\" content=\"2014-05-30T09:32:16+00:00\" \/>\n<meta property=\"og:image\" content=\"https:\/\/blog.zeit.de\/hamburg\/files\/2014\/05\/47-580x386.jpg\" \/>\n<meta name=\"author\" content=\"Erik Hauth\" \/>\n<meta name=\"twitter:card\" content=\"summary_large_image\" \/>\n<meta name=\"twitter:creator\" content=\"@ring2\" \/>\n<meta name=\"twitter:label1\" content=\"Geschrieben von\" \/>\n\t<meta name=\"twitter:data1\" content=\"Erik Hauth\" \/>\n\t<meta name=\"twitter:label2\" content=\"Gesch\u00e4tzte Lesezeit\" \/>\n\t<meta name=\"twitter:data2\" content=\"2\u00a0Minuten\" \/>\n<script type=\"application\/ld+json\" class=\"yoast-schema-graph\">{\"@context\":\"https:\/\/schema.org\",\"@graph\":[{\"@type\":\"WebPage\",\"@id\":\"https:\/\/blog.zeit.de\/hamburg\/wieso-bin-ich-eigentlich-gegen-eine-seilbahn-auf-st-pauli\/\",\"url\":\"https:\/\/blog.zeit.de\/hamburg\/wieso-bin-ich-eigentlich-gegen-eine-seilbahn-auf-st-pauli\/\",\"name\":\"Wieso bin ich eigentlich gegen eine Seilbahn auf St. Pauli? - Speersort 1 - ZEIT ONLINE\",\"isPartOf\":{\"@id\":\"https:\/\/blog.zeit.de\/hamburg\/#website\"},\"datePublished\":\"2014-05-30T09:04:34+00:00\",\"dateModified\":\"2014-05-30T09:32:16+00:00\",\"author\":{\"@id\":\"https:\/\/blog.zeit.de\/hamburg\/#\/schema\/person\/ae2ae61edc5d6a5d6c384e5b44e91bd9\"},\"breadcrumb\":{\"@id\":\"https:\/\/blog.zeit.de\/hamburg\/wieso-bin-ich-eigentlich-gegen-eine-seilbahn-auf-st-pauli\/#breadcrumb\"},\"inLanguage\":\"de\",\"potentialAction\":[{\"@type\":\"ReadAction\",\"target\":[\"https:\/\/blog.zeit.de\/hamburg\/wieso-bin-ich-eigentlich-gegen-eine-seilbahn-auf-st-pauli\/\"]}]},{\"@type\":\"BreadcrumbList\",\"@id\":\"https:\/\/blog.zeit.de\/hamburg\/wieso-bin-ich-eigentlich-gegen-eine-seilbahn-auf-st-pauli\/#breadcrumb\",\"itemListElement\":[{\"@type\":\"ListItem\",\"position\":1,\"name\":\"Startseite\",\"item\":\"https:\/\/blog.zeit.de\/hamburg\/\"},{\"@type\":\"ListItem\",\"position\":2,\"name\":\"Wieso bin ich eigentlich gegen eine Seilbahn auf St. Pauli?\"}]},{\"@type\":\"WebSite\",\"@id\":\"https:\/\/blog.zeit.de\/hamburg\/#website\",\"url\":\"https:\/\/blog.zeit.de\/hamburg\/\",\"name\":\"Speersort 1\",\"description\":\"Das Hamburg-Blog\",\"potentialAction\":[{\"@type\":\"SearchAction\",\"target\":{\"@type\":\"EntryPoint\",\"urlTemplate\":\"https:\/\/blog.zeit.de\/hamburg\/?s={search_term_string}\"},\"query-input\":\"required name=search_term_string\"}],\"inLanguage\":\"de\"},{\"@type\":\"Person\",\"@id\":\"https:\/\/blog.zeit.de\/hamburg\/#\/schema\/person\/ae2ae61edc5d6a5d6c384e5b44e91bd9\",\"name\":\"Erik Hauth\",\"image\":{\"@type\":\"ImageObject\",\"inLanguage\":\"de\",\"@id\":\"https:\/\/blog.zeit.de\/hamburg\/#\/schema\/person\/image\/\",\"url\":\"https:\/\/secure.gravatar.com\/avatar\/5bd569312ecb276570adaac3712a105857e5a8df7356226c44cc446db9be2c74?s=96&d=mm&r=g\",\"contentUrl\":\"https:\/\/secure.gravatar.com\/avatar\/5bd569312ecb276570adaac3712a105857e5a8df7356226c44cc446db9be2c74?s=96&d=mm&r=g\",\"caption\":\"Erik Hauth\"},\"description\":\"ist aufgewachsen in Blankenese und betreibt das meistgelesene Blog \u00fcber den FC St. Pauli und seinen Stadtteil. Erik war am 16.2.2011 im Volksparkstadion und ist stolz darauf, sich deswegen \\\"Derbysieger\\\" nennen zu d\u00fcrfen.\",\"sameAs\":[\"https:\/\/www.stpaulinu.de\",\"https:\/\/www.facebook.com\/stpaulinu\",\"https:\/\/twitter.com\/ring2\"],\"url\":\"https:\/\/blog.zeit.de\/hamburg\/author\/ehauth\/\"}]}<\/script>\n<!-- \/ Yoast SEO plugin. -->","yoast_head_json":{"title":"Wieso bin ich eigentlich gegen eine Seilbahn auf St. Pauli? - Speersort 1 - ZEIT ONLINE","robots":{"index":"index","follow":"follow","max-snippet":"max-snippet:-1","max-image-preview":"max-image-preview:large","max-video-preview":"max-video-preview:-1"},"canonical":"https:\/\/blog.zeit.de\/hamburg\/wieso-bin-ich-eigentlich-gegen-eine-seilbahn-auf-st-pauli\/","og_locale":"de_DE","og_type":"article","og_title":"Wieso bin ich eigentlich gegen eine Seilbahn auf St. Pauli? - Speersort 1 - ZEIT ONLINE","og_description":"Auf den ersten Blick h\u00f6rt sich die Idee doch gut an: Eine Seilbahn \u00fcber die Elbe, die beide Ufer miteinander verbindet. Wie kann man denn dagegen sein, wenn Menschen mond\u00e4n \u00fcber die Elbe schweben? Das frage ich mich auch, denn in meinem Lebensumfeld sind beinahe alle gegen eine Seilbahn von St. Pauli zu den Musicalzelten [&hellip;]","og_url":"https:\/\/blog.zeit.de\/hamburg\/wieso-bin-ich-eigentlich-gegen-eine-seilbahn-auf-st-pauli\/","og_site_name":"Speersort 1","article_author":"https:\/\/www.facebook.com\/stpaulinu","article_published_time":"2014-05-30T09:04:34+00:00","article_modified_time":"2014-05-30T09:32:16+00:00","og_image":[{"url":"https:\/\/blog.zeit.de\/hamburg\/files\/2014\/05\/47-580x386.jpg"}],"author":"Erik Hauth","twitter_card":"summary_large_image","twitter_creator":"@ring2","twitter_misc":{"Geschrieben von":"Erik Hauth","Gesch\u00e4tzte Lesezeit":"2\u00a0Minuten"},"schema":{"@context":"https:\/\/schema.org","@graph":[{"@type":"WebPage","@id":"https:\/\/blog.zeit.de\/hamburg\/wieso-bin-ich-eigentlich-gegen-eine-seilbahn-auf-st-pauli\/","url":"https:\/\/blog.zeit.de\/hamburg\/wieso-bin-ich-eigentlich-gegen-eine-seilbahn-auf-st-pauli\/","name":"Wieso bin ich eigentlich gegen eine Seilbahn auf St. Pauli? - Speersort 1 - ZEIT ONLINE","isPartOf":{"@id":"https:\/\/blog.zeit.de\/hamburg\/#website"},"datePublished":"2014-05-30T09:04:34+00:00","dateModified":"2014-05-30T09:32:16+00:00","author":{"@id":"https:\/\/blog.zeit.de\/hamburg\/#\/schema\/person\/ae2ae61edc5d6a5d6c384e5b44e91bd9"},"breadcrumb":{"@id":"https:\/\/blog.zeit.de\/hamburg\/wieso-bin-ich-eigentlich-gegen-eine-seilbahn-auf-st-pauli\/#breadcrumb"},"inLanguage":"de","potentialAction":[{"@type":"ReadAction","target":["https:\/\/blog.zeit.de\/hamburg\/wieso-bin-ich-eigentlich-gegen-eine-seilbahn-auf-st-pauli\/"]}]},{"@type":"BreadcrumbList","@id":"https:\/\/blog.zeit.de\/hamburg\/wieso-bin-ich-eigentlich-gegen-eine-seilbahn-auf-st-pauli\/#breadcrumb","itemListElement":[{"@type":"ListItem","position":1,"name":"Startseite","item":"https:\/\/blog.zeit.de\/hamburg\/"},{"@type":"ListItem","position":2,"name":"Wieso bin ich eigentlich gegen eine Seilbahn auf St. Pauli?"}]},{"@type":"WebSite","@id":"https:\/\/blog.zeit.de\/hamburg\/#website","url":"https:\/\/blog.zeit.de\/hamburg\/","name":"Speersort 1","description":"Das Hamburg-Blog","potentialAction":[{"@type":"SearchAction","target":{"@type":"EntryPoint","urlTemplate":"https:\/\/blog.zeit.de\/hamburg\/?s={search_term_string}"},"query-input":"required name=search_term_string"}],"inLanguage":"de"},{"@type":"Person","@id":"https:\/\/blog.zeit.de\/hamburg\/#\/schema\/person\/ae2ae61edc5d6a5d6c384e5b44e91bd9","name":"Erik Hauth","image":{"@type":"ImageObject","inLanguage":"de","@id":"https:\/\/blog.zeit.de\/hamburg\/#\/schema\/person\/image\/","url":"https:\/\/secure.gravatar.com\/avatar\/5bd569312ecb276570adaac3712a105857e5a8df7356226c44cc446db9be2c74?s=96&d=mm&r=g","contentUrl":"https:\/\/secure.gravatar.com\/avatar\/5bd569312ecb276570adaac3712a105857e5a8df7356226c44cc446db9be2c74?s=96&d=mm&r=g","caption":"Erik Hauth"},"description":"ist aufgewachsen in Blankenese und betreibt das meistgelesene Blog \u00fcber den FC St. Pauli und seinen Stadtteil. Erik war am 16.2.2011 im Volksparkstadion und ist stolz darauf, sich deswegen \"Derbysieger\" nennen zu d\u00fcrfen.","sameAs":["https:\/\/www.stpaulinu.de","https:\/\/www.facebook.com\/stpaulinu","https:\/\/twitter.com\/ring2"],"url":"https:\/\/blog.zeit.de\/hamburg\/author\/ehauth\/"}]}},"jetpack_featured_media_url":"","jetpack_sharing_enabled":true,"_links":{"self":[{"href":"https:\/\/blog.zeit.de\/hamburg\/wp-json\/wp\/v2\/posts\/1035","targetHints":{"allow":["GET"]}}],"collection":[{"href":"https:\/\/blog.zeit.de\/hamburg\/wp-json\/wp\/v2\/posts"}],"about":[{"href":"https:\/\/blog.zeit.de\/hamburg\/wp-json\/wp\/v2\/types\/post"}],"author":[{"embeddable":true,"href":"https:\/\/blog.zeit.de\/hamburg\/wp-json\/wp\/v2\/users\/474"}],"replies":[{"embeddable":true,"href":"https:\/\/blog.zeit.de\/hamburg\/wp-json\/wp\/v2\/comments?post=1035"}],"version-history":[{"count":9,"href":"https:\/\/blog.zeit.de\/hamburg\/wp-json\/wp\/v2\/posts\/1035\/revisions"}],"predecessor-version":[{"id":1070,"href":"https:\/\/blog.zeit.de\/hamburg\/wp-json\/wp\/v2\/posts\/1035\/revisions\/1070"}],"wp:attachment":[{"href":"https:\/\/blog.zeit.de\/hamburg\/wp-json\/wp\/v2\/media?parent=1035"}],"wp:term":[{"taxonomy":"category","embeddable":true,"href":"https:\/\/blog.zeit.de\/hamburg\/wp-json\/wp\/v2\/categories?post=1035"},{"taxonomy":"post_tag","embeddable":true,"href":"https:\/\/blog.zeit.de\/hamburg\/wp-json\/wp\/v2\/tags?post=1035"}],"curies":[{"name":"wp","href":"https:\/\/api.w.org\/{rel}","templated":true}]}}