{"id":1305,"date":"2014-06-23T17:31:07","date_gmt":"2014-06-23T15:31:07","guid":{"rendered":"http:\/\/blog.zeit.de\/hamburg\/?p=1305"},"modified":"2014-06-23T19:23:08","modified_gmt":"2014-06-23T17:23:08","slug":"privatleute","status":"publish","type":"post","link":"https:\/\/blog.zeit.de\/hamburg\/privatleute\/","title":{"rendered":"Unsere pers\u00f6nliche Meinung als Privatleute und Hamburg-Fans"},"content":{"rendered":"<p>Wir m\u00f6chten uns ja wirklich nicht einmischen in das aktuelle Geschehen der Stadt. Dieser Wochenr\u00fcckblick stellt daher nur unsere bescheidene Privatmeinung dar. Diese Wortwahl kommt euch bekannt vor? Nat\u00fcrlich tut sie das, erinnert sie doch nicht zuf\u00e4llig an Herrn K\u00fchne. Der HSV-Investor gab diese Woche <a href=\"http:\/\/www.abendblatt.de\/sport\/fussball\/hsv\/article129188716\/Kuehne-spricht-sich-fuer-Lehmann-und-gegen-van-der-Vaart-aus.html\" target=\"_blank\">dem <em>Abendblatt<\/em> ein Interview<\/a>, in dem er mit seiner &#8222;pers\u00f6nlichen Meinung&#8220; als &#8222;Privatmann und HSV-Fan&#8220; nicht gerade sparsam umging. Dem Verein, der auf sein Geld hofft, stehe nat\u00fcrlich alles frei, aber ginge es nach K\u00fchne, sollte schnell der Trainer Slomka weg (&#8222;glaube nicht an diesen Trainer&#8220;) und Rafael van der Vaart m\u00f6ge sich auch einen neuen Verein suchen. Der Grund f\u00fcr dessen Formschw\u00e4che sei \u00fcbrigens die Trennung von Sylvie.<!--more--><\/p>\n<p>Im Vergleich dazu geht es im anderen gro\u00dfen Fu\u00dfball-Club in Hamburg ruhig zu. Gemeint ist der mit dem gr\u00fcnen Vereinslogo. Gr\u00fcnes Vereinslogo? Jup! St. Pauli stellte diese Woche die neuen Trikots vor. Darunter auch das Pokaltrikot, auf dem das Vereinslogo in gr\u00fcn zu sehen ist, was nach Satzung nicht erlaubt ist. Designer Jason <a href=\"http:\/\/www.stefangroenveld.de\/2014\/die-trikots-vom-fc-st-pauli-der-saison-201415\" target=\"_blank\">sagte Stefan Groenveld diesbez\u00fcglich<\/a>:\u00a0<em>Design is about breaking rules<\/em>. Ob das auch alle Fans so sehen? Jedenfalls sorgt die neue Wettkampfbekleidung f\u00fcr Diskussionen.<\/p>\n<p>Diskussionen gibt es auch einmal mehr um die Seilbahn. Deren Bau <a href=\"http:\/\/www.ndr.de\/nachrichten\/hamburg\/Buergerentscheid-im-August,seilbahn220.html\" target=\"_blank\">wurde von der Bezirksversammlung Mitte abgelehnt<\/a>. Nun kommt es im August zu einem B\u00fcrgerentscheid. Ob die das Stadtbild stark ver\u00e4ndernde Konstruktion gebaut werden darf oder nicht, entscheidet aber nicht ganz Hamburg, sondern nur die B\u00fcrger aus dem Bezirk Mitte. Warum jemand in Billstedt jedoch mehr Mitspracherecht \u00fcber eine Touristen-Seilbahn bekommen soll als jemand aus Ottensen, muss man nicht nachvollziehen k\u00f6nnen. Entweder alle Hamburger oder nur die, \u00fcber deren K\u00f6pfe es geht, w\u00fcrde ich ja sagen. Aber das stellt nur meine pers\u00f6nliche Meinung als Privatmann und nicht-Seilbahn-Fan dar. Ich glaube einfach nicht an diese Bahn.<\/p>\n<p>Mein vollstes Vertrauen hat jedoch selbstverst\u00e4ndlich die Deutsche Bahn. Wie k\u00f6nnte es auch anders sein? Die Stadt hat jedenfalls einen neuen Verkehrsvertrag mit der Bahn beziehungsweise deren Tochtergesellschaft f\u00fcr den Betrieb der S-Bahn in Hamburg geschlossen. Finanziell ist die neue Vereinbarung offenbar f\u00fcr die Stadt besser \u2013 es wird jedoch keinen deutlichen Ausbau der Kapazit\u00e4ten geben. Allerdings: In den kommenden Jahren werden neue, modernere Z\u00fcge in Hamburg rollen. Die Details zu den neuen Fahrzeugen und dem neuen Vertrag gibt es aufgeschl\u00fcsselt <a href=\"http:\/\/www.nahverkehrhamburg.de\/s-bahn-hamburg\/item\/852-auslieferung-ab-2016-so-sehen-hamburgs-neue-s-bahnen-aus\" target=\"_blank\">bei nahverkehrhamburg.de<\/a>.<\/p>\n<p>Ohne Seilbahn und S-Bahn kamen rund 35.000 G\u00e4ste am Sonntag aus, denn ihr Verkehrsmittel der Wahl war das Motorrad. Rund um den Michel fand der traditionelle Motorradgottesdienst statt.<\/p>\n<p>Am Freitag vertrauten rund 5.000\u00a0L\u00e4ufer mehr auf ihre eigenen Beine statt auf Zweir\u00e4der. Beim 10. Hamburger\u00a0Nachtlauf konnte jeder mitmachen: Anf\u00e4nger oder Profil\u00e4ufer, alt oder jung, Team- oder Einzell\u00e4ufer. Vor allem der 7,5 km Lauf im Dunkeln um die extra beleuchtete\u00a0Au\u00dfenalster hat, so unsere Redakteurin und Mitl\u00e4uferin Janka,\u00a0mal wieder seinen ganz\u00a0besonderen Charme gehabt. Sie hat daher mal \u00fcber die chaotisch organisierte Garderobe hinweg gesehen und will\u00a02015 wieder starten. Laut den Organisatoren soll die Stadtlaufserie im kommenden Jahr\u00a0noch weiter ausgebaut und in mehr St\u00e4dten als in den derzeit 20 angeboten werden.<\/p>\n<p>Kommen wir zum Social Media Aufreger der Woche. Hamburg beliebtes Riesen-Schnitzel-All-Night-offen-Restaurant Erikas Eck schlie\u00dft f\u00fcr Umbauma\u00dfnahmen. Und wenn es wieder \u00f6ffnet, gibt es nur noch vegane K\u00fcche \u2013 behauptet zumindest der Facebook-Account der <em>Schanzen News<\/em> gegen\u00fcber seinen \u00fcber 37.000 Fans. Passend dazu verlinkt er einen <a href=\"http:\/\/st.pauli-news.de\/bei-erika-bleibt-die-kueche-kalt\/\" target=\"_blank\">Beitrag des St.-Pauli-Blogs<\/a> des <em>Abendblatts<\/em>. Dumm nur: Erikas Eck wird seine Speisekarte keineswegs auf vegan umstellen. Die entsprechende Behauptung ist im Beitrag auch gar nicht zu finden. Den haben aber offenbar viele gar nicht erst gelesen. Daher gibt es erbitterte Diskussionen zwischen vegan-Bef\u00fcrwortern und vegan-Gegnern unter dem Post sowie mehrere Hundert Likes \u2013 vermutlich von Leuten, die \u00fcber die vermeintlichen News erfreut sind. Solche Personen sorgten auch f\u00fcr eine sehr hohe Anzahl an Shares. Ob man auf die auf diese Art erzielte Reichweite jedoch Stolz sein kann, mag ich anzweifeln. Aber ihr wisst ja, das ist nur meine pers\u00f6nliche Meinung als Privatmann und Elbmelancholie-Fan.<\/p>\n<p>Als solcher w\u00fcnsche ich auch einen guten Start in die neue Woche!<\/p>\n","protected":false},"excerpt":{"rendered":"<p>Wir m\u00f6chten uns ja wirklich nicht einmischen in das aktuelle Geschehen der Stadt. Dieser Wochenr\u00fcckblick stellt daher nur unsere bescheidene Privatmeinung dar. Diese Wortwahl kommt euch bekannt vor? Nat\u00fcrlich tut sie das, erinnert sie doch nicht zuf\u00e4llig an Herrn K\u00fchne. Der HSV-Investor gab diese Woche dem Abendblatt ein Interview, in dem er mit seiner &#8222;pers\u00f6nlichen [&hellip;]<\/p>\n","protected":false},"author":469,"featured_media":0,"comment_status":"open","ping_status":"open","sticky":false,"template":"","format":"standard","meta":{"_jetpack_memberships_contains_paid_content":false,"footnotes":""},"categories":[16],"tags":[],"class_list":["post-1305","post","type-post","status-publish","format-standard","hentry","category-allgemein"],"yoast_head":"<!-- This site is optimized with the Yoast SEO plugin v21.0 - https:\/\/yoast.com\/wordpress\/plugins\/seo\/ -->\n<title>Unsere pers\u00f6nliche Meinung als Privatleute und Hamburg-Fans - Speersort 1 - ZEIT ONLINE<\/title>\n<meta name=\"robots\" content=\"index, follow, max-snippet:-1, max-image-preview:large, max-video-preview:-1\" \/>\n<link rel=\"canonical\" href=\"https:\/\/blog.zeit.de\/hamburg\/privatleute\/\" \/>\n<meta property=\"og:locale\" content=\"de_DE\" \/>\n<meta property=\"og:type\" content=\"article\" \/>\n<meta property=\"og:title\" content=\"Unsere pers\u00f6nliche Meinung als Privatleute und Hamburg-Fans - Speersort 1 - ZEIT ONLINE\" \/>\n<meta property=\"og:description\" content=\"Wir m\u00f6chten uns ja wirklich nicht einmischen in das aktuelle Geschehen der Stadt. Dieser Wochenr\u00fcckblick stellt daher nur unsere bescheidene Privatmeinung dar. Diese Wortwahl kommt euch bekannt vor? Nat\u00fcrlich tut sie das, erinnert sie doch nicht zuf\u00e4llig an Herrn K\u00fchne. Der HSV-Investor gab diese Woche dem Abendblatt ein Interview, in dem er mit seiner &#8222;pers\u00f6nlichen [&hellip;]\" \/>\n<meta property=\"og:url\" content=\"https:\/\/blog.zeit.de\/hamburg\/privatleute\/\" \/>\n<meta property=\"og:site_name\" content=\"Speersort 1\" \/>\n<meta property=\"article:published_time\" content=\"2014-06-23T15:31:07+00:00\" \/>\n<meta property=\"article:modified_time\" content=\"2014-06-23T17:23:08+00:00\" \/>\n<meta name=\"author\" content=\"Andreas Grie\u00df, Elbmelancholie\" \/>\n<meta name=\"twitter:card\" content=\"summary_large_image\" \/>\n<meta name=\"twitter:creator\" content=\"@youdaz\" \/>\n<meta name=\"twitter:label1\" content=\"Geschrieben von\" \/>\n\t<meta name=\"twitter:data1\" content=\"Andreas Grie\u00df, Elbmelancholie\" \/>\n\t<meta name=\"twitter:label2\" content=\"Gesch\u00e4tzte Lesezeit\" \/>\n\t<meta name=\"twitter:data2\" content=\"4\u00a0Minuten\" \/>\n<script type=\"application\/ld+json\" class=\"yoast-schema-graph\">{\"@context\":\"https:\/\/schema.org\",\"@graph\":[{\"@type\":\"WebPage\",\"@id\":\"https:\/\/blog.zeit.de\/hamburg\/privatleute\/\",\"url\":\"https:\/\/blog.zeit.de\/hamburg\/privatleute\/\",\"name\":\"Unsere pers\u00f6nliche Meinung als Privatleute und Hamburg-Fans - Speersort 1 - ZEIT ONLINE\",\"isPartOf\":{\"@id\":\"https:\/\/blog.zeit.de\/hamburg\/#website\"},\"datePublished\":\"2014-06-23T15:31:07+00:00\",\"dateModified\":\"2014-06-23T17:23:08+00:00\",\"author\":{\"@id\":\"https:\/\/blog.zeit.de\/hamburg\/#\/schema\/person\/83e782dab62b13beb2ab62b6dae88721\"},\"breadcrumb\":{\"@id\":\"https:\/\/blog.zeit.de\/hamburg\/privatleute\/#breadcrumb\"},\"inLanguage\":\"de\",\"potentialAction\":[{\"@type\":\"ReadAction\",\"target\":[\"https:\/\/blog.zeit.de\/hamburg\/privatleute\/\"]}]},{\"@type\":\"BreadcrumbList\",\"@id\":\"https:\/\/blog.zeit.de\/hamburg\/privatleute\/#breadcrumb\",\"itemListElement\":[{\"@type\":\"ListItem\",\"position\":1,\"name\":\"Startseite\",\"item\":\"https:\/\/blog.zeit.de\/hamburg\/\"},{\"@type\":\"ListItem\",\"position\":2,\"name\":\"Unsere pers\u00f6nliche Meinung als Privatleute und Hamburg-Fans\"}]},{\"@type\":\"WebSite\",\"@id\":\"https:\/\/blog.zeit.de\/hamburg\/#website\",\"url\":\"https:\/\/blog.zeit.de\/hamburg\/\",\"name\":\"Speersort 1\",\"description\":\"Das Hamburg-Blog\",\"potentialAction\":[{\"@type\":\"SearchAction\",\"target\":{\"@type\":\"EntryPoint\",\"urlTemplate\":\"https:\/\/blog.zeit.de\/hamburg\/?s={search_term_string}\"},\"query-input\":\"required name=search_term_string\"}],\"inLanguage\":\"de\"},{\"@type\":\"Person\",\"@id\":\"https:\/\/blog.zeit.de\/hamburg\/#\/schema\/person\/83e782dab62b13beb2ab62b6dae88721\",\"name\":\"Andreas Grie\u00df, Elbmelancholie\",\"image\":{\"@type\":\"ImageObject\",\"inLanguage\":\"de\",\"@id\":\"https:\/\/blog.zeit.de\/hamburg\/#\/schema\/person\/image\/\",\"url\":\"https:\/\/secure.gravatar.com\/avatar\/fec1e9c4361e58079d2ca4ae58a7290c350e70cef57445e78b6c3f0e912d6fb3?s=96&d=mm&r=g\",\"contentUrl\":\"https:\/\/secure.gravatar.com\/avatar\/fec1e9c4361e58079d2ca4ae58a7290c350e70cef57445e78b6c3f0e912d6fb3?s=96&d=mm&r=g\",\"caption\":\"Andreas Grie\u00df, Elbmelancholie\"},\"description\":\"kam 2010 f\u00fcr zwei Monate f\u00fcr ein Praktikum nach Hamburg. Hier gefiel es ihm so gut, dass er im Sommer 2012 nach abgeschlossenem Studium zur\u00fcckkehrte, um als Journalist zu arbeiten. Er leitet die Redaktion des Online-Magazins Elbmelancholie.\",\"sameAs\":[\"http:\/\/www.elbmelancholie.de\",\"https:\/\/twitter.com\/youdaz\"],\"url\":\"https:\/\/blog.zeit.de\/hamburg\/author\/andreasgriess\/\"}]}<\/script>\n<!-- \/ Yoast SEO plugin. -->","yoast_head_json":{"title":"Unsere pers\u00f6nliche Meinung als Privatleute und Hamburg-Fans - Speersort 1 - ZEIT ONLINE","robots":{"index":"index","follow":"follow","max-snippet":"max-snippet:-1","max-image-preview":"max-image-preview:large","max-video-preview":"max-video-preview:-1"},"canonical":"https:\/\/blog.zeit.de\/hamburg\/privatleute\/","og_locale":"de_DE","og_type":"article","og_title":"Unsere pers\u00f6nliche Meinung als Privatleute und Hamburg-Fans - Speersort 1 - ZEIT ONLINE","og_description":"Wir m\u00f6chten uns ja wirklich nicht einmischen in das aktuelle Geschehen der Stadt. Dieser Wochenr\u00fcckblick stellt daher nur unsere bescheidene Privatmeinung dar. Diese Wortwahl kommt euch bekannt vor? Nat\u00fcrlich tut sie das, erinnert sie doch nicht zuf\u00e4llig an Herrn K\u00fchne. Der HSV-Investor gab diese Woche dem Abendblatt ein Interview, in dem er mit seiner &#8222;pers\u00f6nlichen [&hellip;]","og_url":"https:\/\/blog.zeit.de\/hamburg\/privatleute\/","og_site_name":"Speersort 1","article_published_time":"2014-06-23T15:31:07+00:00","article_modified_time":"2014-06-23T17:23:08+00:00","author":"Andreas Grie\u00df, Elbmelancholie","twitter_card":"summary_large_image","twitter_creator":"@youdaz","twitter_misc":{"Geschrieben von":"Andreas Grie\u00df, Elbmelancholie","Gesch\u00e4tzte Lesezeit":"4\u00a0Minuten"},"schema":{"@context":"https:\/\/schema.org","@graph":[{"@type":"WebPage","@id":"https:\/\/blog.zeit.de\/hamburg\/privatleute\/","url":"https:\/\/blog.zeit.de\/hamburg\/privatleute\/","name":"Unsere pers\u00f6nliche Meinung als Privatleute und Hamburg-Fans - Speersort 1 - ZEIT ONLINE","isPartOf":{"@id":"https:\/\/blog.zeit.de\/hamburg\/#website"},"datePublished":"2014-06-23T15:31:07+00:00","dateModified":"2014-06-23T17:23:08+00:00","author":{"@id":"https:\/\/blog.zeit.de\/hamburg\/#\/schema\/person\/83e782dab62b13beb2ab62b6dae88721"},"breadcrumb":{"@id":"https:\/\/blog.zeit.de\/hamburg\/privatleute\/#breadcrumb"},"inLanguage":"de","potentialAction":[{"@type":"ReadAction","target":["https:\/\/blog.zeit.de\/hamburg\/privatleute\/"]}]},{"@type":"BreadcrumbList","@id":"https:\/\/blog.zeit.de\/hamburg\/privatleute\/#breadcrumb","itemListElement":[{"@type":"ListItem","position":1,"name":"Startseite","item":"https:\/\/blog.zeit.de\/hamburg\/"},{"@type":"ListItem","position":2,"name":"Unsere pers\u00f6nliche Meinung als Privatleute und Hamburg-Fans"}]},{"@type":"WebSite","@id":"https:\/\/blog.zeit.de\/hamburg\/#website","url":"https:\/\/blog.zeit.de\/hamburg\/","name":"Speersort 1","description":"Das Hamburg-Blog","potentialAction":[{"@type":"SearchAction","target":{"@type":"EntryPoint","urlTemplate":"https:\/\/blog.zeit.de\/hamburg\/?s={search_term_string}"},"query-input":"required name=search_term_string"}],"inLanguage":"de"},{"@type":"Person","@id":"https:\/\/blog.zeit.de\/hamburg\/#\/schema\/person\/83e782dab62b13beb2ab62b6dae88721","name":"Andreas Grie\u00df, Elbmelancholie","image":{"@type":"ImageObject","inLanguage":"de","@id":"https:\/\/blog.zeit.de\/hamburg\/#\/schema\/person\/image\/","url":"https:\/\/secure.gravatar.com\/avatar\/fec1e9c4361e58079d2ca4ae58a7290c350e70cef57445e78b6c3f0e912d6fb3?s=96&d=mm&r=g","contentUrl":"https:\/\/secure.gravatar.com\/avatar\/fec1e9c4361e58079d2ca4ae58a7290c350e70cef57445e78b6c3f0e912d6fb3?s=96&d=mm&r=g","caption":"Andreas Grie\u00df, Elbmelancholie"},"description":"kam 2010 f\u00fcr zwei Monate f\u00fcr ein Praktikum nach Hamburg. Hier gefiel es ihm so gut, dass er im Sommer 2012 nach abgeschlossenem Studium zur\u00fcckkehrte, um als Journalist zu arbeiten. Er leitet die Redaktion des Online-Magazins Elbmelancholie.","sameAs":["http:\/\/www.elbmelancholie.de","https:\/\/twitter.com\/youdaz"],"url":"https:\/\/blog.zeit.de\/hamburg\/author\/andreasgriess\/"}]}},"jetpack_featured_media_url":"","jetpack_sharing_enabled":true,"_links":{"self":[{"href":"https:\/\/blog.zeit.de\/hamburg\/wp-json\/wp\/v2\/posts\/1305","targetHints":{"allow":["GET"]}}],"collection":[{"href":"https:\/\/blog.zeit.de\/hamburg\/wp-json\/wp\/v2\/posts"}],"about":[{"href":"https:\/\/blog.zeit.de\/hamburg\/wp-json\/wp\/v2\/types\/post"}],"author":[{"embeddable":true,"href":"https:\/\/blog.zeit.de\/hamburg\/wp-json\/wp\/v2\/users\/469"}],"replies":[{"embeddable":true,"href":"https:\/\/blog.zeit.de\/hamburg\/wp-json\/wp\/v2\/comments?post=1305"}],"version-history":[{"count":5,"href":"https:\/\/blog.zeit.de\/hamburg\/wp-json\/wp\/v2\/posts\/1305\/revisions"}],"predecessor-version":[{"id":1327,"href":"https:\/\/blog.zeit.de\/hamburg\/wp-json\/wp\/v2\/posts\/1305\/revisions\/1327"}],"wp:attachment":[{"href":"https:\/\/blog.zeit.de\/hamburg\/wp-json\/wp\/v2\/media?parent=1305"}],"wp:term":[{"taxonomy":"category","embeddable":true,"href":"https:\/\/blog.zeit.de\/hamburg\/wp-json\/wp\/v2\/categories?post=1305"},{"taxonomy":"post_tag","embeddable":true,"href":"https:\/\/blog.zeit.de\/hamburg\/wp-json\/wp\/v2\/tags?post=1305"}],"curies":[{"name":"wp","href":"https:\/\/api.w.org\/{rel}","templated":true}]}}