{"id":131,"date":"2014-04-01T11:35:26","date_gmt":"2014-04-01T09:35:26","guid":{"rendered":"http:\/\/blog.zeit.de\/hamburg\/?p=131"},"modified":"2014-04-03T10:55:55","modified_gmt":"2014-04-03T08:55:55","slug":"wer-hat-an-der-uhr-gedreht","status":"publish","type":"post","link":"https:\/\/blog.zeit.de\/hamburg\/wer-hat-an-der-uhr-gedreht\/","title":{"rendered":"Wer hat an der Uhr gedreht\u2026"},"content":{"rendered":"<p>\u2026ist es wirklich schon so sp\u00e4t? Ja ist es! Und um die erste Frage zu beantworten: Hoffentlich auch du, denn jetzt\u00a0 gilt wieder die Sommerzeit. F\u00fcr gew\u00f6hnlich dauert es noch ein paar Tage, bis alle Uhren wirklich umgestellt sind, daher hier eine kleine Liste derjenigen, die ich regelm\u00e4\u00dfig vergesse:<!--more--><\/p>\n<ul>\n<li>die Stoppuhr in der Sporttasche<\/li>\n<li>die Uhr von Navi und Auto<\/li>\n<li>die Uhr in der Kamera<\/li>\n<\/ul>\n<p>Nun, wo wir das gekl\u00e4rt h\u00e4tten, kommen wir zu dem, was in dieser 167-Stunden Woche so alles passiert ist. Und wo wir gerade bei \u201eneue Zeiten sind angebrochen\u201c sind, verweise ich auf die nun geltende Ausweispflicht im Miniatur Wunderland, das diese Woche zum Gefahrengebiet erkl\u00e4rt wurde. Nein, keine Angst \u2013 dort ist es immer noch friedlich. Dennoch ist die Miniatur-Polizei ausger\u00fcckt. Es gibt nun die Davidwache in klein und viele weitere Szenen mit Polizei. Am Donnerstag haben Innensenator Michael Neumann und Polizeipr\u00e4sident Wolfgang Kopitzsch gemeinsam mit Frederik Braun vom Miniatur Wunderland die neuen Attraktionen eingeweiht.<\/p>\n<p>Eingeweiht, allen voran durch einen gro\u00dfen Bericht der Mopo zum Thema, wurden die Hamburger diese Woche in die Pl\u00e4ne der HADAG, ab kommenden Monat <a href=\"http:\/\/www.nahverkehrhamburg.de\/faehrverkehr-hamburg\/item\/1099-hadag-faehren-machen-jetzt-hopping-touren-nach-wedel\" target=\"_blank\">eine neue F\u00e4hrlinie in Betrieb zu nehmen<\/a>. Die wird vor allem den Hafenrundfahrten Konkurrenz machen. Die <a href=\"http:\/\/www.hadag.de\/toerns\/elb-huepfer.html\" target=\"_blank\">neue Route<\/a> wird von den Landungsbr\u00fccken bis an die Willkomm-H\u00f6ft und zur\u00fcck f\u00fchren. Die R\u00fcckfahrt wird dabei au\u00dfer an der Elbphilharmonie keine Zwischenstopps machen, sehr wohl aber in den Hafen einbiegen. Zwei Mal am Tag f\u00e4hrt die F\u00e4hre, allerdings nur am Wochenende und an Feiertagen.<\/p>\n<p>Dass Reisen jedoch nicht immer Spa\u00df macht, erfuhren auch Teile unserer Redaktion am Donnerstag, auch wenn sie gl\u00fccklich \u2013 im wahrsten Sinne des Wortes \u2013 davon kamen. Unsere Autorin Maria <a href=\"http:\/\/wearenorthernnow.wordpress.com\/2014\/03\/29\/vom-ankommen\/\" target=\"_blank\">ist nun in Island<\/a>. Andere hatten weniger Gl\u00fcck: Im Nahverkehr und an Flugh\u00e4fen wurde in Deutschland die Woche gestreikt. Der Hamburger Airport <a href=\"http:\/\/www.hamburg-airport.de\/de\/6628.htm\" target=\"_blank\">vermeldete jedoch<\/a>, kaum betroffen gewesen zu sein: \u201eAm Hamburg Airport gibt es keine Auswirkungen auf den eigenen Flugbetrieb aufgrund der Streikma\u00dfnahmen. Einschr\u00e4nkungen gibt es lediglich im innerdeutschen Flugverkehr, da die Zielflughafen Frankfurt und M\u00fcnchen von den Streikma\u00dfnahmen betroffen sind\u201c, war in der Pressemeldung zu lesen.<\/p>\n<p>Ansonsten: Bleibt doch einfach in Hamburg. Hier ist seit dem Wochenende nicht nur die Sommerzeit, sondern auch der Fr\u00fchling wieder zur\u00fcck. Zwar sorgen Bauarbeiten im <a title=\"Fu\u00dfg\u00e4nger- und Radfahrermaut im Alten Elbtunnel?\" href=\"http:\/\/www.elbmelancholie.de\/2014\/03\/27\/fussgaenger-und-radfahrermaut-im-alten-elbtunnel-04926\/\">Alten Elbtunnel<\/a> und im <a title=\"Zu viel Asphalt in Hamburgs Stadtpark?\" href=\"http:\/\/www.elbmelancholie.de\/2014\/03\/26\/zu-viel-asphalt-in-hamburgs-stadtpark-04918\/\">Stadtpark<\/a> f\u00fcr Diskussionen. Doch es wird nicht nur neu gemacht, sondern auch Fr\u00fchjahrsputz betrieben: Die Aktion \u201eHamburg r\u00e4umt auf\u201c vermeldete einen Doppelrekord: 59.900 Teilnehmer in 1.110 Initiativen h\u00e4tten sich beteiligt. Am Donnerstag tauchten einige Helfer in die Binnenalster. Was sie dort so rausholten, k\u00f6nnt ihr <a href=\"https:\/\/www.facebook.com\/media\/set\/?set=a.631966733519808.1073741833.217776724938813&amp;type=1\" target=\"_blank\">auf diesen Bildern<\/a> sehen.<\/p>\n","protected":false},"excerpt":{"rendered":"<p>\u2026ist es wirklich schon so sp\u00e4t? Ja ist es! Und um die erste Frage zu beantworten: Hoffentlich auch du, denn jetzt\u00a0 gilt wieder die Sommerzeit. F\u00fcr gew\u00f6hnlich dauert es noch ein paar Tage, bis alle Uhren wirklich umgestellt sind, daher hier eine kleine Liste derjenigen, die ich regelm\u00e4\u00dfig vergesse:<\/p>\n","protected":false},"author":469,"featured_media":0,"comment_status":"open","ping_status":"open","sticky":false,"template":"","format":"standard","meta":{"_jetpack_memberships_contains_paid_content":false,"footnotes":""},"categories":[16],"tags":[],"class_list":["post-131","post","type-post","status-publish","format-standard","hentry","category-allgemein"],"yoast_head":"<!-- This site is optimized with the Yoast SEO plugin v21.0 - https:\/\/yoast.com\/wordpress\/plugins\/seo\/ -->\n<title>Wer hat an der Uhr gedreht\u2026 - Speersort 1 - ZEIT ONLINE<\/title>\n<meta name=\"robots\" content=\"index, follow, max-snippet:-1, max-image-preview:large, max-video-preview:-1\" \/>\n<link rel=\"canonical\" href=\"https:\/\/blog.zeit.de\/hamburg\/wer-hat-an-der-uhr-gedreht\/\" \/>\n<meta property=\"og:locale\" content=\"de_DE\" \/>\n<meta property=\"og:type\" content=\"article\" \/>\n<meta property=\"og:title\" content=\"Wer hat an der Uhr gedreht\u2026 - Speersort 1 - ZEIT ONLINE\" \/>\n<meta property=\"og:description\" content=\"\u2026ist es wirklich schon so sp\u00e4t? Ja ist es! Und um die erste Frage zu beantworten: Hoffentlich auch du, denn jetzt\u00a0 gilt wieder die Sommerzeit. F\u00fcr gew\u00f6hnlich dauert es noch ein paar Tage, bis alle Uhren wirklich umgestellt sind, daher hier eine kleine Liste derjenigen, die ich regelm\u00e4\u00dfig vergesse:\" \/>\n<meta property=\"og:url\" content=\"https:\/\/blog.zeit.de\/hamburg\/wer-hat-an-der-uhr-gedreht\/\" \/>\n<meta property=\"og:site_name\" content=\"Speersort 1\" \/>\n<meta property=\"article:published_time\" content=\"2014-04-01T09:35:26+00:00\" \/>\n<meta property=\"article:modified_time\" content=\"2014-04-03T08:55:55+00:00\" \/>\n<meta name=\"author\" content=\"Andreas Grie\u00df, Elbmelancholie\" \/>\n<meta name=\"twitter:card\" content=\"summary_large_image\" \/>\n<meta name=\"twitter:creator\" content=\"@youdaz\" \/>\n<meta name=\"twitter:label1\" content=\"Geschrieben von\" \/>\n\t<meta name=\"twitter:data1\" content=\"Andreas Grie\u00df, Elbmelancholie\" \/>\n\t<meta name=\"twitter:label2\" content=\"Gesch\u00e4tzte Lesezeit\" \/>\n\t<meta name=\"twitter:data2\" content=\"2\u00a0Minuten\" \/>\n<script type=\"application\/ld+json\" class=\"yoast-schema-graph\">{\"@context\":\"https:\/\/schema.org\",\"@graph\":[{\"@type\":\"WebPage\",\"@id\":\"https:\/\/blog.zeit.de\/hamburg\/wer-hat-an-der-uhr-gedreht\/\",\"url\":\"https:\/\/blog.zeit.de\/hamburg\/wer-hat-an-der-uhr-gedreht\/\",\"name\":\"Wer hat an der Uhr gedreht\u2026 - Speersort 1 - ZEIT ONLINE\",\"isPartOf\":{\"@id\":\"https:\/\/blog.zeit.de\/hamburg\/#website\"},\"datePublished\":\"2014-04-01T09:35:26+00:00\",\"dateModified\":\"2014-04-03T08:55:55+00:00\",\"author\":{\"@id\":\"https:\/\/blog.zeit.de\/hamburg\/#\/schema\/person\/83e782dab62b13beb2ab62b6dae88721\"},\"breadcrumb\":{\"@id\":\"https:\/\/blog.zeit.de\/hamburg\/wer-hat-an-der-uhr-gedreht\/#breadcrumb\"},\"inLanguage\":\"de\",\"potentialAction\":[{\"@type\":\"ReadAction\",\"target\":[\"https:\/\/blog.zeit.de\/hamburg\/wer-hat-an-der-uhr-gedreht\/\"]}]},{\"@type\":\"BreadcrumbList\",\"@id\":\"https:\/\/blog.zeit.de\/hamburg\/wer-hat-an-der-uhr-gedreht\/#breadcrumb\",\"itemListElement\":[{\"@type\":\"ListItem\",\"position\":1,\"name\":\"Startseite\",\"item\":\"https:\/\/blog.zeit.de\/hamburg\/\"},{\"@type\":\"ListItem\",\"position\":2,\"name\":\"Wer hat an der Uhr gedreht\u2026\"}]},{\"@type\":\"WebSite\",\"@id\":\"https:\/\/blog.zeit.de\/hamburg\/#website\",\"url\":\"https:\/\/blog.zeit.de\/hamburg\/\",\"name\":\"Speersort 1\",\"description\":\"Das Hamburg-Blog\",\"potentialAction\":[{\"@type\":\"SearchAction\",\"target\":{\"@type\":\"EntryPoint\",\"urlTemplate\":\"https:\/\/blog.zeit.de\/hamburg\/?s={search_term_string}\"},\"query-input\":\"required name=search_term_string\"}],\"inLanguage\":\"de\"},{\"@type\":\"Person\",\"@id\":\"https:\/\/blog.zeit.de\/hamburg\/#\/schema\/person\/83e782dab62b13beb2ab62b6dae88721\",\"name\":\"Andreas Grie\u00df, Elbmelancholie\",\"image\":{\"@type\":\"ImageObject\",\"inLanguage\":\"de\",\"@id\":\"https:\/\/blog.zeit.de\/hamburg\/#\/schema\/person\/image\/\",\"url\":\"https:\/\/secure.gravatar.com\/avatar\/fec1e9c4361e58079d2ca4ae58a7290c350e70cef57445e78b6c3f0e912d6fb3?s=96&d=mm&r=g\",\"contentUrl\":\"https:\/\/secure.gravatar.com\/avatar\/fec1e9c4361e58079d2ca4ae58a7290c350e70cef57445e78b6c3f0e912d6fb3?s=96&d=mm&r=g\",\"caption\":\"Andreas Grie\u00df, Elbmelancholie\"},\"description\":\"kam 2010 f\u00fcr zwei Monate f\u00fcr ein Praktikum nach Hamburg. Hier gefiel es ihm so gut, dass er im Sommer 2012 nach abgeschlossenem Studium zur\u00fcckkehrte, um als Journalist zu arbeiten. Er leitet die Redaktion des Online-Magazins Elbmelancholie.\",\"sameAs\":[\"http:\/\/www.elbmelancholie.de\",\"https:\/\/twitter.com\/youdaz\"],\"url\":\"https:\/\/blog.zeit.de\/hamburg\/author\/andreasgriess\/\"}]}<\/script>\n<!-- \/ Yoast SEO plugin. -->","yoast_head_json":{"title":"Wer hat an der Uhr gedreht\u2026 - Speersort 1 - ZEIT ONLINE","robots":{"index":"index","follow":"follow","max-snippet":"max-snippet:-1","max-image-preview":"max-image-preview:large","max-video-preview":"max-video-preview:-1"},"canonical":"https:\/\/blog.zeit.de\/hamburg\/wer-hat-an-der-uhr-gedreht\/","og_locale":"de_DE","og_type":"article","og_title":"Wer hat an der Uhr gedreht\u2026 - Speersort 1 - ZEIT ONLINE","og_description":"\u2026ist es wirklich schon so sp\u00e4t? Ja ist es! Und um die erste Frage zu beantworten: Hoffentlich auch du, denn jetzt\u00a0 gilt wieder die Sommerzeit. F\u00fcr gew\u00f6hnlich dauert es noch ein paar Tage, bis alle Uhren wirklich umgestellt sind, daher hier eine kleine Liste derjenigen, die ich regelm\u00e4\u00dfig vergesse:","og_url":"https:\/\/blog.zeit.de\/hamburg\/wer-hat-an-der-uhr-gedreht\/","og_site_name":"Speersort 1","article_published_time":"2014-04-01T09:35:26+00:00","article_modified_time":"2014-04-03T08:55:55+00:00","author":"Andreas Grie\u00df, Elbmelancholie","twitter_card":"summary_large_image","twitter_creator":"@youdaz","twitter_misc":{"Geschrieben von":"Andreas Grie\u00df, Elbmelancholie","Gesch\u00e4tzte Lesezeit":"2\u00a0Minuten"},"schema":{"@context":"https:\/\/schema.org","@graph":[{"@type":"WebPage","@id":"https:\/\/blog.zeit.de\/hamburg\/wer-hat-an-der-uhr-gedreht\/","url":"https:\/\/blog.zeit.de\/hamburg\/wer-hat-an-der-uhr-gedreht\/","name":"Wer hat an der Uhr gedreht\u2026 - Speersort 1 - ZEIT ONLINE","isPartOf":{"@id":"https:\/\/blog.zeit.de\/hamburg\/#website"},"datePublished":"2014-04-01T09:35:26+00:00","dateModified":"2014-04-03T08:55:55+00:00","author":{"@id":"https:\/\/blog.zeit.de\/hamburg\/#\/schema\/person\/83e782dab62b13beb2ab62b6dae88721"},"breadcrumb":{"@id":"https:\/\/blog.zeit.de\/hamburg\/wer-hat-an-der-uhr-gedreht\/#breadcrumb"},"inLanguage":"de","potentialAction":[{"@type":"ReadAction","target":["https:\/\/blog.zeit.de\/hamburg\/wer-hat-an-der-uhr-gedreht\/"]}]},{"@type":"BreadcrumbList","@id":"https:\/\/blog.zeit.de\/hamburg\/wer-hat-an-der-uhr-gedreht\/#breadcrumb","itemListElement":[{"@type":"ListItem","position":1,"name":"Startseite","item":"https:\/\/blog.zeit.de\/hamburg\/"},{"@type":"ListItem","position":2,"name":"Wer hat an der Uhr gedreht\u2026"}]},{"@type":"WebSite","@id":"https:\/\/blog.zeit.de\/hamburg\/#website","url":"https:\/\/blog.zeit.de\/hamburg\/","name":"Speersort 1","description":"Das Hamburg-Blog","potentialAction":[{"@type":"SearchAction","target":{"@type":"EntryPoint","urlTemplate":"https:\/\/blog.zeit.de\/hamburg\/?s={search_term_string}"},"query-input":"required name=search_term_string"}],"inLanguage":"de"},{"@type":"Person","@id":"https:\/\/blog.zeit.de\/hamburg\/#\/schema\/person\/83e782dab62b13beb2ab62b6dae88721","name":"Andreas Grie\u00df, Elbmelancholie","image":{"@type":"ImageObject","inLanguage":"de","@id":"https:\/\/blog.zeit.de\/hamburg\/#\/schema\/person\/image\/","url":"https:\/\/secure.gravatar.com\/avatar\/fec1e9c4361e58079d2ca4ae58a7290c350e70cef57445e78b6c3f0e912d6fb3?s=96&d=mm&r=g","contentUrl":"https:\/\/secure.gravatar.com\/avatar\/fec1e9c4361e58079d2ca4ae58a7290c350e70cef57445e78b6c3f0e912d6fb3?s=96&d=mm&r=g","caption":"Andreas Grie\u00df, Elbmelancholie"},"description":"kam 2010 f\u00fcr zwei Monate f\u00fcr ein Praktikum nach Hamburg. Hier gefiel es ihm so gut, dass er im Sommer 2012 nach abgeschlossenem Studium zur\u00fcckkehrte, um als Journalist zu arbeiten. Er leitet die Redaktion des Online-Magazins Elbmelancholie.","sameAs":["http:\/\/www.elbmelancholie.de","https:\/\/twitter.com\/youdaz"],"url":"https:\/\/blog.zeit.de\/hamburg\/author\/andreasgriess\/"}]}},"jetpack_featured_media_url":"","jetpack_sharing_enabled":true,"_links":{"self":[{"href":"https:\/\/blog.zeit.de\/hamburg\/wp-json\/wp\/v2\/posts\/131","targetHints":{"allow":["GET"]}}],"collection":[{"href":"https:\/\/blog.zeit.de\/hamburg\/wp-json\/wp\/v2\/posts"}],"about":[{"href":"https:\/\/blog.zeit.de\/hamburg\/wp-json\/wp\/v2\/types\/post"}],"author":[{"embeddable":true,"href":"https:\/\/blog.zeit.de\/hamburg\/wp-json\/wp\/v2\/users\/469"}],"replies":[{"embeddable":true,"href":"https:\/\/blog.zeit.de\/hamburg\/wp-json\/wp\/v2\/comments?post=131"}],"version-history":[{"count":4,"href":"https:\/\/blog.zeit.de\/hamburg\/wp-json\/wp\/v2\/posts\/131\/revisions"}],"predecessor-version":[{"id":216,"href":"https:\/\/blog.zeit.de\/hamburg\/wp-json\/wp\/v2\/posts\/131\/revisions\/216"}],"wp:attachment":[{"href":"https:\/\/blog.zeit.de\/hamburg\/wp-json\/wp\/v2\/media?parent=131"}],"wp:term":[{"taxonomy":"category","embeddable":true,"href":"https:\/\/blog.zeit.de\/hamburg\/wp-json\/wp\/v2\/categories?post=131"},{"taxonomy":"post_tag","embeddable":true,"href":"https:\/\/blog.zeit.de\/hamburg\/wp-json\/wp\/v2\/tags?post=131"}],"curies":[{"name":"wp","href":"https:\/\/api.w.org\/{rel}","templated":true}]}}