{"id":1394,"date":"2014-07-02T15:30:05","date_gmt":"2014-07-02T13:30:05","guid":{"rendered":"http:\/\/blog.zeit.de\/hamburg\/?p=1394"},"modified":"2014-07-02T15:53:17","modified_gmt":"2014-07-02T13:53:17","slug":"fcstpauli-neuer-praesident","status":"publish","type":"post","link":"https:\/\/blog.zeit.de\/hamburg\/fcstpauli-neuer-praesident\/","title":{"rendered":"Nur Punkrock ist auch langweilig"},"content":{"rendered":"<p><em>Der FC St. Pauli sucht einen Sonderweg zwischen Kommerzialisierung und eigener Identit\u00e4t. Der Musikmanager Oke G\u00f6ttlich ist als neuer Pr\u00e4sident deshalb eine gute Wahl.<!--more--><\/em><\/p>\n<p>Die Einladung zur Vorstellung des neuen designierten Pr\u00e4sidenten des FC St. Pauli kam kurzfristig in mein Postfach geflattert, am Mittwoch um 11:00 Uhr sollte der zweite Teil des St\u00fcckes &#8222;Die aktuelle Situation im Pr\u00e4sidium des FC St. Pauli&#8220; uraufgef\u00fchrt werden. Neu im Ensemble ist der Favorit auf das Pr\u00e4sidentenamt: der Musikmanager Oke G\u00f6ttlich, den ich aus gemeinsamen Projekten beim AFM-Radio kenne.<\/p>\n<p>Eingeladen hatte diesmal der Aufsichtsrat, nachdem am Dienstag Noch-Pr\u00e4sident Stefan Orth emotional und knackig seine <a href=\"http:\/\/www.zeit.de\/hamburg\/fussball\/2014-07\/fc-stpauli-praesident-orth-trennung\" target=\"_blank\">eigene Demission<\/a> zu vermelden hatte. Eine Nachricht, die Hamburgs Fu\u00dfballfans trotz WM-Fieber bewegt und die vor allem eines zeigt: Der Aufsichtsrat des FC St. Pauli sucht nach einem Integrator als Pr\u00e4sidenten, der die bisher so wesensfremden Bereiche des FC St. Pauli unter einer Idee zusammenschlie\u00dfen kann: Alte und neue Fans, Ultras, Profis, Amateure und viele mehr.<\/p>\n<p><figure id=\"attachment_1409\" aria-describedby=\"caption-attachment-1409\" style=\"width: 580px\" class=\"wp-caption alignnone\"><img loading=\"lazy\" decoding=\"async\" class=\"size-medium wp-image-1409\" alt=\"Aufsichtsrat des FC St. Pauli stellt neuen Pr\u00e4sidenten vor - ohne ihn zu pr\u00e4sentieren. Foto: Erik Hauth\" src=\"https:\/\/blog.zeit.de\/hamburg\/files\/2014\/07\/10458021_10152929201844056_8757491823171521650_n-580x296.jpg\" width=\"580\" height=\"296\" srcset=\"https:\/\/blog.zeit.de\/hamburg\/files\/2014\/07\/10458021_10152929201844056_8757491823171521650_n-580x296.jpg 580w, https:\/\/blog.zeit.de\/hamburg\/files\/2014\/07\/10458021_10152929201844056_8757491823171521650_n.jpg 636w\" sizes=\"auto, (max-width: 580px) 100vw, 580px\" \/><figcaption id=\"caption-attachment-1409\" class=\"wp-caption-text\">Aufsichtsrat des FC St. Pauli stellt neuen Pr\u00e4sidenten vor &#8211; Oke G\u00f6ttlich selbst war nicht anwesend. Foto: Erik Hauth<\/figcaption><\/figure><\/p>\n<p>Die Mitglieder des FC St. Pauli sind gemeinhin konservativer, als man glauben mag; Die Ver\u00e4nderungen der letzten Jahre sp\u00fcren sie intensiv beim Blick auf den Beton, der den magischen Rasen umschlie\u00dft: Der Neubau des Stadions wird mit dem bevorstehenden Abriss der Nordkurve vollendet. Viele Fans erregt auch der Umbau der Mannschaft und der enorme Druck, den die fortschreitende Kommerzialisierung des Fu\u00dfballs auf Vereine aus\u00fcbt.<\/p>\n<p>Nur, anders als beim HSV, wo gro\u00dfen sportlichen Erfolgen nachgetrauert wird, vermisst man am Millerntor eher das strukturell Widerspenstige, das kreativ Ver\u00e4ndernde, das diesen Mythos einst begr\u00fcndet hat. <em>&#8222;Quo Vadis St. Pauli?&#8220;<\/em>, fragte vor ein paar Jahren eine Initiative rund um den Verein, als mit den Laufb\u00e4ndern eines Mobilfunkanbieters die <a href=\"http:\/\/www.stpaulinu.de\/supporters-in-action\/fc-st-pauli-sozialromantiker-aller-tribunen-vereinigt-euch\" target=\"_blank\">Proteste der Sozialromantiker<\/a> losgetreten wurden. &#8222;Zur\u00fcck zu den Werten, die diesen Verein so besonders machen&#8220; w\u00fcrde ich den Wunsch vieler Fans zusammenfassen.<\/p>\n<p>Trotzdem blicken die meisten St. Pauli Anh\u00e4nger sehr realistisch in die Welt und haben in den vergangenen Jahren oft klein beigegeben, wenn es die wirtschaftliche Situation erforderte. Etwa bei der Frage, ob im Millerntor-Stadion der Anteil von Business Seats so hoch sein muss wie nirgendwo sonst in der Republik.<\/p>\n<p>Wer sich tiefer in den FC St. Pauli hineinbegibt, der findet also viele verschiedene Meinungen, lose Allianzen, handfeste Interessen und ein hochaktives Netzwerk von Menschen, das spontan erregbar ist (nicht nur beim Torjubel).<\/p>\n<p>Der Aufsichtsrat hat das erkannt, wenn er nun als neuen Pr\u00e4sidenten einen Mann vorschl\u00e4gt, der sich an der Schwelle von Indie und Mainstream bew\u00e4hrt hat. Den FC St. Pauli besch\u00e4ftigt ein Dilemma, das Oke G\u00f6ttlich auch aus der Musikindustrie kennt und emphatisches Management erfordert: Wie schafft man es, kommerziell erfolgreich und widerst\u00e4ndig zugleich zu sein? Oder, wie Aufsichtsrat Schulz das ausdr\u00fcckte: &#8222;Konkurrenzf\u00e4hig zu bleiben mit unseren Werten&#8220;?<\/p>\n<p>Aufsichtsrat Doll wagte dann sogar noch einen Vergleich mit dem FC Bayern M\u00fcnchen: G\u00f6ttlich w\u00e4re der neue Pep Guardiola des FC St. Pauli. Das macht es f\u00fcr den neuen Pr\u00e4sidenten nicht leichter.<\/p>\n<p>&#8222;Endlich jemand, der etwas von Musik versteht&#8220;, sagte mir gestern Willi M., mein Nebensteher auf der Gegengeraden, &#8222;und einer, der das Dilemma des FC St. Pauli kennt.&#8220; Nur Punkrock ist auf die Dauer ja auch langweilig.<\/p>\n","protected":false},"excerpt":{"rendered":"<p>Der FC St. Pauli sucht einen Sonderweg zwischen Kommerzialisierung und eigener Identit\u00e4t. Der Musikmanager Oke G\u00f6ttlich ist als neuer Pr\u00e4sident deshalb eine gute Wahl.<\/p>\n","protected":false},"author":474,"featured_media":0,"comment_status":"open","ping_status":"open","sticky":false,"template":"","format":"standard","meta":{"_jetpack_memberships_contains_paid_content":false,"footnotes":""},"categories":[16],"tags":[2663,31464,31467,31465,31413,31466],"class_list":["post-1394","post","type-post","status-publish","format-standard","hentry","category-allgemein","tag-fc-st-pauli","tag-jhv","tag-oke-goettlich","tag-praesidium","tag-st-pauli","tag-stefan-orth"],"yoast_head":"<!-- This site is optimized with the Yoast SEO plugin v21.0 - https:\/\/yoast.com\/wordpress\/plugins\/seo\/ -->\n<title>Nur Punkrock ist auch langweilig - Speersort 1 - ZEIT ONLINE<\/title>\n<meta name=\"robots\" content=\"index, follow, max-snippet:-1, max-image-preview:large, max-video-preview:-1\" \/>\n<link rel=\"canonical\" href=\"https:\/\/blog.zeit.de\/hamburg\/fcstpauli-neuer-praesident\/\" \/>\n<meta property=\"og:locale\" content=\"de_DE\" \/>\n<meta property=\"og:type\" content=\"article\" \/>\n<meta property=\"og:title\" content=\"Nur Punkrock ist auch langweilig - Speersort 1 - ZEIT ONLINE\" \/>\n<meta property=\"og:description\" content=\"Der FC St. Pauli sucht einen Sonderweg zwischen Kommerzialisierung und eigener Identit\u00e4t. Der Musikmanager Oke G\u00f6ttlich ist als neuer Pr\u00e4sident deshalb eine gute Wahl.\" \/>\n<meta property=\"og:url\" content=\"https:\/\/blog.zeit.de\/hamburg\/fcstpauli-neuer-praesident\/\" \/>\n<meta property=\"og:site_name\" content=\"Speersort 1\" \/>\n<meta property=\"article:author\" content=\"https:\/\/www.facebook.com\/stpaulinu\" \/>\n<meta property=\"article:published_time\" content=\"2014-07-02T13:30:05+00:00\" \/>\n<meta property=\"article:modified_time\" content=\"2014-07-02T13:53:17+00:00\" \/>\n<meta property=\"og:image\" content=\"https:\/\/blog.zeit.de\/hamburg\/files\/2014\/07\/10458021_10152929201844056_8757491823171521650_n-580x296.jpg\" \/>\n<meta name=\"author\" content=\"Erik Hauth\" \/>\n<meta name=\"twitter:card\" content=\"summary_large_image\" \/>\n<meta name=\"twitter:creator\" content=\"@ring2\" \/>\n<meta name=\"twitter:label1\" content=\"Geschrieben von\" \/>\n\t<meta name=\"twitter:data1\" content=\"Erik Hauth\" \/>\n\t<meta name=\"twitter:label2\" content=\"Gesch\u00e4tzte Lesezeit\" \/>\n\t<meta name=\"twitter:data2\" content=\"3\u00a0Minuten\" \/>\n<script type=\"application\/ld+json\" class=\"yoast-schema-graph\">{\"@context\":\"https:\/\/schema.org\",\"@graph\":[{\"@type\":\"WebPage\",\"@id\":\"https:\/\/blog.zeit.de\/hamburg\/fcstpauli-neuer-praesident\/\",\"url\":\"https:\/\/blog.zeit.de\/hamburg\/fcstpauli-neuer-praesident\/\",\"name\":\"Nur Punkrock ist auch langweilig - Speersort 1 - ZEIT ONLINE\",\"isPartOf\":{\"@id\":\"https:\/\/blog.zeit.de\/hamburg\/#website\"},\"datePublished\":\"2014-07-02T13:30:05+00:00\",\"dateModified\":\"2014-07-02T13:53:17+00:00\",\"author\":{\"@id\":\"https:\/\/blog.zeit.de\/hamburg\/#\/schema\/person\/ae2ae61edc5d6a5d6c384e5b44e91bd9\"},\"breadcrumb\":{\"@id\":\"https:\/\/blog.zeit.de\/hamburg\/fcstpauli-neuer-praesident\/#breadcrumb\"},\"inLanguage\":\"de\",\"potentialAction\":[{\"@type\":\"ReadAction\",\"target\":[\"https:\/\/blog.zeit.de\/hamburg\/fcstpauli-neuer-praesident\/\"]}]},{\"@type\":\"BreadcrumbList\",\"@id\":\"https:\/\/blog.zeit.de\/hamburg\/fcstpauli-neuer-praesident\/#breadcrumb\",\"itemListElement\":[{\"@type\":\"ListItem\",\"position\":1,\"name\":\"Startseite\",\"item\":\"https:\/\/blog.zeit.de\/hamburg\/\"},{\"@type\":\"ListItem\",\"position\":2,\"name\":\"Nur Punkrock ist auch langweilig\"}]},{\"@type\":\"WebSite\",\"@id\":\"https:\/\/blog.zeit.de\/hamburg\/#website\",\"url\":\"https:\/\/blog.zeit.de\/hamburg\/\",\"name\":\"Speersort 1\",\"description\":\"Das Hamburg-Blog\",\"potentialAction\":[{\"@type\":\"SearchAction\",\"target\":{\"@type\":\"EntryPoint\",\"urlTemplate\":\"https:\/\/blog.zeit.de\/hamburg\/?s={search_term_string}\"},\"query-input\":\"required name=search_term_string\"}],\"inLanguage\":\"de\"},{\"@type\":\"Person\",\"@id\":\"https:\/\/blog.zeit.de\/hamburg\/#\/schema\/person\/ae2ae61edc5d6a5d6c384e5b44e91bd9\",\"name\":\"Erik Hauth\",\"image\":{\"@type\":\"ImageObject\",\"inLanguage\":\"de\",\"@id\":\"https:\/\/blog.zeit.de\/hamburg\/#\/schema\/person\/image\/\",\"url\":\"https:\/\/secure.gravatar.com\/avatar\/5bd569312ecb276570adaac3712a105857e5a8df7356226c44cc446db9be2c74?s=96&d=mm&r=g\",\"contentUrl\":\"https:\/\/secure.gravatar.com\/avatar\/5bd569312ecb276570adaac3712a105857e5a8df7356226c44cc446db9be2c74?s=96&d=mm&r=g\",\"caption\":\"Erik Hauth\"},\"description\":\"ist aufgewachsen in Blankenese und betreibt das meistgelesene Blog \u00fcber den FC St. Pauli und seinen Stadtteil. Erik war am 16.2.2011 im Volksparkstadion und ist stolz darauf, sich deswegen \\\"Derbysieger\\\" nennen zu d\u00fcrfen.\",\"sameAs\":[\"https:\/\/www.stpaulinu.de\",\"https:\/\/www.facebook.com\/stpaulinu\",\"https:\/\/twitter.com\/ring2\"],\"url\":\"https:\/\/blog.zeit.de\/hamburg\/author\/ehauth\/\"}]}<\/script>\n<!-- \/ Yoast SEO plugin. -->","yoast_head_json":{"title":"Nur Punkrock ist auch langweilig - Speersort 1 - ZEIT ONLINE","robots":{"index":"index","follow":"follow","max-snippet":"max-snippet:-1","max-image-preview":"max-image-preview:large","max-video-preview":"max-video-preview:-1"},"canonical":"https:\/\/blog.zeit.de\/hamburg\/fcstpauli-neuer-praesident\/","og_locale":"de_DE","og_type":"article","og_title":"Nur Punkrock ist auch langweilig - Speersort 1 - ZEIT ONLINE","og_description":"Der FC St. Pauli sucht einen Sonderweg zwischen Kommerzialisierung und eigener Identit\u00e4t. Der Musikmanager Oke G\u00f6ttlich ist als neuer Pr\u00e4sident deshalb eine gute Wahl.","og_url":"https:\/\/blog.zeit.de\/hamburg\/fcstpauli-neuer-praesident\/","og_site_name":"Speersort 1","article_author":"https:\/\/www.facebook.com\/stpaulinu","article_published_time":"2014-07-02T13:30:05+00:00","article_modified_time":"2014-07-02T13:53:17+00:00","og_image":[{"url":"https:\/\/blog.zeit.de\/hamburg\/files\/2014\/07\/10458021_10152929201844056_8757491823171521650_n-580x296.jpg"}],"author":"Erik Hauth","twitter_card":"summary_large_image","twitter_creator":"@ring2","twitter_misc":{"Geschrieben von":"Erik Hauth","Gesch\u00e4tzte Lesezeit":"3\u00a0Minuten"},"schema":{"@context":"https:\/\/schema.org","@graph":[{"@type":"WebPage","@id":"https:\/\/blog.zeit.de\/hamburg\/fcstpauli-neuer-praesident\/","url":"https:\/\/blog.zeit.de\/hamburg\/fcstpauli-neuer-praesident\/","name":"Nur Punkrock ist auch langweilig - Speersort 1 - ZEIT ONLINE","isPartOf":{"@id":"https:\/\/blog.zeit.de\/hamburg\/#website"},"datePublished":"2014-07-02T13:30:05+00:00","dateModified":"2014-07-02T13:53:17+00:00","author":{"@id":"https:\/\/blog.zeit.de\/hamburg\/#\/schema\/person\/ae2ae61edc5d6a5d6c384e5b44e91bd9"},"breadcrumb":{"@id":"https:\/\/blog.zeit.de\/hamburg\/fcstpauli-neuer-praesident\/#breadcrumb"},"inLanguage":"de","potentialAction":[{"@type":"ReadAction","target":["https:\/\/blog.zeit.de\/hamburg\/fcstpauli-neuer-praesident\/"]}]},{"@type":"BreadcrumbList","@id":"https:\/\/blog.zeit.de\/hamburg\/fcstpauli-neuer-praesident\/#breadcrumb","itemListElement":[{"@type":"ListItem","position":1,"name":"Startseite","item":"https:\/\/blog.zeit.de\/hamburg\/"},{"@type":"ListItem","position":2,"name":"Nur Punkrock ist auch langweilig"}]},{"@type":"WebSite","@id":"https:\/\/blog.zeit.de\/hamburg\/#website","url":"https:\/\/blog.zeit.de\/hamburg\/","name":"Speersort 1","description":"Das Hamburg-Blog","potentialAction":[{"@type":"SearchAction","target":{"@type":"EntryPoint","urlTemplate":"https:\/\/blog.zeit.de\/hamburg\/?s={search_term_string}"},"query-input":"required name=search_term_string"}],"inLanguage":"de"},{"@type":"Person","@id":"https:\/\/blog.zeit.de\/hamburg\/#\/schema\/person\/ae2ae61edc5d6a5d6c384e5b44e91bd9","name":"Erik Hauth","image":{"@type":"ImageObject","inLanguage":"de","@id":"https:\/\/blog.zeit.de\/hamburg\/#\/schema\/person\/image\/","url":"https:\/\/secure.gravatar.com\/avatar\/5bd569312ecb276570adaac3712a105857e5a8df7356226c44cc446db9be2c74?s=96&d=mm&r=g","contentUrl":"https:\/\/secure.gravatar.com\/avatar\/5bd569312ecb276570adaac3712a105857e5a8df7356226c44cc446db9be2c74?s=96&d=mm&r=g","caption":"Erik Hauth"},"description":"ist aufgewachsen in Blankenese und betreibt das meistgelesene Blog \u00fcber den FC St. Pauli und seinen Stadtteil. Erik war am 16.2.2011 im Volksparkstadion und ist stolz darauf, sich deswegen \"Derbysieger\" nennen zu d\u00fcrfen.","sameAs":["https:\/\/www.stpaulinu.de","https:\/\/www.facebook.com\/stpaulinu","https:\/\/twitter.com\/ring2"],"url":"https:\/\/blog.zeit.de\/hamburg\/author\/ehauth\/"}]}},"jetpack_featured_media_url":"","jetpack_sharing_enabled":true,"_links":{"self":[{"href":"https:\/\/blog.zeit.de\/hamburg\/wp-json\/wp\/v2\/posts\/1394","targetHints":{"allow":["GET"]}}],"collection":[{"href":"https:\/\/blog.zeit.de\/hamburg\/wp-json\/wp\/v2\/posts"}],"about":[{"href":"https:\/\/blog.zeit.de\/hamburg\/wp-json\/wp\/v2\/types\/post"}],"author":[{"embeddable":true,"href":"https:\/\/blog.zeit.de\/hamburg\/wp-json\/wp\/v2\/users\/474"}],"replies":[{"embeddable":true,"href":"https:\/\/blog.zeit.de\/hamburg\/wp-json\/wp\/v2\/comments?post=1394"}],"version-history":[{"count":20,"href":"https:\/\/blog.zeit.de\/hamburg\/wp-json\/wp\/v2\/posts\/1394\/revisions"}],"predecessor-version":[{"id":1424,"href":"https:\/\/blog.zeit.de\/hamburg\/wp-json\/wp\/v2\/posts\/1394\/revisions\/1424"}],"wp:attachment":[{"href":"https:\/\/blog.zeit.de\/hamburg\/wp-json\/wp\/v2\/media?parent=1394"}],"wp:term":[{"taxonomy":"category","embeddable":true,"href":"https:\/\/blog.zeit.de\/hamburg\/wp-json\/wp\/v2\/categories?post=1394"},{"taxonomy":"post_tag","embeddable":true,"href":"https:\/\/blog.zeit.de\/hamburg\/wp-json\/wp\/v2\/tags?post=1394"}],"curies":[{"name":"wp","href":"https:\/\/api.w.org\/{rel}","templated":true}]}}