{"id":1602,"date":"2014-07-17T09:49:22","date_gmt":"2014-07-17T07:49:22","guid":{"rendered":"http:\/\/blog.zeit.de\/hamburg\/?p=1602"},"modified":"2014-07-17T10:55:05","modified_gmt":"2014-07-17T08:55:05","slug":"nun-ist-der-osten-dran","status":"publish","type":"post","link":"https:\/\/blog.zeit.de\/hamburg\/nun-ist-der-osten-dran\/","title":{"rendered":"Nun ist der Osten dran"},"content":{"rendered":"<p><em>Der schwarz-gr\u00fcne Senat wollte nach S\u00fcden, die SPD will jetzt Hamm, Horn und &amp; Co.\u00a0 entwickeln. Im Konzept dazu fehlt aber noch ein wenig der Realismus. <!--more--><\/em><\/p>\n<p>Erinnert sich noch jemand an den &#8222;Sprung \u00fcber die Elbe&#8220;? Internationale Bauausstellung und Gartenschau, vor zehn Jahren als Impuls f\u00fcr die Erschlie\u00dfung des Hamburger S\u00fcdens erdacht, sind 2013 zu Ende gegangen. Die Wilhelmsburger haben jetzt einen Energiebunker, einen Energieberg, einen Park, der 50 Millionen Euro gekostet hat, und 1200 neue Wohnungen. All das sollte blo\u00df der Auftakt sein, auf 30 bis 50 Jahre war das Projekt angelegt. Und jetzt? Aus der Stadtentwicklungsbeh\u00f6rde h\u00f6rt man, der &#8222;Sprung \u00fcber die Elbe&#8220; sei nicht mehr im Fokus.<\/p>\n<p>Nun ist der Osten dran, letzte Woche pr\u00e4sentierte der Senat das Konzept. 20.000 Wohnungen sollen entstehen. Alle druckten brav die Zauberzahl. Aber daran, ob sie \u00fcberhaupt erreicht werden kann, sind Zweifel angebracht.<\/p>\n<p>Denn erstens h\u00e4lt die Wirtschaftsbeh\u00f6rde daran fest, dass etwa Hammerbrook in erster Linie Gewerbe-, aber nicht Wohngebiet sei. (Woran nichts auszusetzen ist \u2013 eine Stadt braucht Lkw-Reparaturwerkst\u00e4tten, Schrott- und Teppichh\u00e4ndler.)<\/p>\n<p>Zweitens wird schon heute kein Wohnungsbauunternehmen daran gehindert, im Osten ein Sch\u00f6ner-Wohnen-Projekt zwischen die Mietskasernen zu pflanzen. Vereinzelt geschieht das ja auch. Aber gleich 20.000 Wohnungen? Es ist unklar, ob die Gebiete, die das Konzept als m\u00f6gliche Neubaufl\u00e4chen ausweist, aus Umweltschutzgr\u00fcnden \u00fcberhaupt bebaut werden d\u00fcrfen.<\/p>\n<p>Drittens ist die Idee schon einmal gescheitert: Bereits Mitte der Neunziger tr\u00e4umte der damalige Oberbaudirektor Egbert Kossak von einer Erschlie\u00dfung Hammerbrooks und der \u00f6stlichen Stadtteile f\u00fcr Wohnbebauung. Die Ost-Offensive wurden begraben \u2013 auch aus der Einsicht heraus, dass die Stadt zu wenig eigenen Grundbesitz hat, um sie voranzutreiben.<\/p>\n<p>Dass der Senat erneut die Erschlie\u00dfung des Ostens ausruft, hat wohl auch mit dem nahenden Wahlkampf zu tun. Der S\u00fcden war das Projekt des schwarz-gr\u00fcnen Senats \u2013 also muss eine neue Himmelsrichtung her. In dem Konzept sind gute Anregungen zu finden. Aber etwas mehr Realismus w\u00e4re \u00fcberzeugender gewesen.<em><\/em><\/p>\n<p>&nbsp;<\/p>\n","protected":false},"excerpt":{"rendered":"<p>Der schwarz-gr\u00fcne Senat wollte nach S\u00fcden, die SPD will jetzt Hamm, Horn und &amp; Co.\u00a0 entwickeln. Im Konzept dazu fehlt aber noch ein wenig der Realismus.<\/p>\n","protected":false},"author":496,"featured_media":0,"comment_status":"open","ping_status":"open","sticky":false,"template":"","format":"standard","meta":{"_jetpack_memberships_contains_paid_content":false,"footnotes":""},"categories":[16],"tags":[],"class_list":["post-1602","post","type-post","status-publish","format-standard","hentry","category-allgemein"],"yoast_head":"<!-- This site is optimized with the Yoast SEO plugin v21.0 - https:\/\/yoast.com\/wordpress\/plugins\/seo\/ -->\n<title>Stadtentwicklung Hamburg: Nun ist der Osten dran<\/title>\n<meta name=\"robots\" content=\"index, follow, max-snippet:-1, max-image-preview:large, max-video-preview:-1\" \/>\n<link rel=\"canonical\" href=\"https:\/\/blog.zeit.de\/hamburg\/nun-ist-der-osten-dran\/\" \/>\n<meta property=\"og:locale\" content=\"de_DE\" \/>\n<meta property=\"og:type\" content=\"article\" \/>\n<meta property=\"og:title\" content=\"Stadtentwicklung Hamburg: Nun ist der Osten dran\" \/>\n<meta property=\"og:description\" content=\"Der schwarz-gr\u00fcne Senat wollte nach S\u00fcden, die SPD will jetzt Hamm, Horn und &amp; Co.\u00a0 entwickeln. Im Konzept dazu fehlt aber noch ein wenig der Realismus.\" \/>\n<meta property=\"og:url\" content=\"https:\/\/blog.zeit.de\/hamburg\/nun-ist-der-osten-dran\/\" \/>\n<meta property=\"og:site_name\" content=\"Speersort 1\" \/>\n<meta property=\"article:published_time\" content=\"2014-07-17T07:49:22+00:00\" \/>\n<meta property=\"article:modified_time\" content=\"2014-07-17T08:55:05+00:00\" \/>\n<meta name=\"author\" content=\"Christoph Twickel\" \/>\n<meta name=\"twitter:card\" content=\"summary_large_image\" \/>\n<meta name=\"twitter:label1\" content=\"Geschrieben von\" \/>\n\t<meta name=\"twitter:data1\" content=\"Christoph Twickel\" \/>\n\t<meta name=\"twitter:label2\" content=\"Gesch\u00e4tzte Lesezeit\" \/>\n\t<meta name=\"twitter:data2\" content=\"2\u00a0Minuten\" \/>\n<script type=\"application\/ld+json\" class=\"yoast-schema-graph\">{\"@context\":\"https:\/\/schema.org\",\"@graph\":[{\"@type\":\"WebPage\",\"@id\":\"https:\/\/blog.zeit.de\/hamburg\/nun-ist-der-osten-dran\/\",\"url\":\"https:\/\/blog.zeit.de\/hamburg\/nun-ist-der-osten-dran\/\",\"name\":\"Stadtentwicklung Hamburg: Nun ist der Osten dran\",\"isPartOf\":{\"@id\":\"https:\/\/blog.zeit.de\/hamburg\/#website\"},\"datePublished\":\"2014-07-17T07:49:22+00:00\",\"dateModified\":\"2014-07-17T08:55:05+00:00\",\"author\":{\"@id\":\"https:\/\/blog.zeit.de\/hamburg\/#\/schema\/person\/86fdc8d2fbbc43e4115e6680ffcb3fa6\"},\"breadcrumb\":{\"@id\":\"https:\/\/blog.zeit.de\/hamburg\/nun-ist-der-osten-dran\/#breadcrumb\"},\"inLanguage\":\"de\",\"potentialAction\":[{\"@type\":\"ReadAction\",\"target\":[\"https:\/\/blog.zeit.de\/hamburg\/nun-ist-der-osten-dran\/\"]}]},{\"@type\":\"BreadcrumbList\",\"@id\":\"https:\/\/blog.zeit.de\/hamburg\/nun-ist-der-osten-dran\/#breadcrumb\",\"itemListElement\":[{\"@type\":\"ListItem\",\"position\":1,\"name\":\"Startseite\",\"item\":\"https:\/\/blog.zeit.de\/hamburg\/\"},{\"@type\":\"ListItem\",\"position\":2,\"name\":\"Nun ist der Osten dran\"}]},{\"@type\":\"WebSite\",\"@id\":\"https:\/\/blog.zeit.de\/hamburg\/#website\",\"url\":\"https:\/\/blog.zeit.de\/hamburg\/\",\"name\":\"Speersort 1\",\"description\":\"Das Hamburg-Blog\",\"potentialAction\":[{\"@type\":\"SearchAction\",\"target\":{\"@type\":\"EntryPoint\",\"urlTemplate\":\"https:\/\/blog.zeit.de\/hamburg\/?s={search_term_string}\"},\"query-input\":\"required name=search_term_string\"}],\"inLanguage\":\"de\"},{\"@type\":\"Person\",\"@id\":\"https:\/\/blog.zeit.de\/hamburg\/#\/schema\/person\/86fdc8d2fbbc43e4115e6680ffcb3fa6\",\"name\":\"Christoph Twickel\",\"image\":{\"@type\":\"ImageObject\",\"inLanguage\":\"de\",\"@id\":\"https:\/\/blog.zeit.de\/hamburg\/#\/schema\/person\/image\/\",\"url\":\"https:\/\/secure.gravatar.com\/avatar\/04028e41098e5a0fb69b5d10be116b51cc956125e672e0d87e2225b160b2783f?s=96&d=mm&r=g\",\"contentUrl\":\"https:\/\/secure.gravatar.com\/avatar\/04028e41098e5a0fb69b5d10be116b51cc956125e672e0d87e2225b160b2783f?s=96&d=mm&r=g\",\"caption\":\"Christoph Twickel\"},\"description\":\"ist Autor im Hamburg-Ressort der ZEIT.\",\"url\":\"https:\/\/blog.zeit.de\/hamburg\/author\/christophtwickel\/\"}]}<\/script>\n<!-- \/ Yoast SEO plugin. -->","yoast_head_json":{"title":"Stadtentwicklung Hamburg: Nun ist der Osten dran","robots":{"index":"index","follow":"follow","max-snippet":"max-snippet:-1","max-image-preview":"max-image-preview:large","max-video-preview":"max-video-preview:-1"},"canonical":"https:\/\/blog.zeit.de\/hamburg\/nun-ist-der-osten-dran\/","og_locale":"de_DE","og_type":"article","og_title":"Stadtentwicklung Hamburg: Nun ist der Osten dran","og_description":"Der schwarz-gr\u00fcne Senat wollte nach S\u00fcden, die SPD will jetzt Hamm, Horn und &amp; Co.\u00a0 entwickeln. Im Konzept dazu fehlt aber noch ein wenig der Realismus.","og_url":"https:\/\/blog.zeit.de\/hamburg\/nun-ist-der-osten-dran\/","og_site_name":"Speersort 1","article_published_time":"2014-07-17T07:49:22+00:00","article_modified_time":"2014-07-17T08:55:05+00:00","author":"Christoph Twickel","twitter_card":"summary_large_image","twitter_misc":{"Geschrieben von":"Christoph Twickel","Gesch\u00e4tzte Lesezeit":"2\u00a0Minuten"},"schema":{"@context":"https:\/\/schema.org","@graph":[{"@type":"WebPage","@id":"https:\/\/blog.zeit.de\/hamburg\/nun-ist-der-osten-dran\/","url":"https:\/\/blog.zeit.de\/hamburg\/nun-ist-der-osten-dran\/","name":"Stadtentwicklung Hamburg: Nun ist der Osten dran","isPartOf":{"@id":"https:\/\/blog.zeit.de\/hamburg\/#website"},"datePublished":"2014-07-17T07:49:22+00:00","dateModified":"2014-07-17T08:55:05+00:00","author":{"@id":"https:\/\/blog.zeit.de\/hamburg\/#\/schema\/person\/86fdc8d2fbbc43e4115e6680ffcb3fa6"},"breadcrumb":{"@id":"https:\/\/blog.zeit.de\/hamburg\/nun-ist-der-osten-dran\/#breadcrumb"},"inLanguage":"de","potentialAction":[{"@type":"ReadAction","target":["https:\/\/blog.zeit.de\/hamburg\/nun-ist-der-osten-dran\/"]}]},{"@type":"BreadcrumbList","@id":"https:\/\/blog.zeit.de\/hamburg\/nun-ist-der-osten-dran\/#breadcrumb","itemListElement":[{"@type":"ListItem","position":1,"name":"Startseite","item":"https:\/\/blog.zeit.de\/hamburg\/"},{"@type":"ListItem","position":2,"name":"Nun ist der Osten dran"}]},{"@type":"WebSite","@id":"https:\/\/blog.zeit.de\/hamburg\/#website","url":"https:\/\/blog.zeit.de\/hamburg\/","name":"Speersort 1","description":"Das Hamburg-Blog","potentialAction":[{"@type":"SearchAction","target":{"@type":"EntryPoint","urlTemplate":"https:\/\/blog.zeit.de\/hamburg\/?s={search_term_string}"},"query-input":"required name=search_term_string"}],"inLanguage":"de"},{"@type":"Person","@id":"https:\/\/blog.zeit.de\/hamburg\/#\/schema\/person\/86fdc8d2fbbc43e4115e6680ffcb3fa6","name":"Christoph Twickel","image":{"@type":"ImageObject","inLanguage":"de","@id":"https:\/\/blog.zeit.de\/hamburg\/#\/schema\/person\/image\/","url":"https:\/\/secure.gravatar.com\/avatar\/04028e41098e5a0fb69b5d10be116b51cc956125e672e0d87e2225b160b2783f?s=96&d=mm&r=g","contentUrl":"https:\/\/secure.gravatar.com\/avatar\/04028e41098e5a0fb69b5d10be116b51cc956125e672e0d87e2225b160b2783f?s=96&d=mm&r=g","caption":"Christoph Twickel"},"description":"ist Autor im Hamburg-Ressort der ZEIT.","url":"https:\/\/blog.zeit.de\/hamburg\/author\/christophtwickel\/"}]}},"jetpack_featured_media_url":"","jetpack_sharing_enabled":true,"_links":{"self":[{"href":"https:\/\/blog.zeit.de\/hamburg\/wp-json\/wp\/v2\/posts\/1602","targetHints":{"allow":["GET"]}}],"collection":[{"href":"https:\/\/blog.zeit.de\/hamburg\/wp-json\/wp\/v2\/posts"}],"about":[{"href":"https:\/\/blog.zeit.de\/hamburg\/wp-json\/wp\/v2\/types\/post"}],"author":[{"embeddable":true,"href":"https:\/\/blog.zeit.de\/hamburg\/wp-json\/wp\/v2\/users\/496"}],"replies":[{"embeddable":true,"href":"https:\/\/blog.zeit.de\/hamburg\/wp-json\/wp\/v2\/comments?post=1602"}],"version-history":[{"count":5,"href":"https:\/\/blog.zeit.de\/hamburg\/wp-json\/wp\/v2\/posts\/1602\/revisions"}],"predecessor-version":[{"id":1613,"href":"https:\/\/blog.zeit.de\/hamburg\/wp-json\/wp\/v2\/posts\/1602\/revisions\/1613"}],"wp:attachment":[{"href":"https:\/\/blog.zeit.de\/hamburg\/wp-json\/wp\/v2\/media?parent=1602"}],"wp:term":[{"taxonomy":"category","embeddable":true,"href":"https:\/\/blog.zeit.de\/hamburg\/wp-json\/wp\/v2\/categories?post=1602"},{"taxonomy":"post_tag","embeddable":true,"href":"https:\/\/blog.zeit.de\/hamburg\/wp-json\/wp\/v2\/tags?post=1602"}],"curies":[{"name":"wp","href":"https:\/\/api.w.org\/{rel}","templated":true}]}}