{"id":1760,"date":"2014-08-12T17:34:53","date_gmt":"2014-08-12T15:34:53","guid":{"rendered":"http:\/\/blog.zeit.de\/hamburg\/?p=1760"},"modified":"2014-08-12T18:13:52","modified_gmt":"2014-08-12T16:13:52","slug":"nein-holt-nicht-stani-zurueck","status":"publish","type":"post","link":"https:\/\/blog.zeit.de\/hamburg\/nein-holt-nicht-stani-zurueck\/","title":{"rendered":"Nein, holt nicht Stani zur\u00fcck!"},"content":{"rendered":"<p><em>Immer wenn St. Pauli schlecht spielt, rufen Fans nach ihrem Ex-Trainer Holger Stanislawski \u2014 so wie jetzt gerade. Bei Blogger Erik Hauth l\u00f6st das Albtr\u00e4ume aus.<\/em><\/p>\n<p><!--more--><\/p>\n<p>In letzter Zeit habe ich immer wieder einen Traum: Ich schaue mich um und merke, dass sich um mich herum alle Menschen sehr freuen, einer rennt sogar nackt \u00fcber die Reeperbahn. Alle au\u00dfer mir. Ich sitze in meinem Traum da und fange an, still zu schreien: &#8222;Nein, holt nicht Stani zur\u00fcck!&#8220; Dann wache ich immer auf.<\/p>\n<p>Angefangen hat das mit meinen Albtr\u00e4umen mit dem Abgang von Michael Frontzeck, einem der Nachfolger von Holger Stanislawski, dem langj\u00e4hrigen Spieler und Trainer des Kiezclubs. Stani war nach Hoffenheim gegangen. Wirklich \u00fcbel hatte ihm das zu Hause kaum jemand genommen: Kaum war Frontzeck entlassen, riefen viele St.-Paulianer nach ihm. Es dauerte nicht eine Schamsekunde lang.<\/p>\n<p>&#8222;Stani, komm zur\u00fcck&#8220;, flehte es leise im Umfeld meines Vereins. Und meine Albtr\u00e4ume begannen. Zu frisch waren die Erinnerungen an den schmollenden Abgang der Kiezlegende. Das kann ich nicht vergessen. Die Rufe nach dem St.-Pauli-Urgestein und dem vermeintlichen Trainerstar verhallten seitdem nie ganz.<\/p>\n<p>Der neue Coach, Roland Vrabec, ackert seit Jahresbeginn m\u00fcrrisch daran, aus einer talentierten Truppe ein Team zu formen. Leider mit unstetem Erfolg. Deswegen reichen Kleinigkeiten, um\u00a0 bei mir Einschlafst\u00f6rungen zu verursachen \u2014 aus Angst, dass das Tr\u00e4umen wieder losgeht.<\/p>\n<p>Besonders heftig war es im Mai: Andr\u00e9 Trulsen meldete sich in der\u00a0<em>Mopo<\/em> zu Wort. Er war Stanis rechte Hand, erst auf St. Pauli, dann in Hoffenheim und sp\u00e4ter in K\u00f6ln. &#8222;Wir sind in der Warteschleife. Aber vor September, Oktober wird sich vermutlich nichts tun&#8220;, sagte er <a href=\"http:\/\/www.mopo.de\/st-pauli\/seit-einem-jahr-ohne-job--trulsen--mit-stanislawski-in-der-warteschlange,5067040,27338816.html\" target=\"_blank\">der Boulevardzeitung.<\/a> Das hat eine intensive Traumphase bei mir ausgel\u00f6st.<\/p>\n<p>In meinen Tr\u00e4umen muss ich manchmal Stanis <a title=\"Stanislawski Pressekonferenz\" href=\"http:\/\/www.stpaulinu.de\/germany-bundesliga\/stanislawski-zwischen-wutrede-und-gejammer\" target=\"_blank\">Pressekonferenzen<\/a> organisieren, es wirkt ganz logisch, dass ich das tue.\u00a0 Die Mannschaft befindet sich kurz vorm Abstieg in Liga drei und der zur\u00fcckgeholte Trainer wirft &#8222;dem einen oder anderen&#8220; vor, hinterr\u00fccks ihn und seine Mannschaft infrage zu stellen. Da ist sie wieder,\u00a0 seine schallplattenartige Sprechweise. Man m\u00fcsse sich nun &#8222;endlich mal belohnen&#8220;, sagt Stani weiter. Der Teammanager schl\u00e4gt w\u00e4hrenddessen die ganze Zeit wild auf einen &#8222;Reset-Knopf&#8220; ein.<\/p>\n<p>Ende Juni endlich dachte ich, es w\u00e4re vorbei mit den Albtr\u00e4umen. Da verk\u00fcndete Holger Stanislawski, dass er gemeinsam mit dem Ex-HSV-Fu\u00dfballer Alexander Laas einen Supermarkt in Winterhude \u00fcbernommen habe. Was f\u00fcr eine Erleichterung. Wenn er zwischen Regalen und K\u00e4setheke hin und her rennen muss, kommt er nicht mehr f\u00fcr einen Job an der Seitenlinie infrage, dachte ich.<\/p>\n<p>Dann begann die neue Saison. Und schon beim ersten Spiel, beim <a href=\"http:\/\/www.zeit.de\/hamburg\/fussball\/2014-08\/fc-st-pauli-ingolstadt-bundesliga\" target=\"_blank\">&#8222;Schietspiel&#8220; gegen Ingolstadt<\/a>, drehte sich Willi M. im Stadion zu mir um und fragte: &#8222;Wer \u00fcbernimmt denn jetzt den Supermarkt, wenn Stani wieder bei uns Trainer ist?&#8220; Mir wurde schwarz vor Augen. Kurz bevor ich erwachte, strich mir Holger Stanislawski z\u00e4rtlich das Einlauf-Konfetti aus dem Haar und sagte sanft: &#8222;Wunder lassen sich nicht wiederholen.&#8220;<\/p>\n<p>Willi M. erz\u00e4hlte mir, dass ich gel\u00e4chelt h\u00e4tte, als ich zu mir kam.<\/p>\n","protected":false},"excerpt":{"rendered":"<p>Immer wenn St. Pauli schlecht spielt, rufen Fans nach ihrem Ex-Trainer Holger Stanislawski \u2014 so wie jetzt gerade. Bei Blogger Erik Hauth l\u00f6st das Albtr\u00e4ume aus.<\/p>\n","protected":false},"author":474,"featured_media":0,"comment_status":"closed","ping_status":"closed","sticky":false,"template":"","format":"standard","meta":{"_jetpack_memberships_contains_paid_content":false,"footnotes":""},"categories":[16],"tags":[31479,2663,31477,31422,31478],"class_list":["post-1760","post","type-post","status-publish","format-standard","hentry","category-allgemein","tag-albtraum","tag-fc-st-pauli","tag-holger-stanislawski","tag-roland-vrabec","tag-trainerdiskussion"],"yoast_head":"<!-- This site is optimized with the Yoast SEO plugin v21.0 - https:\/\/yoast.com\/wordpress\/plugins\/seo\/ -->\n<title>Nein, holt nicht Stani zur\u00fcck! - Speersort 1 - ZEIT ONLINE<\/title>\n<meta name=\"robots\" content=\"index, follow, max-snippet:-1, max-image-preview:large, max-video-preview:-1\" \/>\n<link rel=\"canonical\" href=\"https:\/\/blog.zeit.de\/hamburg\/nein-holt-nicht-stani-zurueck\/\" \/>\n<meta property=\"og:locale\" content=\"de_DE\" \/>\n<meta property=\"og:type\" content=\"article\" \/>\n<meta property=\"og:title\" content=\"Nein, holt nicht Stani zur\u00fcck! - Speersort 1 - ZEIT ONLINE\" \/>\n<meta property=\"og:description\" content=\"Immer wenn St. Pauli schlecht spielt, rufen Fans nach ihrem Ex-Trainer Holger Stanislawski \u2014 so wie jetzt gerade. Bei Blogger Erik Hauth l\u00f6st das Albtr\u00e4ume aus.\" \/>\n<meta property=\"og:url\" content=\"https:\/\/blog.zeit.de\/hamburg\/nein-holt-nicht-stani-zurueck\/\" \/>\n<meta property=\"og:site_name\" content=\"Speersort 1\" \/>\n<meta property=\"article:author\" content=\"https:\/\/www.facebook.com\/stpaulinu\" \/>\n<meta property=\"article:published_time\" content=\"2014-08-12T15:34:53+00:00\" \/>\n<meta property=\"article:modified_time\" content=\"2014-08-12T16:13:52+00:00\" \/>\n<meta name=\"author\" content=\"Erik Hauth\" \/>\n<meta name=\"twitter:card\" content=\"summary_large_image\" \/>\n<meta name=\"twitter:creator\" content=\"@ring2\" \/>\n<meta name=\"twitter:label1\" content=\"Geschrieben von\" \/>\n\t<meta name=\"twitter:data1\" content=\"Erik Hauth\" \/>\n\t<meta name=\"twitter:label2\" content=\"Gesch\u00e4tzte Lesezeit\" \/>\n\t<meta name=\"twitter:data2\" content=\"3\u00a0Minuten\" \/>\n<script type=\"application\/ld+json\" class=\"yoast-schema-graph\">{\"@context\":\"https:\/\/schema.org\",\"@graph\":[{\"@type\":\"WebPage\",\"@id\":\"https:\/\/blog.zeit.de\/hamburg\/nein-holt-nicht-stani-zurueck\/\",\"url\":\"https:\/\/blog.zeit.de\/hamburg\/nein-holt-nicht-stani-zurueck\/\",\"name\":\"Nein, holt nicht Stani zur\u00fcck! - Speersort 1 - ZEIT ONLINE\",\"isPartOf\":{\"@id\":\"https:\/\/blog.zeit.de\/hamburg\/#website\"},\"datePublished\":\"2014-08-12T15:34:53+00:00\",\"dateModified\":\"2014-08-12T16:13:52+00:00\",\"author\":{\"@id\":\"https:\/\/blog.zeit.de\/hamburg\/#\/schema\/person\/ae2ae61edc5d6a5d6c384e5b44e91bd9\"},\"breadcrumb\":{\"@id\":\"https:\/\/blog.zeit.de\/hamburg\/nein-holt-nicht-stani-zurueck\/#breadcrumb\"},\"inLanguage\":\"de\",\"potentialAction\":[{\"@type\":\"ReadAction\",\"target\":[\"https:\/\/blog.zeit.de\/hamburg\/nein-holt-nicht-stani-zurueck\/\"]}]},{\"@type\":\"BreadcrumbList\",\"@id\":\"https:\/\/blog.zeit.de\/hamburg\/nein-holt-nicht-stani-zurueck\/#breadcrumb\",\"itemListElement\":[{\"@type\":\"ListItem\",\"position\":1,\"name\":\"Startseite\",\"item\":\"https:\/\/blog.zeit.de\/hamburg\/\"},{\"@type\":\"ListItem\",\"position\":2,\"name\":\"Nein, holt nicht Stani zur\u00fcck!\"}]},{\"@type\":\"WebSite\",\"@id\":\"https:\/\/blog.zeit.de\/hamburg\/#website\",\"url\":\"https:\/\/blog.zeit.de\/hamburg\/\",\"name\":\"Speersort 1\",\"description\":\"Das Hamburg-Blog\",\"potentialAction\":[{\"@type\":\"SearchAction\",\"target\":{\"@type\":\"EntryPoint\",\"urlTemplate\":\"https:\/\/blog.zeit.de\/hamburg\/?s={search_term_string}\"},\"query-input\":\"required name=search_term_string\"}],\"inLanguage\":\"de\"},{\"@type\":\"Person\",\"@id\":\"https:\/\/blog.zeit.de\/hamburg\/#\/schema\/person\/ae2ae61edc5d6a5d6c384e5b44e91bd9\",\"name\":\"Erik Hauth\",\"image\":{\"@type\":\"ImageObject\",\"inLanguage\":\"de\",\"@id\":\"https:\/\/blog.zeit.de\/hamburg\/#\/schema\/person\/image\/\",\"url\":\"https:\/\/secure.gravatar.com\/avatar\/5bd569312ecb276570adaac3712a105857e5a8df7356226c44cc446db9be2c74?s=96&d=mm&r=g\",\"contentUrl\":\"https:\/\/secure.gravatar.com\/avatar\/5bd569312ecb276570adaac3712a105857e5a8df7356226c44cc446db9be2c74?s=96&d=mm&r=g\",\"caption\":\"Erik Hauth\"},\"description\":\"ist aufgewachsen in Blankenese und betreibt das meistgelesene Blog \u00fcber den FC St. Pauli und seinen Stadtteil. Erik war am 16.2.2011 im Volksparkstadion und ist stolz darauf, sich deswegen \\\"Derbysieger\\\" nennen zu d\u00fcrfen.\",\"sameAs\":[\"https:\/\/www.stpaulinu.de\",\"https:\/\/www.facebook.com\/stpaulinu\",\"https:\/\/twitter.com\/ring2\"],\"url\":\"https:\/\/blog.zeit.de\/hamburg\/author\/ehauth\/\"}]}<\/script>\n<!-- \/ Yoast SEO plugin. -->","yoast_head_json":{"title":"Nein, holt nicht Stani zur\u00fcck! - Speersort 1 - ZEIT ONLINE","robots":{"index":"index","follow":"follow","max-snippet":"max-snippet:-1","max-image-preview":"max-image-preview:large","max-video-preview":"max-video-preview:-1"},"canonical":"https:\/\/blog.zeit.de\/hamburg\/nein-holt-nicht-stani-zurueck\/","og_locale":"de_DE","og_type":"article","og_title":"Nein, holt nicht Stani zur\u00fcck! - Speersort 1 - ZEIT ONLINE","og_description":"Immer wenn St. Pauli schlecht spielt, rufen Fans nach ihrem Ex-Trainer Holger Stanislawski \u2014 so wie jetzt gerade. Bei Blogger Erik Hauth l\u00f6st das Albtr\u00e4ume aus.","og_url":"https:\/\/blog.zeit.de\/hamburg\/nein-holt-nicht-stani-zurueck\/","og_site_name":"Speersort 1","article_author":"https:\/\/www.facebook.com\/stpaulinu","article_published_time":"2014-08-12T15:34:53+00:00","article_modified_time":"2014-08-12T16:13:52+00:00","author":"Erik Hauth","twitter_card":"summary_large_image","twitter_creator":"@ring2","twitter_misc":{"Geschrieben von":"Erik Hauth","Gesch\u00e4tzte Lesezeit":"3\u00a0Minuten"},"schema":{"@context":"https:\/\/schema.org","@graph":[{"@type":"WebPage","@id":"https:\/\/blog.zeit.de\/hamburg\/nein-holt-nicht-stani-zurueck\/","url":"https:\/\/blog.zeit.de\/hamburg\/nein-holt-nicht-stani-zurueck\/","name":"Nein, holt nicht Stani zur\u00fcck! - Speersort 1 - ZEIT ONLINE","isPartOf":{"@id":"https:\/\/blog.zeit.de\/hamburg\/#website"},"datePublished":"2014-08-12T15:34:53+00:00","dateModified":"2014-08-12T16:13:52+00:00","author":{"@id":"https:\/\/blog.zeit.de\/hamburg\/#\/schema\/person\/ae2ae61edc5d6a5d6c384e5b44e91bd9"},"breadcrumb":{"@id":"https:\/\/blog.zeit.de\/hamburg\/nein-holt-nicht-stani-zurueck\/#breadcrumb"},"inLanguage":"de","potentialAction":[{"@type":"ReadAction","target":["https:\/\/blog.zeit.de\/hamburg\/nein-holt-nicht-stani-zurueck\/"]}]},{"@type":"BreadcrumbList","@id":"https:\/\/blog.zeit.de\/hamburg\/nein-holt-nicht-stani-zurueck\/#breadcrumb","itemListElement":[{"@type":"ListItem","position":1,"name":"Startseite","item":"https:\/\/blog.zeit.de\/hamburg\/"},{"@type":"ListItem","position":2,"name":"Nein, holt nicht Stani zur\u00fcck!"}]},{"@type":"WebSite","@id":"https:\/\/blog.zeit.de\/hamburg\/#website","url":"https:\/\/blog.zeit.de\/hamburg\/","name":"Speersort 1","description":"Das Hamburg-Blog","potentialAction":[{"@type":"SearchAction","target":{"@type":"EntryPoint","urlTemplate":"https:\/\/blog.zeit.de\/hamburg\/?s={search_term_string}"},"query-input":"required name=search_term_string"}],"inLanguage":"de"},{"@type":"Person","@id":"https:\/\/blog.zeit.de\/hamburg\/#\/schema\/person\/ae2ae61edc5d6a5d6c384e5b44e91bd9","name":"Erik Hauth","image":{"@type":"ImageObject","inLanguage":"de","@id":"https:\/\/blog.zeit.de\/hamburg\/#\/schema\/person\/image\/","url":"https:\/\/secure.gravatar.com\/avatar\/5bd569312ecb276570adaac3712a105857e5a8df7356226c44cc446db9be2c74?s=96&d=mm&r=g","contentUrl":"https:\/\/secure.gravatar.com\/avatar\/5bd569312ecb276570adaac3712a105857e5a8df7356226c44cc446db9be2c74?s=96&d=mm&r=g","caption":"Erik Hauth"},"description":"ist aufgewachsen in Blankenese und betreibt das meistgelesene Blog \u00fcber den FC St. Pauli und seinen Stadtteil. Erik war am 16.2.2011 im Volksparkstadion und ist stolz darauf, sich deswegen \"Derbysieger\" nennen zu d\u00fcrfen.","sameAs":["https:\/\/www.stpaulinu.de","https:\/\/www.facebook.com\/stpaulinu","https:\/\/twitter.com\/ring2"],"url":"https:\/\/blog.zeit.de\/hamburg\/author\/ehauth\/"}]}},"jetpack_featured_media_url":"","jetpack_sharing_enabled":true,"_links":{"self":[{"href":"https:\/\/blog.zeit.de\/hamburg\/wp-json\/wp\/v2\/posts\/1760","targetHints":{"allow":["GET"]}}],"collection":[{"href":"https:\/\/blog.zeit.de\/hamburg\/wp-json\/wp\/v2\/posts"}],"about":[{"href":"https:\/\/blog.zeit.de\/hamburg\/wp-json\/wp\/v2\/types\/post"}],"author":[{"embeddable":true,"href":"https:\/\/blog.zeit.de\/hamburg\/wp-json\/wp\/v2\/users\/474"}],"replies":[{"embeddable":true,"href":"https:\/\/blog.zeit.de\/hamburg\/wp-json\/wp\/v2\/comments?post=1760"}],"version-history":[{"count":34,"href":"https:\/\/blog.zeit.de\/hamburg\/wp-json\/wp\/v2\/posts\/1760\/revisions"}],"predecessor-version":[{"id":1847,"href":"https:\/\/blog.zeit.de\/hamburg\/wp-json\/wp\/v2\/posts\/1760\/revisions\/1847"}],"wp:attachment":[{"href":"https:\/\/blog.zeit.de\/hamburg\/wp-json\/wp\/v2\/media?parent=1760"}],"wp:term":[{"taxonomy":"category","embeddable":true,"href":"https:\/\/blog.zeit.de\/hamburg\/wp-json\/wp\/v2\/categories?post=1760"},{"taxonomy":"post_tag","embeddable":true,"href":"https:\/\/blog.zeit.de\/hamburg\/wp-json\/wp\/v2\/tags?post=1760"}],"curies":[{"name":"wp","href":"https:\/\/api.w.org\/{rel}","templated":true}]}}