{"id":1939,"date":"2014-09-16T14:32:56","date_gmt":"2014-09-16T12:32:56","guid":{"rendered":"http:\/\/blog.zeit.de\/hamburg\/?p=1939"},"modified":"2014-09-16T14:32:56","modified_gmt":"2014-09-16T12:32:56","slug":"park-and-ride-dilemma","status":"publish","type":"post","link":"https:\/\/blog.zeit.de\/hamburg\/park-and-ride-dilemma\/","title":{"rendered":"Eine seltsame Idee"},"content":{"rendered":"<p><em>Die Ferien sind vorbei \u2013 die Parkh\u00e4user stehen leer. Sven Dietrich aus der Vorstadt fragt sich: Was bringen die Parkgeb\u00fchren? Und warum gibt es nicht genug Fahrradpl\u00e4tze?<\/em><\/p>\n<p>Seit Ende Juli 2014 ist <em>Park-and-Ride<\/em> in Hamburg geb\u00fchrenpflichtig. Es kostet zwei Euro pro Tag, sein Auto in einem der Parkh\u00e4user an den Bahnh\u00f6fen abzustellen. F\u00fcr ein Monatsticket sind 20 Euro und f\u00fcr eine Jahreskarte 200 Euro f\u00e4llig. Was diese Zusatzbelastungen wirklich bedeuten,\u00a0 wird aber erst jetzt klar \u2014 seit in Hamburg und den angrenzenden Bundesl\u00e4ndern die Sommerferien beendet sind und wieder von allen Seiten Pendler in die Hansestadt str\u00f6men.<\/p>\n<dl id=\"attachment_1950\" class=\"wp-caption alignnone\">\n<dt class=\"wp-caption-dt\">\n<p><figure id=\"attachment_1950\" aria-describedby=\"caption-attachment-1950\" style=\"width: 580px\" class=\"wp-caption alignnone\"><img loading=\"lazy\" decoding=\"async\" class=\"wp-image-1950 size-medium\" src=\"https:\/\/blog.zeit.de\/hamburg\/files\/2014\/08\/IMG_9966-580x347.jpg\" alt=\"Park + Ride Geb\u00fchren Hamburg am Automaten \" width=\"580\" height=\"347\" srcset=\"https:\/\/blog.zeit.de\/hamburg\/files\/2014\/08\/IMG_9966-580x347.jpg 580w, https:\/\/blog.zeit.de\/hamburg\/files\/2014\/08\/IMG_9966-1024x614.jpg 1024w\" sizes=\"auto, (max-width: 580px) 100vw, 580px\" \/><figcaption id=\"caption-attachment-1950\" class=\"wp-caption-text\">Park + Ride Geb\u00fchren Hamburg am Automaten<\/figcaption><\/figure><\/p>\n<\/dt>\n<\/dl>\n<p><!--more--><\/p>\n<p>&#8222;Es sind doch nur zwei Euro am Tag&#8220; \u2014 mit dieser Milchm\u00e4dchenrechnung wird die Geb\u00fchr von Politik und Experten schon mal bewertet. Das ist leider nicht korrekt. Der normale Pendler zahlt bereits 81,90 Euro f\u00fcr sein Gro\u00dfbereich-Monatsticket im Abo. Das sind, um im Milchm\u00e4dchenrechnungsmodus zu bleiben, f\u00fcr 20 Arbeitstage 4,1 Euro pro Tag. Nat\u00fcrlich sind da zus\u00e4tzliche zwei Euro mehr als sp\u00fcrbar.<\/p>\n<p>Es gibt 40 <em>Park-and-Ride<\/em>-Standorte in Hamburg, in zehn davon d\u00fcrfen Autofahrer nur gegen Bezahlung parken. Soweit ich es im Internet finde, gilt die neue Geb\u00fchr f\u00fcr die H\u00e4user in Bergedorf, Harburg, Nettelnburg, Neugraben, Neuwiedenthal, Rahlstedt, Steinfurther Allee, Veddel, Volksdorf und Meiendorfer Weg.<\/p>\n<p>An dem Parkhaus im Meiendorfer Weg komme ich t\u00e4glich vorbei. Daher versuche ich einmal, mich dem Ph\u00e4nomen der <em>Park and Ride<\/em>-Geb\u00fchren anhand dieses Beispiels zu n\u00e4hern. Ich nehme an, dass es an anderen Standorten \u00e4hnlich aussieht.<\/p>\n<p><strong>Das Problem<\/strong><\/p>\n<p>Zun\u00e4chst einmal: Die Idee des <em>Park-and-Ride<\/em> ist eigentlich eine gute Idee. Hamburg ist f\u00fcr viele Menschen aus unterschiedlichsten Gr\u00fcnden zu teuer, laut oder dreckig und daher wandern sie an den Stadtrand oder verschwinden komplett im Speckg\u00fcrtel. Die Zahl der Pendler in Hamburg steigt seit Jahren. Viele Menschen vom Stadtrand oder vom Umland sind in der Vergangenheit zu einem <em>Park-and-Ride-<\/em>Haus gefahren und nutzten ab dort Bus oder Bahn. Das funktionierte jahrelang soweit ganz gut.<\/p>\n<p>Jetzt muss man 200 Euro zahlen \u2014 und hat dennoch keinen Anspruch auf einen Parkplatz. Wenn ein Haus voll ist, hat man\u00a0 eben Pech. Das war in der Vergangenheit genauso, aber in Kombination mit Geb\u00fchren ist das jetzt, vorsichtig ausgedr\u00fcckt, suboptimal.<\/p>\n<p><strong>Die Auswirkungen<\/strong><\/p>\n<p>Bislang war das<em> Park-and-Ride-<\/em>Haus am Meiendorfer Weg halbwegs gef\u00fcllt. Das Angebot wurde sichtbar genutzt. Seit dem Ende der Sommerferien ist das Parkhaus praktisch leer.<\/p>\n<p>Leer im Sinne von:<\/p>\n<ul>\n<li>ein Montagmorgen<\/li>\n<li>ein dreist\u00f6ckiges Parkhaus<\/li>\n<li>knapp 250 Parkpl\u00e4tze<\/li>\n<li>25 parkende Fahrzeuge<\/li>\n<\/ul>\n<p><img loading=\"lazy\" decoding=\"async\" class=\"alignnone wp-image-2003 size-medium\" src=\"https:\/\/blog.zeit.de\/hamburg\/files\/2014\/08\/IMG_9970-580x347.png\" alt=\"IMG_9970\" width=\"580\" height=\"347\" srcset=\"https:\/\/blog.zeit.de\/hamburg\/files\/2014\/08\/IMG_9970-580x347.png 580w, https:\/\/blog.zeit.de\/hamburg\/files\/2014\/08\/IMG_9970-1024x614.png 1024w, https:\/\/blog.zeit.de\/hamburg\/files\/2014\/08\/IMG_9970.png 1632w\" sizes=\"auto, (max-width: 580px) 100vw, 580px\" \/><\/p>\n<p><strong>Das Vers\u00e4umnis<\/strong><\/p>\n<p>Dabei wird bei all den Debatten um leere Parkh\u00e4user eine Sache stets vergessen: Fahrr\u00e4der. F\u00fcr sie gibt es aktuell im Parkhaus am Meiendorfer Weg genau 24 Boxen und 34 abgeschlossene Stellpl\u00e4tze.<\/p>\n<p>Eine Box oder ein Stellplatz kosten acht Euro pro Monat, quartalsweise k\u00fcndbar. V\u00f6llig unverst\u00e4ndlich, warum das nahezu leerstehende Parkhaus daf\u00fcr eine Warteliste f\u00fchrt. Nach telefonischer Auskunft stehen 18 Personen darauf. Aus Gr\u00fcnden, die ich nicht verstehe, verzichtet man bei <em>Park and Ride<\/em> auf weitere Fahrradstellpl\u00e4tze \u2014 und auf die damit verbundenen Einnahmen.<\/p>\n<p><figure id=\"attachment_1944\" aria-describedby=\"caption-attachment-1944\" style=\"width: 580px\" class=\"wp-caption alignnone\"><img loading=\"lazy\" decoding=\"async\" class=\"wp-image-1944 size-medium\" src=\"https:\/\/blog.zeit.de\/hamburg\/files\/2014\/08\/IMG_20140825_085048-580x435.jpg\" alt=\"Fahrradboxen von Park + Ride Hamburg Meiendorfer Weg \" width=\"580\" height=\"435\" srcset=\"https:\/\/blog.zeit.de\/hamburg\/files\/2014\/08\/IMG_20140825_085048-580x435.jpg 580w, https:\/\/blog.zeit.de\/hamburg\/files\/2014\/08\/IMG_20140825_085048-1024x768.jpg 1024w\" sizes=\"auto, (max-width: 580px) 100vw, 580px\" \/><figcaption id=\"caption-attachment-1944\" class=\"wp-caption-text\">Fahrradboxen von Park + Ride Hamburg Meiendorfer Weg<\/figcaption><\/figure><\/p>\n<p>Bei den vielen R\u00e4dern in unmittelbarer N\u00e4he der U-Bahnstation werden ganz sicher noch mehr als 18 Personen einen Stellplatz mieten wollen. Es bereitet mir beinahe Logik-Kopfschmerzen, dass das \u00fcbersehen wird. Das Haus k\u00f6nnte mehr Einnahmen generieren und ich h\u00e4tte sogar einen garantierten Parkplatz.<\/p>\n<p><strong>Die Forderung<\/strong><\/p>\n<p>Klar, ich w\u00fcrde mich freuen, wenn der aktuelle Mangel an Autos im Parkhaus zu mehr Fahrradstellpl\u00e4tzen f\u00fchren w\u00fcrde. Grunds\u00e4tzlich bin ich aber vor allem gegen die Geb\u00fchren f\u00fcr Autofahrer. Menschen, die ihr Auto au\u00dferhalb der Innenstadt stehen lassen, m\u00fcssen unterst\u00fctzt und nicht belastet werden.<\/p>\n<p>&nbsp;<\/p>\n","protected":false},"excerpt":{"rendered":"<p>Die Ferien sind vorbei \u2013 die Parkh\u00e4user stehen leer. Sven Dietrich aus der Vorstadt fragt sich: Was bringen die Parkgeb\u00fchren? Und warum gibt es nicht genug Fahrradpl\u00e4tze? Seit Ende Juli 2014 ist Park-and-Ride in Hamburg geb\u00fchrenpflichtig. Es kostet zwei Euro pro Tag, sein Auto in einem der Parkh\u00e4user an den Bahnh\u00f6fen abzustellen. F\u00fcr ein Monatsticket [&hellip;]<\/p>\n","protected":false},"author":480,"featured_media":0,"comment_status":"open","ping_status":"open","sticky":false,"template":"","format":"standard","meta":{"_jetpack_memberships_contains_paid_content":false,"footnotes":""},"categories":[16],"tags":[55,20694,31490,1329,31486,31487,30867],"class_list":["post-1939","post","type-post","status-publish","format-standard","hentry","category-allgemein","tag-auto","tag-fahrrad","tag-gebuehr","tag-hamburg","tag-hvv","tag-park-and-ride","tag-pendler"],"yoast_head":"<!-- This site is optimized with the Yoast SEO plugin v21.0 - https:\/\/yoast.com\/wordpress\/plugins\/seo\/ -->\n<title>Park-and-Ride-Geb\u00fchren: Eine seltsame Idee<\/title>\n<meta name=\"description\" content=\"Die Ferien sind vorbei \u2013 die Parkh\u00e4user stehen leer. Sven Dietrich aus der Vorstadt fragt sich: Was bringen die Parkgeb\u00fchren? Und warum gibt es nicht genug Fahrradpl\u00e4tze?\" \/>\n<meta name=\"robots\" content=\"index, follow, max-snippet:-1, max-image-preview:large, max-video-preview:-1\" \/>\n<link rel=\"canonical\" href=\"https:\/\/blog.zeit.de\/hamburg\/park-and-ride-dilemma\/\" \/>\n<meta property=\"og:locale\" content=\"de_DE\" \/>\n<meta property=\"og:type\" content=\"article\" \/>\n<meta property=\"og:title\" content=\"Park-and-Ride-Geb\u00fchren: Eine seltsame Idee\" \/>\n<meta property=\"og:description\" content=\"Die Ferien sind vorbei \u2013 die Parkh\u00e4user stehen leer. Sven Dietrich aus der Vorstadt fragt sich: Was bringen die Parkgeb\u00fchren? Und warum gibt es nicht genug Fahrradpl\u00e4tze?\" \/>\n<meta property=\"og:url\" content=\"https:\/\/blog.zeit.de\/hamburg\/park-and-ride-dilemma\/\" \/>\n<meta property=\"og:site_name\" content=\"Speersort 1\" \/>\n<meta property=\"article:published_time\" content=\"2014-09-16T12:32:56+00:00\" \/>\n<meta property=\"og:image\" content=\"https:\/\/blog.zeit.de\/hamburg\/files\/2014\/08\/IMG_9966-580x347.jpg\" \/>\n<meta name=\"author\" content=\"Sven Dietrich\" \/>\n<meta name=\"twitter:card\" content=\"summary_large_image\" \/>\n<meta name=\"twitter:creator\" content=\"@svensonsan\" \/>\n<meta name=\"twitter:label1\" content=\"Geschrieben von\" \/>\n\t<meta name=\"twitter:data1\" content=\"Sven Dietrich\" \/>\n\t<meta name=\"twitter:label2\" content=\"Gesch\u00e4tzte Lesezeit\" \/>\n\t<meta name=\"twitter:data2\" content=\"3\u00a0Minuten\" \/>\n<script type=\"application\/ld+json\" class=\"yoast-schema-graph\">{\"@context\":\"https:\/\/schema.org\",\"@graph\":[{\"@type\":\"WebPage\",\"@id\":\"https:\/\/blog.zeit.de\/hamburg\/park-and-ride-dilemma\/\",\"url\":\"https:\/\/blog.zeit.de\/hamburg\/park-and-ride-dilemma\/\",\"name\":\"Park-and-Ride-Geb\u00fchren: Eine seltsame Idee\",\"isPartOf\":{\"@id\":\"https:\/\/blog.zeit.de\/hamburg\/#website\"},\"datePublished\":\"2014-09-16T12:32:56+00:00\",\"dateModified\":\"2014-09-16T12:32:56+00:00\",\"author\":{\"@id\":\"https:\/\/blog.zeit.de\/hamburg\/#\/schema\/person\/0fc977ead9037c0140421c4dca74e67f\"},\"description\":\"Die Ferien sind vorbei \u2013 die Parkh\u00e4user stehen leer. Sven Dietrich aus der Vorstadt fragt sich: Was bringen die Parkgeb\u00fchren? Und warum gibt es nicht genug Fahrradpl\u00e4tze?\",\"breadcrumb\":{\"@id\":\"https:\/\/blog.zeit.de\/hamburg\/park-and-ride-dilemma\/#breadcrumb\"},\"inLanguage\":\"de\",\"potentialAction\":[{\"@type\":\"ReadAction\",\"target\":[\"https:\/\/blog.zeit.de\/hamburg\/park-and-ride-dilemma\/\"]}]},{\"@type\":\"BreadcrumbList\",\"@id\":\"https:\/\/blog.zeit.de\/hamburg\/park-and-ride-dilemma\/#breadcrumb\",\"itemListElement\":[{\"@type\":\"ListItem\",\"position\":1,\"name\":\"Startseite\",\"item\":\"https:\/\/blog.zeit.de\/hamburg\/\"},{\"@type\":\"ListItem\",\"position\":2,\"name\":\"Eine seltsame Idee\"}]},{\"@type\":\"WebSite\",\"@id\":\"https:\/\/blog.zeit.de\/hamburg\/#website\",\"url\":\"https:\/\/blog.zeit.de\/hamburg\/\",\"name\":\"Speersort 1\",\"description\":\"Das Hamburg-Blog\",\"potentialAction\":[{\"@type\":\"SearchAction\",\"target\":{\"@type\":\"EntryPoint\",\"urlTemplate\":\"https:\/\/blog.zeit.de\/hamburg\/?s={search_term_string}\"},\"query-input\":\"required name=search_term_string\"}],\"inLanguage\":\"de\"},{\"@type\":\"Person\",\"@id\":\"https:\/\/blog.zeit.de\/hamburg\/#\/schema\/person\/0fc977ead9037c0140421c4dca74e67f\",\"name\":\"Sven Dietrich\",\"image\":{\"@type\":\"ImageObject\",\"inLanguage\":\"de\",\"@id\":\"https:\/\/blog.zeit.de\/hamburg\/#\/schema\/person\/image\/\",\"url\":\"https:\/\/secure.gravatar.com\/avatar\/db08f0a4a4e2c2af377bba2745d8e6d16d5859204c50d3ff1d4e6dc0a48578c5?s=96&d=mm&r=g\",\"contentUrl\":\"https:\/\/secure.gravatar.com\/avatar\/db08f0a4a4e2c2af377bba2745d8e6d16d5859204c50d3ff1d4e6dc0a48578c5?s=96&d=mm&r=g\",\"caption\":\"Sven Dietrich\"},\"description\":\"arbeitet als Online Marketing Manager, schreibt auf pop64.de ein \\\"Familie in Hamburg mit vereinzelter Berlin Nostalgie\\\" Blog, ist Experte f\u00fcr alles Moderne und war seit 1996 eigentlich nicht mehr offline.\",\"sameAs\":[\"http:\/\/www.pop64.de\",\"https:\/\/twitter.com\/svensonsan\"],\"url\":\"https:\/\/blog.zeit.de\/hamburg\/author\/sdietrich\/\"}]}<\/script>\n<!-- \/ Yoast SEO plugin. -->","yoast_head_json":{"title":"Park-and-Ride-Geb\u00fchren: Eine seltsame Idee","description":"Die Ferien sind vorbei \u2013 die Parkh\u00e4user stehen leer. Sven Dietrich aus der Vorstadt fragt sich: Was bringen die Parkgeb\u00fchren? Und warum gibt es nicht genug Fahrradpl\u00e4tze?","robots":{"index":"index","follow":"follow","max-snippet":"max-snippet:-1","max-image-preview":"max-image-preview:large","max-video-preview":"max-video-preview:-1"},"canonical":"https:\/\/blog.zeit.de\/hamburg\/park-and-ride-dilemma\/","og_locale":"de_DE","og_type":"article","og_title":"Park-and-Ride-Geb\u00fchren: Eine seltsame Idee","og_description":"Die Ferien sind vorbei \u2013 die Parkh\u00e4user stehen leer. Sven Dietrich aus der Vorstadt fragt sich: Was bringen die Parkgeb\u00fchren? Und warum gibt es nicht genug Fahrradpl\u00e4tze?","og_url":"https:\/\/blog.zeit.de\/hamburg\/park-and-ride-dilemma\/","og_site_name":"Speersort 1","article_published_time":"2014-09-16T12:32:56+00:00","og_image":[{"url":"https:\/\/blog.zeit.de\/hamburg\/files\/2014\/08\/IMG_9966-580x347.jpg"}],"author":"Sven Dietrich","twitter_card":"summary_large_image","twitter_creator":"@svensonsan","twitter_misc":{"Geschrieben von":"Sven Dietrich","Gesch\u00e4tzte Lesezeit":"3\u00a0Minuten"},"schema":{"@context":"https:\/\/schema.org","@graph":[{"@type":"WebPage","@id":"https:\/\/blog.zeit.de\/hamburg\/park-and-ride-dilemma\/","url":"https:\/\/blog.zeit.de\/hamburg\/park-and-ride-dilemma\/","name":"Park-and-Ride-Geb\u00fchren: Eine seltsame Idee","isPartOf":{"@id":"https:\/\/blog.zeit.de\/hamburg\/#website"},"datePublished":"2014-09-16T12:32:56+00:00","dateModified":"2014-09-16T12:32:56+00:00","author":{"@id":"https:\/\/blog.zeit.de\/hamburg\/#\/schema\/person\/0fc977ead9037c0140421c4dca74e67f"},"description":"Die Ferien sind vorbei \u2013 die Parkh\u00e4user stehen leer. Sven Dietrich aus der Vorstadt fragt sich: Was bringen die Parkgeb\u00fchren? Und warum gibt es nicht genug Fahrradpl\u00e4tze?","breadcrumb":{"@id":"https:\/\/blog.zeit.de\/hamburg\/park-and-ride-dilemma\/#breadcrumb"},"inLanguage":"de","potentialAction":[{"@type":"ReadAction","target":["https:\/\/blog.zeit.de\/hamburg\/park-and-ride-dilemma\/"]}]},{"@type":"BreadcrumbList","@id":"https:\/\/blog.zeit.de\/hamburg\/park-and-ride-dilemma\/#breadcrumb","itemListElement":[{"@type":"ListItem","position":1,"name":"Startseite","item":"https:\/\/blog.zeit.de\/hamburg\/"},{"@type":"ListItem","position":2,"name":"Eine seltsame Idee"}]},{"@type":"WebSite","@id":"https:\/\/blog.zeit.de\/hamburg\/#website","url":"https:\/\/blog.zeit.de\/hamburg\/","name":"Speersort 1","description":"Das Hamburg-Blog","potentialAction":[{"@type":"SearchAction","target":{"@type":"EntryPoint","urlTemplate":"https:\/\/blog.zeit.de\/hamburg\/?s={search_term_string}"},"query-input":"required name=search_term_string"}],"inLanguage":"de"},{"@type":"Person","@id":"https:\/\/blog.zeit.de\/hamburg\/#\/schema\/person\/0fc977ead9037c0140421c4dca74e67f","name":"Sven Dietrich","image":{"@type":"ImageObject","inLanguage":"de","@id":"https:\/\/blog.zeit.de\/hamburg\/#\/schema\/person\/image\/","url":"https:\/\/secure.gravatar.com\/avatar\/db08f0a4a4e2c2af377bba2745d8e6d16d5859204c50d3ff1d4e6dc0a48578c5?s=96&d=mm&r=g","contentUrl":"https:\/\/secure.gravatar.com\/avatar\/db08f0a4a4e2c2af377bba2745d8e6d16d5859204c50d3ff1d4e6dc0a48578c5?s=96&d=mm&r=g","caption":"Sven Dietrich"},"description":"arbeitet als Online Marketing Manager, schreibt auf pop64.de ein \"Familie in Hamburg mit vereinzelter Berlin Nostalgie\" Blog, ist Experte f\u00fcr alles Moderne und war seit 1996 eigentlich nicht mehr offline.","sameAs":["http:\/\/www.pop64.de","https:\/\/twitter.com\/svensonsan"],"url":"https:\/\/blog.zeit.de\/hamburg\/author\/sdietrich\/"}]}},"jetpack_featured_media_url":"","jetpack_sharing_enabled":true,"_links":{"self":[{"href":"https:\/\/blog.zeit.de\/hamburg\/wp-json\/wp\/v2\/posts\/1939","targetHints":{"allow":["GET"]}}],"collection":[{"href":"https:\/\/blog.zeit.de\/hamburg\/wp-json\/wp\/v2\/posts"}],"about":[{"href":"https:\/\/blog.zeit.de\/hamburg\/wp-json\/wp\/v2\/types\/post"}],"author":[{"embeddable":true,"href":"https:\/\/blog.zeit.de\/hamburg\/wp-json\/wp\/v2\/users\/480"}],"replies":[{"embeddable":true,"href":"https:\/\/blog.zeit.de\/hamburg\/wp-json\/wp\/v2\/comments?post=1939"}],"version-history":[{"count":21,"href":"https:\/\/blog.zeit.de\/hamburg\/wp-json\/wp\/v2\/posts\/1939\/revisions"}],"predecessor-version":[{"id":2143,"href":"https:\/\/blog.zeit.de\/hamburg\/wp-json\/wp\/v2\/posts\/1939\/revisions\/2143"}],"wp:attachment":[{"href":"https:\/\/blog.zeit.de\/hamburg\/wp-json\/wp\/v2\/media?parent=1939"}],"wp:term":[{"taxonomy":"category","embeddable":true,"href":"https:\/\/blog.zeit.de\/hamburg\/wp-json\/wp\/v2\/categories?post=1939"},{"taxonomy":"post_tag","embeddable":true,"href":"https:\/\/blog.zeit.de\/hamburg\/wp-json\/wp\/v2\/tags?post=1939"}],"curies":[{"name":"wp","href":"https:\/\/api.w.org\/{rel}","templated":true}]}}