{"id":2202,"date":"2014-09-25T16:34:54","date_gmt":"2014-09-25T14:34:54","guid":{"rendered":"http:\/\/blog.zeit.de\/hamburg\/?p=2202"},"modified":"2014-10-02T11:52:25","modified_gmt":"2014-10-02T09:52:25","slug":"iphone-chip-eimsbuettel","status":"publish","type":"post","link":"https:\/\/blog.zeit.de\/hamburg\/iphone-chip-eimsbuettel\/","title":{"rendered":"Im neuen iPhone steckt ein St\u00fcck Eimsb\u00fcttel"},"content":{"rendered":"<p><em>Seit Kurzem sind das iPhone 6 und das iPhone 6 Plus auf dem Markt. Auch wenn Apple nichts \u00fcber die Hardware verr\u00e4t: Ein kleiner Chip darin wird in Eimsb\u00fcttel hergestellt.<\/em><\/p>\n<p><em>Von Annika Demgen<\/em><\/p>\n<p>Jedes Mal, wenn Apple ein neues iPhone herausbringt, verkauft der Konzern es als die gro\u00dfe Neuigkeit. Das ist Teil des Gesch\u00e4fts. In den seit Kurzem erh\u00e4ltlichen <em>iPhones 6<\/em> und <em>iPhones 6 Plus<\/em> aber steckt tats\u00e4chlich eine neue Technologie, die aus Hamburger Sicht erw\u00e4hnenswert ist: Zum ersten Mal integriert Apple die sogenannte Near Field Communication-Technologie \u2013 kurz NFC. Das Besondere: Sie wird im Bezirk Eimsb\u00fcttel hergestellt.<\/p>\n<p><figure id=\"attachment_2204\" aria-describedby=\"caption-attachment-2204\" style=\"width: 580px\" class=\"wp-caption alignnone\"><a href=\"https:\/\/blog.zeit.de\/hamburg\/files\/2014\/09\/Eimsbu\u0308ttelchip.jpeg\"><img loading=\"lazy\" decoding=\"async\" class=\"size-medium wp-image-2204\" src=\"https:\/\/blog.zeit.de\/hamburg\/files\/2014\/09\/Eimsbu\u0308ttelchip-580x435.jpeg\" alt=\"Hier werden NFC-Chips produziert, die offenbar auch im iPhone 6 zum Einsatz kommen. Foto: Annika Demgen\" width=\"580\" height=\"435\" srcset=\"https:\/\/blog.zeit.de\/hamburg\/files\/2014\/09\/Eimsbu\u0308ttelchip-580x435.jpeg 580w, https:\/\/blog.zeit.de\/hamburg\/files\/2014\/09\/Eimsbu\u0308ttelchip.jpeg 800w\" sizes=\"auto, (max-width: 580px) 100vw, 580px\" \/><\/a><figcaption id=\"caption-attachment-2204\" class=\"wp-caption-text\">Hier werden NFC-Chips produziert, die offenbar auch im iPhone 6 zum Einsatz kommen. Foto: Annika Demgen<\/figcaption><\/figure><\/p>\n<p><!--more--><\/p>\n<p><strong>NFC \u2014 was bedeutet das?<\/strong><\/p>\n<p>Es handelt sich dabei um einen Nahfunkstandard \u00e4hnlich wie Bluetooth. Im iPhone 6 und iPhone 6 Plus befindet sich ein Chip, der mit NFC-Chips in anderen Ger\u00e4ten kommuniziert, also Daten \u00fcbermittelt. Apple will dies f\u00fcr den neuen Bezahldienst Apple Pay nutzen. Bisher ist er nur in den USA verf\u00fcgbar. Besitzer der Smartphones k\u00f6nnen an speziell f\u00fcr diese Technik ausger\u00fcsteten Terminals im Einzelhandel bezahlen. Anstelle von EC- oder Kreditkarte z\u00fcckt man also sein iPhone, legt es auf die vorgesehene Fl\u00e4che und der NFC-Chip \u00fcbertr\u00e4gt die vorher auf ihm gespeicherten Zahlungsinformationen.<\/p>\n<p><strong>Wie kommt Eimsb\u00fcttel zu dem Chip?<\/strong><\/p>\n<p>Apple hat diese Technik nicht erfunden und produziert die NFC-Chips auch nicht selbst. Entwickelt wurde die Technik von Sony und Philips. Diese beiden Firmen gr\u00fcndeten 2004 gemeinsam mit Nokia das NFC Forum, um den Nahfunkstandard zu etablieren. Und beim Namen Philips kommt Eimsb\u00fcttel ins Spiel: NXP Semiconductors, ehemals Halbleiterzweig von Philips, unterh\u00e4lt einen seiner vier Standorte in dem Hamburger Bezirk. Mitten im Herzen Eimsb\u00fcttels, direkt an der Stresemannallee 101 werden Prozessoren f\u00fcr Autos, Chips f\u00fcr Personalausweise und eben NFC-Prozessoren produziert.<\/p>\n<p>Die Frage ist: Landen wirklich die Chips aus der Stresemannallee im iPhone 6? Zum Hype um das Smartphone geh\u00f6rt es n\u00e4mlich, dass weder Apple noch die Zulieferer etwas \u00fcber die Hardware der Ger\u00e4te verraten. Auf Nachfrage bei NXP in Eimsb\u00fcttel erhielten wir daher eine obligatorische Antwort: &#8222;Dazu kann ich ihnen leider nichts sagen.&#8220; Gl\u00fccklicherweise gibt es in den USA den Reparaturdienst iFixit, der daf\u00fcr ber\u00fchmt-ber\u00fcchtigt ist, alle neuen Smartphones und Tablets auseinanderzunehmen. Und die <a href=\"http:\/\/https:\/\/www.ifixit.com\/Teardown\/iPhone+6+Teardown+%28Deutsch%29\/29215\">Fotos vom sogenannten \u201cTeardown\u201d des iPhone 6<\/a> und <a href=\"http:\/\/https:\/\/www.ifixit.com\/Teardown\/iPhone+6+Plus+Teardown+%28Deutsch%29\/29209\">iPhone 6 Plus<\/a> liefern den Beweis: In beiden Smartphones befinden sich nicht nur NFC-Chips, sondern dar\u00fcber hinaus auch Bewegungssensoren von NXP.<\/p>\n<p>Vermutlich nicht in allen, aber doch in einem gro\u00dfen Teil der neuen iPhones befindet sich also ein kleiner Chip aus Eimsb\u00fcttel.<\/p>\n","protected":false},"excerpt":{"rendered":"<p>Seit Kurzem sind das iPhone 6 und das iPhone 6 Plus auf dem Markt. Auch wenn Apple nichts \u00fcber die Hardware verr\u00e4t: Ein kleiner Chip darin wird in Eimsb\u00fcttel hergestellt. Von Annika Demgen Jedes Mal, wenn Apple ein neues iPhone herausbringt, verkauft der Konzern es als die gro\u00dfe Neuigkeit. Das ist Teil des Gesch\u00e4fts. In [&hellip;]<\/p>\n","protected":false},"author":509,"featured_media":0,"comment_status":"open","ping_status":"open","sticky":false,"template":"","format":"standard","meta":{"_jetpack_memberships_contains_paid_content":false,"footnotes":""},"categories":[16],"tags":[],"class_list":["post-2202","post","type-post","status-publish","format-standard","hentry","category-allgemein"],"yoast_head":"<!-- This site is optimized with the Yoast SEO plugin v21.0 - https:\/\/yoast.com\/wordpress\/plugins\/seo\/ -->\n<title>Eimsb\u00fcttel: Steckt im neuen iPhone ein St\u00fcck Eimsb\u00fcttel?<\/title>\n<meta name=\"description\" content=\"Seit Kurzem sind das iPhone 6 und das iPhone 6 Plus auf dem Markt. Auch wenn Apple nichts \u00fcber die Hardware verr\u00e4t: Ein kleiner Chip k\u00f6nnte aus Eimsb\u00fcttel stammen.\" \/>\n<meta name=\"robots\" content=\"index, follow, max-snippet:-1, max-image-preview:large, max-video-preview:-1\" \/>\n<link rel=\"canonical\" href=\"https:\/\/blog.zeit.de\/hamburg\/iphone-chip-eimsbuettel\/\" \/>\n<meta property=\"og:locale\" content=\"de_DE\" \/>\n<meta property=\"og:type\" content=\"article\" \/>\n<meta property=\"og:title\" content=\"Eimsb\u00fcttel: Steckt im neuen iPhone ein St\u00fcck Eimsb\u00fcttel?\" \/>\n<meta property=\"og:description\" content=\"Seit Kurzem sind das iPhone 6 und das iPhone 6 Plus auf dem Markt. Auch wenn Apple nichts \u00fcber die Hardware verr\u00e4t: Ein kleiner Chip k\u00f6nnte aus Eimsb\u00fcttel stammen.\" \/>\n<meta property=\"og:url\" content=\"https:\/\/blog.zeit.de\/hamburg\/iphone-chip-eimsbuettel\/\" \/>\n<meta property=\"og:site_name\" content=\"Speersort 1\" \/>\n<meta property=\"article:author\" content=\"http:\/\/www.facebook.com\/eimsbuetteler.nachrichten\" \/>\n<meta property=\"article:published_time\" content=\"2014-09-25T14:34:54+00:00\" \/>\n<meta property=\"article:modified_time\" content=\"2014-10-02T09:52:25+00:00\" \/>\n<meta name=\"author\" content=\"Eimsb\u00fctteler Nachrichten\" \/>\n<meta name=\"twitter:card\" content=\"summary_large_image\" \/>\n<meta name=\"twitter:creator\" content=\"@eimsbuettelern\" \/>\n<meta name=\"twitter:label1\" content=\"Geschrieben von\" \/>\n\t<meta name=\"twitter:data1\" content=\"Eimsb\u00fctteler Nachrichten\" \/>\n\t<meta name=\"twitter:label2\" content=\"Gesch\u00e4tzte Lesezeit\" \/>\n\t<meta name=\"twitter:data2\" content=\"2\u00a0Minuten\" \/>\n<script type=\"application\/ld+json\" class=\"yoast-schema-graph\">{\"@context\":\"https:\/\/schema.org\",\"@graph\":[{\"@type\":\"WebPage\",\"@id\":\"https:\/\/blog.zeit.de\/hamburg\/iphone-chip-eimsbuettel\/\",\"url\":\"https:\/\/blog.zeit.de\/hamburg\/iphone-chip-eimsbuettel\/\",\"name\":\"Eimsb\u00fcttel: Steckt im neuen iPhone ein St\u00fcck Eimsb\u00fcttel?\",\"isPartOf\":{\"@id\":\"https:\/\/blog.zeit.de\/hamburg\/#website\"},\"datePublished\":\"2014-09-25T14:34:54+00:00\",\"dateModified\":\"2014-10-02T09:52:25+00:00\",\"author\":{\"@id\":\"https:\/\/blog.zeit.de\/hamburg\/#\/schema\/person\/60c23f317b43dc3362920463206437b0\"},\"description\":\"Seit Kurzem sind das iPhone 6 und das iPhone 6 Plus auf dem Markt. Auch wenn Apple nichts \u00fcber die Hardware verr\u00e4t: Ein kleiner Chip k\u00f6nnte aus Eimsb\u00fcttel stammen.\",\"breadcrumb\":{\"@id\":\"https:\/\/blog.zeit.de\/hamburg\/iphone-chip-eimsbuettel\/#breadcrumb\"},\"inLanguage\":\"de\",\"potentialAction\":[{\"@type\":\"ReadAction\",\"target\":[\"https:\/\/blog.zeit.de\/hamburg\/iphone-chip-eimsbuettel\/\"]}]},{\"@type\":\"BreadcrumbList\",\"@id\":\"https:\/\/blog.zeit.de\/hamburg\/iphone-chip-eimsbuettel\/#breadcrumb\",\"itemListElement\":[{\"@type\":\"ListItem\",\"position\":1,\"name\":\"Startseite\",\"item\":\"https:\/\/blog.zeit.de\/hamburg\/\"},{\"@type\":\"ListItem\",\"position\":2,\"name\":\"Im neuen iPhone steckt ein St\u00fcck Eimsb\u00fcttel\"}]},{\"@type\":\"WebSite\",\"@id\":\"https:\/\/blog.zeit.de\/hamburg\/#website\",\"url\":\"https:\/\/blog.zeit.de\/hamburg\/\",\"name\":\"Speersort 1\",\"description\":\"Das Hamburg-Blog\",\"potentialAction\":[{\"@type\":\"SearchAction\",\"target\":{\"@type\":\"EntryPoint\",\"urlTemplate\":\"https:\/\/blog.zeit.de\/hamburg\/?s={search_term_string}\"},\"query-input\":\"required name=search_term_string\"}],\"inLanguage\":\"de\"},{\"@type\":\"Person\",\"@id\":\"https:\/\/blog.zeit.de\/hamburg\/#\/schema\/person\/60c23f317b43dc3362920463206437b0\",\"name\":\"Eimsb\u00fctteler Nachrichten\",\"image\":{\"@type\":\"ImageObject\",\"inLanguage\":\"de\",\"@id\":\"https:\/\/blog.zeit.de\/hamburg\/#\/schema\/person\/image\/\",\"url\":\"https:\/\/secure.gravatar.com\/avatar\/3b3ac2dcb0c41903497a93a7113182e0498e59135aaf795e23df301659a85ca7?s=96&d=mm&r=g\",\"contentUrl\":\"https:\/\/secure.gravatar.com\/avatar\/3b3ac2dcb0c41903497a93a7113182e0498e59135aaf795e23df301659a85ca7?s=96&d=mm&r=g\",\"caption\":\"Eimsb\u00fctteler Nachrichten\"},\"description\":\"sind ein Online-Nachrichtenportal von Eimsb\u00fcttelern f\u00fcr Eimsb\u00fctteler. Wir machen Nachrichten f\u00fcr Nachbarn: kein Boulevard, keine PR.\",\"sameAs\":[\"http:\/\/www.eimsbuetteler-nachrichten.de\",\"http:\/\/www.facebook.com\/eimsbuetteler.nachrichten\",\"https:\/\/twitter.com\/eimsbuettelern\"],\"url\":\"https:\/\/blog.zeit.de\/hamburg\/author\/eimsbuettlernachrichten\/\"}]}<\/script>\n<!-- \/ Yoast SEO plugin. -->","yoast_head_json":{"title":"Eimsb\u00fcttel: Steckt im neuen iPhone ein St\u00fcck Eimsb\u00fcttel?","description":"Seit Kurzem sind das iPhone 6 und das iPhone 6 Plus auf dem Markt. Auch wenn Apple nichts \u00fcber die Hardware verr\u00e4t: Ein kleiner Chip k\u00f6nnte aus Eimsb\u00fcttel stammen.","robots":{"index":"index","follow":"follow","max-snippet":"max-snippet:-1","max-image-preview":"max-image-preview:large","max-video-preview":"max-video-preview:-1"},"canonical":"https:\/\/blog.zeit.de\/hamburg\/iphone-chip-eimsbuettel\/","og_locale":"de_DE","og_type":"article","og_title":"Eimsb\u00fcttel: Steckt im neuen iPhone ein St\u00fcck Eimsb\u00fcttel?","og_description":"Seit Kurzem sind das iPhone 6 und das iPhone 6 Plus auf dem Markt. Auch wenn Apple nichts \u00fcber die Hardware verr\u00e4t: Ein kleiner Chip k\u00f6nnte aus Eimsb\u00fcttel stammen.","og_url":"https:\/\/blog.zeit.de\/hamburg\/iphone-chip-eimsbuettel\/","og_site_name":"Speersort 1","article_author":"http:\/\/www.facebook.com\/eimsbuetteler.nachrichten","article_published_time":"2014-09-25T14:34:54+00:00","article_modified_time":"2014-10-02T09:52:25+00:00","author":"Eimsb\u00fctteler Nachrichten","twitter_card":"summary_large_image","twitter_creator":"@eimsbuettelern","twitter_misc":{"Geschrieben von":"Eimsb\u00fctteler Nachrichten","Gesch\u00e4tzte Lesezeit":"2\u00a0Minuten"},"schema":{"@context":"https:\/\/schema.org","@graph":[{"@type":"WebPage","@id":"https:\/\/blog.zeit.de\/hamburg\/iphone-chip-eimsbuettel\/","url":"https:\/\/blog.zeit.de\/hamburg\/iphone-chip-eimsbuettel\/","name":"Eimsb\u00fcttel: Steckt im neuen iPhone ein St\u00fcck Eimsb\u00fcttel?","isPartOf":{"@id":"https:\/\/blog.zeit.de\/hamburg\/#website"},"datePublished":"2014-09-25T14:34:54+00:00","dateModified":"2014-10-02T09:52:25+00:00","author":{"@id":"https:\/\/blog.zeit.de\/hamburg\/#\/schema\/person\/60c23f317b43dc3362920463206437b0"},"description":"Seit Kurzem sind das iPhone 6 und das iPhone 6 Plus auf dem Markt. Auch wenn Apple nichts \u00fcber die Hardware verr\u00e4t: Ein kleiner Chip k\u00f6nnte aus Eimsb\u00fcttel stammen.","breadcrumb":{"@id":"https:\/\/blog.zeit.de\/hamburg\/iphone-chip-eimsbuettel\/#breadcrumb"},"inLanguage":"de","potentialAction":[{"@type":"ReadAction","target":["https:\/\/blog.zeit.de\/hamburg\/iphone-chip-eimsbuettel\/"]}]},{"@type":"BreadcrumbList","@id":"https:\/\/blog.zeit.de\/hamburg\/iphone-chip-eimsbuettel\/#breadcrumb","itemListElement":[{"@type":"ListItem","position":1,"name":"Startseite","item":"https:\/\/blog.zeit.de\/hamburg\/"},{"@type":"ListItem","position":2,"name":"Im neuen iPhone steckt ein St\u00fcck Eimsb\u00fcttel"}]},{"@type":"WebSite","@id":"https:\/\/blog.zeit.de\/hamburg\/#website","url":"https:\/\/blog.zeit.de\/hamburg\/","name":"Speersort 1","description":"Das Hamburg-Blog","potentialAction":[{"@type":"SearchAction","target":{"@type":"EntryPoint","urlTemplate":"https:\/\/blog.zeit.de\/hamburg\/?s={search_term_string}"},"query-input":"required name=search_term_string"}],"inLanguage":"de"},{"@type":"Person","@id":"https:\/\/blog.zeit.de\/hamburg\/#\/schema\/person\/60c23f317b43dc3362920463206437b0","name":"Eimsb\u00fctteler Nachrichten","image":{"@type":"ImageObject","inLanguage":"de","@id":"https:\/\/blog.zeit.de\/hamburg\/#\/schema\/person\/image\/","url":"https:\/\/secure.gravatar.com\/avatar\/3b3ac2dcb0c41903497a93a7113182e0498e59135aaf795e23df301659a85ca7?s=96&d=mm&r=g","contentUrl":"https:\/\/secure.gravatar.com\/avatar\/3b3ac2dcb0c41903497a93a7113182e0498e59135aaf795e23df301659a85ca7?s=96&d=mm&r=g","caption":"Eimsb\u00fctteler Nachrichten"},"description":"sind ein Online-Nachrichtenportal von Eimsb\u00fcttelern f\u00fcr Eimsb\u00fctteler. Wir machen Nachrichten f\u00fcr Nachbarn: kein Boulevard, keine PR.","sameAs":["http:\/\/www.eimsbuetteler-nachrichten.de","http:\/\/www.facebook.com\/eimsbuetteler.nachrichten","https:\/\/twitter.com\/eimsbuettelern"],"url":"https:\/\/blog.zeit.de\/hamburg\/author\/eimsbuettlernachrichten\/"}]}},"jetpack_featured_media_url":"","jetpack_sharing_enabled":true,"_links":{"self":[{"href":"https:\/\/blog.zeit.de\/hamburg\/wp-json\/wp\/v2\/posts\/2202","targetHints":{"allow":["GET"]}}],"collection":[{"href":"https:\/\/blog.zeit.de\/hamburg\/wp-json\/wp\/v2\/posts"}],"about":[{"href":"https:\/\/blog.zeit.de\/hamburg\/wp-json\/wp\/v2\/types\/post"}],"author":[{"embeddable":true,"href":"https:\/\/blog.zeit.de\/hamburg\/wp-json\/wp\/v2\/users\/509"}],"replies":[{"embeddable":true,"href":"https:\/\/blog.zeit.de\/hamburg\/wp-json\/wp\/v2\/comments?post=2202"}],"version-history":[{"count":12,"href":"https:\/\/blog.zeit.de\/hamburg\/wp-json\/wp\/v2\/posts\/2202\/revisions"}],"predecessor-version":[{"id":2318,"href":"https:\/\/blog.zeit.de\/hamburg\/wp-json\/wp\/v2\/posts\/2202\/revisions\/2318"}],"wp:attachment":[{"href":"https:\/\/blog.zeit.de\/hamburg\/wp-json\/wp\/v2\/media?parent=2202"}],"wp:term":[{"taxonomy":"category","embeddable":true,"href":"https:\/\/blog.zeit.de\/hamburg\/wp-json\/wp\/v2\/categories?post=2202"},{"taxonomy":"post_tag","embeddable":true,"href":"https:\/\/blog.zeit.de\/hamburg\/wp-json\/wp\/v2\/tags?post=2202"}],"curies":[{"name":"wp","href":"https:\/\/api.w.org\/{rel}","templated":true}]}}