{"id":2241,"date":"2014-09-29T10:52:47","date_gmt":"2014-09-29T08:52:47","guid":{"rendered":"http:\/\/blog.zeit.de\/hamburg\/?p=2241"},"modified":"2014-09-29T11:07:19","modified_gmt":"2014-09-29T09:07:19","slug":"wochenrueckblick-gemischte-gefuehle","status":"publish","type":"post","link":"https:\/\/blog.zeit.de\/hamburg\/wochenrueckblick-gemischte-gefuehle\/","title":{"rendered":"Gemischte Gef\u00fchle in Hamburg"},"content":{"rendered":"<p><em>Hamburg Towers, Filmfest, HSV: In der vergangenen Woche gab es viele Gr\u00fcnde zum Feiern, ein Ereignis aber tr\u00fcbte die Stimmung: der Tod des Sprayers Oz. Ein R\u00fcckblick vom Elbmelancholie-Blog. <\/em><\/p>\n<p>Vorweg eine Anmerkung in eigener Sache: Der Elbmelancholie-Blog ist zwei Jahre alt geworden! <a href=\"http:\/\/www.elbmelancholie.de\/2014\/09\/26\/heisst-elbmelancholie-und-wird-heute-zwei-jahre-alt-06625\/\" target=\"_blank\">Dieses Jubil\u00e4um feierten wir diese Woche und blickten auf ein erfolgreiches Jahr zur\u00fcck.<\/a> Wir haben einiges erreicht und schauen auf noch viel mehr, wie etwa unsere geplante Berichterstattung zu den kommenden Hamburger B\u00fcrgerschaftswahlen.<!--more--><\/p>\n<p>So, nun wie gewohnt zu den Ereignissen, die um uns herum geschehen sind: Die letzte Woche startete mit der Ver\u00f6ffentlichung eines <a href=\"\/\/www.statistik-nord.de\/publikationen\/publikationen\/presseinformationen\/dokumentenansicht\/bevoelkerung-mit-migrationshintergrund-in-den-hamburger-stadtteilen-ende-2013\/\" target=\"_blank\">Berichtes zur Hamburger Bev\u00f6lkerung mit Migrationshintergrund<\/a>. Durchschnittlich haben in ganz Hamburg rund 31 Prozent der Einwohner einen Migrationshintergrund. Deutlich wird, dass anteilsm\u00e4\u00dfig die meisten Menschen mit Migrationshintergrund in den Stadtbezirken Hamburg-Mitte und Harburg leben. In den Vier- und Marschlanden leben anteils- und zahlenm\u00e4\u00dfig die wenigsten. Die h\u00e4ufigsten Ursprungsl\u00e4nder sind die T\u00fcrkei und Polen.<\/p>\n<p>Zum Sport: Zwar hat der HSV wieder verloren (1:2 gegen Frankfurt) und auch einen neuen Negativrekord f\u00fcr die Zeit bis zum ersten Saisontor aufgestellt \u2014 aber nach 507 Minuten war es dann doch soweit: Die Hamburger haben ins gegnerische Tor getroffen. Es gibt also durchaus eine positive Tendenz. Von Anfang an erfolgreich waren die Hamburger Basketballer: &#8222;Auftakt nach Ma\u00df: Hamburg Towers gewinnen in Gie\u00dfen&#8220; \u2014 betitelt die <a href=\"http:\/\/www.hamburgtowers.de\/\" target=\"_blank\">Vereinsseite<\/a>\u00a0den Erfolg am ersten Spieltag der zweiten Liga. Hamburgs neue\u00a0Profi-Basketballmannschaft siegte in einem spannenden Spiel ausw\u00e4rts mit 66:65 gegen die Gie\u00dfen 46er.<\/p>\n<p>Vergangenen Donnerstag begann das\u00a0<a href=\"http:\/\/www.filmfesthamburg.de\/de\/\" target=\"_blank\">Filmfest Hamburg.<\/a> Es wird bis zum kommenden Samstag, 4. Oktober, jede Menge neue Filme pr\u00e4sentieren. Es war zudem Anlass f\u00fcr einen verkaufsoffenen Sonntag. Parallel dazu fand in der Schanze ein weitaus weniger kommerzielles Ereignis statt: Das von der linken Szene organisierte <a href=\"http:\/\/rwsf.blogsport.de\/\" target=\"_blank\">Refugee Welcome Schanzenfest<\/a>. Gedacht wurde hier auch dem <a href=\"http:\/\/www.zeit.de\/kultur\/2014-09\/oz-sprayer-hamburg-unfall-tot\" target=\"_blank\">Graffitik\u00fcnstler Oz<\/a>, der in der vergangenen Woche gestorben ist. Hamburg verdankt ihm etliche Smileys und Kringel.<\/p>\n<p><figure id=\"attachment_6645\" aria-describedby=\"caption-attachment-6645\" style=\"width: 494px\" class=\"wp-caption alignnone\"><a href=\"http:\/\/www.elbmelancholie.de\/wp-content\/uploads\/2014\/09\/OZ_Kreisel_Herbst.jpg\"><img loading=\"lazy\" decoding=\"async\" class=\"wp-image-6645 size-large\" src=\"http:\/\/www.elbmelancholie.de\/wp-content\/uploads\/2014\/09\/OZ_Kreisel_Herbst-494x277.jpg\" alt=\"OZ_Kreisel_Herbst\" width=\"494\" height=\"277\" \/><\/a><figcaption id=\"caption-attachment-6645\" class=\"wp-caption-text\">Foto: Andreas Grie\u00df<\/figcaption><\/figure><\/p>\n<p>Oz starb im Alter von 64 Jahren, als ihn eine S-Bahn beim Sprayen erfasste. Er konnte nicht davon lassen, obwohl er in der Vergangenheit immer wieder Haft- und Geldstrafen f\u00fcr seine Streetart erhalten hatte.<\/p>\n<p><figure id=\"attachment_6647\" aria-describedby=\"caption-attachment-6647\" style=\"width: 494px\" class=\"wp-caption alignnone\"><a href=\"http:\/\/www.elbmelancholie.de\/wp-content\/uploads\/2014\/09\/OZ_Smilie1.jpg\"><img loading=\"lazy\" decoding=\"async\" class=\"wp-image-6647 size-large\" src=\"http:\/\/www.elbmelancholie.de\/wp-content\/uploads\/2014\/09\/OZ_Smilie1-494x277.jpg\" alt=\"OZ_Smilie1\" width=\"494\" height=\"277\" \/><\/a><figcaption id=\"caption-attachment-6647\" class=\"wp-caption-text\">Foto: Andreas Grie\u00df<\/figcaption><\/figure><\/p>\n<p>Kommen wir zum Diebstahl der Woche: Von einer Baustelle am Heidenkampsweg wurde ein Bagger gestohlen. Und was macht man mit einem Bagger? Richtig, man sucht den n\u00e4chsten Geldautomaten auf und versucht, diesen zun\u00e4chst aus den Angeln zu nehmen und anschlie\u00dfend aufzubrechen \u2014 wenn man nicht dabei gest\u00f6rt wird und fliehen muss. So <a href=\"\/\/www.abendblatt.de\/hamburg\/polizeimeldungen\/article132640493\/Dreiste-Diebe-brechen-mit-geklautem-Bagger-Geldautomaten-auf.html\" target=\"_blank\">geschah es<\/a> tats\u00e4chlich in der vergangenen Woche in Hammerbrook.<\/p>\n<p>Wir w\u00fcnschen eine sch\u00f6ne, herbstliche Woche. Vielleicht zieht es den einen oder anderen ja zu einer der vielen Oktoberfestveranstaltungen, die parallel zum eigentlichem Fest in M\u00fcnchen auch hier im hohen Norden Deutschlands stattfinden. Was wir davon halten? Wir halten uns zur\u00fcck.<\/p>\n","protected":false},"excerpt":{"rendered":"<p>Nun w\u00fcnschen wir euch eine sch\u00f6ne, herbstliche Woche. Vielleicht zieht es euch in eine der vielen Oktoberfestveranstaltungen, die parallel zum eigentlichem Fest in M\u00fcnchen auch hier im hohen Norden Deutschlands stattfinden. Was wir davon halten&#8230; wir halten uns zur\u00fcck.<\/p>\n","protected":false},"author":478,"featured_media":0,"comment_status":"open","ping_status":"open","sticky":false,"template":"","format":"standard","meta":{"_jetpack_memberships_contains_paid_content":false,"footnotes":""},"categories":[16],"tags":[],"class_list":["post-2241","post","type-post","status-publish","format-standard","hentry","category-allgemein"],"yoast_head":"<!-- This site is optimized with the Yoast SEO plugin v21.0 - https:\/\/yoast.com\/wordpress\/plugins\/seo\/ -->\n<title>Wochenr\u00fcckblick: Gemischte Gef\u00fchle in Hamburg<\/title>\n<meta name=\"description\" content=\"Hamburg Towers, Filmfest, HSV: In der vergangenen Woche gab es viele Gr\u00fcnde zum Feiern, ein Ereignis aber tr\u00fcbte die Stimmung: der Tod des Sprayer Oz. Ein R\u00fcckblick vom Elbmelancholie-Blog.\" \/>\n<meta name=\"robots\" content=\"index, follow, max-snippet:-1, max-image-preview:large, max-video-preview:-1\" \/>\n<link rel=\"canonical\" href=\"https:\/\/blog.zeit.de\/hamburg\/wochenrueckblick-gemischte-gefuehle\/\" \/>\n<meta property=\"og:locale\" content=\"de_DE\" \/>\n<meta property=\"og:type\" content=\"article\" \/>\n<meta property=\"og:title\" content=\"Wochenr\u00fcckblick: Gemischte Gef\u00fchle in Hamburg\" \/>\n<meta property=\"og:description\" content=\"Hamburg Towers, Filmfest, HSV: In der vergangenen Woche gab es viele Gr\u00fcnde zum Feiern, ein Ereignis aber tr\u00fcbte die Stimmung: der Tod des Sprayer Oz. Ein R\u00fcckblick vom Elbmelancholie-Blog.\" \/>\n<meta property=\"og:url\" content=\"https:\/\/blog.zeit.de\/hamburg\/wochenrueckblick-gemischte-gefuehle\/\" \/>\n<meta property=\"og:site_name\" content=\"Speersort 1\" \/>\n<meta property=\"article:published_time\" content=\"2014-09-29T08:52:47+00:00\" \/>\n<meta property=\"article:modified_time\" content=\"2014-09-29T09:07:19+00:00\" \/>\n<meta property=\"og:image\" content=\"http:\/\/www.elbmelancholie.de\/wp-content\/uploads\/2014\/09\/OZ_Kreisel_Herbst-494x277.jpg\" \/>\n<meta name=\"author\" content=\"Inga Zimmermann\" \/>\n<meta name=\"twitter:card\" content=\"summary_large_image\" \/>\n<meta name=\"twitter:label1\" content=\"Geschrieben von\" \/>\n\t<meta name=\"twitter:data1\" content=\"Inga Zimmermann\" \/>\n\t<meta name=\"twitter:label2\" content=\"Gesch\u00e4tzte Lesezeit\" \/>\n\t<meta name=\"twitter:data2\" content=\"2\u00a0Minuten\" \/>\n<script type=\"application\/ld+json\" class=\"yoast-schema-graph\">{\"@context\":\"https:\/\/schema.org\",\"@graph\":[{\"@type\":\"WebPage\",\"@id\":\"https:\/\/blog.zeit.de\/hamburg\/wochenrueckblick-gemischte-gefuehle\/\",\"url\":\"https:\/\/blog.zeit.de\/hamburg\/wochenrueckblick-gemischte-gefuehle\/\",\"name\":\"Wochenr\u00fcckblick: Gemischte Gef\u00fchle in Hamburg\",\"isPartOf\":{\"@id\":\"https:\/\/blog.zeit.de\/hamburg\/#website\"},\"datePublished\":\"2014-09-29T08:52:47+00:00\",\"dateModified\":\"2014-09-29T09:07:19+00:00\",\"author\":{\"@id\":\"https:\/\/blog.zeit.de\/hamburg\/#\/schema\/person\/144f35b05ff19e11ea75cc62a927a3cd\"},\"description\":\"Hamburg Towers, Filmfest, HSV: In der vergangenen Woche gab es viele Gr\u00fcnde zum Feiern, ein Ereignis aber tr\u00fcbte die Stimmung: der Tod des Sprayer Oz. Ein R\u00fcckblick vom Elbmelancholie-Blog.\",\"breadcrumb\":{\"@id\":\"https:\/\/blog.zeit.de\/hamburg\/wochenrueckblick-gemischte-gefuehle\/#breadcrumb\"},\"inLanguage\":\"de\",\"potentialAction\":[{\"@type\":\"ReadAction\",\"target\":[\"https:\/\/blog.zeit.de\/hamburg\/wochenrueckblick-gemischte-gefuehle\/\"]}]},{\"@type\":\"BreadcrumbList\",\"@id\":\"https:\/\/blog.zeit.de\/hamburg\/wochenrueckblick-gemischte-gefuehle\/#breadcrumb\",\"itemListElement\":[{\"@type\":\"ListItem\",\"position\":1,\"name\":\"Startseite\",\"item\":\"https:\/\/blog.zeit.de\/hamburg\/\"},{\"@type\":\"ListItem\",\"position\":2,\"name\":\"Gemischte Gef\u00fchle in Hamburg\"}]},{\"@type\":\"WebSite\",\"@id\":\"https:\/\/blog.zeit.de\/hamburg\/#website\",\"url\":\"https:\/\/blog.zeit.de\/hamburg\/\",\"name\":\"Speersort 1\",\"description\":\"Das Hamburg-Blog\",\"potentialAction\":[{\"@type\":\"SearchAction\",\"target\":{\"@type\":\"EntryPoint\",\"urlTemplate\":\"https:\/\/blog.zeit.de\/hamburg\/?s={search_term_string}\"},\"query-input\":\"required name=search_term_string\"}],\"inLanguage\":\"de\"},{\"@type\":\"Person\",\"@id\":\"https:\/\/blog.zeit.de\/hamburg\/#\/schema\/person\/144f35b05ff19e11ea75cc62a927a3cd\",\"name\":\"Inga Zimmermann\",\"image\":{\"@type\":\"ImageObject\",\"inLanguage\":\"de\",\"@id\":\"https:\/\/blog.zeit.de\/hamburg\/#\/schema\/person\/image\/\",\"url\":\"https:\/\/secure.gravatar.com\/avatar\/cfc68a3a6fae5f0742f6de2b7601407c989aa735e4887fb9e9a1c4bcbffc0094?s=96&d=mm&r=g\",\"contentUrl\":\"https:\/\/secure.gravatar.com\/avatar\/cfc68a3a6fae5f0742f6de2b7601407c989aa735e4887fb9e9a1c4bcbffc0094?s=96&d=mm&r=g\",\"caption\":\"Inga Zimmermann\"},\"description\":\"ist stellvertretende Redaktionsleiterin beim Online-Magazin Elbmelancholie. Hier kann sie \u00fcber ihre Erlebnisse in der Hansestadt Hamburg und Gedanken zu den hiesigen Geschehnissen berichten.\",\"sameAs\":[\"http:\/\/www.elbmelancholie.de\"],\"url\":\"https:\/\/blog.zeit.de\/hamburg\/author\/izimmermann\/\"}]}<\/script>\n<!-- \/ Yoast SEO plugin. -->","yoast_head_json":{"title":"Wochenr\u00fcckblick: Gemischte Gef\u00fchle in Hamburg","description":"Hamburg Towers, Filmfest, HSV: In der vergangenen Woche gab es viele Gr\u00fcnde zum Feiern, ein Ereignis aber tr\u00fcbte die Stimmung: der Tod des Sprayer Oz. Ein R\u00fcckblick vom Elbmelancholie-Blog.","robots":{"index":"index","follow":"follow","max-snippet":"max-snippet:-1","max-image-preview":"max-image-preview:large","max-video-preview":"max-video-preview:-1"},"canonical":"https:\/\/blog.zeit.de\/hamburg\/wochenrueckblick-gemischte-gefuehle\/","og_locale":"de_DE","og_type":"article","og_title":"Wochenr\u00fcckblick: Gemischte Gef\u00fchle in Hamburg","og_description":"Hamburg Towers, Filmfest, HSV: In der vergangenen Woche gab es viele Gr\u00fcnde zum Feiern, ein Ereignis aber tr\u00fcbte die Stimmung: der Tod des Sprayer Oz. Ein R\u00fcckblick vom Elbmelancholie-Blog.","og_url":"https:\/\/blog.zeit.de\/hamburg\/wochenrueckblick-gemischte-gefuehle\/","og_site_name":"Speersort 1","article_published_time":"2014-09-29T08:52:47+00:00","article_modified_time":"2014-09-29T09:07:19+00:00","og_image":[{"url":"http:\/\/www.elbmelancholie.de\/wp-content\/uploads\/2014\/09\/OZ_Kreisel_Herbst-494x277.jpg"}],"author":"Inga Zimmermann","twitter_card":"summary_large_image","twitter_misc":{"Geschrieben von":"Inga Zimmermann","Gesch\u00e4tzte Lesezeit":"2\u00a0Minuten"},"schema":{"@context":"https:\/\/schema.org","@graph":[{"@type":"WebPage","@id":"https:\/\/blog.zeit.de\/hamburg\/wochenrueckblick-gemischte-gefuehle\/","url":"https:\/\/blog.zeit.de\/hamburg\/wochenrueckblick-gemischte-gefuehle\/","name":"Wochenr\u00fcckblick: Gemischte Gef\u00fchle in Hamburg","isPartOf":{"@id":"https:\/\/blog.zeit.de\/hamburg\/#website"},"datePublished":"2014-09-29T08:52:47+00:00","dateModified":"2014-09-29T09:07:19+00:00","author":{"@id":"https:\/\/blog.zeit.de\/hamburg\/#\/schema\/person\/144f35b05ff19e11ea75cc62a927a3cd"},"description":"Hamburg Towers, Filmfest, HSV: In der vergangenen Woche gab es viele Gr\u00fcnde zum Feiern, ein Ereignis aber tr\u00fcbte die Stimmung: der Tod des Sprayer Oz. Ein R\u00fcckblick vom Elbmelancholie-Blog.","breadcrumb":{"@id":"https:\/\/blog.zeit.de\/hamburg\/wochenrueckblick-gemischte-gefuehle\/#breadcrumb"},"inLanguage":"de","potentialAction":[{"@type":"ReadAction","target":["https:\/\/blog.zeit.de\/hamburg\/wochenrueckblick-gemischte-gefuehle\/"]}]},{"@type":"BreadcrumbList","@id":"https:\/\/blog.zeit.de\/hamburg\/wochenrueckblick-gemischte-gefuehle\/#breadcrumb","itemListElement":[{"@type":"ListItem","position":1,"name":"Startseite","item":"https:\/\/blog.zeit.de\/hamburg\/"},{"@type":"ListItem","position":2,"name":"Gemischte Gef\u00fchle in Hamburg"}]},{"@type":"WebSite","@id":"https:\/\/blog.zeit.de\/hamburg\/#website","url":"https:\/\/blog.zeit.de\/hamburg\/","name":"Speersort 1","description":"Das Hamburg-Blog","potentialAction":[{"@type":"SearchAction","target":{"@type":"EntryPoint","urlTemplate":"https:\/\/blog.zeit.de\/hamburg\/?s={search_term_string}"},"query-input":"required name=search_term_string"}],"inLanguage":"de"},{"@type":"Person","@id":"https:\/\/blog.zeit.de\/hamburg\/#\/schema\/person\/144f35b05ff19e11ea75cc62a927a3cd","name":"Inga Zimmermann","image":{"@type":"ImageObject","inLanguage":"de","@id":"https:\/\/blog.zeit.de\/hamburg\/#\/schema\/person\/image\/","url":"https:\/\/secure.gravatar.com\/avatar\/cfc68a3a6fae5f0742f6de2b7601407c989aa735e4887fb9e9a1c4bcbffc0094?s=96&d=mm&r=g","contentUrl":"https:\/\/secure.gravatar.com\/avatar\/cfc68a3a6fae5f0742f6de2b7601407c989aa735e4887fb9e9a1c4bcbffc0094?s=96&d=mm&r=g","caption":"Inga Zimmermann"},"description":"ist stellvertretende Redaktionsleiterin beim Online-Magazin Elbmelancholie. Hier kann sie \u00fcber ihre Erlebnisse in der Hansestadt Hamburg und Gedanken zu den hiesigen Geschehnissen berichten.","sameAs":["http:\/\/www.elbmelancholie.de"],"url":"https:\/\/blog.zeit.de\/hamburg\/author\/izimmermann\/"}]}},"jetpack_featured_media_url":"","jetpack_sharing_enabled":true,"_links":{"self":[{"href":"https:\/\/blog.zeit.de\/hamburg\/wp-json\/wp\/v2\/posts\/2241","targetHints":{"allow":["GET"]}}],"collection":[{"href":"https:\/\/blog.zeit.de\/hamburg\/wp-json\/wp\/v2\/posts"}],"about":[{"href":"https:\/\/blog.zeit.de\/hamburg\/wp-json\/wp\/v2\/types\/post"}],"author":[{"embeddable":true,"href":"https:\/\/blog.zeit.de\/hamburg\/wp-json\/wp\/v2\/users\/478"}],"replies":[{"embeddable":true,"href":"https:\/\/blog.zeit.de\/hamburg\/wp-json\/wp\/v2\/comments?post=2241"}],"version-history":[{"count":7,"href":"https:\/\/blog.zeit.de\/hamburg\/wp-json\/wp\/v2\/posts\/2241\/revisions"}],"predecessor-version":[{"id":2250,"href":"https:\/\/blog.zeit.de\/hamburg\/wp-json\/wp\/v2\/posts\/2241\/revisions\/2250"}],"wp:attachment":[{"href":"https:\/\/blog.zeit.de\/hamburg\/wp-json\/wp\/v2\/media?parent=2241"}],"wp:term":[{"taxonomy":"category","embeddable":true,"href":"https:\/\/blog.zeit.de\/hamburg\/wp-json\/wp\/v2\/categories?post=2241"},{"taxonomy":"post_tag","embeddable":true,"href":"https:\/\/blog.zeit.de\/hamburg\/wp-json\/wp\/v2\/tags?post=2241"}],"curies":[{"name":"wp","href":"https:\/\/api.w.org\/{rel}","templated":true}]}}