{"id":2255,"date":"2014-10-01T17:14:48","date_gmt":"2014-10-01T15:14:48","guid":{"rendered":"http:\/\/blog.zeit.de\/hamburg\/?p=2255"},"modified":"2014-10-01T19:32:47","modified_gmt":"2014-10-01T17:32:47","slug":"knotenpunkt-laurence-vallieres","status":"publish","type":"post","link":"https:\/\/blog.zeit.de\/hamburg\/knotenpunkt-laurence-vallieres\/","title":{"rendered":"Lasst die Eisb\u00e4ren in Ruhe!"},"content":{"rendered":"<p><em>Auf dem Festival Knotenpunkt 14 stellen internationale Urban-Art-K\u00fcnstler aus. Besonders beeindruckend: Die B\u00e4ren-Installation der Kanadierin Laurence Valli\u00e8res.<br \/>\n<\/em><\/p>\n<p>Bildhauer, die im Gro\u00dfformat arbeiten, haben es nicht leicht. Ihre Arbeiten sind schwer zu transportieren\u00a0und\u00a0zu lagern. Daher finden sie seltener Ausstellungsm\u00f6glichkeiten als Maler oder\u00a0Fotografen, die sogenannte Flachware produzieren. <a href=\"http:\/\/www.laurencevallieres.com\/\" target=\"_blank\">Laurence Valli\u00e8res<\/a>, Skulpturen-K\u00fcnstlerin aus Montreal, zeigt jetzt auf dem <a href=\"http:\/\/www.knotenpunkt.net\/\" target=\"_blank\">Knotenpunkt-Festival<\/a>, wie\u00a0man\u00a0diese Schwierigkeit umgehen kann: Sie arbeitet mit Karton, mit verh\u00e4ltnism\u00e4\u00dfig leichtem Material also. Und sie erschafft ihre Skulpturen direkt\u00a0im Ausstellungsraum.<!--more--><\/p>\n<p><figure id=\"attachment_2258\" aria-describedby=\"caption-attachment-2258\" style=\"width: 580px\" class=\"wp-caption alignnone\"><img loading=\"lazy\" decoding=\"async\" class=\"wp-image-2258 size-medium\" src=\"https:\/\/blog.zeit.de\/hamburg\/files\/2014\/10\/JH_ZEITONLINE_knotenpunkt-14-Laurence-Valli\u00e8res-1-580x736.jpg\" alt=\"Laurence Valli\u00e8res vor Polar Beara\" width=\"580\" height=\"736\" srcset=\"https:\/\/blog.zeit.de\/hamburg\/files\/2014\/10\/JH_ZEITONLINE_knotenpunkt-14-Laurence-Valli\u00e8res-1-580x736.jpg 580w, https:\/\/blog.zeit.de\/hamburg\/files\/2014\/10\/JH_ZEITONLINE_knotenpunkt-14-Laurence-Valli\u00e8res-1-806x1024.jpg 806w, https:\/\/blog.zeit.de\/hamburg\/files\/2014\/10\/JH_ZEITONLINE_knotenpunkt-14-Laurence-Valli\u00e8res-1.jpg 940w\" sizes=\"auto, (max-width: 580px) 100vw, 580px\" \/><figcaption id=\"caption-attachment-2258\" class=\"wp-caption-text\">Die K\u00fcnstlerin Laurence Valli\u00e8res vor ihrer Skulptur &#8222;Polar Bear&#8220; \u00a9 Knotenpunkt Festival \/ Rudolf D. Kl\u00f6ckner<\/figcaption><\/figure><\/p>\n<p>Als ich Laurence das erste Mal in der alten Fabrikhalle des Kolbenhofs treffe, ist ihr rund zwei Meter hoher <em>Polar Bear<\/em> gerade fertig geworden. Die junge kanadische K\u00fcnstlerin hockt inmitten eines Berges von Pappkartons und schneidet mit dem Cuttermesser an weiteren, kleineren Skulpturen: An K\u00f6pfen von Pandab\u00e4ren, die wie Jagdtroph\u00e4en an den W\u00e4nden h\u00e4ngen.<\/p>\n<p>Auch wenn die Darstellungen der Tiere spielerisch und \u2014 solange man nicht direkt in die bedrohlich schauenden Gesichter blickt \u2014 fast schon niedlich wirken: Die Motivation\u00a0von Laurence ist stets politisch: &#8222;Eisb\u00e4ren haben durch das Schmelzen der Polarkappen und aufgrund umstrittener Jagdgesetze in Kanada eine schwere Zeit&#8220;, sagt sie. Jahr f\u00fcr Jahr w\u00fcrden es weniger. Die Umweltbestimmungen in ihrem Land seien inzwischen auf dem gleichen niedrigen Level wie in Saudi-Arabien.<\/p>\n<p>Die Pandak\u00f6pfe an der Wand sind Teil der Installation <em>Polar Bear.<\/em> &#8222;Sie kommentieren unsere Gesch\u00e4ftsbeziehungen zu China&#8220;, erkl\u00e4rt Laurence. Erst j\u00fcngst habe es einen Deal gegeben, in dessen Folge zwei chinesische Pandas im Zoo von Toronto untergekommen seien. Auf der einen Seite werden diese G\u00e4ste empfangen, auf der anderen sterben die heimischen Eisb\u00e4ren \u2014 diesen Zustand kritisiert Laurence\u00a0mit ihrem Werk. Was das Umweltbewusstsein der kanadischen Politik angeht, ist ihr Urteil hart: &#8222;We suck, and it&#8217;s worth talking about.&#8220;<\/p>\n<p><figure id=\"attachment_2259\" aria-describedby=\"caption-attachment-2259\" style=\"width: 580px\" class=\"wp-caption alignnone\"><img loading=\"lazy\" decoding=\"async\" class=\"wp-image-2259 size-medium\" src=\"https:\/\/blog.zeit.de\/hamburg\/files\/2014\/10\/JH_ZEITONLINE_laurence-2-580x580.jpg\" alt=\"Laurence Valli\u00e8res bei der Arbeit an Polar Beara\" width=\"580\" height=\"580\" srcset=\"https:\/\/blog.zeit.de\/hamburg\/files\/2014\/10\/JH_ZEITONLINE_laurence-2-580x580.jpg 580w, https:\/\/blog.zeit.de\/hamburg\/files\/2014\/10\/JH_ZEITONLINE_laurence-2-220x220.jpg 220w, https:\/\/blog.zeit.de\/hamburg\/files\/2014\/10\/JH_ZEITONLINE_laurence-2.jpg 940w\" sizes=\"auto, (max-width: 580px) 100vw, 580px\" \/><figcaption id=\"caption-attachment-2259\" class=\"wp-caption-text\">Laurence Valli\u00e8res bei der Arbeit an ihrer Skulptur im Kolbenhof \u00a9 Knotenpunkt Festival \/ Rudolf D. Kl\u00f6ckner<\/figcaption><\/figure><\/p>\n<p>Laurence\u00a0freut sich dar\u00fcber, wie sie in Hamburg aufgenommen wurde. Sie habe zwar noch nicht viel von der Stadt gesehen, aber eine Menge K\u00fcnstler kennengelernt, mit denen sie auf Vernissagen gegangen sei. F\u00fcr die vier Betreiber\u00a0der <a href=\"https:\/\/www.affenfaust.org\/\" target=\"_blank\">Affenfaust Galerie<\/a>, die nun bereits zum zweiten Mal die in Hamburg einzigartige Gruppenausstellung Knotenpunkt14 veranstalten, hat sie nur Lob \u00fcbrig: &#8222;Das Festival ist gut organisiert und die Jungs haben einen sehr hohen Anspruch.&#8220;<\/p>\n<p>Bei europ\u00e4ischen Ausstellungsmachern und Urban-Art-Galeristen steht Laurence Valli\u00e8res derzeit hoch im Kurs: In diesem Jahr hat sie unter anderem in Lyon bei <a href=\"http:\/\/www.spacejunk.tv\/v4\/index.php?option=com_flexicontent&amp;view=items&amp;cid=40%3Aexhibitions&amp;id=537%3Alaurence-vallieres-and-guests-monkey-snack&amp;Itemid=37&amp;lang=de\" target=\"_blank\">Spacejunk<\/a> ausgestellt, einer der Pioniergalerien dieser Kunstrichtung. Dann zeigte sie ihre Kunst in der <a href=\"https:\/\/www.colab-gallery.com\/en\/476\/Laurence-Vallieres\" target=\"_blank\">Colab Gallery<\/a> in Weil am Rhein. Hier lernte sie Frederik Sch\u00e4fer\u00a0von der Affenfaust Galerie und den Hamburger K\u00fcnstler <a href=\"http:\/\/www.10101010101010101010.biz\/\" target=\"_blank\">1010<\/a> kennen, die sie in die Hansestadt einluden.<\/p>\n<p><figure id=\"attachment_2257\" aria-describedby=\"caption-attachment-2257\" style=\"width: 580px\" class=\"wp-caption alignnone\"><img loading=\"lazy\" decoding=\"async\" class=\"wp-image-2257 size-medium\" src=\"https:\/\/blog.zeit.de\/hamburg\/files\/2014\/10\/JH_ZEITONLINE_01-Vier-Galeristen-Affenfaust-2014-web-580x385.jpg\" alt=\"Knotenpunkt Team\" width=\"580\" height=\"385\" srcset=\"https:\/\/blog.zeit.de\/hamburg\/files\/2014\/10\/JH_ZEITONLINE_01-Vier-Galeristen-Affenfaust-2014-web-580x385.jpg 580w, https:\/\/blog.zeit.de\/hamburg\/files\/2014\/10\/JH_ZEITONLINE_01-Vier-Galeristen-Affenfaust-2014-web.jpg 940w\" sizes=\"auto, (max-width: 580px) 100vw, 580px\" \/><figcaption id=\"caption-attachment-2257\" class=\"wp-caption-text\">Die Gr\u00fcnder der Affenfaust Galerie: Robert Neuendorf, Marcus Schild, Frederik Sch\u00e4fer und Lycien-David Csery (v.l.n.r.) \u00a9 Affenfaust Galerie<\/figcaption><\/figure><\/p>\n<p>&#8222;Um ehrlich zu sein, hatte ich zuvor noch nicht von Hamburg als Kunststadt geh\u00f6rt&#8220;, sagt Laurence\u00a0. Da aber Deutschland insgesamt einen sehr guten Ruf unter K\u00fcnstlern in der ganzen Welt habe, sei sie \u00fcberzeugt davon, dass Hamburg im Oktober der Ort sei, an dem man sein m\u00fcsse.<\/p>\n<p>Wer \u00fcberpr\u00fcfen m\u00f6chte, ob Laurence mit ihren Worten richtig liegt, sollte sich an diesem Wochenende auf den Weg zum Kolbenhof machen. \u00dcber drei Etagen des ehemaligen Industriegeb\u00e4udes sind auf 850 Quadratmetern neben Laurence Valli\u00e8res noch sehr viele weitere, gro\u00dfartige\u00a0K\u00fcnstler vertreten. Teilweise ebenfalls mit vor Ort entstandenen Arbeiten.<\/p>\n\n<div class=\"embed-wrapper embed-wrapper--blocked js-embed-consent\" data-method=\"embed\">\n<script class=\"raw__source\" type=\"text\/template\"><iframe loading=\"lazy\" title=\"&quot;LAURENCE VALLIERES &quot; PORTRAIT KNOTENPUNKT 14\" src=\"https:\/\/player.vimeo.com\/video\/107455182?dnt=1&amp;app_id=122963\" width=\"640\" height=\"360\" frameborder=\"0\" allow=\"autoplay; fullscreen; picture-in-picture; clipboard-write; encrypted-media\"><\/iframe><\/script>\n<div class=\"embed-wrapper__inner\">\n<div class=\"embed-wrapper__text\">\n<h3>Empfohlener redaktioneller Inhalt<\/h3>\n<p data-replace=\"no\">An dieser Stelle finden Sie externen Inhalt, der den Artikel erg\u00e4nzt. Sie k\u00f6nnen sich externe Inhalte mit einem Klick anzeigen lassen und wieder ausblenden.<noscript>Bitte aktivieren Sie JavaScript damit Sie diesen Inhalt anzeigen k\u00f6nnen.<\/noscript><\/p>\n<\/div>\n<div class=\"embed-consent\">\n<label class=\"embed-consent__toggle\">\n<input class=\"js-embed-consent__toggle\" type=\"checkbox\" autocomplete=\"off\">\n<span><\/span>\nExterner Inhalt\n<\/label>\n<a href=\"https:\/\/www.zeit.de\/hilfe\/datenschutz\" target=\"_blank\" class=\"embed-consent__datalink-when-active\">Datenschutzerkl\u00e4rung<\/a>\n<\/div>\n<div class=\"embed-wrapper__footer\">\n<p data-replace=\"no\">\nIch bin damit einverstanden, dass mir externe Inhalte angezeigt werden. Damit k\u00f6nnen personenbezogene Daten an Drittplattformen \u00fcbermittelt werden. <a href=\"https:\/\/www.zeit.de\/hilfe\/datenschutz\" target=\"_blank\">Mehr dazu in unserer Datenschutzerkl\u00e4rung.<\/a>\n<\/p>\n<\/div>\n<\/div>\n<\/div>\n<p><em>Das Urban-Art-Festival Knotenpunkt 14 findet vom 2. bis zum 5. Oktober auf dem Kolbenhof, Friedensallee 128, in Hamburg-Bahrenfeld statt. Genaue \u00d6ffnungszeiten sowie das Programm finden Sie auf der Homepage <a href=\"http:\/\/www.knotenpunkt.net\/\" target=\"_blank\">knotenpunkt.net<\/a><\/em><\/p>\n<p>&nbsp;<\/p>\n","protected":false},"excerpt":{"rendered":"<p>Auf dem Festival Knotenpunkt 14 stellen internationale Urban-Art-K\u00fcnstler aus. Besonders beeindruckend: Die B\u00e4ren-Installation der Kanadierin Laurence Valli\u00e8res. Bildhauer, die im Gro\u00dfformat arbeiten, haben es nicht leicht. Ihre Arbeiten sind schwer zu transportieren\u00a0und\u00a0zu lagern. Daher finden sie seltener Ausstellungsm\u00f6glichkeiten als Maler oder\u00a0Fotografen, die sogenannte Flachware produzieren. Laurence Valli\u00e8res, Skulpturen-K\u00fcnstlerin aus Montreal, zeigt jetzt auf dem Knotenpunkt-Festival, [&hellip;]<\/p>\n","protected":false},"author":482,"featured_media":0,"comment_status":"open","ping_status":"open","sticky":false,"template":"","format":"standard","meta":{"_jetpack_memberships_contains_paid_content":false,"footnotes":""},"categories":[16],"tags":[],"class_list":["post-2255","post","type-post","status-publish","format-standard","hentry","category-allgemein"],"yoast_head":"<!-- This site is optimized with the Yoast SEO plugin v21.0 - https:\/\/yoast.com\/wordpress\/plugins\/seo\/ -->\n<title>Urban-Art-Festival: Lasst die Eisb\u00e4ren in Ruhe!<\/title>\n<meta name=\"description\" content=\"Auf dem Festival Knotenpunkt 14 stellen internationale Urban-Art-K\u00fcnstler aus. Besonders beeindruckend: Die B\u00e4ren-Installation der Kanadierin Laurence Valli\u00e8res.\" \/>\n<meta name=\"robots\" content=\"index, follow, max-snippet:-1, max-image-preview:large, max-video-preview:-1\" \/>\n<link rel=\"canonical\" href=\"https:\/\/blog.zeit.de\/hamburg\/knotenpunkt-laurence-vallieres\/\" \/>\n<meta property=\"og:locale\" content=\"de_DE\" \/>\n<meta property=\"og:type\" content=\"article\" \/>\n<meta property=\"og:title\" content=\"Urban-Art-Festival: Lasst die Eisb\u00e4ren in Ruhe!\" \/>\n<meta property=\"og:description\" content=\"Auf dem Festival Knotenpunkt 14 stellen internationale Urban-Art-K\u00fcnstler aus. Besonders beeindruckend: Die B\u00e4ren-Installation der Kanadierin Laurence Valli\u00e8res.\" \/>\n<meta property=\"og:url\" content=\"https:\/\/blog.zeit.de\/hamburg\/knotenpunkt-laurence-vallieres\/\" \/>\n<meta property=\"og:site_name\" content=\"Speersort 1\" \/>\n<meta property=\"article:published_time\" content=\"2014-10-01T15:14:48+00:00\" \/>\n<meta property=\"article:modified_time\" content=\"2014-10-01T17:32:47+00:00\" \/>\n<meta property=\"og:image\" content=\"https:\/\/blog.zeit.de\/hamburg\/files\/2014\/10\/JH_ZEITONLINE_laurence-2-580x580.jpg\" \/>\n<meta name=\"author\" content=\"J\u00f6rg Heikhaus\" \/>\n<meta name=\"twitter:card\" content=\"summary_large_image\" \/>\n<meta name=\"twitter:creator\" content=\"@heliumcowboy\" \/>\n<meta name=\"twitter:label1\" content=\"Geschrieben von\" \/>\n\t<meta name=\"twitter:data1\" content=\"J\u00f6rg Heikhaus\" \/>\n\t<meta name=\"twitter:label2\" content=\"Gesch\u00e4tzte Lesezeit\" \/>\n\t<meta name=\"twitter:data2\" content=\"3\u00a0Minuten\" \/>\n<script type=\"application\/ld+json\" class=\"yoast-schema-graph\">{\"@context\":\"https:\/\/schema.org\",\"@graph\":[{\"@type\":\"WebPage\",\"@id\":\"https:\/\/blog.zeit.de\/hamburg\/knotenpunkt-laurence-vallieres\/\",\"url\":\"https:\/\/blog.zeit.de\/hamburg\/knotenpunkt-laurence-vallieres\/\",\"name\":\"Urban-Art-Festival: Lasst die Eisb\u00e4ren in Ruhe!\",\"isPartOf\":{\"@id\":\"https:\/\/blog.zeit.de\/hamburg\/#website\"},\"datePublished\":\"2014-10-01T15:14:48+00:00\",\"dateModified\":\"2014-10-01T17:32:47+00:00\",\"author\":{\"@id\":\"https:\/\/blog.zeit.de\/hamburg\/#\/schema\/person\/3f5347fef93ede67f089352ef72ad3c3\"},\"description\":\"Auf dem Festival Knotenpunkt 14 stellen internationale Urban-Art-K\u00fcnstler aus. Besonders beeindruckend: Die B\u00e4ren-Installation der Kanadierin Laurence Valli\u00e8res.\",\"breadcrumb\":{\"@id\":\"https:\/\/blog.zeit.de\/hamburg\/knotenpunkt-laurence-vallieres\/#breadcrumb\"},\"inLanguage\":\"de\",\"potentialAction\":[{\"@type\":\"ReadAction\",\"target\":[\"https:\/\/blog.zeit.de\/hamburg\/knotenpunkt-laurence-vallieres\/\"]}]},{\"@type\":\"BreadcrumbList\",\"@id\":\"https:\/\/blog.zeit.de\/hamburg\/knotenpunkt-laurence-vallieres\/#breadcrumb\",\"itemListElement\":[{\"@type\":\"ListItem\",\"position\":1,\"name\":\"Startseite\",\"item\":\"https:\/\/blog.zeit.de\/hamburg\/\"},{\"@type\":\"ListItem\",\"position\":2,\"name\":\"Lasst die Eisb\u00e4ren in Ruhe!\"}]},{\"@type\":\"WebSite\",\"@id\":\"https:\/\/blog.zeit.de\/hamburg\/#website\",\"url\":\"https:\/\/blog.zeit.de\/hamburg\/\",\"name\":\"Speersort 1\",\"description\":\"Das Hamburg-Blog\",\"potentialAction\":[{\"@type\":\"SearchAction\",\"target\":{\"@type\":\"EntryPoint\",\"urlTemplate\":\"https:\/\/blog.zeit.de\/hamburg\/?s={search_term_string}\"},\"query-input\":\"required name=search_term_string\"}],\"inLanguage\":\"de\"},{\"@type\":\"Person\",\"@id\":\"https:\/\/blog.zeit.de\/hamburg\/#\/schema\/person\/3f5347fef93ede67f089352ef72ad3c3\",\"name\":\"J\u00f6rg Heikhaus\",\"image\":{\"@type\":\"ImageObject\",\"inLanguage\":\"de\",\"@id\":\"https:\/\/blog.zeit.de\/hamburg\/#\/schema\/person\/image\/\",\"url\":\"https:\/\/secure.gravatar.com\/avatar\/87663a639953e620bc784f62051b59b41b50ef764ec028e8645fd1ae0109fbc2?s=96&d=mm&r=g\",\"contentUrl\":\"https:\/\/secure.gravatar.com\/avatar\/87663a639953e620bc784f62051b59b41b50ef764ec028e8645fd1ae0109fbc2?s=96&d=mm&r=g\",\"caption\":\"J\u00f6rg Heikhaus\"},\"description\":\"gr\u00fcndete 2002 mit dem heliumcowboy artspace auf St. Pauli eine der ersten Galerien Europas, die abseits vom traditionellen Elitedenken des Kunstmarkts eine neue Generation urban gepr\u00e4gter K\u00fcnstler etablierte. Als ,Alex Diamond\u2018 macht er ausserdem seit vielen Jahren erfolgreich selber Kunst.\",\"sameAs\":[\"http:\/\/www.heliumcowboy.com\",\"https:\/\/twitter.com\/heliumcowboy\"],\"url\":\"https:\/\/blog.zeit.de\/hamburg\/author\/jheikhaus\/\"}]}<\/script>\n<!-- \/ Yoast SEO plugin. -->","yoast_head_json":{"title":"Urban-Art-Festival: Lasst die Eisb\u00e4ren in Ruhe!","description":"Auf dem Festival Knotenpunkt 14 stellen internationale Urban-Art-K\u00fcnstler aus. Besonders beeindruckend: Die B\u00e4ren-Installation der Kanadierin Laurence Valli\u00e8res.","robots":{"index":"index","follow":"follow","max-snippet":"max-snippet:-1","max-image-preview":"max-image-preview:large","max-video-preview":"max-video-preview:-1"},"canonical":"https:\/\/blog.zeit.de\/hamburg\/knotenpunkt-laurence-vallieres\/","og_locale":"de_DE","og_type":"article","og_title":"Urban-Art-Festival: Lasst die Eisb\u00e4ren in Ruhe!","og_description":"Auf dem Festival Knotenpunkt 14 stellen internationale Urban-Art-K\u00fcnstler aus. Besonders beeindruckend: Die B\u00e4ren-Installation der Kanadierin Laurence Valli\u00e8res.","og_url":"https:\/\/blog.zeit.de\/hamburg\/knotenpunkt-laurence-vallieres\/","og_site_name":"Speersort 1","article_published_time":"2014-10-01T15:14:48+00:00","article_modified_time":"2014-10-01T17:32:47+00:00","og_image":[{"url":"https:\/\/blog.zeit.de\/hamburg\/files\/2014\/10\/JH_ZEITONLINE_laurence-2-580x580.jpg"}],"author":"J\u00f6rg Heikhaus","twitter_card":"summary_large_image","twitter_creator":"@heliumcowboy","twitter_misc":{"Geschrieben von":"J\u00f6rg Heikhaus","Gesch\u00e4tzte Lesezeit":"3\u00a0Minuten"},"schema":{"@context":"https:\/\/schema.org","@graph":[{"@type":"WebPage","@id":"https:\/\/blog.zeit.de\/hamburg\/knotenpunkt-laurence-vallieres\/","url":"https:\/\/blog.zeit.de\/hamburg\/knotenpunkt-laurence-vallieres\/","name":"Urban-Art-Festival: Lasst die Eisb\u00e4ren in Ruhe!","isPartOf":{"@id":"https:\/\/blog.zeit.de\/hamburg\/#website"},"datePublished":"2014-10-01T15:14:48+00:00","dateModified":"2014-10-01T17:32:47+00:00","author":{"@id":"https:\/\/blog.zeit.de\/hamburg\/#\/schema\/person\/3f5347fef93ede67f089352ef72ad3c3"},"description":"Auf dem Festival Knotenpunkt 14 stellen internationale Urban-Art-K\u00fcnstler aus. Besonders beeindruckend: Die B\u00e4ren-Installation der Kanadierin Laurence Valli\u00e8res.","breadcrumb":{"@id":"https:\/\/blog.zeit.de\/hamburg\/knotenpunkt-laurence-vallieres\/#breadcrumb"},"inLanguage":"de","potentialAction":[{"@type":"ReadAction","target":["https:\/\/blog.zeit.de\/hamburg\/knotenpunkt-laurence-vallieres\/"]}]},{"@type":"BreadcrumbList","@id":"https:\/\/blog.zeit.de\/hamburg\/knotenpunkt-laurence-vallieres\/#breadcrumb","itemListElement":[{"@type":"ListItem","position":1,"name":"Startseite","item":"https:\/\/blog.zeit.de\/hamburg\/"},{"@type":"ListItem","position":2,"name":"Lasst die Eisb\u00e4ren in Ruhe!"}]},{"@type":"WebSite","@id":"https:\/\/blog.zeit.de\/hamburg\/#website","url":"https:\/\/blog.zeit.de\/hamburg\/","name":"Speersort 1","description":"Das Hamburg-Blog","potentialAction":[{"@type":"SearchAction","target":{"@type":"EntryPoint","urlTemplate":"https:\/\/blog.zeit.de\/hamburg\/?s={search_term_string}"},"query-input":"required name=search_term_string"}],"inLanguage":"de"},{"@type":"Person","@id":"https:\/\/blog.zeit.de\/hamburg\/#\/schema\/person\/3f5347fef93ede67f089352ef72ad3c3","name":"J\u00f6rg Heikhaus","image":{"@type":"ImageObject","inLanguage":"de","@id":"https:\/\/blog.zeit.de\/hamburg\/#\/schema\/person\/image\/","url":"https:\/\/secure.gravatar.com\/avatar\/87663a639953e620bc784f62051b59b41b50ef764ec028e8645fd1ae0109fbc2?s=96&d=mm&r=g","contentUrl":"https:\/\/secure.gravatar.com\/avatar\/87663a639953e620bc784f62051b59b41b50ef764ec028e8645fd1ae0109fbc2?s=96&d=mm&r=g","caption":"J\u00f6rg Heikhaus"},"description":"gr\u00fcndete 2002 mit dem heliumcowboy artspace auf St. Pauli eine der ersten Galerien Europas, die abseits vom traditionellen Elitedenken des Kunstmarkts eine neue Generation urban gepr\u00e4gter K\u00fcnstler etablierte. Als ,Alex Diamond\u2018 macht er ausserdem seit vielen Jahren erfolgreich selber Kunst.","sameAs":["http:\/\/www.heliumcowboy.com","https:\/\/twitter.com\/heliumcowboy"],"url":"https:\/\/blog.zeit.de\/hamburg\/author\/jheikhaus\/"}]}},"jetpack_featured_media_url":"","jetpack_sharing_enabled":true,"_links":{"self":[{"href":"https:\/\/blog.zeit.de\/hamburg\/wp-json\/wp\/v2\/posts\/2255","targetHints":{"allow":["GET"]}}],"collection":[{"href":"https:\/\/blog.zeit.de\/hamburg\/wp-json\/wp\/v2\/posts"}],"about":[{"href":"https:\/\/blog.zeit.de\/hamburg\/wp-json\/wp\/v2\/types\/post"}],"author":[{"embeddable":true,"href":"https:\/\/blog.zeit.de\/hamburg\/wp-json\/wp\/v2\/users\/482"}],"replies":[{"embeddable":true,"href":"https:\/\/blog.zeit.de\/hamburg\/wp-json\/wp\/v2\/comments?post=2255"}],"version-history":[{"count":18,"href":"https:\/\/blog.zeit.de\/hamburg\/wp-json\/wp\/v2\/posts\/2255\/revisions"}],"predecessor-version":[{"id":2313,"href":"https:\/\/blog.zeit.de\/hamburg\/wp-json\/wp\/v2\/posts\/2255\/revisions\/2313"}],"wp:attachment":[{"href":"https:\/\/blog.zeit.de\/hamburg\/wp-json\/wp\/v2\/media?parent=2255"}],"wp:term":[{"taxonomy":"category","embeddable":true,"href":"https:\/\/blog.zeit.de\/hamburg\/wp-json\/wp\/v2\/categories?post=2255"},{"taxonomy":"post_tag","embeddable":true,"href":"https:\/\/blog.zeit.de\/hamburg\/wp-json\/wp\/v2\/tags?post=2255"}],"curies":[{"name":"wp","href":"https:\/\/api.w.org\/{rel}","templated":true}]}}