{"id":2517,"date":"2014-11-12T14:28:14","date_gmt":"2014-11-12T13:28:14","guid":{"rendered":"http:\/\/blog.zeit.de\/hamburg\/?p=2517"},"modified":"2014-11-13T10:25:54","modified_gmt":"2014-11-13T09:25:54","slug":"st-pauli-oke-goettlich","status":"publish","type":"post","link":"https:\/\/blog.zeit.de\/hamburg\/st-pauli-oke-goettlich\/","title":{"rendered":"Anecken aus Prinzip"},"content":{"rendered":"<p><em>Weniger von oben herab: So will der designierte Pr\u00e4sident Oke G\u00f6ttlich den FC St. Pauli leiten. Damit wird er bei den Linksalternativen wie bei den B\u00fcrgerlichen anecken.<\/em><\/p>\n<p>Fu\u00dfballfans und Vereinsmitglieder sind konservativer als man denkt. Da macht der FC St. Pauli keine Ausnahme. Oke G\u00f6ttlich, designierter Pr\u00e4sident, und sein f\u00fcnfk\u00f6pfiges Pr\u00e4sidium, das sich am 16. November im CCH der Mitgliedsversammlung zur Wahl stellt, m\u00f6chte transparent f\u00fchren, moderieren und weniger &#8222;von oben herab&#8220; leiten. Ausgerechnet mit dieser Ank\u00fcndigung eckt es aber schon an, bevor es \u00fcberhaupt gew\u00e4hlt ist.<!--more--><\/p>\n<p>Nach Jahren der Krise und der anschlie\u00dfenden Konsolidierung, die sich zuletzt in drei neuen Trib\u00fcnen manifestierte, haben sich die FC St. Pauli-Mitglieder in der Opposition eingerichtet. Sie haben es sich zur launigen Aufgabe gemacht, gegen allzu selbstherrliche und klassische Pr\u00e4sidenten-Egos anzuk\u00e4mpfen (hier nimmt sich der Autor selbst nicht aus). Oke G\u00f6ttlich will das nun anders machen: Er will nicht top-down managen, sondern Impulse von Mitgliedern und Fans aufnehmen und gegen\u00fcber Verb\u00e4nden, Stadt und Sponsoren vertreten.<\/p>\n<p>G\u00f6ttlich m\u00f6chte den Kiezclub so besser vermarkten, ihn auch international noch bekannter machen. Zu versuchen, die Eigenheiten des FC St. Pauli aus sich selbst heraus zu sch\u00e4rfen, &#8222;steht dem FC St. Pauli gut zu Gesicht&#8220;, hat er bei seiner Vorstellungsrunde in der Millerntor-S\u00fcdkurve gesagt.<\/p>\n<p>Mit diesem Vorhaben wird es der neue Pr\u00e4sident nicht allen recht machen \u2014 er muss erwarten, sowohl von der antikapitalistischen Basis, als auch vom b\u00fcrgerlich-konservativen Boulevard kritisiert zu werden. G\u00f6ttlich und sein Team begreifen erfolgreiches Wirtschaften und die politisch-kulturellen Eigenheiten des FC St. Pauli nicht als Gegens\u00e4tze. Ihr Ziel: Die gepflegten Gr\u00e4ben zwischen linker Szene und rechts-konservativer (Fu\u00dfball-)Wirtschaft \u00fcberbr\u00fccken.<\/p>\n<p>Bei konservativen Mitgliedern sto\u00dfen diese Ans\u00e4tze auf Argwohn. Vor allem, weil der neue Pr\u00e4sident bisher auf der anderen, der linksalternativen Seite einzuordnen war. Im Gegensatz zum scheidenden Pr\u00e4sidenten Stefan Orth, der einer von ihnen ist. Diese Klassenkampf-Rituale treffen jetzt, da die Ideen von Oke G\u00f6ttlich immer deutlicher werden, allerdings nicht mehr so richtig zu. Das irritiert.<\/p>\n<p>Auf der anderen Seite steht die als linksalternativ markierte Fanszene. Sie freut sich zwar, dass einer, der jahrelang neben ihnen auf der Trib\u00fcne stand, nun Verantwortung \u00fcbernimmt. Aber dass ausgerechnet dieser Mann lange gepflegte Feindbilder \u00fcber Bord werfen will, dass ist ihr dann doch auch wieder nicht recht.<\/p>\n<p>Es ist ein anstrengender Weg, den sich G\u00f6ttlich da ausgesucht hat. Ein Pr\u00e4sident, der agiert statt zu reagieren. Das klingt sehr st.-paulianisch \u2014 und erscheint mir die Hauptmotivation des Aufsichtsrates gewesen zu sein, auf G\u00f6ttlich und sein Team zu setzen, statt auf eine weitere Amtszeit mit dem bisherigen Pr\u00e4sidenten Stefan Orth. Und es w\u00e4re eine riesige \u00dcberraschung, wenn sie nicht gew\u00e4hlt werden w\u00fcrden. Eine einfache Mehrheit der anwesenden Mitglieder reicht ihnen am Sonntag im CCH.<\/p>\n<p>Es bleibt aber abzuwarten, wie viele Fans und Mitglieder es mit ihrem neuen Pr\u00e4sidenten wirklich gemeinsam aushalten werden, zuk\u00fcnftig einem noch st\u00e4rkeren Gegenwind der Kr\u00e4fte ausgesetzt zu sein, die sich in den bisherigen Grabenk\u00e4mpfen allzu wohl f\u00fchlen. Etwa dann, wenn G\u00f6ttlich mit der Schlagzeile <em>&#8222;Schock: Pauli-Pr\u00e4sident Pro Pyro&#8220;<\/em> auf sich aufmerksam macht. Das kann gut passieren. Aber: Der neue Pr\u00e4sident und sein Konzept verdienen eine Chance. Nur so kann dem Graben zwischen &#8222;reichen&#8220; Fu\u00dfball-AGs und &#8222;armen&#8220; Vereinen entgegengewirkt werden.<\/p>\n<p>&nbsp;<\/p>\n","protected":false},"excerpt":{"rendered":"<p>Weniger von oben herab: So will der designierte Pr\u00e4sident Oke G\u00f6ttlich den FC St. Pauli leiten. Damit wird er bei den Linksalternativen wie bei den B\u00fcrgerlichen anecken. Fu\u00dfballfans und Vereinsmitglieder sind konservativer als man denkt. Da macht der FC St. Pauli keine Ausnahme. Oke G\u00f6ttlich, designierter Pr\u00e4sident, und sein f\u00fcnfk\u00f6pfiges Pr\u00e4sidium, das sich am 16. [&hellip;]<\/p>\n","protected":false},"author":474,"featured_media":0,"comment_status":"open","ping_status":"open","sticky":false,"template":"","format":"standard","meta":{"_jetpack_memberships_contains_paid_content":false,"footnotes":""},"categories":[16],"tags":[2663,31464,31467],"class_list":["post-2517","post","type-post","status-publish","format-standard","hentry","category-allgemein","tag-fc-st-pauli","tag-jhv","tag-oke-goettlich"],"yoast_head":"<!-- This site is optimized with the Yoast SEO plugin v21.0 - https:\/\/yoast.com\/wordpress\/plugins\/seo\/ -->\n<title>FC St. Pauli: Anecken aus Prinzip<\/title>\n<meta name=\"description\" content=\"Weniger von oben herab: So will der designierte Pr\u00e4sident Oke G\u00f6ttlich den FC St. Pauli leiten. Damit wird er bei den Linksalternativen wie bei den B\u00fcrgerlichen anecken.\" \/>\n<meta name=\"robots\" content=\"index, follow, max-snippet:-1, max-image-preview:large, max-video-preview:-1\" \/>\n<link rel=\"canonical\" href=\"https:\/\/blog.zeit.de\/hamburg\/st-pauli-oke-goettlich\/\" \/>\n<meta property=\"og:locale\" content=\"de_DE\" \/>\n<meta property=\"og:type\" content=\"article\" \/>\n<meta property=\"og:title\" content=\"FC St. Pauli: Anecken aus Prinzip\" \/>\n<meta property=\"og:description\" content=\"Weniger von oben herab: So will der designierte Pr\u00e4sident Oke G\u00f6ttlich den FC St. Pauli leiten. Damit wird er bei den Linksalternativen wie bei den B\u00fcrgerlichen anecken.\" \/>\n<meta property=\"og:url\" content=\"https:\/\/blog.zeit.de\/hamburg\/st-pauli-oke-goettlich\/\" \/>\n<meta property=\"og:site_name\" content=\"Speersort 1\" \/>\n<meta property=\"article:author\" content=\"https:\/\/www.facebook.com\/stpaulinu\" \/>\n<meta property=\"article:published_time\" content=\"2014-11-12T13:28:14+00:00\" \/>\n<meta property=\"article:modified_time\" content=\"2014-11-13T09:25:54+00:00\" \/>\n<meta name=\"author\" content=\"Erik Hauth\" \/>\n<meta name=\"twitter:card\" content=\"summary_large_image\" \/>\n<meta name=\"twitter:creator\" content=\"@ring2\" \/>\n<meta name=\"twitter:label1\" content=\"Geschrieben von\" \/>\n\t<meta name=\"twitter:data1\" content=\"Erik Hauth\" \/>\n\t<meta name=\"twitter:label2\" content=\"Gesch\u00e4tzte Lesezeit\" \/>\n\t<meta name=\"twitter:data2\" content=\"3\u00a0Minuten\" \/>\n<script type=\"application\/ld+json\" class=\"yoast-schema-graph\">{\"@context\":\"https:\/\/schema.org\",\"@graph\":[{\"@type\":\"WebPage\",\"@id\":\"https:\/\/blog.zeit.de\/hamburg\/st-pauli-oke-goettlich\/\",\"url\":\"https:\/\/blog.zeit.de\/hamburg\/st-pauli-oke-goettlich\/\",\"name\":\"FC St. Pauli: Anecken aus Prinzip\",\"isPartOf\":{\"@id\":\"https:\/\/blog.zeit.de\/hamburg\/#website\"},\"datePublished\":\"2014-11-12T13:28:14+00:00\",\"dateModified\":\"2014-11-13T09:25:54+00:00\",\"author\":{\"@id\":\"https:\/\/blog.zeit.de\/hamburg\/#\/schema\/person\/ae2ae61edc5d6a5d6c384e5b44e91bd9\"},\"description\":\"Weniger von oben herab: So will der designierte Pr\u00e4sident Oke G\u00f6ttlich den FC St. Pauli leiten. Damit wird er bei den Linksalternativen wie bei den B\u00fcrgerlichen anecken.\",\"breadcrumb\":{\"@id\":\"https:\/\/blog.zeit.de\/hamburg\/st-pauli-oke-goettlich\/#breadcrumb\"},\"inLanguage\":\"de\",\"potentialAction\":[{\"@type\":\"ReadAction\",\"target\":[\"https:\/\/blog.zeit.de\/hamburg\/st-pauli-oke-goettlich\/\"]}]},{\"@type\":\"BreadcrumbList\",\"@id\":\"https:\/\/blog.zeit.de\/hamburg\/st-pauli-oke-goettlich\/#breadcrumb\",\"itemListElement\":[{\"@type\":\"ListItem\",\"position\":1,\"name\":\"Startseite\",\"item\":\"https:\/\/blog.zeit.de\/hamburg\/\"},{\"@type\":\"ListItem\",\"position\":2,\"name\":\"Anecken aus Prinzip\"}]},{\"@type\":\"WebSite\",\"@id\":\"https:\/\/blog.zeit.de\/hamburg\/#website\",\"url\":\"https:\/\/blog.zeit.de\/hamburg\/\",\"name\":\"Speersort 1\",\"description\":\"Das Hamburg-Blog\",\"potentialAction\":[{\"@type\":\"SearchAction\",\"target\":{\"@type\":\"EntryPoint\",\"urlTemplate\":\"https:\/\/blog.zeit.de\/hamburg\/?s={search_term_string}\"},\"query-input\":\"required name=search_term_string\"}],\"inLanguage\":\"de\"},{\"@type\":\"Person\",\"@id\":\"https:\/\/blog.zeit.de\/hamburg\/#\/schema\/person\/ae2ae61edc5d6a5d6c384e5b44e91bd9\",\"name\":\"Erik Hauth\",\"image\":{\"@type\":\"ImageObject\",\"inLanguage\":\"de\",\"@id\":\"https:\/\/blog.zeit.de\/hamburg\/#\/schema\/person\/image\/\",\"url\":\"https:\/\/secure.gravatar.com\/avatar\/5bd569312ecb276570adaac3712a105857e5a8df7356226c44cc446db9be2c74?s=96&d=mm&r=g\",\"contentUrl\":\"https:\/\/secure.gravatar.com\/avatar\/5bd569312ecb276570adaac3712a105857e5a8df7356226c44cc446db9be2c74?s=96&d=mm&r=g\",\"caption\":\"Erik Hauth\"},\"description\":\"ist aufgewachsen in Blankenese und betreibt das meistgelesene Blog \u00fcber den FC St. Pauli und seinen Stadtteil. Erik war am 16.2.2011 im Volksparkstadion und ist stolz darauf, sich deswegen \\\"Derbysieger\\\" nennen zu d\u00fcrfen.\",\"sameAs\":[\"https:\/\/www.stpaulinu.de\",\"https:\/\/www.facebook.com\/stpaulinu\",\"https:\/\/twitter.com\/ring2\"],\"url\":\"https:\/\/blog.zeit.de\/hamburg\/author\/ehauth\/\"}]}<\/script>\n<!-- \/ Yoast SEO plugin. -->","yoast_head_json":{"title":"FC St. Pauli: Anecken aus Prinzip","description":"Weniger von oben herab: So will der designierte Pr\u00e4sident Oke G\u00f6ttlich den FC St. Pauli leiten. Damit wird er bei den Linksalternativen wie bei den B\u00fcrgerlichen anecken.","robots":{"index":"index","follow":"follow","max-snippet":"max-snippet:-1","max-image-preview":"max-image-preview:large","max-video-preview":"max-video-preview:-1"},"canonical":"https:\/\/blog.zeit.de\/hamburg\/st-pauli-oke-goettlich\/","og_locale":"de_DE","og_type":"article","og_title":"FC St. Pauli: Anecken aus Prinzip","og_description":"Weniger von oben herab: So will der designierte Pr\u00e4sident Oke G\u00f6ttlich den FC St. Pauli leiten. Damit wird er bei den Linksalternativen wie bei den B\u00fcrgerlichen anecken.","og_url":"https:\/\/blog.zeit.de\/hamburg\/st-pauli-oke-goettlich\/","og_site_name":"Speersort 1","article_author":"https:\/\/www.facebook.com\/stpaulinu","article_published_time":"2014-11-12T13:28:14+00:00","article_modified_time":"2014-11-13T09:25:54+00:00","author":"Erik Hauth","twitter_card":"summary_large_image","twitter_creator":"@ring2","twitter_misc":{"Geschrieben von":"Erik Hauth","Gesch\u00e4tzte Lesezeit":"3\u00a0Minuten"},"schema":{"@context":"https:\/\/schema.org","@graph":[{"@type":"WebPage","@id":"https:\/\/blog.zeit.de\/hamburg\/st-pauli-oke-goettlich\/","url":"https:\/\/blog.zeit.de\/hamburg\/st-pauli-oke-goettlich\/","name":"FC St. Pauli: Anecken aus Prinzip","isPartOf":{"@id":"https:\/\/blog.zeit.de\/hamburg\/#website"},"datePublished":"2014-11-12T13:28:14+00:00","dateModified":"2014-11-13T09:25:54+00:00","author":{"@id":"https:\/\/blog.zeit.de\/hamburg\/#\/schema\/person\/ae2ae61edc5d6a5d6c384e5b44e91bd9"},"description":"Weniger von oben herab: So will der designierte Pr\u00e4sident Oke G\u00f6ttlich den FC St. Pauli leiten. Damit wird er bei den Linksalternativen wie bei den B\u00fcrgerlichen anecken.","breadcrumb":{"@id":"https:\/\/blog.zeit.de\/hamburg\/st-pauli-oke-goettlich\/#breadcrumb"},"inLanguage":"de","potentialAction":[{"@type":"ReadAction","target":["https:\/\/blog.zeit.de\/hamburg\/st-pauli-oke-goettlich\/"]}]},{"@type":"BreadcrumbList","@id":"https:\/\/blog.zeit.de\/hamburg\/st-pauli-oke-goettlich\/#breadcrumb","itemListElement":[{"@type":"ListItem","position":1,"name":"Startseite","item":"https:\/\/blog.zeit.de\/hamburg\/"},{"@type":"ListItem","position":2,"name":"Anecken aus Prinzip"}]},{"@type":"WebSite","@id":"https:\/\/blog.zeit.de\/hamburg\/#website","url":"https:\/\/blog.zeit.de\/hamburg\/","name":"Speersort 1","description":"Das Hamburg-Blog","potentialAction":[{"@type":"SearchAction","target":{"@type":"EntryPoint","urlTemplate":"https:\/\/blog.zeit.de\/hamburg\/?s={search_term_string}"},"query-input":"required name=search_term_string"}],"inLanguage":"de"},{"@type":"Person","@id":"https:\/\/blog.zeit.de\/hamburg\/#\/schema\/person\/ae2ae61edc5d6a5d6c384e5b44e91bd9","name":"Erik Hauth","image":{"@type":"ImageObject","inLanguage":"de","@id":"https:\/\/blog.zeit.de\/hamburg\/#\/schema\/person\/image\/","url":"https:\/\/secure.gravatar.com\/avatar\/5bd569312ecb276570adaac3712a105857e5a8df7356226c44cc446db9be2c74?s=96&d=mm&r=g","contentUrl":"https:\/\/secure.gravatar.com\/avatar\/5bd569312ecb276570adaac3712a105857e5a8df7356226c44cc446db9be2c74?s=96&d=mm&r=g","caption":"Erik Hauth"},"description":"ist aufgewachsen in Blankenese und betreibt das meistgelesene Blog \u00fcber den FC St. Pauli und seinen Stadtteil. Erik war am 16.2.2011 im Volksparkstadion und ist stolz darauf, sich deswegen \"Derbysieger\" nennen zu d\u00fcrfen.","sameAs":["https:\/\/www.stpaulinu.de","https:\/\/www.facebook.com\/stpaulinu","https:\/\/twitter.com\/ring2"],"url":"https:\/\/blog.zeit.de\/hamburg\/author\/ehauth\/"}]}},"jetpack_featured_media_url":"","jetpack_sharing_enabled":true,"_links":{"self":[{"href":"https:\/\/blog.zeit.de\/hamburg\/wp-json\/wp\/v2\/posts\/2517","targetHints":{"allow":["GET"]}}],"collection":[{"href":"https:\/\/blog.zeit.de\/hamburg\/wp-json\/wp\/v2\/posts"}],"about":[{"href":"https:\/\/blog.zeit.de\/hamburg\/wp-json\/wp\/v2\/types\/post"}],"author":[{"embeddable":true,"href":"https:\/\/blog.zeit.de\/hamburg\/wp-json\/wp\/v2\/users\/474"}],"replies":[{"embeddable":true,"href":"https:\/\/blog.zeit.de\/hamburg\/wp-json\/wp\/v2\/comments?post=2517"}],"version-history":[{"count":23,"href":"https:\/\/blog.zeit.de\/hamburg\/wp-json\/wp\/v2\/posts\/2517\/revisions"}],"predecessor-version":[{"id":2588,"href":"https:\/\/blog.zeit.de\/hamburg\/wp-json\/wp\/v2\/posts\/2517\/revisions\/2588"}],"wp:attachment":[{"href":"https:\/\/blog.zeit.de\/hamburg\/wp-json\/wp\/v2\/media?parent=2517"}],"wp:term":[{"taxonomy":"category","embeddable":true,"href":"https:\/\/blog.zeit.de\/hamburg\/wp-json\/wp\/v2\/categories?post=2517"},{"taxonomy":"post_tag","embeddable":true,"href":"https:\/\/blog.zeit.de\/hamburg\/wp-json\/wp\/v2\/tags?post=2517"}],"curies":[{"name":"wp","href":"https:\/\/api.w.org\/{rel}","templated":true}]}}