{"id":2540,"date":"2014-11-10T10:02:04","date_gmt":"2014-11-10T09:02:04","guid":{"rendered":"http:\/\/blog.zeit.de\/hamburg\/?p=2540"},"modified":"2014-11-10T10:52:40","modified_gmt":"2014-11-10T09:52:40","slug":"frueher-und-heute-westberliner-in-hamburg","status":"publish","type":"post","link":"https:\/\/blog.zeit.de\/hamburg\/frueher-und-heute-westberliner-in-hamburg\/","title":{"rendered":"Fr\u00fcher und heute \u2013 Westberliner in Hamburg"},"content":{"rendered":"<p>Dieses Wochenende fand eines der Gro\u00dfevents des Jahres statt. Nur nicht in Hamburg, sondern in Berlin. Mit zahlreichen Aktionen wurde in der Hauptstadt an den Mauerfall vor 25 Jahren erinnert, allen voran mit einer Lichterkette von kompostierbaren Ballons entlang der fr\u00fcheren Mauer. Aus diesem Grund zeigt unser diesw\u00f6chiges Titelbild auf <em>Elbmelancholie.de<\/em> Berlin und nicht Hamburg. Wusstet ihr, dass Hamburg f\u00fcr die damaligen Westberliner ein beliebter Zweitwohnsitz war? Doch warum? War Hamburg damals f\u00fcr die Westberliner schon die sch\u00f6nste Stadt der Welt?<!--more--><\/p>\n<p>Nein, es gab einen viel simpleren Grund, denn der politische Status der Westberliner unterschied sich von dem der Bundesb\u00fcrger in Hamburg. Sie hatten ein andersfarbiges Ausweisdokument, ihnen wurde die Wehrpflicht verwehrt und sie wohnten umzingelt von einer streng bewachten Mauer. Ein Westberliner hatte in der Regel ein Ausweisdokument ohne Bundesadler und ohne den Vermerk &#8222;Bundesrepublik Deutschland&#8220;,\u00a0 &#8222;Behelfsm\u00e4\u00dfiger Personalausweis&#8220; genannt. Zus\u00e4tzlich konnten sie sich einen Reisepass ausstellen lassen, der von einer Au\u00dfenstelle des Bundesinnenministeriums ausgegeben wurde \u2013 welcher aber von der DDR und anderen Ostblockstaaten bei Reisen nicht anerkannt wurde.<\/p>\n<p>Ein Zweitwohnsitz in Hamburg brachte den Vorteil, dass man einen normalen Reisepass der Bundesrepublik Deutschland erhalten konnte, der \u00fcberall anerkannt wurde. Ein zweiter Vorteil als Zweitwohnsitz-Hamburger war <a href=\"http:\/\/www.berliner-zeitung.de\/archiv\/west-berlin-war-zu-zeiten-der-teilung-etwas-besonderes---einwohner-bekamen-behelfsmaessige-ausweise-und-durften-den-bundestag-nicht-waehlen--die-insel-der-gluecklichen-,10810590,10641338.html\" target=\"_blank\">die Wahlberechtigung bei den Bundestagswahlen<\/a> \u2013 denn warum sollte man seine Stimme verschenken?<\/p>\n<p>Heute leben wir in einem geeinten Deutschland, jeder Deutsche darf den Bundestag w\u00e4hlen und besitzt einen gr\u00fcnen Personalausweis oder roten Reisepass. Wenn ein Berliner einen Zweitwohnsitz in Hamburg beantragen m\u00f6chte, hat er oder sie heute meist mit b\u00fcrokratischen H\u00fcrden zu k\u00e4mpfen, wie unser <a href=\"http:\/\/www.elbmelancholie.de\/2012\/10\/01\/zweitwohnsitz-in-hamburg-0290\/\" target=\"_blank\">Autor Andreas von einiger Zeit berichtete<\/a>. Es scheint, als klangen die fr\u00fcheren Argumente attraktiver f\u00fcr einen Zweitwohnsitz in Hamburg. Doch mal ehrlich: Warum braucht man einen Zweitwohnsitz in Hamburg, wenn man hier seine Erstwohnsitz haben kann?<\/p>\n<p>Ein weiterer Schritt in Richtung einer friedlichen Streitl\u00f6sung gab es an diesem Wochenende bei der GDL, denn der Streik der Lokf\u00fchrer wurde vorzeitig am Samstagabend um 18 Uhr beendet. Wir sind dankbar, dass die Hamburger S-Bahnen nun wieder regelm\u00e4\u00dfig fahren \u2013 und hoffen, dass die Lokf\u00fchrer trotz vorzeitiger Streikbeendigung ihrem Ziel dennoch bald n\u00e4herkommen. Immerhin wurde bereits in zweiter Instanz im Arbeitsrecht die <a href=\"http:\/\/www.gdl.de\/Aktuell\/Startseite?from=Main.HomePage\" target=\"_blank\">Verh\u00e4ltnism\u00e4\u00dfigkeit des Streiks der Gewerkschaft Deutscher Lokomotivf\u00fchrer (GDL) bei der Deutschen Bahn<\/a> best\u00e4tigt.<\/p>\n<p>Zum Gl\u00fcck gibt es keinen ernsthaften Streit zwischen Hamburgern und Berlinern und so bedarf es hier keiner Streitl\u00f6sung. Unsere St\u00e4dte sind so unterschiedlich und doch gibt es in beiden so fantastische Aktionen, wie die des vergangenen Samstags: Wer fr\u00fchmorgens \u2013 ungefragt \u2013 eine <em>Bild<\/em>-Zeitung in seinem Briefkasten fand, konnte diese am Nachmittag gegen ein Exemplar des Satiremagazins <em>Titanic<\/em> umtauschen. Wo? Nat\u00fcrlich gegen\u00fcber der Roten Flora.<a href=\"https:\/\/www.facebook.com\/events\/353286691508868\/\" target=\"_blank\"> Die Aktion wird durchgef\u00fchrt von der Partei<\/a> frei nach dem Motto: Wohin mit dem Papierproblem?<\/p>\n<p>Diese Kritik erinnert uns an ein altbekanntes Problem: H\u00f6ren wir uns im Bekanntenkreis um: Die <em>Bild<\/em> scheint wirklich niemand zu kaufen, aber die Inhalte jeder zu kennen \u2013 in der Tat, hier zeigt sich ein nicht unbedeutender Widerspruch \u2026<\/p>\n<p>Doch nun zu was ganz anderem: Das lange Warten hatte am Samstagabend endlich ein Ende: Helene Fischer kam nach Hamburg! Den ganzen Sommer und Herbst \u00fcber konnte man sich ihr kaum entziehen: So taufte sie im Hamburger Hafen <em>Mein Schiff 3<\/em>, machte Werbung f\u00fcr ihre eigene Kollektion und inszenierte sich unterm Eisk\u00fcbel. Auch wir haben hier <a href=\"http:\/\/www.elbmelancholie.de\/2014\/10\/26\/winterzeit-hamburg-06880\/\" target=\"_blank\">schon \u00f6fter<\/a> <a href=\"http:\/\/www.elbmelancholie.de\/2014\/07\/03\/til-schweiger-helene-fischer-tatort-05892\/\" target=\"_blank\">\u00fcber sie geschrieben<\/a>. In einer dreist\u00fcndigen Show begeisterte sie nun das Hamburger Publikum mit eigenen und geliehenen St\u00fccken sowie einem B\u00fchnenprogramm, was auch die letzten Sommerliebenden \u00fcberzeugt haben sollte: Auch die anderen drei Jahreszeiten haben ihre sch\u00f6nen Seiten.<\/p>\n<p>Einen nicht ganz so guten Lauf haben momentan die beiden Hamburger Fu\u00dfballclubs. Der FC St. Pauli sitzt nach der 0:3 Niederlage gegen Heidenheim konsequent im Tabellenkeller der 2. Liga fest. Der HSV konnte mit der Niederlage gegen die seit nun sechs Spieltagen ungeschlagenen Wolfsburger nicht auf Tabellenplatz 13 klettern. Durch den gleichzeitigen Sieg der Dortmunder stehen sie nun ebenfalls auf dem vorletzten Tabellenplatz.<\/p>\n<p>Leider nicht viel anders die Hamburg Towers: Nach einem guten Saisonstart wurden gestern die G\u00e4ste aus N\u00fcrnberg im fertiggestellten Inselpark empfangen. Vor 3.000 Zuschauern sollte nach zwei knappen Niederlagen am vergangenen Wochenende wieder ein Sieg her, um sich oben in der Tabelle zu etablieren. Besondere Brisanz erf\u00e4hrt die Partie deshalb, weil beide Mannschaften mit \u00e4hnlichen Ambitionen in die Saison gestartet sind: Langfristig wollen beide in der 1. Bundesliga spielen. <a href=\"http:\/\/www.elbmelancholie.de\/2014\/11\/09\/dritte-niederlage-in-folge-fuer-die-hamburg-towers-07007\/\" target=\"_blank\">Wir waren selber dort und berichteten<\/a> \u2013 leider \u00fcber die Niederlage.<\/p>\n<p>Genie\u00dft nun erst mal den Wochenstart!<\/p>\n","protected":false},"excerpt":{"rendered":"<p>Wusstet ihr, dass Hamburg f\u00fcr die damaligen Westberliner ein beliebter Zweitwohnsitz war? Doch warum? War Hamburg damals f\u00fcr die Westberliner schon die sch\u00f6nste Stadt der Welt? <\/p>\n","protected":false},"author":478,"featured_media":0,"comment_status":"open","ping_status":"open","sticky":false,"template":"","format":"standard","meta":{"_jetpack_memberships_contains_paid_content":false,"footnotes":""},"categories":[16],"tags":[],"class_list":["post-2540","post","type-post","status-publish","format-standard","hentry","category-allgemein"],"yoast_head":"<!-- This site is optimized with the Yoast SEO plugin v21.0 - https:\/\/yoast.com\/wordpress\/plugins\/seo\/ -->\n<title>Wochenr\u00fcckblick: Fr\u00fcher und heute \u2013 Westberliner in Hamburg<\/title>\n<meta name=\"description\" content=\"Einst war Hamburg f\u00fcr Berliner ein beliebter Zweitwohnsitz. Warum? Dies und mehr im Wochenr\u00fcckblick von der Elbmelancholie.\" \/>\n<meta name=\"robots\" content=\"index, follow, max-snippet:-1, max-image-preview:large, max-video-preview:-1\" \/>\n<link rel=\"canonical\" href=\"https:\/\/blog.zeit.de\/hamburg\/frueher-und-heute-westberliner-in-hamburg\/\" \/>\n<meta property=\"og:locale\" content=\"de_DE\" \/>\n<meta property=\"og:type\" content=\"article\" \/>\n<meta property=\"og:title\" content=\"Wochenr\u00fcckblick: Fr\u00fcher und heute \u2013 Westberliner in Hamburg\" \/>\n<meta property=\"og:description\" content=\"Einst war Hamburg f\u00fcr Berliner ein beliebter Zweitwohnsitz. Warum? Dies und mehr im Wochenr\u00fcckblick von der Elbmelancholie.\" \/>\n<meta property=\"og:url\" content=\"https:\/\/blog.zeit.de\/hamburg\/frueher-und-heute-westberliner-in-hamburg\/\" \/>\n<meta property=\"og:site_name\" content=\"Speersort 1\" \/>\n<meta property=\"article:published_time\" content=\"2014-11-10T09:02:04+00:00\" \/>\n<meta property=\"article:modified_time\" content=\"2014-11-10T09:52:40+00:00\" \/>\n<meta name=\"author\" content=\"Inga Zimmermann\" \/>\n<meta name=\"twitter:card\" content=\"summary_large_image\" \/>\n<meta name=\"twitter:label1\" content=\"Geschrieben von\" \/>\n\t<meta name=\"twitter:data1\" content=\"Inga Zimmermann\" \/>\n\t<meta name=\"twitter:label2\" content=\"Gesch\u00e4tzte Lesezeit\" \/>\n\t<meta name=\"twitter:data2\" content=\"4\u00a0Minuten\" \/>\n<script type=\"application\/ld+json\" class=\"yoast-schema-graph\">{\"@context\":\"https:\/\/schema.org\",\"@graph\":[{\"@type\":\"WebPage\",\"@id\":\"https:\/\/blog.zeit.de\/hamburg\/frueher-und-heute-westberliner-in-hamburg\/\",\"url\":\"https:\/\/blog.zeit.de\/hamburg\/frueher-und-heute-westberliner-in-hamburg\/\",\"name\":\"Wochenr\u00fcckblick: Fr\u00fcher und heute \u2013 Westberliner in Hamburg\",\"isPartOf\":{\"@id\":\"https:\/\/blog.zeit.de\/hamburg\/#website\"},\"datePublished\":\"2014-11-10T09:02:04+00:00\",\"dateModified\":\"2014-11-10T09:52:40+00:00\",\"author\":{\"@id\":\"https:\/\/blog.zeit.de\/hamburg\/#\/schema\/person\/144f35b05ff19e11ea75cc62a927a3cd\"},\"description\":\"Einst war Hamburg f\u00fcr Berliner ein beliebter Zweitwohnsitz. Warum? Dies und mehr im Wochenr\u00fcckblick von der Elbmelancholie.\",\"breadcrumb\":{\"@id\":\"https:\/\/blog.zeit.de\/hamburg\/frueher-und-heute-westberliner-in-hamburg\/#breadcrumb\"},\"inLanguage\":\"de\",\"potentialAction\":[{\"@type\":\"ReadAction\",\"target\":[\"https:\/\/blog.zeit.de\/hamburg\/frueher-und-heute-westberliner-in-hamburg\/\"]}]},{\"@type\":\"BreadcrumbList\",\"@id\":\"https:\/\/blog.zeit.de\/hamburg\/frueher-und-heute-westberliner-in-hamburg\/#breadcrumb\",\"itemListElement\":[{\"@type\":\"ListItem\",\"position\":1,\"name\":\"Startseite\",\"item\":\"https:\/\/blog.zeit.de\/hamburg\/\"},{\"@type\":\"ListItem\",\"position\":2,\"name\":\"Fr\u00fcher und heute \u2013 Westberliner in Hamburg\"}]},{\"@type\":\"WebSite\",\"@id\":\"https:\/\/blog.zeit.de\/hamburg\/#website\",\"url\":\"https:\/\/blog.zeit.de\/hamburg\/\",\"name\":\"Speersort 1\",\"description\":\"Das Hamburg-Blog\",\"potentialAction\":[{\"@type\":\"SearchAction\",\"target\":{\"@type\":\"EntryPoint\",\"urlTemplate\":\"https:\/\/blog.zeit.de\/hamburg\/?s={search_term_string}\"},\"query-input\":\"required name=search_term_string\"}],\"inLanguage\":\"de\"},{\"@type\":\"Person\",\"@id\":\"https:\/\/blog.zeit.de\/hamburg\/#\/schema\/person\/144f35b05ff19e11ea75cc62a927a3cd\",\"name\":\"Inga Zimmermann\",\"image\":{\"@type\":\"ImageObject\",\"inLanguage\":\"de\",\"@id\":\"https:\/\/blog.zeit.de\/hamburg\/#\/schema\/person\/image\/\",\"url\":\"https:\/\/secure.gravatar.com\/avatar\/cfc68a3a6fae5f0742f6de2b7601407c989aa735e4887fb9e9a1c4bcbffc0094?s=96&d=mm&r=g\",\"contentUrl\":\"https:\/\/secure.gravatar.com\/avatar\/cfc68a3a6fae5f0742f6de2b7601407c989aa735e4887fb9e9a1c4bcbffc0094?s=96&d=mm&r=g\",\"caption\":\"Inga Zimmermann\"},\"description\":\"ist stellvertretende Redaktionsleiterin beim Online-Magazin Elbmelancholie. Hier kann sie \u00fcber ihre Erlebnisse in der Hansestadt Hamburg und Gedanken zu den hiesigen Geschehnissen berichten.\",\"sameAs\":[\"http:\/\/www.elbmelancholie.de\"],\"url\":\"https:\/\/blog.zeit.de\/hamburg\/author\/izimmermann\/\"}]}<\/script>\n<!-- \/ Yoast SEO plugin. -->","yoast_head_json":{"title":"Wochenr\u00fcckblick: Fr\u00fcher und heute \u2013 Westberliner in Hamburg","description":"Einst war Hamburg f\u00fcr Berliner ein beliebter Zweitwohnsitz. Warum? Dies und mehr im Wochenr\u00fcckblick von der Elbmelancholie.","robots":{"index":"index","follow":"follow","max-snippet":"max-snippet:-1","max-image-preview":"max-image-preview:large","max-video-preview":"max-video-preview:-1"},"canonical":"https:\/\/blog.zeit.de\/hamburg\/frueher-und-heute-westberliner-in-hamburg\/","og_locale":"de_DE","og_type":"article","og_title":"Wochenr\u00fcckblick: Fr\u00fcher und heute \u2013 Westberliner in Hamburg","og_description":"Einst war Hamburg f\u00fcr Berliner ein beliebter Zweitwohnsitz. Warum? Dies und mehr im Wochenr\u00fcckblick von der Elbmelancholie.","og_url":"https:\/\/blog.zeit.de\/hamburg\/frueher-und-heute-westberliner-in-hamburg\/","og_site_name":"Speersort 1","article_published_time":"2014-11-10T09:02:04+00:00","article_modified_time":"2014-11-10T09:52:40+00:00","author":"Inga Zimmermann","twitter_card":"summary_large_image","twitter_misc":{"Geschrieben von":"Inga Zimmermann","Gesch\u00e4tzte Lesezeit":"4\u00a0Minuten"},"schema":{"@context":"https:\/\/schema.org","@graph":[{"@type":"WebPage","@id":"https:\/\/blog.zeit.de\/hamburg\/frueher-und-heute-westberliner-in-hamburg\/","url":"https:\/\/blog.zeit.de\/hamburg\/frueher-und-heute-westberliner-in-hamburg\/","name":"Wochenr\u00fcckblick: Fr\u00fcher und heute \u2013 Westberliner in Hamburg","isPartOf":{"@id":"https:\/\/blog.zeit.de\/hamburg\/#website"},"datePublished":"2014-11-10T09:02:04+00:00","dateModified":"2014-11-10T09:52:40+00:00","author":{"@id":"https:\/\/blog.zeit.de\/hamburg\/#\/schema\/person\/144f35b05ff19e11ea75cc62a927a3cd"},"description":"Einst war Hamburg f\u00fcr Berliner ein beliebter Zweitwohnsitz. Warum? Dies und mehr im Wochenr\u00fcckblick von der Elbmelancholie.","breadcrumb":{"@id":"https:\/\/blog.zeit.de\/hamburg\/frueher-und-heute-westberliner-in-hamburg\/#breadcrumb"},"inLanguage":"de","potentialAction":[{"@type":"ReadAction","target":["https:\/\/blog.zeit.de\/hamburg\/frueher-und-heute-westberliner-in-hamburg\/"]}]},{"@type":"BreadcrumbList","@id":"https:\/\/blog.zeit.de\/hamburg\/frueher-und-heute-westberliner-in-hamburg\/#breadcrumb","itemListElement":[{"@type":"ListItem","position":1,"name":"Startseite","item":"https:\/\/blog.zeit.de\/hamburg\/"},{"@type":"ListItem","position":2,"name":"Fr\u00fcher und heute \u2013 Westberliner in Hamburg"}]},{"@type":"WebSite","@id":"https:\/\/blog.zeit.de\/hamburg\/#website","url":"https:\/\/blog.zeit.de\/hamburg\/","name":"Speersort 1","description":"Das Hamburg-Blog","potentialAction":[{"@type":"SearchAction","target":{"@type":"EntryPoint","urlTemplate":"https:\/\/blog.zeit.de\/hamburg\/?s={search_term_string}"},"query-input":"required name=search_term_string"}],"inLanguage":"de"},{"@type":"Person","@id":"https:\/\/blog.zeit.de\/hamburg\/#\/schema\/person\/144f35b05ff19e11ea75cc62a927a3cd","name":"Inga Zimmermann","image":{"@type":"ImageObject","inLanguage":"de","@id":"https:\/\/blog.zeit.de\/hamburg\/#\/schema\/person\/image\/","url":"https:\/\/secure.gravatar.com\/avatar\/cfc68a3a6fae5f0742f6de2b7601407c989aa735e4887fb9e9a1c4bcbffc0094?s=96&d=mm&r=g","contentUrl":"https:\/\/secure.gravatar.com\/avatar\/cfc68a3a6fae5f0742f6de2b7601407c989aa735e4887fb9e9a1c4bcbffc0094?s=96&d=mm&r=g","caption":"Inga Zimmermann"},"description":"ist stellvertretende Redaktionsleiterin beim Online-Magazin Elbmelancholie. Hier kann sie \u00fcber ihre Erlebnisse in der Hansestadt Hamburg und Gedanken zu den hiesigen Geschehnissen berichten.","sameAs":["http:\/\/www.elbmelancholie.de"],"url":"https:\/\/blog.zeit.de\/hamburg\/author\/izimmermann\/"}]}},"jetpack_featured_media_url":"","jetpack_sharing_enabled":true,"_links":{"self":[{"href":"https:\/\/blog.zeit.de\/hamburg\/wp-json\/wp\/v2\/posts\/2540","targetHints":{"allow":["GET"]}}],"collection":[{"href":"https:\/\/blog.zeit.de\/hamburg\/wp-json\/wp\/v2\/posts"}],"about":[{"href":"https:\/\/blog.zeit.de\/hamburg\/wp-json\/wp\/v2\/types\/post"}],"author":[{"embeddable":true,"href":"https:\/\/blog.zeit.de\/hamburg\/wp-json\/wp\/v2\/users\/478"}],"replies":[{"embeddable":true,"href":"https:\/\/blog.zeit.de\/hamburg\/wp-json\/wp\/v2\/comments?post=2540"}],"version-history":[{"count":8,"href":"https:\/\/blog.zeit.de\/hamburg\/wp-json\/wp\/v2\/posts\/2540\/revisions"}],"predecessor-version":[{"id":2549,"href":"https:\/\/blog.zeit.de\/hamburg\/wp-json\/wp\/v2\/posts\/2540\/revisions\/2549"}],"wp:attachment":[{"href":"https:\/\/blog.zeit.de\/hamburg\/wp-json\/wp\/v2\/media?parent=2540"}],"wp:term":[{"taxonomy":"category","embeddable":true,"href":"https:\/\/blog.zeit.de\/hamburg\/wp-json\/wp\/v2\/categories?post=2540"},{"taxonomy":"post_tag","embeddable":true,"href":"https:\/\/blog.zeit.de\/hamburg\/wp-json\/wp\/v2\/tags?post=2540"}],"curies":[{"name":"wp","href":"https:\/\/api.w.org\/{rel}","templated":true}]}}