{"id":2639,"date":"2014-12-01T09:27:28","date_gmt":"2014-12-01T08:27:28","guid":{"rendered":"http:\/\/blog.zeit.de\/hamburg\/?p=2639"},"modified":"2014-12-01T09:34:58","modified_gmt":"2014-12-01T08:34:58","slug":"fit-fuer-den-smalltalk-im-aufzug","status":"publish","type":"post","link":"https:\/\/blog.zeit.de\/hamburg\/fit-fuer-den-smalltalk-im-aufzug\/","title":{"rendered":"Fit f\u00fcr den Smalltalk im Aufzug"},"content":{"rendered":"<p>Eine weitere Woche ist vorbei und wir haben es geschafft. Ab Montag d\u00fcrfen wir endlich wieder Weihnachten entgegen fiebern und jeden Tag ein neues T\u00fcrchen vom Adventskalender \u00f6ffnen. Endlich! Dennoch blicken wir heute auf eine recht besinnliche Woche voller Gedanken.<\/p>\n<p>Habt ihr in der vergangenen Woche an eure Gesundheit gedacht und gar auch entsprechende Post bekommen? Zehntausend Hamburger haben diese Woche eine Einladung f\u00fcr eine bundesweite, medizinische Studie erhalten und sind eingeladen, daran teilzunehmen. Am 10. November startete diese bereits, an der sich auch das <a href=\"\/\/www.uke.de\/medien\/index_101074.php?id=-1_-1_-1&amp;as_link=http%3A\/\/www.uke.de\/medien\/index_101074.php\" target=\"_blank\">Universit\u00e4tsklinikum Eppendorf<\/a> beteiligt. \u00dcber zwei Jahrzehnte sollen mittels medizinischer Untersuchungen sowie Anamnesen die Bedingungen f\u00fcr die Entstehung der typischen \u201eVolkskrankheiten\u201c wie Krebs, Herz-Kreislauf-Erkrankungen erforscht werden.<\/p>\n<p><!--more--><br \/>\nHabt ihr in der vergangenen Woche an Urlaub und Ferien gedacht? Kein Wunder, denn die <a href=\"http:\/\/www.bild.de\/regional\/hamburg\/schule\/fuer-kommende-zehn-jahre-38718966.bild.html?utm_source=dlvr.it&amp;utm_medium=twitter\" target=\"_blank\">Stadt Hamburg hat die Schulferientermine bis zum Schuljahr 2023\/24<\/a> festgelegt. Aber keine Sorge, erstmal haben wir ganz bald nach dem \u00d6ffnen des letzten T\u00fcrchens mindestens zwei Tage zus\u00e4tzlich frei!<br \/>\nHabt ihr in der vergangenen Woche \u00fcberlegt, wie ihr am schnellsten ohne Bus und Auto nach Steilshoop kommen k\u00f6nnt? In (naher, weiter, keiner) Zukunft k\u00f6nnte euch hier die U5 hinbringen. Die Stadt hat jetzt ihre <a href=\"http:\/\/www.hamburg.de\/pressearchiv-fhh\/4410672\/2014-11-25-bwvi-u-bahn\/%20\" target=\"_blank\">neuen Pl\u00e4ne<\/a> f\u00fcr zwei m\u00f6gliche Strecken der U5 wie auch die zus\u00e4tzlichen Haltestelloptionen der bestehenden U-Bahnlinien verk\u00fcndet. Wir d\u00fcrfen gespannt sein, wann was wie umgesetzt wird. Doch es ist immer mehr davon auszugehen, dass etwas passiert \u2013 bei so vielen Pl\u00e4nen. Gut, dass die <a href=\"http:\/\/www.abendblatt.de\/wirtschaft\/article134850394\/Lufthansa-Piloten-drohen-ab-sofort-wieder-mit-Streiks.htm\" target=\"_blank\">S-Bahn<\/a> momentan eh nicht nach Steilshoop f\u00e4hrt oder die Lufthansa uns dort hinfliegt \u2013 denn beide diskutieren, ob wieder <a href=\"http:\/\/www.gdl.de\/\" target=\"_blank\">gestreikt <\/a>wird.<\/p>\n<p>Hab ihr in der vergangenen Woche \u00fcberlegt, welcher Weihnachtsmarkt am n\u00e4chsten von eurem B\u00fcro entfernt ist oder welcher auf dem Heimweg liegt? Hier hilft euch unsere vielen sicher schon bekannte\u00a0 <a href=\"http:\/\/www.elbmelancholie.de\/2014\/11\/20\/weihnachtsmaerkte-hamburg-2014-07050\/\" target=\"_blank\">Weihnachtsmarktkarte <\/a>weiter, die zus\u00e4tzlich auch die \u00d6ffnungszeiten beinhaltet!<\/p>\n<p>Habt ihr in der vergangenen Woche daran gedacht, \u00fcber was wohl andere Medien als Elbmelancholie berichtet haben? Super, denn wir wissen es und ihr m\u00fcsst nur unseren Wochenr\u00fcckblick daf\u00fcr lesen, um es auch zu wissen! Unsere Kollegen von Mittendrin m\u00f6chten in einer Umfrage im Rahmen einer <a href=\"http:\/\/www.altona.info\/2014\/11\/28\/buergerbegehren-zeiseparkplatz-buergerini-gibt-2369-unterschriften-ab\/%20\" target=\"_blank\">Zukunftswerkstatt <\/a>erfahren, inwieweit Leser von lokalen Onlinemedien bereit sind, f\u00fcr das Angebot zu zahlen \u2013 ein interessanter Ansto\u00df, den Blick auf die Finanzierung solcher Medien zu lenken, wir kennen diese Situation auch nur zu gut.<\/p>\n<p>Habt ihr in der vergangenen Woche daran gedacht, wie unsere Stadt wohl n\u00e4chsten Sommer aussehen wird? Wir verraten es euch: Der Stadtparkverein engagiert sich gemeinsam mit dem Bezirksamt Nord f\u00fcr eine Pflanzaktion, nach der nach dem Winter lauter Fr\u00fchlingsblumen vom Forsthaus bis zum Landhaus Walter bl\u00fchen werden \u2013 bis zu 20.000 an der Zahl. Wir finden diese Aktion im Rahmen der Feierlichkeiten zum 100-J\u00e4hrigen-Stadtparkjubil\u00e4um super!<\/p>\n<p>Habt ihr euch in der vergangenen Woche\u2026 nervt euch das auch, diese Fragen an was wie wo ihr in der vergangenen Woche gedacht habt? Ja, mich jetzt auch. Darum hier eine Idee, was ihr tun k\u00f6nnt: Ihr k\u00f6nnt am kommenden\u00a0Sonntag die Hamburg Towers bei ihrem Heimspiel anfeuern (wir werden auch da sein, wie wir es bereits <a href=\"http:\/\/www.elbmelancholie.de\/2014\/11\/30\/sieg-bleibt-sieg-die-hamburg-towers-zeigen-nerven-07168\/\" target=\"_blank\">beim gestrigen Sieg<\/a> waren) oder ihr schaut einfach gem\u00fctlich auf dem Sofa den n\u00e4chsten (Fast-)Hamburger Tatort \u2013 es gibt ja gl\u00fccklicherweise die Mediathek, wenn ihr ihn gestern verpasst habt. Im Falle, ihr verpasst ihn g\u00e4nzlich, lest einfach, <a href=\"\/\/www.elbmelancholie.de\/2014\/11\/29\/nord-tatort-zwischen-billstedter-milch-und-syrien-fluechtlingen-07122\/\" target=\"_blank\">was Andreas vorab dazu geschrieben hat <\/a>und ihr seid fit f\u00fcr den n\u00e4chsten Smalltalk im Aufzug!<\/p>\n<p>Nun eine sch\u00f6ne, besinnliche Woche voller toller \u00dcberraschungen und K\u00f6stlichkeiten hinter den ersten Adventskalendert\u00fcrchen des Jahres!<\/p>\n","protected":false},"excerpt":{"rendered":"<p>Eine weitere Woche ist vorbei und wir haben es geschafft. Ab Montag d\u00fcrfen wir endlich wieder Weihnachten entgegen fiebern und jeden Tag ein neues T\u00fcrchen vom Adventskalender \u00f6ffnen. Endlich! Dennoch blicken wir heute auf eine recht besinnliche Woche voller Gedanken. Habt ihr in der vergangenen Woche an eure Gesundheit gedacht und gar auch entsprechende Post [&hellip;]<\/p>\n","protected":false},"author":478,"featured_media":0,"comment_status":"open","ping_status":"open","sticky":false,"template":"","format":"standard","meta":{"_jetpack_memberships_contains_paid_content":false,"footnotes":""},"categories":[16],"tags":[],"class_list":["post-2639","post","type-post","status-publish","format-standard","hentry","category-allgemein"],"yoast_head":"<!-- This site is optimized with the Yoast SEO plugin v21.0 - https:\/\/yoast.com\/wordpress\/plugins\/seo\/ -->\n<title>Wochenr\u00fcckblick: Fit f\u00fcr den Smalltalk im Aufzug<\/title>\n<meta name=\"description\" content=\"Volkskrankheiten, Ferien bis 2024, Weihnachtsm\u00e4rkte und ein halber Hamburger Tatort: Themen der Woche vom Magazin Elbmelancholie.\" \/>\n<meta name=\"robots\" content=\"index, follow, max-snippet:-1, max-image-preview:large, max-video-preview:-1\" \/>\n<link rel=\"canonical\" href=\"https:\/\/blog.zeit.de\/hamburg\/fit-fuer-den-smalltalk-im-aufzug\/\" \/>\n<meta property=\"og:locale\" content=\"de_DE\" \/>\n<meta property=\"og:type\" content=\"article\" \/>\n<meta property=\"og:title\" content=\"Wochenr\u00fcckblick: Fit f\u00fcr den Smalltalk im Aufzug\" \/>\n<meta property=\"og:description\" content=\"Volkskrankheiten, Ferien bis 2024, Weihnachtsm\u00e4rkte und ein halber Hamburger Tatort: Themen der Woche vom Magazin Elbmelancholie.\" \/>\n<meta property=\"og:url\" content=\"https:\/\/blog.zeit.de\/hamburg\/fit-fuer-den-smalltalk-im-aufzug\/\" \/>\n<meta property=\"og:site_name\" content=\"Speersort 1\" \/>\n<meta property=\"article:published_time\" content=\"2014-12-01T08:27:28+00:00\" \/>\n<meta property=\"article:modified_time\" content=\"2014-12-01T08:34:58+00:00\" \/>\n<meta name=\"author\" content=\"Inga Zimmermann\" \/>\n<meta name=\"twitter:card\" content=\"summary_large_image\" \/>\n<meta name=\"twitter:label1\" content=\"Geschrieben von\" \/>\n\t<meta name=\"twitter:data1\" content=\"Inga Zimmermann\" \/>\n\t<meta name=\"twitter:label2\" content=\"Gesch\u00e4tzte Lesezeit\" \/>\n\t<meta name=\"twitter:data2\" content=\"3\u00a0Minuten\" \/>\n<script type=\"application\/ld+json\" class=\"yoast-schema-graph\">{\"@context\":\"https:\/\/schema.org\",\"@graph\":[{\"@type\":\"WebPage\",\"@id\":\"https:\/\/blog.zeit.de\/hamburg\/fit-fuer-den-smalltalk-im-aufzug\/\",\"url\":\"https:\/\/blog.zeit.de\/hamburg\/fit-fuer-den-smalltalk-im-aufzug\/\",\"name\":\"Wochenr\u00fcckblick: Fit f\u00fcr den Smalltalk im Aufzug\",\"isPartOf\":{\"@id\":\"https:\/\/blog.zeit.de\/hamburg\/#website\"},\"datePublished\":\"2014-12-01T08:27:28+00:00\",\"dateModified\":\"2014-12-01T08:34:58+00:00\",\"author\":{\"@id\":\"https:\/\/blog.zeit.de\/hamburg\/#\/schema\/person\/144f35b05ff19e11ea75cc62a927a3cd\"},\"description\":\"Volkskrankheiten, Ferien bis 2024, Weihnachtsm\u00e4rkte und ein halber Hamburger Tatort: Themen der Woche vom Magazin Elbmelancholie.\",\"breadcrumb\":{\"@id\":\"https:\/\/blog.zeit.de\/hamburg\/fit-fuer-den-smalltalk-im-aufzug\/#breadcrumb\"},\"inLanguage\":\"de\",\"potentialAction\":[{\"@type\":\"ReadAction\",\"target\":[\"https:\/\/blog.zeit.de\/hamburg\/fit-fuer-den-smalltalk-im-aufzug\/\"]}]},{\"@type\":\"BreadcrumbList\",\"@id\":\"https:\/\/blog.zeit.de\/hamburg\/fit-fuer-den-smalltalk-im-aufzug\/#breadcrumb\",\"itemListElement\":[{\"@type\":\"ListItem\",\"position\":1,\"name\":\"Startseite\",\"item\":\"https:\/\/blog.zeit.de\/hamburg\/\"},{\"@type\":\"ListItem\",\"position\":2,\"name\":\"Fit f\u00fcr den Smalltalk im Aufzug\"}]},{\"@type\":\"WebSite\",\"@id\":\"https:\/\/blog.zeit.de\/hamburg\/#website\",\"url\":\"https:\/\/blog.zeit.de\/hamburg\/\",\"name\":\"Speersort 1\",\"description\":\"Das Hamburg-Blog\",\"potentialAction\":[{\"@type\":\"SearchAction\",\"target\":{\"@type\":\"EntryPoint\",\"urlTemplate\":\"https:\/\/blog.zeit.de\/hamburg\/?s={search_term_string}\"},\"query-input\":\"required name=search_term_string\"}],\"inLanguage\":\"de\"},{\"@type\":\"Person\",\"@id\":\"https:\/\/blog.zeit.de\/hamburg\/#\/schema\/person\/144f35b05ff19e11ea75cc62a927a3cd\",\"name\":\"Inga Zimmermann\",\"image\":{\"@type\":\"ImageObject\",\"inLanguage\":\"de\",\"@id\":\"https:\/\/blog.zeit.de\/hamburg\/#\/schema\/person\/image\/\",\"url\":\"https:\/\/secure.gravatar.com\/avatar\/cfc68a3a6fae5f0742f6de2b7601407c989aa735e4887fb9e9a1c4bcbffc0094?s=96&d=mm&r=g\",\"contentUrl\":\"https:\/\/secure.gravatar.com\/avatar\/cfc68a3a6fae5f0742f6de2b7601407c989aa735e4887fb9e9a1c4bcbffc0094?s=96&d=mm&r=g\",\"caption\":\"Inga Zimmermann\"},\"description\":\"ist stellvertretende Redaktionsleiterin beim Online-Magazin Elbmelancholie. Hier kann sie \u00fcber ihre Erlebnisse in der Hansestadt Hamburg und Gedanken zu den hiesigen Geschehnissen berichten.\",\"sameAs\":[\"http:\/\/www.elbmelancholie.de\"],\"url\":\"https:\/\/blog.zeit.de\/hamburg\/author\/izimmermann\/\"}]}<\/script>\n<!-- \/ Yoast SEO plugin. -->","yoast_head_json":{"title":"Wochenr\u00fcckblick: Fit f\u00fcr den Smalltalk im Aufzug","description":"Volkskrankheiten, Ferien bis 2024, Weihnachtsm\u00e4rkte und ein halber Hamburger Tatort: Themen der Woche vom Magazin Elbmelancholie.","robots":{"index":"index","follow":"follow","max-snippet":"max-snippet:-1","max-image-preview":"max-image-preview:large","max-video-preview":"max-video-preview:-1"},"canonical":"https:\/\/blog.zeit.de\/hamburg\/fit-fuer-den-smalltalk-im-aufzug\/","og_locale":"de_DE","og_type":"article","og_title":"Wochenr\u00fcckblick: Fit f\u00fcr den Smalltalk im Aufzug","og_description":"Volkskrankheiten, Ferien bis 2024, Weihnachtsm\u00e4rkte und ein halber Hamburger Tatort: Themen der Woche vom Magazin Elbmelancholie.","og_url":"https:\/\/blog.zeit.de\/hamburg\/fit-fuer-den-smalltalk-im-aufzug\/","og_site_name":"Speersort 1","article_published_time":"2014-12-01T08:27:28+00:00","article_modified_time":"2014-12-01T08:34:58+00:00","author":"Inga Zimmermann","twitter_card":"summary_large_image","twitter_misc":{"Geschrieben von":"Inga Zimmermann","Gesch\u00e4tzte Lesezeit":"3\u00a0Minuten"},"schema":{"@context":"https:\/\/schema.org","@graph":[{"@type":"WebPage","@id":"https:\/\/blog.zeit.de\/hamburg\/fit-fuer-den-smalltalk-im-aufzug\/","url":"https:\/\/blog.zeit.de\/hamburg\/fit-fuer-den-smalltalk-im-aufzug\/","name":"Wochenr\u00fcckblick: Fit f\u00fcr den Smalltalk im Aufzug","isPartOf":{"@id":"https:\/\/blog.zeit.de\/hamburg\/#website"},"datePublished":"2014-12-01T08:27:28+00:00","dateModified":"2014-12-01T08:34:58+00:00","author":{"@id":"https:\/\/blog.zeit.de\/hamburg\/#\/schema\/person\/144f35b05ff19e11ea75cc62a927a3cd"},"description":"Volkskrankheiten, Ferien bis 2024, Weihnachtsm\u00e4rkte und ein halber Hamburger Tatort: Themen der Woche vom Magazin Elbmelancholie.","breadcrumb":{"@id":"https:\/\/blog.zeit.de\/hamburg\/fit-fuer-den-smalltalk-im-aufzug\/#breadcrumb"},"inLanguage":"de","potentialAction":[{"@type":"ReadAction","target":["https:\/\/blog.zeit.de\/hamburg\/fit-fuer-den-smalltalk-im-aufzug\/"]}]},{"@type":"BreadcrumbList","@id":"https:\/\/blog.zeit.de\/hamburg\/fit-fuer-den-smalltalk-im-aufzug\/#breadcrumb","itemListElement":[{"@type":"ListItem","position":1,"name":"Startseite","item":"https:\/\/blog.zeit.de\/hamburg\/"},{"@type":"ListItem","position":2,"name":"Fit f\u00fcr den Smalltalk im Aufzug"}]},{"@type":"WebSite","@id":"https:\/\/blog.zeit.de\/hamburg\/#website","url":"https:\/\/blog.zeit.de\/hamburg\/","name":"Speersort 1","description":"Das Hamburg-Blog","potentialAction":[{"@type":"SearchAction","target":{"@type":"EntryPoint","urlTemplate":"https:\/\/blog.zeit.de\/hamburg\/?s={search_term_string}"},"query-input":"required name=search_term_string"}],"inLanguage":"de"},{"@type":"Person","@id":"https:\/\/blog.zeit.de\/hamburg\/#\/schema\/person\/144f35b05ff19e11ea75cc62a927a3cd","name":"Inga Zimmermann","image":{"@type":"ImageObject","inLanguage":"de","@id":"https:\/\/blog.zeit.de\/hamburg\/#\/schema\/person\/image\/","url":"https:\/\/secure.gravatar.com\/avatar\/cfc68a3a6fae5f0742f6de2b7601407c989aa735e4887fb9e9a1c4bcbffc0094?s=96&d=mm&r=g","contentUrl":"https:\/\/secure.gravatar.com\/avatar\/cfc68a3a6fae5f0742f6de2b7601407c989aa735e4887fb9e9a1c4bcbffc0094?s=96&d=mm&r=g","caption":"Inga Zimmermann"},"description":"ist stellvertretende Redaktionsleiterin beim Online-Magazin Elbmelancholie. Hier kann sie \u00fcber ihre Erlebnisse in der Hansestadt Hamburg und Gedanken zu den hiesigen Geschehnissen berichten.","sameAs":["http:\/\/www.elbmelancholie.de"],"url":"https:\/\/blog.zeit.de\/hamburg\/author\/izimmermann\/"}]}},"jetpack_featured_media_url":"","jetpack_sharing_enabled":true,"_links":{"self":[{"href":"https:\/\/blog.zeit.de\/hamburg\/wp-json\/wp\/v2\/posts\/2639","targetHints":{"allow":["GET"]}}],"collection":[{"href":"https:\/\/blog.zeit.de\/hamburg\/wp-json\/wp\/v2\/posts"}],"about":[{"href":"https:\/\/blog.zeit.de\/hamburg\/wp-json\/wp\/v2\/types\/post"}],"author":[{"embeddable":true,"href":"https:\/\/blog.zeit.de\/hamburg\/wp-json\/wp\/v2\/users\/478"}],"replies":[{"embeddable":true,"href":"https:\/\/blog.zeit.de\/hamburg\/wp-json\/wp\/v2\/comments?post=2639"}],"version-history":[{"count":3,"href":"https:\/\/blog.zeit.de\/hamburg\/wp-json\/wp\/v2\/posts\/2639\/revisions"}],"predecessor-version":[{"id":2642,"href":"https:\/\/blog.zeit.de\/hamburg\/wp-json\/wp\/v2\/posts\/2639\/revisions\/2642"}],"wp:attachment":[{"href":"https:\/\/blog.zeit.de\/hamburg\/wp-json\/wp\/v2\/media?parent=2639"}],"wp:term":[{"taxonomy":"category","embeddable":true,"href":"https:\/\/blog.zeit.de\/hamburg\/wp-json\/wp\/v2\/categories?post=2639"},{"taxonomy":"post_tag","embeddable":true,"href":"https:\/\/blog.zeit.de\/hamburg\/wp-json\/wp\/v2\/tags?post=2639"}],"curies":[{"name":"wp","href":"https:\/\/api.w.org\/{rel}","templated":true}]}}