{"id":2686,"date":"2014-12-12T10:26:31","date_gmt":"2014-12-12T09:26:31","guid":{"rendered":"http:\/\/blog.zeit.de\/hamburg\/?p=2686"},"modified":"2014-12-12T10:26:31","modified_gmt":"2014-12-12T09:26:31","slug":"schluss-mit-der-heldenverehrung","status":"publish","type":"post","link":"https:\/\/blog.zeit.de\/hamburg\/schluss-mit-der-heldenverehrung\/","title":{"rendered":"Schluss mit der Heldenverehrung"},"content":{"rendered":"<p>Der FC St. Pauli und seine Fanschaft haben im Herbst mit Fabian Boll den letzten Spieler einer einzigartigen Generation verabschiedet. In der angespannten sportlichen Situation derzeit \u2013 als ich den Text schreibe, steht der FC St. Pauli auf einem direkten Abstiegsplatz zur Dritten Liga \u2013 droht die Sehnsucht nach den alten Haudegen zur ernsten Belastung f\u00fcr das aktuelle Team in Braun-Wei\u00df zu werden.<!--more--><\/p>\n<p>Das Abschiedsspiel von Fabian Boll ging mit 5:1 an die &#8222;alten Helden&#8220;, die sich mit Boll gemeinsam aus der Regionalliga bis in die Erste Bundesliga hochgepfl\u00fcgt haben.<\/p>\n<p><figure id=\"attachment_2687\" aria-describedby=\"caption-attachment-2687\" style=\"width: 580px\" class=\"wp-caption alignnone\"><img loading=\"lazy\" decoding=\"async\" class=\"size-medium wp-image-2687\" src=\"https:\/\/blog.zeit.de\/hamburg\/files\/2014\/12\/Naki-bei-Dehn\u00fcbungen-580x327.jpg\" alt=\"Deniz Naki bei Dehn\u00fcbungen am Millerntor. Foto: Erik Hauth\" width=\"580\" height=\"327\" srcset=\"https:\/\/blog.zeit.de\/hamburg\/files\/2014\/12\/Naki-bei-Dehn\u00fcbungen-580x327.jpg 580w, https:\/\/blog.zeit.de\/hamburg\/files\/2014\/12\/Naki-bei-Dehn\u00fcbungen-1024x577.jpg 1024w\" sizes=\"auto, (max-width: 580px) 100vw, 580px\" \/><figcaption id=\"caption-attachment-2687\" class=\"wp-caption-text\">Deniz Naki bei Dehn\u00fcbungen am Millerntor. Foto: Erik Hauth<\/figcaption><\/figure><\/p>\n<p>Trainer Meggle hatte seine aktuellen Spieler angewiesen, diesen Tag besonders ruhig anzugehen und ihre &#8222;Gegner&#8220; nur zu begleiten, statt sie robust am Toreschie\u00dfen zu hindern. Was dann ins Gem\u00fct eines aktuellen Bundesligaspielers einsickert, wenn das Millerntor die Vorg\u00e4nger abfeiert, kann man sich ja mal vorstellen.<\/p>\n<p><strong>Legendenbildung beim Kultclub<\/strong><\/p>\n<p>Deniz Naki, einstiges Sorgenkind und St.-Pauli-Veteran, rammte einst nach einem Sieg gegen Rostock eine braun-wei\u00dfe Fahne in den dortigen Rasen und ist dadurch zur Legende geronnen. Eine Legende, die nun <a href=\"http:\/\/www.stpaulinu.de\/its-a-kind-of-magic\/deniz-naki-besucht-hamburg-und-ganz-st-pauli-ist-aufgeregt-23\" target=\"_blank\">wieder ans Millerntor klopft<\/a>, als m\u00f6glicher R\u00fcckkehrer in der Winterpause. Was das mit dem aktuellen Kader anstellen w\u00fcrde, will ich mir gar nicht vorstellen.<\/p>\n<p>Thomas Meggle verriet auf meine Nachfrage bei der Vereinstalkshow\u00a0<em>Talkschau<\/em> dann auch gestern Abend, dass diese Heldenverehrung nicht spurlos an der aktuellen Mannschaft vorbei geht, das Thema sie mutma\u00dflich auch nervt. Der aktuelle Boyscoach wies abschlie\u00dfend noch darauf hin, dass es bei den so sehns\u00fcchtig besungenen Helden auch Jahre gebraucht habe, <a href=\"http:\/\/www.stpaulinu.de\/its-a-kind-of-magic\/st-pauli-werdung\" target=\"_blank\">bis sie sich mit dem FC St. Pauli identifizieren konnten<\/a>.<\/p>\n<p>Das gilt f\u00fcr Florian Lechner, den von Kr\u00e4mpfen gesch\u00fcttelten Pokalhelden der <a href=\"http:\/\/www.ndr.de\/sport\/fussball\/pauli\/pauli774.html\" target=\"_blank\">legend\u00e4ren B-Serie<\/a> (als St. Pauli hintereinander Burghausen, Berlin und Bremen geschlagen hatte), genauso wie f\u00fcr Ex-St\u00fcrmer Marius Ebbers, den werbenden Deniz Naki sowie f\u00fcr Meggle selbst.<\/p>\n<p>Wir sind uns beim FC St. Pauli einmal sehr einig gewesen, dass wir keinen Personenkult betreiben wollen, und so sehr ich meine, dass wir dieser besonderen Generation einen Platz in unseren Herzen reservieren sollten, so sehr m\u00f6chte ich, dass wir uns darauf konzentrieren, die aktuellen <em>Boys in Brown<\/em> zu echten St.-Paulianern zu machen.<\/p>\n<p>Mit Meggle als Trainer kann das gelingen, f\u00fchlte sich der Kampf gegen Bochum am vergangenen Wochenende doch schon sehr nach St. Pauli an. Mit &#8222;Barmstadt&#8220; k\u00e4me nun das n\u00e4chste B gerade recht.<\/p>\n","protected":false},"excerpt":{"rendered":"<p>Der FC St. Pauli und seine Fanschaft haben im Herbst mit Fabian Boll den letzten Spieler einer einzigartigen Generation verabschiedet. In der angespannten sportlichen Situation derzeit \u2013 als ich den Text schreibe, steht der FC St. Pauli auf einem direkten Abstiegsplatz zur Dritten Liga \u2013 droht die Sehnsucht nach den alten Haudegen zur ernsten Belastung [&hellip;]<\/p>\n","protected":false},"author":474,"featured_media":0,"comment_status":"open","ping_status":"open","sticky":false,"template":"","format":"standard","meta":{"_jetpack_memberships_contains_paid_content":false,"footnotes":""},"categories":[16],"tags":[31504,2663,31505],"class_list":["post-2686","post","type-post","status-publish","format-standard","hentry","category-allgemein","tag-deniz-naki","tag-fc-st-pauli","tag-helden"],"yoast_head":"<!-- This site is optimized with the Yoast SEO plugin v21.0 - https:\/\/yoast.com\/wordpress\/plugins\/seo\/ -->\n<title>Schluss mit der Heldenverehrung - Speersort 1 - ZEIT ONLINE<\/title>\n<meta name=\"robots\" content=\"index, follow, max-snippet:-1, max-image-preview:large, max-video-preview:-1\" \/>\n<link rel=\"canonical\" href=\"https:\/\/blog.zeit.de\/hamburg\/schluss-mit-der-heldenverehrung\/\" \/>\n<meta property=\"og:locale\" content=\"de_DE\" \/>\n<meta property=\"og:type\" content=\"article\" \/>\n<meta property=\"og:title\" content=\"Schluss mit der Heldenverehrung - Speersort 1 - ZEIT ONLINE\" \/>\n<meta property=\"og:description\" content=\"Der FC St. Pauli und seine Fanschaft haben im Herbst mit Fabian Boll den letzten Spieler einer einzigartigen Generation verabschiedet. In der angespannten sportlichen Situation derzeit \u2013 als ich den Text schreibe, steht der FC St. Pauli auf einem direkten Abstiegsplatz zur Dritten Liga \u2013 droht die Sehnsucht nach den alten Haudegen zur ernsten Belastung [&hellip;]\" \/>\n<meta property=\"og:url\" content=\"https:\/\/blog.zeit.de\/hamburg\/schluss-mit-der-heldenverehrung\/\" \/>\n<meta property=\"og:site_name\" content=\"Speersort 1\" \/>\n<meta property=\"article:author\" content=\"https:\/\/www.facebook.com\/stpaulinu\" \/>\n<meta property=\"article:published_time\" content=\"2014-12-12T09:26:31+00:00\" \/>\n<meta name=\"author\" content=\"Erik Hauth\" \/>\n<meta name=\"twitter:card\" content=\"summary_large_image\" \/>\n<meta name=\"twitter:creator\" content=\"@ring2\" \/>\n<meta name=\"twitter:label1\" content=\"Geschrieben von\" \/>\n\t<meta name=\"twitter:data1\" content=\"Erik Hauth\" \/>\n\t<meta name=\"twitter:label2\" content=\"Gesch\u00e4tzte Lesezeit\" \/>\n\t<meta name=\"twitter:data2\" content=\"2\u00a0Minuten\" \/>\n<script type=\"application\/ld+json\" class=\"yoast-schema-graph\">{\"@context\":\"https:\/\/schema.org\",\"@graph\":[{\"@type\":\"WebPage\",\"@id\":\"https:\/\/blog.zeit.de\/hamburg\/schluss-mit-der-heldenverehrung\/\",\"url\":\"https:\/\/blog.zeit.de\/hamburg\/schluss-mit-der-heldenverehrung\/\",\"name\":\"Schluss mit der Heldenverehrung - Speersort 1 - ZEIT ONLINE\",\"isPartOf\":{\"@id\":\"https:\/\/blog.zeit.de\/hamburg\/#website\"},\"datePublished\":\"2014-12-12T09:26:31+00:00\",\"dateModified\":\"2014-12-12T09:26:31+00:00\",\"author\":{\"@id\":\"https:\/\/blog.zeit.de\/hamburg\/#\/schema\/person\/ae2ae61edc5d6a5d6c384e5b44e91bd9\"},\"breadcrumb\":{\"@id\":\"https:\/\/blog.zeit.de\/hamburg\/schluss-mit-der-heldenverehrung\/#breadcrumb\"},\"inLanguage\":\"de\",\"potentialAction\":[{\"@type\":\"ReadAction\",\"target\":[\"https:\/\/blog.zeit.de\/hamburg\/schluss-mit-der-heldenverehrung\/\"]}]},{\"@type\":\"BreadcrumbList\",\"@id\":\"https:\/\/blog.zeit.de\/hamburg\/schluss-mit-der-heldenverehrung\/#breadcrumb\",\"itemListElement\":[{\"@type\":\"ListItem\",\"position\":1,\"name\":\"Startseite\",\"item\":\"https:\/\/blog.zeit.de\/hamburg\/\"},{\"@type\":\"ListItem\",\"position\":2,\"name\":\"Schluss mit der Heldenverehrung\"}]},{\"@type\":\"WebSite\",\"@id\":\"https:\/\/blog.zeit.de\/hamburg\/#website\",\"url\":\"https:\/\/blog.zeit.de\/hamburg\/\",\"name\":\"Speersort 1\",\"description\":\"Das Hamburg-Blog\",\"potentialAction\":[{\"@type\":\"SearchAction\",\"target\":{\"@type\":\"EntryPoint\",\"urlTemplate\":\"https:\/\/blog.zeit.de\/hamburg\/?s={search_term_string}\"},\"query-input\":\"required name=search_term_string\"}],\"inLanguage\":\"de\"},{\"@type\":\"Person\",\"@id\":\"https:\/\/blog.zeit.de\/hamburg\/#\/schema\/person\/ae2ae61edc5d6a5d6c384e5b44e91bd9\",\"name\":\"Erik Hauth\",\"image\":{\"@type\":\"ImageObject\",\"inLanguage\":\"de\",\"@id\":\"https:\/\/blog.zeit.de\/hamburg\/#\/schema\/person\/image\/\",\"url\":\"https:\/\/secure.gravatar.com\/avatar\/5bd569312ecb276570adaac3712a105857e5a8df7356226c44cc446db9be2c74?s=96&d=mm&r=g\",\"contentUrl\":\"https:\/\/secure.gravatar.com\/avatar\/5bd569312ecb276570adaac3712a105857e5a8df7356226c44cc446db9be2c74?s=96&d=mm&r=g\",\"caption\":\"Erik Hauth\"},\"description\":\"ist aufgewachsen in Blankenese und betreibt das meistgelesene Blog \u00fcber den FC St. Pauli und seinen Stadtteil. Erik war am 16.2.2011 im Volksparkstadion und ist stolz darauf, sich deswegen \\\"Derbysieger\\\" nennen zu d\u00fcrfen.\",\"sameAs\":[\"https:\/\/www.stpaulinu.de\",\"https:\/\/www.facebook.com\/stpaulinu\",\"https:\/\/twitter.com\/ring2\"],\"url\":\"https:\/\/blog.zeit.de\/hamburg\/author\/ehauth\/\"}]}<\/script>\n<!-- \/ Yoast SEO plugin. -->","yoast_head_json":{"title":"Schluss mit der Heldenverehrung - Speersort 1 - ZEIT ONLINE","robots":{"index":"index","follow":"follow","max-snippet":"max-snippet:-1","max-image-preview":"max-image-preview:large","max-video-preview":"max-video-preview:-1"},"canonical":"https:\/\/blog.zeit.de\/hamburg\/schluss-mit-der-heldenverehrung\/","og_locale":"de_DE","og_type":"article","og_title":"Schluss mit der Heldenverehrung - Speersort 1 - ZEIT ONLINE","og_description":"Der FC St. Pauli und seine Fanschaft haben im Herbst mit Fabian Boll den letzten Spieler einer einzigartigen Generation verabschiedet. In der angespannten sportlichen Situation derzeit \u2013 als ich den Text schreibe, steht der FC St. Pauli auf einem direkten Abstiegsplatz zur Dritten Liga \u2013 droht die Sehnsucht nach den alten Haudegen zur ernsten Belastung [&hellip;]","og_url":"https:\/\/blog.zeit.de\/hamburg\/schluss-mit-der-heldenverehrung\/","og_site_name":"Speersort 1","article_author":"https:\/\/www.facebook.com\/stpaulinu","article_published_time":"2014-12-12T09:26:31+00:00","author":"Erik Hauth","twitter_card":"summary_large_image","twitter_creator":"@ring2","twitter_misc":{"Geschrieben von":"Erik Hauth","Gesch\u00e4tzte Lesezeit":"2\u00a0Minuten"},"schema":{"@context":"https:\/\/schema.org","@graph":[{"@type":"WebPage","@id":"https:\/\/blog.zeit.de\/hamburg\/schluss-mit-der-heldenverehrung\/","url":"https:\/\/blog.zeit.de\/hamburg\/schluss-mit-der-heldenverehrung\/","name":"Schluss mit der Heldenverehrung - Speersort 1 - ZEIT ONLINE","isPartOf":{"@id":"https:\/\/blog.zeit.de\/hamburg\/#website"},"datePublished":"2014-12-12T09:26:31+00:00","dateModified":"2014-12-12T09:26:31+00:00","author":{"@id":"https:\/\/blog.zeit.de\/hamburg\/#\/schema\/person\/ae2ae61edc5d6a5d6c384e5b44e91bd9"},"breadcrumb":{"@id":"https:\/\/blog.zeit.de\/hamburg\/schluss-mit-der-heldenverehrung\/#breadcrumb"},"inLanguage":"de","potentialAction":[{"@type":"ReadAction","target":["https:\/\/blog.zeit.de\/hamburg\/schluss-mit-der-heldenverehrung\/"]}]},{"@type":"BreadcrumbList","@id":"https:\/\/blog.zeit.de\/hamburg\/schluss-mit-der-heldenverehrung\/#breadcrumb","itemListElement":[{"@type":"ListItem","position":1,"name":"Startseite","item":"https:\/\/blog.zeit.de\/hamburg\/"},{"@type":"ListItem","position":2,"name":"Schluss mit der Heldenverehrung"}]},{"@type":"WebSite","@id":"https:\/\/blog.zeit.de\/hamburg\/#website","url":"https:\/\/blog.zeit.de\/hamburg\/","name":"Speersort 1","description":"Das Hamburg-Blog","potentialAction":[{"@type":"SearchAction","target":{"@type":"EntryPoint","urlTemplate":"https:\/\/blog.zeit.de\/hamburg\/?s={search_term_string}"},"query-input":"required name=search_term_string"}],"inLanguage":"de"},{"@type":"Person","@id":"https:\/\/blog.zeit.de\/hamburg\/#\/schema\/person\/ae2ae61edc5d6a5d6c384e5b44e91bd9","name":"Erik Hauth","image":{"@type":"ImageObject","inLanguage":"de","@id":"https:\/\/blog.zeit.de\/hamburg\/#\/schema\/person\/image\/","url":"https:\/\/secure.gravatar.com\/avatar\/5bd569312ecb276570adaac3712a105857e5a8df7356226c44cc446db9be2c74?s=96&d=mm&r=g","contentUrl":"https:\/\/secure.gravatar.com\/avatar\/5bd569312ecb276570adaac3712a105857e5a8df7356226c44cc446db9be2c74?s=96&d=mm&r=g","caption":"Erik Hauth"},"description":"ist aufgewachsen in Blankenese und betreibt das meistgelesene Blog \u00fcber den FC St. Pauli und seinen Stadtteil. Erik war am 16.2.2011 im Volksparkstadion und ist stolz darauf, sich deswegen \"Derbysieger\" nennen zu d\u00fcrfen.","sameAs":["https:\/\/www.stpaulinu.de","https:\/\/www.facebook.com\/stpaulinu","https:\/\/twitter.com\/ring2"],"url":"https:\/\/blog.zeit.de\/hamburg\/author\/ehauth\/"}]}},"jetpack_featured_media_url":"","jetpack_sharing_enabled":true,"_links":{"self":[{"href":"https:\/\/blog.zeit.de\/hamburg\/wp-json\/wp\/v2\/posts\/2686","targetHints":{"allow":["GET"]}}],"collection":[{"href":"https:\/\/blog.zeit.de\/hamburg\/wp-json\/wp\/v2\/posts"}],"about":[{"href":"https:\/\/blog.zeit.de\/hamburg\/wp-json\/wp\/v2\/types\/post"}],"author":[{"embeddable":true,"href":"https:\/\/blog.zeit.de\/hamburg\/wp-json\/wp\/v2\/users\/474"}],"replies":[{"embeddable":true,"href":"https:\/\/blog.zeit.de\/hamburg\/wp-json\/wp\/v2\/comments?post=2686"}],"version-history":[{"count":13,"href":"https:\/\/blog.zeit.de\/hamburg\/wp-json\/wp\/v2\/posts\/2686\/revisions"}],"predecessor-version":[{"id":2701,"href":"https:\/\/blog.zeit.de\/hamburg\/wp-json\/wp\/v2\/posts\/2686\/revisions\/2701"}],"wp:attachment":[{"href":"https:\/\/blog.zeit.de\/hamburg\/wp-json\/wp\/v2\/media?parent=2686"}],"wp:term":[{"taxonomy":"category","embeddable":true,"href":"https:\/\/blog.zeit.de\/hamburg\/wp-json\/wp\/v2\/categories?post=2686"},{"taxonomy":"post_tag","embeddable":true,"href":"https:\/\/blog.zeit.de\/hamburg\/wp-json\/wp\/v2\/tags?post=2686"}],"curies":[{"name":"wp","href":"https:\/\/api.w.org\/{rel}","templated":true}]}}