{"id":2760,"date":"2015-01-05T10:39:06","date_gmt":"2015-01-05T09:39:06","guid":{"rendered":"http:\/\/blog.zeit.de\/hamburg\/?p=2760"},"modified":"2015-01-05T12:19:16","modified_gmt":"2015-01-05T11:19:16","slug":"fahrradstrasse-freezers-towers-und-tegida","status":"publish","type":"post","link":"https:\/\/blog.zeit.de\/hamburg\/fahrradstrasse-freezers-towers-und-tegida\/","title":{"rendered":"Fahrradstra\u00dfe, Freezers, Towers \u2013 und Tegida"},"content":{"rendered":"<p>Das neue Jahr hat erst einmal Feuerwehr, Polizei und Stadtreinigung allerhand zu tun gegeben. R<a href=\"http:\/\/www.radiohamburg.de\/Nachrichten\/Hamburg-aktuell\/Hamburg-regional\/2015\/Januar\/Ueber-1.000-Einsaetze-in-der-Silvesternacht\" target=\"_blank\">und 1000 mal mussten in der Neujahrsnacht <\/a>Polizei und Feuerwehr\u00a0 ausr\u00fccken \u2013 leider auch aufgrund illegaler Sprengk\u00f6rper. Vollkommen legal dagegen sind die Keywords der Olympia-Bef\u00fcrworter \u2013 Feuer und Flamme. Gestern fand dazu der erste <a href=\"http:\/\/www.radiohamburg.de\/Nachrichten\/Hamburg-aktuell\/Hamburg-regional\/2015\/Januar\/Verkaufsoffener-Sonntag-Buntes-Rahmenprogramm-in-Hamburg\" target=\"_blank\">verkaufsoffene Sonntag dieses Jahres<\/a> statt und zwar unter dem Motto der Olympiabewerbung: &#8222;Feuer und Flamme f\u00fcr Olympia&#8220;. Mit vielen Lichtern wurde\u00a0gefeiert und \u2013 so kurz nach Silvester \u2013 geh\u00f6rte auch ein Feuerwerk zum Programm.<\/p>\n<p><!--more-->Politisch erw\u00e4hnenswert waren in der Jahreswechsel-Woche die Berichte <a href=\"\/\/www.abendblatt.de\/hamburg\/article135251578\/So-sind-die-Regeln-auf-der-ersten-Alster-Fahrradstrasse.html\" target=\"_blank\">verschiedener Medien<\/a> \u00fcber die <a href=\"http:\/\/www.hamburg.adfc.de\/verkehr\/themen\/fahrradstrasse\/alsterachsen-fahrradstrasse-harvestehuder-weg-eingeweiht\/\" target=\"_blank\">Mitte Dezember fertig gestellte Fahrradstra\u00dfe<\/a> Harvestehuder Weg, an der zunehmend Kritik ge\u00fcbt wird. Die Sicherheit der Radfahrer, die hier eigentlich Vorrang vor den PKWs\u00a0haben sollte, ist nicht vollst\u00e4ndig gew\u00e4hrleistet, wie erste Unf\u00e4lle zeigen. Sollte eine Fahrradstra\u00dfe nicht s\u00e4mtlichen (Anwohner-)Auto- und Touristenbusverkehr unterbinden? Dies widerspricht nat\u00fcrlich dem Entgegenkommen gegen\u00fcber den Anwohnern, aber eine fahrrad- und so auch umweltfreundlichere Stadt schlie\u00dft weniger Autoverkehr nat\u00fcrlich ein.<\/p>\n<p>Diese Thematik bleibt sicherlich ein Wahlkampfthema f\u00fcr die kommende B\u00fcrgerschaftswahl. Nicht nur die <a href=\"http:\/\/www.elbmelancholie.de\/2013\/03\/24\/das-ubel-der-hamburger-radwege-01312\/\" target=\"_blank\">Critical Mass<\/a> oder die <a href=\"http:\/\/www.elbmelancholie.de\/2013\/06\/16\/hamburger-schutzen-das-klima-02674\/%20\" target=\"_blank\">Fahrradsternfahrten des ADFCs<\/a> sollten auf die Radfahrer im Stra\u00dfenverkehr aufmerksam machen,\u00a0 auch die Politik muss\u00a0ihre L\u00f6sungen den Radfahrern anpassen.<\/p>\n<p>W\u00e4hrend der Fu\u00dfball noch in der Winterpause ist und sowohl bei den HSV-Fans als auch bei den Anh\u00e4ngern des St. Pauli \u00fcber Spieler-Zug\u00e4nge und -Abg\u00e4nge spekuliert wird, waren Hamburgs Eishockey- und Basketballspieler am Sonntag bereits zu ihrem jeweils ersten Heimspiel 2015 gefordert. F\u00fcr die Freezers lief es dabei nicht wie erhofft: Mit 2:3 musste sich der Tabellenzweite aus Hamburg\u00a0dem Spitzenreiter,\u00a0den Adlern aus Mannheim, geschlagen geben. Besser machten es die Hamburg Towers. Zum R\u00fcckrundenstart schlugen die Basketballer das Team aus Essen mit 86:77 &#8211; <a href=\"http:\/\/www.elbmelancholie.de\/2015\/01\/04\/hamburg-towers-starten-mit-einem-sieg-ins-neue-jahr-08298\/\" target=\"_blank\">wir berichteten<\/a>.<\/p>\n<p>Mit unserem letzten Punkt blicken wir auf den heutigen\u00a0Montag: In Hamburg wurde von einer Privatperson eine Anti-PEGIDA-Veranstaltung namens TEGIDA (=Tolerante Europ\u00e4erInnen gegen die Idiotisierung des Abendlandes) angemeldet. Nachdem sich zu der Facebookveranstaltung mehr als 3000 Teilnehmer anmeldeten, wurde diese vor\u00fcbergehend abgesagt, da der Polizei anfangs etwa 50 Teilnehmer gemeldet worden seien. Doch neue Veranstalter meldeten die Versammlung\u00a0erneut an, sodass sich am Montag die Teilnehmer voraussichtlich am Glockengie\u00dferwall treffen k\u00f6nnen.<\/p>\n<p>Zu den neuen Veranstaltern geh\u00f6rt <a href=\"http:\/\/hamburg.mitvergnuegen.com\/2015\/tegida-demo-interview-mit-den-veranstaltern-und-alle-infos\/\" target=\"_blank\">laut Mit Vergn\u00fcgen Hamburg<\/a> der Linke-Bezirkspolitiker\u00a0Horst Schneider.\u00a0Aktionen sind keine geplant, lediglich das friedliche Beisammensein. Derzeit haben sich bei der <a href=\"https:\/\/www.facebook.com\/events\/610896139016645\/?ref=5\" target=\"_blank\">Facebookveranstaltung<\/a> \u00fcber 4000 Teilnehmer gemeldet, Tendenz steigend.<\/p>\n<p>Nun kann das neue Jahr und die f\u00fcr die meisten von uns wahrscheinlich erste Arbeitswoche 2015\u00a0beginnen! Auf das alle unsere guten Vors\u00e4tze in Erf\u00fcllung gehen.<\/p>\n","protected":false},"excerpt":{"rendered":"<p>Das neue Jahr hat erst einmal Feuerwehr, Polizei und Stadtreinigung allerhand zu tun gegeben. Rund 1000 mal mussten in der Neujahrsnacht Polizei und Feuerwehr\u00a0 ausr\u00fccken \u2013 leider auch aufgrund illegaler Sprengk\u00f6rper. Vollkommen legal dagegen sind die Keywords der Olympia-Bef\u00fcrworter \u2013 Feuer und Flamme. Gestern fand dazu der erste verkaufsoffene Sonntag dieses Jahres statt und zwar [&hellip;]<\/p>\n","protected":false},"author":478,"featured_media":0,"comment_status":"open","ping_status":"open","sticky":false,"template":"","format":"standard","meta":{"_jetpack_memberships_contains_paid_content":false,"footnotes":""},"categories":[16],"tags":[],"class_list":["post-2760","post","type-post","status-publish","format-standard","hentry","category-allgemein"],"yoast_head":"<!-- This site is optimized with the Yoast SEO plugin v21.0 - https:\/\/yoast.com\/wordpress\/plugins\/seo\/ -->\n<title>Wochenr\u00fcckblick: Fahrradstra\u00dfe, Freezers, Towers \u2013 und Tegida<\/title>\n<meta name=\"robots\" content=\"index, follow, max-snippet:-1, max-image-preview:large, max-video-preview:-1\" \/>\n<link rel=\"canonical\" href=\"https:\/\/blog.zeit.de\/hamburg\/fahrradstrasse-freezers-towers-und-tegida\/\" \/>\n<meta property=\"og:locale\" content=\"de_DE\" \/>\n<meta property=\"og:type\" content=\"article\" \/>\n<meta property=\"og:title\" content=\"Wochenr\u00fcckblick: Fahrradstra\u00dfe, Freezers, Towers \u2013 und Tegida\" \/>\n<meta property=\"og:description\" content=\"Das neue Jahr hat erst einmal Feuerwehr, Polizei und Stadtreinigung allerhand zu tun gegeben. Rund 1000 mal mussten in der Neujahrsnacht Polizei und Feuerwehr\u00a0 ausr\u00fccken \u2013 leider auch aufgrund illegaler Sprengk\u00f6rper. Vollkommen legal dagegen sind die Keywords der Olympia-Bef\u00fcrworter \u2013 Feuer und Flamme. Gestern fand dazu der erste verkaufsoffene Sonntag dieses Jahres statt und zwar [&hellip;]\" \/>\n<meta property=\"og:url\" content=\"https:\/\/blog.zeit.de\/hamburg\/fahrradstrasse-freezers-towers-und-tegida\/\" \/>\n<meta property=\"og:site_name\" content=\"Speersort 1\" \/>\n<meta property=\"article:published_time\" content=\"2015-01-05T09:39:06+00:00\" \/>\n<meta property=\"article:modified_time\" content=\"2015-01-05T11:19:16+00:00\" \/>\n<meta name=\"author\" content=\"Inga Zimmermann\" \/>\n<meta name=\"twitter:card\" content=\"summary_large_image\" \/>\n<meta name=\"twitter:label1\" content=\"Geschrieben von\" \/>\n\t<meta name=\"twitter:data1\" content=\"Inga Zimmermann\" \/>\n\t<meta name=\"twitter:label2\" content=\"Gesch\u00e4tzte Lesezeit\" \/>\n\t<meta name=\"twitter:data2\" content=\"2\u00a0Minuten\" \/>\n<script type=\"application\/ld+json\" class=\"yoast-schema-graph\">{\"@context\":\"https:\/\/schema.org\",\"@graph\":[{\"@type\":\"WebPage\",\"@id\":\"https:\/\/blog.zeit.de\/hamburg\/fahrradstrasse-freezers-towers-und-tegida\/\",\"url\":\"https:\/\/blog.zeit.de\/hamburg\/fahrradstrasse-freezers-towers-und-tegida\/\",\"name\":\"Wochenr\u00fcckblick: Fahrradstra\u00dfe, Freezers, Towers \u2013 und Tegida\",\"isPartOf\":{\"@id\":\"https:\/\/blog.zeit.de\/hamburg\/#website\"},\"datePublished\":\"2015-01-05T09:39:06+00:00\",\"dateModified\":\"2015-01-05T11:19:16+00:00\",\"author\":{\"@id\":\"https:\/\/blog.zeit.de\/hamburg\/#\/schema\/person\/144f35b05ff19e11ea75cc62a927a3cd\"},\"breadcrumb\":{\"@id\":\"https:\/\/blog.zeit.de\/hamburg\/fahrradstrasse-freezers-towers-und-tegida\/#breadcrumb\"},\"inLanguage\":\"de\",\"potentialAction\":[{\"@type\":\"ReadAction\",\"target\":[\"https:\/\/blog.zeit.de\/hamburg\/fahrradstrasse-freezers-towers-und-tegida\/\"]}]},{\"@type\":\"BreadcrumbList\",\"@id\":\"https:\/\/blog.zeit.de\/hamburg\/fahrradstrasse-freezers-towers-und-tegida\/#breadcrumb\",\"itemListElement\":[{\"@type\":\"ListItem\",\"position\":1,\"name\":\"Startseite\",\"item\":\"https:\/\/blog.zeit.de\/hamburg\/\"},{\"@type\":\"ListItem\",\"position\":2,\"name\":\"Fahrradstra\u00dfe, Freezers, Towers \u2013 und Tegida\"}]},{\"@type\":\"WebSite\",\"@id\":\"https:\/\/blog.zeit.de\/hamburg\/#website\",\"url\":\"https:\/\/blog.zeit.de\/hamburg\/\",\"name\":\"Speersort 1\",\"description\":\"Das Hamburg-Blog\",\"potentialAction\":[{\"@type\":\"SearchAction\",\"target\":{\"@type\":\"EntryPoint\",\"urlTemplate\":\"https:\/\/blog.zeit.de\/hamburg\/?s={search_term_string}\"},\"query-input\":\"required name=search_term_string\"}],\"inLanguage\":\"de\"},{\"@type\":\"Person\",\"@id\":\"https:\/\/blog.zeit.de\/hamburg\/#\/schema\/person\/144f35b05ff19e11ea75cc62a927a3cd\",\"name\":\"Inga Zimmermann\",\"image\":{\"@type\":\"ImageObject\",\"inLanguage\":\"de\",\"@id\":\"https:\/\/blog.zeit.de\/hamburg\/#\/schema\/person\/image\/\",\"url\":\"https:\/\/secure.gravatar.com\/avatar\/cfc68a3a6fae5f0742f6de2b7601407c989aa735e4887fb9e9a1c4bcbffc0094?s=96&d=mm&r=g\",\"contentUrl\":\"https:\/\/secure.gravatar.com\/avatar\/cfc68a3a6fae5f0742f6de2b7601407c989aa735e4887fb9e9a1c4bcbffc0094?s=96&d=mm&r=g\",\"caption\":\"Inga Zimmermann\"},\"description\":\"ist stellvertretende Redaktionsleiterin beim Online-Magazin Elbmelancholie. Hier kann sie \u00fcber ihre Erlebnisse in der Hansestadt Hamburg und Gedanken zu den hiesigen Geschehnissen berichten.\",\"sameAs\":[\"http:\/\/www.elbmelancholie.de\"],\"url\":\"https:\/\/blog.zeit.de\/hamburg\/author\/izimmermann\/\"}]}<\/script>\n<!-- \/ Yoast SEO plugin. -->","yoast_head_json":{"title":"Wochenr\u00fcckblick: Fahrradstra\u00dfe, Freezers, Towers \u2013 und Tegida","robots":{"index":"index","follow":"follow","max-snippet":"max-snippet:-1","max-image-preview":"max-image-preview:large","max-video-preview":"max-video-preview:-1"},"canonical":"https:\/\/blog.zeit.de\/hamburg\/fahrradstrasse-freezers-towers-und-tegida\/","og_locale":"de_DE","og_type":"article","og_title":"Wochenr\u00fcckblick: Fahrradstra\u00dfe, Freezers, Towers \u2013 und Tegida","og_description":"Das neue Jahr hat erst einmal Feuerwehr, Polizei und Stadtreinigung allerhand zu tun gegeben. Rund 1000 mal mussten in der Neujahrsnacht Polizei und Feuerwehr\u00a0 ausr\u00fccken \u2013 leider auch aufgrund illegaler Sprengk\u00f6rper. Vollkommen legal dagegen sind die Keywords der Olympia-Bef\u00fcrworter \u2013 Feuer und Flamme. Gestern fand dazu der erste verkaufsoffene Sonntag dieses Jahres statt und zwar [&hellip;]","og_url":"https:\/\/blog.zeit.de\/hamburg\/fahrradstrasse-freezers-towers-und-tegida\/","og_site_name":"Speersort 1","article_published_time":"2015-01-05T09:39:06+00:00","article_modified_time":"2015-01-05T11:19:16+00:00","author":"Inga Zimmermann","twitter_card":"summary_large_image","twitter_misc":{"Geschrieben von":"Inga Zimmermann","Gesch\u00e4tzte Lesezeit":"2\u00a0Minuten"},"schema":{"@context":"https:\/\/schema.org","@graph":[{"@type":"WebPage","@id":"https:\/\/blog.zeit.de\/hamburg\/fahrradstrasse-freezers-towers-und-tegida\/","url":"https:\/\/blog.zeit.de\/hamburg\/fahrradstrasse-freezers-towers-und-tegida\/","name":"Wochenr\u00fcckblick: Fahrradstra\u00dfe, Freezers, Towers \u2013 und Tegida","isPartOf":{"@id":"https:\/\/blog.zeit.de\/hamburg\/#website"},"datePublished":"2015-01-05T09:39:06+00:00","dateModified":"2015-01-05T11:19:16+00:00","author":{"@id":"https:\/\/blog.zeit.de\/hamburg\/#\/schema\/person\/144f35b05ff19e11ea75cc62a927a3cd"},"breadcrumb":{"@id":"https:\/\/blog.zeit.de\/hamburg\/fahrradstrasse-freezers-towers-und-tegida\/#breadcrumb"},"inLanguage":"de","potentialAction":[{"@type":"ReadAction","target":["https:\/\/blog.zeit.de\/hamburg\/fahrradstrasse-freezers-towers-und-tegida\/"]}]},{"@type":"BreadcrumbList","@id":"https:\/\/blog.zeit.de\/hamburg\/fahrradstrasse-freezers-towers-und-tegida\/#breadcrumb","itemListElement":[{"@type":"ListItem","position":1,"name":"Startseite","item":"https:\/\/blog.zeit.de\/hamburg\/"},{"@type":"ListItem","position":2,"name":"Fahrradstra\u00dfe, Freezers, Towers \u2013 und Tegida"}]},{"@type":"WebSite","@id":"https:\/\/blog.zeit.de\/hamburg\/#website","url":"https:\/\/blog.zeit.de\/hamburg\/","name":"Speersort 1","description":"Das Hamburg-Blog","potentialAction":[{"@type":"SearchAction","target":{"@type":"EntryPoint","urlTemplate":"https:\/\/blog.zeit.de\/hamburg\/?s={search_term_string}"},"query-input":"required name=search_term_string"}],"inLanguage":"de"},{"@type":"Person","@id":"https:\/\/blog.zeit.de\/hamburg\/#\/schema\/person\/144f35b05ff19e11ea75cc62a927a3cd","name":"Inga Zimmermann","image":{"@type":"ImageObject","inLanguage":"de","@id":"https:\/\/blog.zeit.de\/hamburg\/#\/schema\/person\/image\/","url":"https:\/\/secure.gravatar.com\/avatar\/cfc68a3a6fae5f0742f6de2b7601407c989aa735e4887fb9e9a1c4bcbffc0094?s=96&d=mm&r=g","contentUrl":"https:\/\/secure.gravatar.com\/avatar\/cfc68a3a6fae5f0742f6de2b7601407c989aa735e4887fb9e9a1c4bcbffc0094?s=96&d=mm&r=g","caption":"Inga Zimmermann"},"description":"ist stellvertretende Redaktionsleiterin beim Online-Magazin Elbmelancholie. Hier kann sie \u00fcber ihre Erlebnisse in der Hansestadt Hamburg und Gedanken zu den hiesigen Geschehnissen berichten.","sameAs":["http:\/\/www.elbmelancholie.de"],"url":"https:\/\/blog.zeit.de\/hamburg\/author\/izimmermann\/"}]}},"jetpack_featured_media_url":"","jetpack_sharing_enabled":true,"_links":{"self":[{"href":"https:\/\/blog.zeit.de\/hamburg\/wp-json\/wp\/v2\/posts\/2760","targetHints":{"allow":["GET"]}}],"collection":[{"href":"https:\/\/blog.zeit.de\/hamburg\/wp-json\/wp\/v2\/posts"}],"about":[{"href":"https:\/\/blog.zeit.de\/hamburg\/wp-json\/wp\/v2\/types\/post"}],"author":[{"embeddable":true,"href":"https:\/\/blog.zeit.de\/hamburg\/wp-json\/wp\/v2\/users\/478"}],"replies":[{"embeddable":true,"href":"https:\/\/blog.zeit.de\/hamburg\/wp-json\/wp\/v2\/comments?post=2760"}],"version-history":[{"count":11,"href":"https:\/\/blog.zeit.de\/hamburg\/wp-json\/wp\/v2\/posts\/2760\/revisions"}],"predecessor-version":[{"id":2774,"href":"https:\/\/blog.zeit.de\/hamburg\/wp-json\/wp\/v2\/posts\/2760\/revisions\/2774"}],"wp:attachment":[{"href":"https:\/\/blog.zeit.de\/hamburg\/wp-json\/wp\/v2\/media?parent=2760"}],"wp:term":[{"taxonomy":"category","embeddable":true,"href":"https:\/\/blog.zeit.de\/hamburg\/wp-json\/wp\/v2\/categories?post=2760"},{"taxonomy":"post_tag","embeddable":true,"href":"https:\/\/blog.zeit.de\/hamburg\/wp-json\/wp\/v2\/tags?post=2760"}],"curies":[{"name":"wp","href":"https:\/\/api.w.org\/{rel}","templated":true}]}}