{"id":2919,"date":"2015-01-26T11:34:15","date_gmt":"2015-01-26T10:34:15","guid":{"rendered":"http:\/\/blog.zeit.de\/hamburg\/?p=2919"},"modified":"2015-01-26T12:10:50","modified_gmt":"2015-01-26T11:10:50","slug":"wochenrueckblick-schnee","status":"publish","type":"post","link":"https:\/\/blog.zeit.de\/hamburg\/wochenrueckblick-schnee\/","title":{"rendered":"Das F\u00fcnf-Sekunden-Tor und ein verhei\u00dfungsvoller Name"},"content":{"rendered":"<p style=\"text-align: left;\"><em>FC St. Pauli und HSV sorgen f\u00fcr positive Schlagzeilen. Weitere Themen der vergangenen Woche: die Wahl, eine Demo gegen sexuelle Aufkl\u00e4rung und der Schnee <\/em><\/p>\n<p style=\"text-align: center;\"><em>&#8222;Schneefl\u00f6ckchen, vom Himmel<\/em><br \/>\n<em> da kommst du geschneit,<\/em><br \/>\n<em> du warst in der Wolke,<\/em><br \/>\n<em> dein Weg ist gar weit.&#8220;<\/em><\/p>\n<p style=\"text-align: left;\">Seit Samstagmittag geht mir dieses Lied einfach nicht aus dem Kopf \u2013 die ersten Schneeflocken im Jahr begeistern doch immer wieder. Aus diesem Grund haben wir unserem\u00a0Wochenr\u00fcckblick eine <a href=\"http:\/\/www.elbmelancholie.de\/2015\/01\/25\/die-themen-der-woche-schnee-sport-schnee-protest-schnee-08473\/\" target=\"_blank\">kleine Bilderstrecke des Schnees in Hamburg<\/a> beigef\u00fcgt. Die Freude h\u00e4lt zumindest solange, bis sich die ersten \u00fcber den Schneematsch, die K\u00e4lte und eventuelles Verkehrschaos \u00e4rgern. Am Wochenende\u00a0war der Schnee aber sicherlich das dominierende Thema vieler Gespr\u00e4che unter uns Hamburgern.\u00a0War das Wetter dann abgehakt, sprachen wir \u00fcber anderes; \u00fcber unsere Sportmannschaften, die Olympiabewerbung, die bevorstehende B\u00fcrgerschaftswahl.<\/p>\n<p style=\"text-align: left;\"><!--more-->Die Sensation der Hamburger Sportwelt war das <a href=\"https:\/\/www.youtube.com\/watch?v=w75TeBs1lXk%20\" target=\"_blank\">F\u00fcnf-Sekunden-Tor<\/a> des neuen FC St. Pauli-Kickers Julian Koch in einem Testspiel gegen den FC Winterthur \u2013 und das aus dem Mittelkreis. Die Basketballer, die Hamburg Towers, kamen mit einem knappen <a href=\"http:\/\/www.hamburgtowers.de\/spielplan\" target=\"_blank\">72:75<\/a>-Sieg gegen die Finke Baskets aus Paderborn nach Hause. Der HSV hielt im Congress Centrum Hamburg seine Mitgliederversammlung ab. Bereits davor hatte der Club verk\u00fcndet, dass der ehemalige Aufsichtsrat Alexander Otto <a href=\"http:\/\/www.hsv.de\/verein\/meldungen\/verein\/2015\/otto-spendet-10-millionen-euro-fuer-campus-bau\/\" target=\"_blank\">zehn Millionen Euro f\u00fcr den geplanten HSV-Campus<\/a> spenden wird \u2013 die Stimmung war dementsprechend friedlich. Schlie\u00dflich hatte auch Herr K\u00fchne vergangene Woche bekannt gegeben, weiter in seinen HSV investieren zu wollen. Dass der Logistik-Unternehmer das Stadion wieder &#8222;Volksparkstadion&#8220; nennen l\u00e4sst, gef\u00e4llt vielen Fans.<\/p>\n\n<div class=\"embed-wrapper embed-wrapper--blocked js-embed-consent\" data-method=\"embed\">\n<script class=\"raw__source\" type=\"text\/template\"><div class=\"embed-twitter\"><blockquote class=\"twitter-tweet\" data-width=\"550\" data-dnt=\"true\"><p data-replace lang=\"de\" dir=\"ltr\">Ab dem 1. Juli 2015 werden wir unsere Heimspiele in den kommenden 4 Jahren nun wieder im Volksparkstadion austragen. <a href=\"http:\/\/t.co\/ZstnJDjQUz\">pic.twitter.com\/ZstnJDjQUz<\/a><\/p>&mdash; Hamburger SV (@HSV) <a href=\"https:\/\/twitter.com\/HSV\/status\/558182668731682816?ref_src=twsrc%5Etfw\">January 22, 2015<\/a><\/blockquote><scr+ipt async src=\"https:\/\/platform.twitter.com\/widgets.js\" charset=\"utf-8\"><\/scr+ipt><\/div><\/script>\n<div class=\"embed-wrapper__inner\">\n<div class=\"embed-wrapper__text\">\n<h3>Empfohlener redaktioneller Inhalt<\/h3>\n<p data-replace=\"no\">An dieser Stelle finden Sie externen Inhalt, der den Artikel erg\u00e4nzt. Sie k\u00f6nnen sich externe Inhalte mit einem Klick anzeigen lassen und wieder ausblenden.<noscript>Bitte aktivieren Sie JavaScript damit Sie diesen Inhalt anzeigen k\u00f6nnen.<\/noscript><\/p>\n<\/div>\n<div class=\"embed-consent\">\n<label class=\"embed-consent__toggle\">\n<input class=\"js-embed-consent__toggle\" type=\"checkbox\" autocomplete=\"off\">\n<span><\/span>\nExterner Inhalt\n<\/label>\n<a href=\"https:\/\/www.zeit.de\/hilfe\/datenschutz\" target=\"_blank\" class=\"embed-consent__datalink-when-active\">Datenschutzerkl\u00e4rung<\/a>\n<\/div>\n<div class=\"embed-wrapper__footer\">\n<p data-replace=\"no\">\nIch bin damit einverstanden, dass mir externe Inhalte angezeigt werden. Damit k\u00f6nnen personenbezogene Daten an Drittplattformen \u00fcbermittelt werden. <a href=\"https:\/\/www.zeit.de\/hilfe\/datenschutz\" target=\"_blank\">Mehr dazu in unserer Datenschutzerkl\u00e4rung.<\/a>\n<\/p>\n<\/div>\n<\/div>\n<\/div>\n<p style=\"text-align: left;\">Der <a href=\"http:\/\/www.hamburg.de\/wahl-o-mat\/\" target=\"_blank\">Wahl-O-Mat <\/a>f\u00fcr die kommende Hamburger B\u00fcrgerschaftswahl ist nun online. Sollten Sie trotzdem noch unschl\u00fcssig sein, ob Sie die Aussagen unser Politiker alle richtig verstanden haben, schauen Sie in unser <a href=\"http:\/\/www.elbmelancholie.de\/2015\/01\/22\/das-elbmelancholie-buergerschafts-wahlprogramm-quiz-vol-1-08382\/\" target=\"_blank\">erstes Wahlprogrammquiz<\/a>.\u00a0F\u00fcr Diskussionen sorgte die Woche auch ein Gerichtsentscheid. Durch ihn\u00a0wurde der <a href=\"http:\/\/www.ndr.de\/nachrichten\/hamburg\/Sophienterrasse-Baustopp-fuer-Fluechtlingsheim,sophienterrasse136.html\" target=\"_blank\">Umbau eines als Fl\u00fcchtlingsheim bestimmten Geb\u00e4udes in Harvestehude gestoppt<\/a>, da einer Klage von Anwohnern stattgegeben wurde. Die Kl\u00e4ger beriefen sich auf den Bebauungsplan von 1955, welcher die Unterbringung von Fl\u00fcchtlingen in diesem gesch\u00fctzten Wohngebiet\u00a0in dieser Form nicht vorsieht.<\/p>\n<p style=\"text-align: left;\"><a href=\"http:\/\/www.radiohamburg.de\/Nachrichten\/Hamburg-aktuell\/Hamburg-regional\/2015\/Januar\/Demonstration-in-Hamburg-Protest-gegen-Fruehsexualisierung\/02-Fruehsexualisierung-Demo2\" target=\"_blank\">Auf die Stra\u00dfe gingen am Wochenende Hamburger<\/a>, die gegen die \u201eFr\u00fchsexualisierung\u201c von Kindern protestierten. Sie wandten sich gegen eine zu fr\u00fche und zu offene sexuelle Aufkl\u00e4rung an Schulen. Eine Forderung, die <a href=\"http:\/\/hh-mittendrin.de\/2015\/01\/hamburg-demonstriert-fuer-sexuelle-vielfalt\/\" target=\"_blank\">zahlreiche Gegendemonstranten<\/a> mobilisierte. Mit Regenbogenflaggen standen sie daf\u00fcr ein, Kinder von klein auf an vielf\u00e4ltige Geschlechterrollen zu gew\u00f6hnen \u2014 egal ob hetero, schwul, lesbisch oder trans.<\/p>\n<p style=\"text-align: left;\">Zum Schluss m\u00f6chten wir auf eine\u00a0traurige Nachricht der Woche hinweisen: Eine <a href=\"http:\/\/www.eimsbuetteler-nachrichten.de\/joggerin-erliegt-verletzungen\/\" target=\"_blank\">Joggerin wurde in der Bundesstra\u00dfe von einem Autofahrer erfasst<\/a>, der wohl eine rote Ampel \u00fcbersehen hatte. Sie verstarb drei Tage sp\u00e4ter an den Folgen ihrer Verletzungen.<\/p>\n<p style=\"text-align: left;\">Wir w\u00fcnschen eine erfolgreiche neue Woche \u2013 auch wenn laut Vorhersage leider all der Schnee schmelzen soll.<\/p>\n","protected":false},"excerpt":{"rendered":"<p>FC St. Pauli und HSV sorgen f\u00fcr positive Schlagzeilen. Weitere Themen der vergangenen Woche: die Wahl, eine Demo gegen sexuelle Aufkl\u00e4rung und der Schnee &#8222;Schneefl\u00f6ckchen, vom Himmel da kommst du geschneit, du warst in der Wolke, dein Weg ist gar weit.&#8220; Seit Samstagmittag geht mir dieses Lied einfach nicht aus dem Kopf \u2013 die ersten [&hellip;]<\/p>\n","protected":false},"author":478,"featured_media":0,"comment_status":"open","ping_status":"open","sticky":false,"template":"","format":"standard","meta":{"_jetpack_memberships_contains_paid_content":false,"footnotes":""},"categories":[16],"tags":[],"class_list":["post-2919","post","type-post","status-publish","format-standard","hentry","category-allgemein"],"yoast_head":"<!-- This site is optimized with the Yoast SEO plugin v21.0 - https:\/\/yoast.com\/wordpress\/plugins\/seo\/ -->\n<title>Wochenr\u00fcckblick: Das F\u00fcnf-Sekunden-Tor und ein verhei\u00dfungsvoller Name<\/title>\n<meta name=\"description\" content=\"Vergangene Woche haben FC St. Pauli und HSV mal wieder f\u00fcr positive Schlagzeilen gesorgt. Weitere Themen: die Wahl, eine Demo gegen sexuelle Aufkl\u00e4rung und der Schnee.\" \/>\n<meta name=\"robots\" content=\"index, follow, max-snippet:-1, max-image-preview:large, max-video-preview:-1\" \/>\n<link rel=\"canonical\" href=\"https:\/\/blog.zeit.de\/hamburg\/wochenrueckblick-schnee\/\" \/>\n<meta property=\"og:locale\" content=\"de_DE\" \/>\n<meta property=\"og:type\" content=\"article\" \/>\n<meta property=\"og:title\" content=\"Wochenr\u00fcckblick: Das F\u00fcnf-Sekunden-Tor und ein verhei\u00dfungsvoller Name\" \/>\n<meta property=\"og:description\" content=\"Vergangene Woche haben FC St. Pauli und HSV mal wieder f\u00fcr positive Schlagzeilen gesorgt. Weitere Themen: die Wahl, eine Demo gegen sexuelle Aufkl\u00e4rung und der Schnee.\" \/>\n<meta property=\"og:url\" content=\"https:\/\/blog.zeit.de\/hamburg\/wochenrueckblick-schnee\/\" \/>\n<meta property=\"og:site_name\" content=\"Speersort 1\" \/>\n<meta property=\"article:published_time\" content=\"2015-01-26T10:34:15+00:00\" \/>\n<meta property=\"article:modified_time\" content=\"2015-01-26T11:10:50+00:00\" \/>\n<meta name=\"author\" content=\"Inga Zimmermann\" \/>\n<meta name=\"twitter:card\" content=\"summary_large_image\" \/>\n<meta name=\"twitter:label1\" content=\"Geschrieben von\" \/>\n\t<meta name=\"twitter:data1\" content=\"Inga Zimmermann\" \/>\n\t<meta name=\"twitter:label2\" content=\"Gesch\u00e4tzte Lesezeit\" \/>\n\t<meta name=\"twitter:data2\" content=\"2\u00a0Minuten\" \/>\n<script type=\"application\/ld+json\" class=\"yoast-schema-graph\">{\"@context\":\"https:\/\/schema.org\",\"@graph\":[{\"@type\":\"WebPage\",\"@id\":\"https:\/\/blog.zeit.de\/hamburg\/wochenrueckblick-schnee\/\",\"url\":\"https:\/\/blog.zeit.de\/hamburg\/wochenrueckblick-schnee\/\",\"name\":\"Wochenr\u00fcckblick: Das F\u00fcnf-Sekunden-Tor und ein verhei\u00dfungsvoller Name\",\"isPartOf\":{\"@id\":\"https:\/\/blog.zeit.de\/hamburg\/#website\"},\"datePublished\":\"2015-01-26T10:34:15+00:00\",\"dateModified\":\"2015-01-26T11:10:50+00:00\",\"author\":{\"@id\":\"https:\/\/blog.zeit.de\/hamburg\/#\/schema\/person\/144f35b05ff19e11ea75cc62a927a3cd\"},\"description\":\"Vergangene Woche haben FC St. Pauli und HSV mal wieder f\u00fcr positive Schlagzeilen gesorgt. Weitere Themen: die Wahl, eine Demo gegen sexuelle Aufkl\u00e4rung und der Schnee.\",\"breadcrumb\":{\"@id\":\"https:\/\/blog.zeit.de\/hamburg\/wochenrueckblick-schnee\/#breadcrumb\"},\"inLanguage\":\"de\",\"potentialAction\":[{\"@type\":\"ReadAction\",\"target\":[\"https:\/\/blog.zeit.de\/hamburg\/wochenrueckblick-schnee\/\"]}]},{\"@type\":\"BreadcrumbList\",\"@id\":\"https:\/\/blog.zeit.de\/hamburg\/wochenrueckblick-schnee\/#breadcrumb\",\"itemListElement\":[{\"@type\":\"ListItem\",\"position\":1,\"name\":\"Startseite\",\"item\":\"https:\/\/blog.zeit.de\/hamburg\/\"},{\"@type\":\"ListItem\",\"position\":2,\"name\":\"Das F\u00fcnf-Sekunden-Tor und ein verhei\u00dfungsvoller Name\"}]},{\"@type\":\"WebSite\",\"@id\":\"https:\/\/blog.zeit.de\/hamburg\/#website\",\"url\":\"https:\/\/blog.zeit.de\/hamburg\/\",\"name\":\"Speersort 1\",\"description\":\"Das Hamburg-Blog\",\"potentialAction\":[{\"@type\":\"SearchAction\",\"target\":{\"@type\":\"EntryPoint\",\"urlTemplate\":\"https:\/\/blog.zeit.de\/hamburg\/?s={search_term_string}\"},\"query-input\":\"required name=search_term_string\"}],\"inLanguage\":\"de\"},{\"@type\":\"Person\",\"@id\":\"https:\/\/blog.zeit.de\/hamburg\/#\/schema\/person\/144f35b05ff19e11ea75cc62a927a3cd\",\"name\":\"Inga Zimmermann\",\"image\":{\"@type\":\"ImageObject\",\"inLanguage\":\"de\",\"@id\":\"https:\/\/blog.zeit.de\/hamburg\/#\/schema\/person\/image\/\",\"url\":\"https:\/\/secure.gravatar.com\/avatar\/cfc68a3a6fae5f0742f6de2b7601407c989aa735e4887fb9e9a1c4bcbffc0094?s=96&d=mm&r=g\",\"contentUrl\":\"https:\/\/secure.gravatar.com\/avatar\/cfc68a3a6fae5f0742f6de2b7601407c989aa735e4887fb9e9a1c4bcbffc0094?s=96&d=mm&r=g\",\"caption\":\"Inga Zimmermann\"},\"description\":\"ist stellvertretende Redaktionsleiterin beim Online-Magazin Elbmelancholie. Hier kann sie \u00fcber ihre Erlebnisse in der Hansestadt Hamburg und Gedanken zu den hiesigen Geschehnissen berichten.\",\"sameAs\":[\"http:\/\/www.elbmelancholie.de\"],\"url\":\"https:\/\/blog.zeit.de\/hamburg\/author\/izimmermann\/\"}]}<\/script>\n<!-- \/ Yoast SEO plugin. -->","yoast_head_json":{"title":"Wochenr\u00fcckblick: Das F\u00fcnf-Sekunden-Tor und ein verhei\u00dfungsvoller Name","description":"Vergangene Woche haben FC St. Pauli und HSV mal wieder f\u00fcr positive Schlagzeilen gesorgt. Weitere Themen: die Wahl, eine Demo gegen sexuelle Aufkl\u00e4rung und der Schnee.","robots":{"index":"index","follow":"follow","max-snippet":"max-snippet:-1","max-image-preview":"max-image-preview:large","max-video-preview":"max-video-preview:-1"},"canonical":"https:\/\/blog.zeit.de\/hamburg\/wochenrueckblick-schnee\/","og_locale":"de_DE","og_type":"article","og_title":"Wochenr\u00fcckblick: Das F\u00fcnf-Sekunden-Tor und ein verhei\u00dfungsvoller Name","og_description":"Vergangene Woche haben FC St. Pauli und HSV mal wieder f\u00fcr positive Schlagzeilen gesorgt. Weitere Themen: die Wahl, eine Demo gegen sexuelle Aufkl\u00e4rung und der Schnee.","og_url":"https:\/\/blog.zeit.de\/hamburg\/wochenrueckblick-schnee\/","og_site_name":"Speersort 1","article_published_time":"2015-01-26T10:34:15+00:00","article_modified_time":"2015-01-26T11:10:50+00:00","author":"Inga Zimmermann","twitter_card":"summary_large_image","twitter_misc":{"Geschrieben von":"Inga Zimmermann","Gesch\u00e4tzte Lesezeit":"2\u00a0Minuten"},"schema":{"@context":"https:\/\/schema.org","@graph":[{"@type":"WebPage","@id":"https:\/\/blog.zeit.de\/hamburg\/wochenrueckblick-schnee\/","url":"https:\/\/blog.zeit.de\/hamburg\/wochenrueckblick-schnee\/","name":"Wochenr\u00fcckblick: Das F\u00fcnf-Sekunden-Tor und ein verhei\u00dfungsvoller Name","isPartOf":{"@id":"https:\/\/blog.zeit.de\/hamburg\/#website"},"datePublished":"2015-01-26T10:34:15+00:00","dateModified":"2015-01-26T11:10:50+00:00","author":{"@id":"https:\/\/blog.zeit.de\/hamburg\/#\/schema\/person\/144f35b05ff19e11ea75cc62a927a3cd"},"description":"Vergangene Woche haben FC St. Pauli und HSV mal wieder f\u00fcr positive Schlagzeilen gesorgt. Weitere Themen: die Wahl, eine Demo gegen sexuelle Aufkl\u00e4rung und der Schnee.","breadcrumb":{"@id":"https:\/\/blog.zeit.de\/hamburg\/wochenrueckblick-schnee\/#breadcrumb"},"inLanguage":"de","potentialAction":[{"@type":"ReadAction","target":["https:\/\/blog.zeit.de\/hamburg\/wochenrueckblick-schnee\/"]}]},{"@type":"BreadcrumbList","@id":"https:\/\/blog.zeit.de\/hamburg\/wochenrueckblick-schnee\/#breadcrumb","itemListElement":[{"@type":"ListItem","position":1,"name":"Startseite","item":"https:\/\/blog.zeit.de\/hamburg\/"},{"@type":"ListItem","position":2,"name":"Das F\u00fcnf-Sekunden-Tor und ein verhei\u00dfungsvoller Name"}]},{"@type":"WebSite","@id":"https:\/\/blog.zeit.de\/hamburg\/#website","url":"https:\/\/blog.zeit.de\/hamburg\/","name":"Speersort 1","description":"Das Hamburg-Blog","potentialAction":[{"@type":"SearchAction","target":{"@type":"EntryPoint","urlTemplate":"https:\/\/blog.zeit.de\/hamburg\/?s={search_term_string}"},"query-input":"required name=search_term_string"}],"inLanguage":"de"},{"@type":"Person","@id":"https:\/\/blog.zeit.de\/hamburg\/#\/schema\/person\/144f35b05ff19e11ea75cc62a927a3cd","name":"Inga Zimmermann","image":{"@type":"ImageObject","inLanguage":"de","@id":"https:\/\/blog.zeit.de\/hamburg\/#\/schema\/person\/image\/","url":"https:\/\/secure.gravatar.com\/avatar\/cfc68a3a6fae5f0742f6de2b7601407c989aa735e4887fb9e9a1c4bcbffc0094?s=96&d=mm&r=g","contentUrl":"https:\/\/secure.gravatar.com\/avatar\/cfc68a3a6fae5f0742f6de2b7601407c989aa735e4887fb9e9a1c4bcbffc0094?s=96&d=mm&r=g","caption":"Inga Zimmermann"},"description":"ist stellvertretende Redaktionsleiterin beim Online-Magazin Elbmelancholie. Hier kann sie \u00fcber ihre Erlebnisse in der Hansestadt Hamburg und Gedanken zu den hiesigen Geschehnissen berichten.","sameAs":["http:\/\/www.elbmelancholie.de"],"url":"https:\/\/blog.zeit.de\/hamburg\/author\/izimmermann\/"}]}},"jetpack_featured_media_url":"","jetpack_sharing_enabled":true,"_links":{"self":[{"href":"https:\/\/blog.zeit.de\/hamburg\/wp-json\/wp\/v2\/posts\/2919","targetHints":{"allow":["GET"]}}],"collection":[{"href":"https:\/\/blog.zeit.de\/hamburg\/wp-json\/wp\/v2\/posts"}],"about":[{"href":"https:\/\/blog.zeit.de\/hamburg\/wp-json\/wp\/v2\/types\/post"}],"author":[{"embeddable":true,"href":"https:\/\/blog.zeit.de\/hamburg\/wp-json\/wp\/v2\/users\/478"}],"replies":[{"embeddable":true,"href":"https:\/\/blog.zeit.de\/hamburg\/wp-json\/wp\/v2\/comments?post=2919"}],"version-history":[{"count":8,"href":"https:\/\/blog.zeit.de\/hamburg\/wp-json\/wp\/v2\/posts\/2919\/revisions"}],"predecessor-version":[{"id":2928,"href":"https:\/\/blog.zeit.de\/hamburg\/wp-json\/wp\/v2\/posts\/2919\/revisions\/2928"}],"wp:attachment":[{"href":"https:\/\/blog.zeit.de\/hamburg\/wp-json\/wp\/v2\/media?parent=2919"}],"wp:term":[{"taxonomy":"category","embeddable":true,"href":"https:\/\/blog.zeit.de\/hamburg\/wp-json\/wp\/v2\/categories?post=2919"},{"taxonomy":"post_tag","embeddable":true,"href":"https:\/\/blog.zeit.de\/hamburg\/wp-json\/wp\/v2\/tags?post=2919"}],"curies":[{"name":"wp","href":"https:\/\/api.w.org\/{rel}","templated":true}]}}