{"id":3397,"date":"2015-03-17T10:25:55","date_gmt":"2015-03-17T09:25:55","guid":{"rendered":"http:\/\/blog.zeit.de\/hamburg\/?p=3397"},"modified":"2015-03-17T12:00:05","modified_gmt":"2015-03-17T11:00:05","slug":"you-never-walk-alone-basti","status":"publish","type":"post","link":"https:\/\/blog.zeit.de\/hamburg\/you-never-walk-alone-basti\/","title":{"rendered":"You&#8217;ll never walk alone, Basti!"},"content":{"rendered":"<p>Auf St. Pauli bedeutet der Ausdruck &#8222;Grade machen&#8220;, dass man einem Gegen\u00fcber gegen\u00fcber Haltung annimmt. Der FC St. Pauli macht sich f\u00fcr seinen Mittelfeldspieler Sebastian Maier &#8222;grade&#8220; \u2013 gegen\u00fcber der <em>Bild am Sonntag<\/em>, die am vergangenen Wochenende mit dem verheulten Gesicht des Ungl\u00fccksraben vom Spiel gegen den FSV Frankfurt <a href=\"https:\/\/www.facebook.com\/BamS\/photos\/a.623151204401155.1073741828.617504784965797\/789642001085407\/?type=1&amp;theater\" target=\"_blank\">aufmachte<\/a>. Dem jungen Spieler war am Tag davor ein Fehlpass unterlaufen, der zum Gegentreffer gef\u00fchrt hatte. <!--more--><\/p>\n<p>Unter dem Motto &#8222;<em>YNWA, Basti!&#8220;<\/em> postete der FC St. Pauli auf seiner Facebook-Seite ein &#8222;StimmungsBILD&#8220; zum <a href=\"https:\/\/blog.zeit.de\/hamburg\/fc-st-pauli-fsv-frankfurt\/\" target=\"_blank\">gro\u00dfen Missgeschick des jungen Mittelfeldtalentes<\/a> und der unger\u00fchrten Titelgeschichte der BamS von gestern:<\/p>\n<p><figure id=\"attachment_3405\" aria-describedby=\"caption-attachment-3405\" style=\"width: 580px\" class=\"wp-caption alignnone\"><img loading=\"lazy\" decoding=\"async\" class=\"size-medium wp-image-3405\" src=\"https:\/\/blog.zeit.de\/hamburg\/files\/2015\/03\/10426133_10152785190583137_2870730489599232836_n-580x580.jpg\" alt=\"Der FC St. Pauli steht zu seinem Pechvogel. Foto: FC St. Pauli\" width=\"580\" height=\"580\" srcset=\"https:\/\/blog.zeit.de\/hamburg\/files\/2015\/03\/10426133_10152785190583137_2870730489599232836_n-580x580.jpg 580w, https:\/\/blog.zeit.de\/hamburg\/files\/2015\/03\/10426133_10152785190583137_2870730489599232836_n-220x220.jpg 220w, https:\/\/blog.zeit.de\/hamburg\/files\/2015\/03\/10426133_10152785190583137_2870730489599232836_n.jpg 640w\" sizes=\"auto, (max-width: 580px) 100vw, 580px\" \/><figcaption id=\"caption-attachment-3405\" class=\"wp-caption-text\">Der FC St. Pauli steht zu seinem Pechvogel. Foto: FC St. Pauli<\/figcaption><\/figure><\/p>\n<p>Die Reaktion der BILD-Redaktion steht noch aus &#8230;<\/p>\n","protected":false},"excerpt":{"rendered":"<p>Auf St. Pauli bedeutet der Ausdruck &#8222;Grade machen&#8220;, dass man einem Gegen\u00fcber gegen\u00fcber Haltung annimmt. Der FC St. Pauli macht sich f\u00fcr seinen Mittelfeldspieler Sebastian Maier &#8222;grade&#8220; \u2013 gegen\u00fcber der Bild am Sonntag, die am vergangenen Wochenende mit dem verheulten Gesicht des Ungl\u00fccksraben vom Spiel gegen den FSV Frankfurt aufmachte. Dem jungen Spieler war am [&hellip;]<\/p>\n","protected":false},"author":474,"featured_media":0,"comment_status":"open","ping_status":"open","sticky":false,"template":"","format":"standard","meta":{"_jetpack_memberships_contains_paid_content":false,"footnotes":""},"categories":[16],"tags":[34712,305,2663,34711],"class_list":["post-3397","post","type-post","status-publish","format-standard","hentry","category-allgemein","tag-bams","tag-facebook","tag-fc-st-pauli","tag-sebastian-meier"],"yoast_head":"<!-- This site is optimized with the Yoast SEO plugin v21.0 - https:\/\/yoast.com\/wordpress\/plugins\/seo\/ -->\n<title>You&#039;ll never walk alone, Basti! - Speersort 1 - ZEIT ONLINE<\/title>\n<meta name=\"robots\" content=\"index, follow, max-snippet:-1, max-image-preview:large, max-video-preview:-1\" \/>\n<link rel=\"canonical\" href=\"https:\/\/blog.zeit.de\/hamburg\/you-never-walk-alone-basti\/\" \/>\n<meta property=\"og:locale\" content=\"de_DE\" \/>\n<meta property=\"og:type\" content=\"article\" \/>\n<meta property=\"og:title\" content=\"You&#039;ll never walk alone, Basti! - Speersort 1 - ZEIT ONLINE\" \/>\n<meta property=\"og:description\" content=\"Auf St. Pauli bedeutet der Ausdruck &#8222;Grade machen&#8220;, dass man einem Gegen\u00fcber gegen\u00fcber Haltung annimmt. Der FC St. Pauli macht sich f\u00fcr seinen Mittelfeldspieler Sebastian Maier &#8222;grade&#8220; \u2013 gegen\u00fcber der Bild am Sonntag, die am vergangenen Wochenende mit dem verheulten Gesicht des Ungl\u00fccksraben vom Spiel gegen den FSV Frankfurt aufmachte. Dem jungen Spieler war am [&hellip;]\" \/>\n<meta property=\"og:url\" content=\"https:\/\/blog.zeit.de\/hamburg\/you-never-walk-alone-basti\/\" \/>\n<meta property=\"og:site_name\" content=\"Speersort 1\" \/>\n<meta property=\"article:author\" content=\"https:\/\/www.facebook.com\/stpaulinu\" \/>\n<meta property=\"article:published_time\" content=\"2015-03-17T09:25:55+00:00\" \/>\n<meta property=\"article:modified_time\" content=\"2015-03-17T11:00:05+00:00\" \/>\n<meta property=\"og:image\" content=\"https:\/\/blog.zeit.de\/hamburg\/files\/2015\/03\/10426133_10152785190583137_2870730489599232836_n-580x580.jpg\" \/>\n<meta name=\"author\" content=\"Erik Hauth\" \/>\n<meta name=\"twitter:card\" content=\"summary_large_image\" \/>\n<meta name=\"twitter:creator\" content=\"@ring2\" \/>\n<meta name=\"twitter:label1\" content=\"Geschrieben von\" \/>\n\t<meta name=\"twitter:data1\" content=\"Erik Hauth\" \/>\n\t<meta name=\"twitter:label2\" content=\"Gesch\u00e4tzte Lesezeit\" \/>\n\t<meta name=\"twitter:data2\" content=\"1\u00a0Minute\" \/>\n<script type=\"application\/ld+json\" class=\"yoast-schema-graph\">{\"@context\":\"https:\/\/schema.org\",\"@graph\":[{\"@type\":\"WebPage\",\"@id\":\"https:\/\/blog.zeit.de\/hamburg\/you-never-walk-alone-basti\/\",\"url\":\"https:\/\/blog.zeit.de\/hamburg\/you-never-walk-alone-basti\/\",\"name\":\"You'll never walk alone, Basti! - Speersort 1 - ZEIT ONLINE\",\"isPartOf\":{\"@id\":\"https:\/\/blog.zeit.de\/hamburg\/#website\"},\"datePublished\":\"2015-03-17T09:25:55+00:00\",\"dateModified\":\"2015-03-17T11:00:05+00:00\",\"author\":{\"@id\":\"https:\/\/blog.zeit.de\/hamburg\/#\/schema\/person\/ae2ae61edc5d6a5d6c384e5b44e91bd9\"},\"breadcrumb\":{\"@id\":\"https:\/\/blog.zeit.de\/hamburg\/you-never-walk-alone-basti\/#breadcrumb\"},\"inLanguage\":\"de\",\"potentialAction\":[{\"@type\":\"ReadAction\",\"target\":[\"https:\/\/blog.zeit.de\/hamburg\/you-never-walk-alone-basti\/\"]}]},{\"@type\":\"BreadcrumbList\",\"@id\":\"https:\/\/blog.zeit.de\/hamburg\/you-never-walk-alone-basti\/#breadcrumb\",\"itemListElement\":[{\"@type\":\"ListItem\",\"position\":1,\"name\":\"Startseite\",\"item\":\"https:\/\/blog.zeit.de\/hamburg\/\"},{\"@type\":\"ListItem\",\"position\":2,\"name\":\"You&#8217;ll never walk alone, Basti!\"}]},{\"@type\":\"WebSite\",\"@id\":\"https:\/\/blog.zeit.de\/hamburg\/#website\",\"url\":\"https:\/\/blog.zeit.de\/hamburg\/\",\"name\":\"Speersort 1\",\"description\":\"Das Hamburg-Blog\",\"potentialAction\":[{\"@type\":\"SearchAction\",\"target\":{\"@type\":\"EntryPoint\",\"urlTemplate\":\"https:\/\/blog.zeit.de\/hamburg\/?s={search_term_string}\"},\"query-input\":\"required name=search_term_string\"}],\"inLanguage\":\"de\"},{\"@type\":\"Person\",\"@id\":\"https:\/\/blog.zeit.de\/hamburg\/#\/schema\/person\/ae2ae61edc5d6a5d6c384e5b44e91bd9\",\"name\":\"Erik Hauth\",\"image\":{\"@type\":\"ImageObject\",\"inLanguage\":\"de\",\"@id\":\"https:\/\/blog.zeit.de\/hamburg\/#\/schema\/person\/image\/\",\"url\":\"https:\/\/secure.gravatar.com\/avatar\/5bd569312ecb276570adaac3712a105857e5a8df7356226c44cc446db9be2c74?s=96&d=mm&r=g\",\"contentUrl\":\"https:\/\/secure.gravatar.com\/avatar\/5bd569312ecb276570adaac3712a105857e5a8df7356226c44cc446db9be2c74?s=96&d=mm&r=g\",\"caption\":\"Erik Hauth\"},\"description\":\"ist aufgewachsen in Blankenese und betreibt das meistgelesene Blog \u00fcber den FC St. Pauli und seinen Stadtteil. Erik war am 16.2.2011 im Volksparkstadion und ist stolz darauf, sich deswegen \\\"Derbysieger\\\" nennen zu d\u00fcrfen.\",\"sameAs\":[\"https:\/\/www.stpaulinu.de\",\"https:\/\/www.facebook.com\/stpaulinu\",\"https:\/\/twitter.com\/ring2\"],\"url\":\"https:\/\/blog.zeit.de\/hamburg\/author\/ehauth\/\"}]}<\/script>\n<!-- \/ Yoast SEO plugin. -->","yoast_head_json":{"title":"You'll never walk alone, Basti! - Speersort 1 - ZEIT ONLINE","robots":{"index":"index","follow":"follow","max-snippet":"max-snippet:-1","max-image-preview":"max-image-preview:large","max-video-preview":"max-video-preview:-1"},"canonical":"https:\/\/blog.zeit.de\/hamburg\/you-never-walk-alone-basti\/","og_locale":"de_DE","og_type":"article","og_title":"You'll never walk alone, Basti! - Speersort 1 - ZEIT ONLINE","og_description":"Auf St. Pauli bedeutet der Ausdruck &#8222;Grade machen&#8220;, dass man einem Gegen\u00fcber gegen\u00fcber Haltung annimmt. Der FC St. Pauli macht sich f\u00fcr seinen Mittelfeldspieler Sebastian Maier &#8222;grade&#8220; \u2013 gegen\u00fcber der Bild am Sonntag, die am vergangenen Wochenende mit dem verheulten Gesicht des Ungl\u00fccksraben vom Spiel gegen den FSV Frankfurt aufmachte. Dem jungen Spieler war am [&hellip;]","og_url":"https:\/\/blog.zeit.de\/hamburg\/you-never-walk-alone-basti\/","og_site_name":"Speersort 1","article_author":"https:\/\/www.facebook.com\/stpaulinu","article_published_time":"2015-03-17T09:25:55+00:00","article_modified_time":"2015-03-17T11:00:05+00:00","og_image":[{"url":"https:\/\/blog.zeit.de\/hamburg\/files\/2015\/03\/10426133_10152785190583137_2870730489599232836_n-580x580.jpg"}],"author":"Erik Hauth","twitter_card":"summary_large_image","twitter_creator":"@ring2","twitter_misc":{"Geschrieben von":"Erik Hauth","Gesch\u00e4tzte Lesezeit":"1\u00a0Minute"},"schema":{"@context":"https:\/\/schema.org","@graph":[{"@type":"WebPage","@id":"https:\/\/blog.zeit.de\/hamburg\/you-never-walk-alone-basti\/","url":"https:\/\/blog.zeit.de\/hamburg\/you-never-walk-alone-basti\/","name":"You'll never walk alone, Basti! - Speersort 1 - ZEIT ONLINE","isPartOf":{"@id":"https:\/\/blog.zeit.de\/hamburg\/#website"},"datePublished":"2015-03-17T09:25:55+00:00","dateModified":"2015-03-17T11:00:05+00:00","author":{"@id":"https:\/\/blog.zeit.de\/hamburg\/#\/schema\/person\/ae2ae61edc5d6a5d6c384e5b44e91bd9"},"breadcrumb":{"@id":"https:\/\/blog.zeit.de\/hamburg\/you-never-walk-alone-basti\/#breadcrumb"},"inLanguage":"de","potentialAction":[{"@type":"ReadAction","target":["https:\/\/blog.zeit.de\/hamburg\/you-never-walk-alone-basti\/"]}]},{"@type":"BreadcrumbList","@id":"https:\/\/blog.zeit.de\/hamburg\/you-never-walk-alone-basti\/#breadcrumb","itemListElement":[{"@type":"ListItem","position":1,"name":"Startseite","item":"https:\/\/blog.zeit.de\/hamburg\/"},{"@type":"ListItem","position":2,"name":"You&#8217;ll never walk alone, Basti!"}]},{"@type":"WebSite","@id":"https:\/\/blog.zeit.de\/hamburg\/#website","url":"https:\/\/blog.zeit.de\/hamburg\/","name":"Speersort 1","description":"Das Hamburg-Blog","potentialAction":[{"@type":"SearchAction","target":{"@type":"EntryPoint","urlTemplate":"https:\/\/blog.zeit.de\/hamburg\/?s={search_term_string}"},"query-input":"required name=search_term_string"}],"inLanguage":"de"},{"@type":"Person","@id":"https:\/\/blog.zeit.de\/hamburg\/#\/schema\/person\/ae2ae61edc5d6a5d6c384e5b44e91bd9","name":"Erik Hauth","image":{"@type":"ImageObject","inLanguage":"de","@id":"https:\/\/blog.zeit.de\/hamburg\/#\/schema\/person\/image\/","url":"https:\/\/secure.gravatar.com\/avatar\/5bd569312ecb276570adaac3712a105857e5a8df7356226c44cc446db9be2c74?s=96&d=mm&r=g","contentUrl":"https:\/\/secure.gravatar.com\/avatar\/5bd569312ecb276570adaac3712a105857e5a8df7356226c44cc446db9be2c74?s=96&d=mm&r=g","caption":"Erik Hauth"},"description":"ist aufgewachsen in Blankenese und betreibt das meistgelesene Blog \u00fcber den FC St. Pauli und seinen Stadtteil. Erik war am 16.2.2011 im Volksparkstadion und ist stolz darauf, sich deswegen \"Derbysieger\" nennen zu d\u00fcrfen.","sameAs":["https:\/\/www.stpaulinu.de","https:\/\/www.facebook.com\/stpaulinu","https:\/\/twitter.com\/ring2"],"url":"https:\/\/blog.zeit.de\/hamburg\/author\/ehauth\/"}]}},"jetpack_featured_media_url":"","jetpack_sharing_enabled":true,"_links":{"self":[{"href":"https:\/\/blog.zeit.de\/hamburg\/wp-json\/wp\/v2\/posts\/3397","targetHints":{"allow":["GET"]}}],"collection":[{"href":"https:\/\/blog.zeit.de\/hamburg\/wp-json\/wp\/v2\/posts"}],"about":[{"href":"https:\/\/blog.zeit.de\/hamburg\/wp-json\/wp\/v2\/types\/post"}],"author":[{"embeddable":true,"href":"https:\/\/blog.zeit.de\/hamburg\/wp-json\/wp\/v2\/users\/474"}],"replies":[{"embeddable":true,"href":"https:\/\/blog.zeit.de\/hamburg\/wp-json\/wp\/v2\/comments?post=3397"}],"version-history":[{"count":7,"href":"https:\/\/blog.zeit.de\/hamburg\/wp-json\/wp\/v2\/posts\/3397\/revisions"}],"predecessor-version":[{"id":3423,"href":"https:\/\/blog.zeit.de\/hamburg\/wp-json\/wp\/v2\/posts\/3397\/revisions\/3423"}],"wp:attachment":[{"href":"https:\/\/blog.zeit.de\/hamburg\/wp-json\/wp\/v2\/media?parent=3397"}],"wp:term":[{"taxonomy":"category","embeddable":true,"href":"https:\/\/blog.zeit.de\/hamburg\/wp-json\/wp\/v2\/categories?post=3397"},{"taxonomy":"post_tag","embeddable":true,"href":"https:\/\/blog.zeit.de\/hamburg\/wp-json\/wp\/v2\/tags?post=3397"}],"curies":[{"name":"wp","href":"https:\/\/api.w.org\/{rel}","templated":true}]}}