{"id":3439,"date":"2015-03-20T13:01:31","date_gmt":"2015-03-20T12:01:31","guid":{"rendered":"http:\/\/blog.zeit.de\/hamburg\/?p=3439"},"modified":"2015-03-20T13:50:24","modified_gmt":"2015-03-20T12:50:24","slug":"tempolimit-bundesstrasse","status":"publish","type":"post","link":"https:\/\/blog.zeit.de\/hamburg\/tempolimit-bundesstrasse\/","title":{"rendered":"Tempo 30 in der Bundesstra\u00dfe"},"content":{"rendered":"<p><em>Nachdem in der Bundesstra\u00dfe eine Joggerin angefahren wurde und starb, soll bald in Teilen Tempo 30 gelten. Einige Politiker fordern noch mehr Konsequenzen.<\/em><\/p>\n<p>Ein Text von Annika Demgen<\/p>\n<p>&#8222;Wir sind total begeistert und auch \u00fcberrascht&#8220;, sagt Viola Roggatz von der Initiative <em>30 Zone Bundesstra\u00dfe<\/em> am Telefon. &#8222;Wir haben \u00fcberhaupt nicht damit gerechnet, dass es so schnell geht.&#8220; Von Abgeordneten fast aller Parteien sei sie gewarnt worden: Die Innenbeh\u00f6rde und die Polizei br\u00e4uchten lange, um solche Entscheidungen zu treffen.<!--more--><\/p>\n<p>Doch dann das: Am Mittwochabend gab Ralf Schl\u00fcter im Verkehrsausschuss bekannt, dass die Beh\u00f6rde entschieden hat, die Bundesstra\u00dfe zu einer Tempo-30-Zone zu machen. Nur rund zwei Monate nachdem hier eine\u00a0 <a title=\"Joggerin beim Verkehrsunfall lebensgef\u00e4hrlich verletzt\" href=\"http:\/\/www.eimsbuetteler-nachrichten.de\/joggerin-beim-verkehrsunfall-lebensgefaehrlich-verletzt\/\">Joggerin bei einem Unfall<\/a> ums Leben kam.<\/p>\n<p>Ralf Schl\u00fcters Polizeikommissariat hat in den vergangenen Wochen <a title=\"Kleine Schritte Richtung Tempo 30\" href=\"http:\/\/www.eimsbuetteler-nachrichten.de\/kleine-schritte-richtung-tempo-30\/\">Untersuchungen vor Ort<\/a> durchgef\u00fchrt. Die Beamten \u00fcberpr\u00fcften die durchschnittliche Geschwindigkeit der Autos und das Verkehrsaufkommen. Das Ergebnis: Zwischen Kippingstra\u00dfe und Isebek wird Tempo 30 in der Bundesstra\u00dfe eingef\u00fchrt.<\/p>\n<p>&#8222;Wir wollen die Geschwindigkeitsbegrenzung m\u00f6glichst sofort umsetzen&#8220;, sagt Schl\u00fcter am Telefon. Doch vorher m\u00fcsse noch gepr\u00fcft werden, ob die drei Ampeln in dem Streckenabschnitt auch auf Tempo 30 angepasst werden k\u00f6nnten. &#8222;Wenn das im Programm der Ampeln nicht vorgesehen ist, dann wird die Umsetzung noch dauern. Im schlimmsten Fall bis zum Ende der Sommerferien.&#8220; Wenn das Ampelprogramm Tempo-30-kompatibel ist, gehe es hingegen schneller.<\/p>\n<p>Nicht vollkommen einverstanden mit dieser Entscheidung ist Peter Gutzeit, Abgeordneter der Linksfraktion Eimsb\u00fcttel: In einer <a href=\"https:\/\/www.facebook.com\/1393243954317710\/photos\/a.1393251154316990.1073741827.1393243954317710\/1410784585896980\/?type=1&amp;permPage=1\" target=\"_blank\">Pressemitteilung bem\u00e4ngelt er, dass der Eppendorfer Weg nicht ber\u00fccksichtigt wird<\/a>. Dass Tempo 30 nur zwischen Kippingstra\u00dfe und Isebel gelten soll, h\u00e4lt er f\u00fcr eine &#8222;kleinliche Einschr\u00e4nkung der Innenbeh\u00f6rde&#8220;.<\/p>\n<p>Auch andere Parteien sehen die schnelle Reaktion positiv, sind jedoch nicht komplett zufrieden. Fabian Klabunde, verkehrspolitischer Sprecher der Gr\u00fcnen Eimsb\u00fcttel, w\u00fcrde sich mehr freuen, wenn auch zwischen G\u00e4rtnerstra\u00dfe und Beim Schlump Tempo 30 eingef\u00fchrt w\u00fcrde. Thomas Thomsen von der CDU gibt zu bedenken, dass auch in anderen Teilen der Stra\u00dfe gehandelt werden m\u00fcsse, da sich die Anwohner dort unsicher f\u00fchlten.\u00a0Anne Schum von der SPD Eimsb\u00fcttel m\u00f6chte auch auf dem Eppendorfer Weg Tempo 30 einf\u00fchren \u2013 zwischen Hoheluft und Osterstra\u00dfe.<\/p>\n<p>Ralf Schl\u00fcter, der Verkehrsexperte der Polizei, macht den Politikern jedoch wenig Hoffnung, dass ihre W\u00fcnsche umgesetzt werden: Tempo 30 sei in der Bundesstsra\u00dfe nur vor &#8222;allgemeinbildenden Schulen&#8220; m\u00f6glich, sagt er. Diese Voraussetzung sei nun mal in den restlichen Teilen nicht erf\u00fcllt.<\/p>\n<p>Viola Roggatz von der B\u00fcrgerinitiative st\u00f6rt sich an der Begrenzung weniger: Ihr war es vor allem wichtig, dass es rund um die Ampel, an der die Joggerin angefahren wurde, weniger gef\u00e4hrlich wird. Daher sei sie \u00fcbergl\u00fccklich, dass genau in diesem Bereich nun die Forderung ihrer Initiative umgesetzt werde. &#8222;Es ist toll, wenn man sieht, dass man etwas \u00e4ndern kann, wenn nur genug Leute mithelfen.&#8220;<\/p>\n","protected":false},"excerpt":{"rendered":"<p>Nachdem in der Bundesstra\u00dfe eine Joggerin angefahren wurde und starb, soll bald in Teilen Tempo 30 gelten. Einige Politiker fordern noch mehr Konsequenzen. Ein Text von Annika Demgen &#8222;Wir sind total begeistert und auch \u00fcberrascht&#8220;, sagt Viola Roggatz von der Initiative 30 Zone Bundesstra\u00dfe am Telefon. &#8222;Wir haben \u00fcberhaupt nicht damit gerechnet, dass es so [&hellip;]<\/p>\n","protected":false},"author":509,"featured_media":0,"comment_status":"open","ping_status":"open","sticky":false,"template":"","format":"standard","meta":{"_jetpack_memberships_contains_paid_content":false,"footnotes":""},"categories":[16],"tags":[31407,29727,34717],"class_list":["post-3439","post","type-post","status-publish","format-standard","hentry","category-allgemein","tag-eimsbuettel","tag-tempo-30","tag-verkehrsunfall"],"yoast_head":"<!-- This site is optimized with the Yoast SEO plugin v21.0 - https:\/\/yoast.com\/wordpress\/plugins\/seo\/ -->\n<title>Eimsb\u00fcttel: Tempo 30 in der Bundesstra\u00dfe<\/title>\n<meta name=\"description\" content=\"Nachdem in der Bundesstra\u00dfe eine Joggerin angefahren wurde und starb, soll bald in Teilen Tempo 30 gelten. Einige Politiker fordern noch mehr Konsequenzen.\" \/>\n<meta name=\"robots\" content=\"index, follow, max-snippet:-1, max-image-preview:large, max-video-preview:-1\" \/>\n<link rel=\"canonical\" href=\"https:\/\/blog.zeit.de\/hamburg\/tempolimit-bundesstrasse\/\" \/>\n<meta property=\"og:locale\" content=\"de_DE\" \/>\n<meta property=\"og:type\" content=\"article\" \/>\n<meta property=\"og:title\" content=\"Eimsb\u00fcttel: Tempo 30 in der Bundesstra\u00dfe\" \/>\n<meta property=\"og:description\" content=\"Nachdem in der Bundesstra\u00dfe eine Joggerin angefahren wurde und starb, soll bald in Teilen Tempo 30 gelten. Einige Politiker fordern noch mehr Konsequenzen.\" \/>\n<meta property=\"og:url\" content=\"https:\/\/blog.zeit.de\/hamburg\/tempolimit-bundesstrasse\/\" \/>\n<meta property=\"og:site_name\" content=\"Speersort 1\" \/>\n<meta property=\"article:author\" content=\"http:\/\/www.facebook.com\/eimsbuetteler.nachrichten\" \/>\n<meta property=\"article:published_time\" content=\"2015-03-20T12:01:31+00:00\" \/>\n<meta property=\"article:modified_time\" content=\"2015-03-20T12:50:24+00:00\" \/>\n<meta name=\"author\" content=\"Eimsb\u00fctteler Nachrichten\" \/>\n<meta name=\"twitter:card\" content=\"summary_large_image\" \/>\n<meta name=\"twitter:creator\" content=\"@eimsbuettelern\" \/>\n<meta name=\"twitter:label1\" content=\"Geschrieben von\" \/>\n\t<meta name=\"twitter:data1\" content=\"Eimsb\u00fctteler Nachrichten\" \/>\n\t<meta name=\"twitter:label2\" content=\"Gesch\u00e4tzte Lesezeit\" \/>\n\t<meta name=\"twitter:data2\" content=\"2\u00a0Minuten\" \/>\n<script type=\"application\/ld+json\" class=\"yoast-schema-graph\">{\"@context\":\"https:\/\/schema.org\",\"@graph\":[{\"@type\":\"WebPage\",\"@id\":\"https:\/\/blog.zeit.de\/hamburg\/tempolimit-bundesstrasse\/\",\"url\":\"https:\/\/blog.zeit.de\/hamburg\/tempolimit-bundesstrasse\/\",\"name\":\"Eimsb\u00fcttel: Tempo 30 in der Bundesstra\u00dfe\",\"isPartOf\":{\"@id\":\"https:\/\/blog.zeit.de\/hamburg\/#website\"},\"datePublished\":\"2015-03-20T12:01:31+00:00\",\"dateModified\":\"2015-03-20T12:50:24+00:00\",\"author\":{\"@id\":\"https:\/\/blog.zeit.de\/hamburg\/#\/schema\/person\/60c23f317b43dc3362920463206437b0\"},\"description\":\"Nachdem in der Bundesstra\u00dfe eine Joggerin angefahren wurde und starb, soll bald in Teilen Tempo 30 gelten. Einige Politiker fordern noch mehr Konsequenzen.\",\"breadcrumb\":{\"@id\":\"https:\/\/blog.zeit.de\/hamburg\/tempolimit-bundesstrasse\/#breadcrumb\"},\"inLanguage\":\"de\",\"potentialAction\":[{\"@type\":\"ReadAction\",\"target\":[\"https:\/\/blog.zeit.de\/hamburg\/tempolimit-bundesstrasse\/\"]}]},{\"@type\":\"BreadcrumbList\",\"@id\":\"https:\/\/blog.zeit.de\/hamburg\/tempolimit-bundesstrasse\/#breadcrumb\",\"itemListElement\":[{\"@type\":\"ListItem\",\"position\":1,\"name\":\"Startseite\",\"item\":\"https:\/\/blog.zeit.de\/hamburg\/\"},{\"@type\":\"ListItem\",\"position\":2,\"name\":\"Tempo 30 in der Bundesstra\u00dfe\"}]},{\"@type\":\"WebSite\",\"@id\":\"https:\/\/blog.zeit.de\/hamburg\/#website\",\"url\":\"https:\/\/blog.zeit.de\/hamburg\/\",\"name\":\"Speersort 1\",\"description\":\"Das Hamburg-Blog\",\"potentialAction\":[{\"@type\":\"SearchAction\",\"target\":{\"@type\":\"EntryPoint\",\"urlTemplate\":\"https:\/\/blog.zeit.de\/hamburg\/?s={search_term_string}\"},\"query-input\":\"required name=search_term_string\"}],\"inLanguage\":\"de\"},{\"@type\":\"Person\",\"@id\":\"https:\/\/blog.zeit.de\/hamburg\/#\/schema\/person\/60c23f317b43dc3362920463206437b0\",\"name\":\"Eimsb\u00fctteler Nachrichten\",\"image\":{\"@type\":\"ImageObject\",\"inLanguage\":\"de\",\"@id\":\"https:\/\/blog.zeit.de\/hamburg\/#\/schema\/person\/image\/\",\"url\":\"https:\/\/secure.gravatar.com\/avatar\/3b3ac2dcb0c41903497a93a7113182e0498e59135aaf795e23df301659a85ca7?s=96&d=mm&r=g\",\"contentUrl\":\"https:\/\/secure.gravatar.com\/avatar\/3b3ac2dcb0c41903497a93a7113182e0498e59135aaf795e23df301659a85ca7?s=96&d=mm&r=g\",\"caption\":\"Eimsb\u00fctteler Nachrichten\"},\"description\":\"sind ein Online-Nachrichtenportal von Eimsb\u00fcttelern f\u00fcr Eimsb\u00fctteler. Wir machen Nachrichten f\u00fcr Nachbarn: kein Boulevard, keine PR.\",\"sameAs\":[\"http:\/\/www.eimsbuetteler-nachrichten.de\",\"http:\/\/www.facebook.com\/eimsbuetteler.nachrichten\",\"https:\/\/twitter.com\/eimsbuettelern\"],\"url\":\"https:\/\/blog.zeit.de\/hamburg\/author\/eimsbuettlernachrichten\/\"}]}<\/script>\n<!-- \/ Yoast SEO plugin. -->","yoast_head_json":{"title":"Eimsb\u00fcttel: Tempo 30 in der Bundesstra\u00dfe","description":"Nachdem in der Bundesstra\u00dfe eine Joggerin angefahren wurde und starb, soll bald in Teilen Tempo 30 gelten. Einige Politiker fordern noch mehr Konsequenzen.","robots":{"index":"index","follow":"follow","max-snippet":"max-snippet:-1","max-image-preview":"max-image-preview:large","max-video-preview":"max-video-preview:-1"},"canonical":"https:\/\/blog.zeit.de\/hamburg\/tempolimit-bundesstrasse\/","og_locale":"de_DE","og_type":"article","og_title":"Eimsb\u00fcttel: Tempo 30 in der Bundesstra\u00dfe","og_description":"Nachdem in der Bundesstra\u00dfe eine Joggerin angefahren wurde und starb, soll bald in Teilen Tempo 30 gelten. Einige Politiker fordern noch mehr Konsequenzen.","og_url":"https:\/\/blog.zeit.de\/hamburg\/tempolimit-bundesstrasse\/","og_site_name":"Speersort 1","article_author":"http:\/\/www.facebook.com\/eimsbuetteler.nachrichten","article_published_time":"2015-03-20T12:01:31+00:00","article_modified_time":"2015-03-20T12:50:24+00:00","author":"Eimsb\u00fctteler Nachrichten","twitter_card":"summary_large_image","twitter_creator":"@eimsbuettelern","twitter_misc":{"Geschrieben von":"Eimsb\u00fctteler Nachrichten","Gesch\u00e4tzte Lesezeit":"2\u00a0Minuten"},"schema":{"@context":"https:\/\/schema.org","@graph":[{"@type":"WebPage","@id":"https:\/\/blog.zeit.de\/hamburg\/tempolimit-bundesstrasse\/","url":"https:\/\/blog.zeit.de\/hamburg\/tempolimit-bundesstrasse\/","name":"Eimsb\u00fcttel: Tempo 30 in der Bundesstra\u00dfe","isPartOf":{"@id":"https:\/\/blog.zeit.de\/hamburg\/#website"},"datePublished":"2015-03-20T12:01:31+00:00","dateModified":"2015-03-20T12:50:24+00:00","author":{"@id":"https:\/\/blog.zeit.de\/hamburg\/#\/schema\/person\/60c23f317b43dc3362920463206437b0"},"description":"Nachdem in der Bundesstra\u00dfe eine Joggerin angefahren wurde und starb, soll bald in Teilen Tempo 30 gelten. Einige Politiker fordern noch mehr Konsequenzen.","breadcrumb":{"@id":"https:\/\/blog.zeit.de\/hamburg\/tempolimit-bundesstrasse\/#breadcrumb"},"inLanguage":"de","potentialAction":[{"@type":"ReadAction","target":["https:\/\/blog.zeit.de\/hamburg\/tempolimit-bundesstrasse\/"]}]},{"@type":"BreadcrumbList","@id":"https:\/\/blog.zeit.de\/hamburg\/tempolimit-bundesstrasse\/#breadcrumb","itemListElement":[{"@type":"ListItem","position":1,"name":"Startseite","item":"https:\/\/blog.zeit.de\/hamburg\/"},{"@type":"ListItem","position":2,"name":"Tempo 30 in der Bundesstra\u00dfe"}]},{"@type":"WebSite","@id":"https:\/\/blog.zeit.de\/hamburg\/#website","url":"https:\/\/blog.zeit.de\/hamburg\/","name":"Speersort 1","description":"Das Hamburg-Blog","potentialAction":[{"@type":"SearchAction","target":{"@type":"EntryPoint","urlTemplate":"https:\/\/blog.zeit.de\/hamburg\/?s={search_term_string}"},"query-input":"required name=search_term_string"}],"inLanguage":"de"},{"@type":"Person","@id":"https:\/\/blog.zeit.de\/hamburg\/#\/schema\/person\/60c23f317b43dc3362920463206437b0","name":"Eimsb\u00fctteler Nachrichten","image":{"@type":"ImageObject","inLanguage":"de","@id":"https:\/\/blog.zeit.de\/hamburg\/#\/schema\/person\/image\/","url":"https:\/\/secure.gravatar.com\/avatar\/3b3ac2dcb0c41903497a93a7113182e0498e59135aaf795e23df301659a85ca7?s=96&d=mm&r=g","contentUrl":"https:\/\/secure.gravatar.com\/avatar\/3b3ac2dcb0c41903497a93a7113182e0498e59135aaf795e23df301659a85ca7?s=96&d=mm&r=g","caption":"Eimsb\u00fctteler Nachrichten"},"description":"sind ein Online-Nachrichtenportal von Eimsb\u00fcttelern f\u00fcr Eimsb\u00fctteler. Wir machen Nachrichten f\u00fcr Nachbarn: kein Boulevard, keine PR.","sameAs":["http:\/\/www.eimsbuetteler-nachrichten.de","http:\/\/www.facebook.com\/eimsbuetteler.nachrichten","https:\/\/twitter.com\/eimsbuettelern"],"url":"https:\/\/blog.zeit.de\/hamburg\/author\/eimsbuettlernachrichten\/"}]}},"jetpack_featured_media_url":"","jetpack_sharing_enabled":true,"_links":{"self":[{"href":"https:\/\/blog.zeit.de\/hamburg\/wp-json\/wp\/v2\/posts\/3439","targetHints":{"allow":["GET"]}}],"collection":[{"href":"https:\/\/blog.zeit.de\/hamburg\/wp-json\/wp\/v2\/posts"}],"about":[{"href":"https:\/\/blog.zeit.de\/hamburg\/wp-json\/wp\/v2\/types\/post"}],"author":[{"embeddable":true,"href":"https:\/\/blog.zeit.de\/hamburg\/wp-json\/wp\/v2\/users\/509"}],"replies":[{"embeddable":true,"href":"https:\/\/blog.zeit.de\/hamburg\/wp-json\/wp\/v2\/comments?post=3439"}],"version-history":[{"count":6,"href":"https:\/\/blog.zeit.de\/hamburg\/wp-json\/wp\/v2\/posts\/3439\/revisions"}],"predecessor-version":[{"id":3445,"href":"https:\/\/blog.zeit.de\/hamburg\/wp-json\/wp\/v2\/posts\/3439\/revisions\/3445"}],"wp:attachment":[{"href":"https:\/\/blog.zeit.de\/hamburg\/wp-json\/wp\/v2\/media?parent=3439"}],"wp:term":[{"taxonomy":"category","embeddable":true,"href":"https:\/\/blog.zeit.de\/hamburg\/wp-json\/wp\/v2\/categories?post=3439"},{"taxonomy":"post_tag","embeddable":true,"href":"https:\/\/blog.zeit.de\/hamburg\/wp-json\/wp\/v2\/tags?post=3439"}],"curies":[{"name":"wp","href":"https:\/\/api.w.org\/{rel}","templated":true}]}}