{"id":350,"date":"2014-04-03T11:45:19","date_gmt":"2014-04-03T09:45:19","guid":{"rendered":"http:\/\/blog.zeit.de\/hamburg\/?p=350"},"modified":"2014-04-18T15:04:28","modified_gmt":"2014-04-18T13:04:28","slug":"modelabel-fcstpauli","status":"publish","type":"post","link":"https:\/\/blog.zeit.de\/hamburg\/modelabel-fcstpauli\/","title":{"rendered":"Liebenswerte Ambivalenz? Der anstrengende Weg vom Modelabel zur gesellschaftlichen Kraft"},"content":{"rendered":"<p>Anh\u00e4nger des Vorstadtvereins verspotten den FC St. Pauli oft als <em>&#8222;Modelabel mit angeschlossener Fu\u00dfball-Abteilung<\/em>&#8222;. Ein Bild, das auch Fabian Boll Mittwoch zitierte, als im Rahmen der &#8222;Langen Nacht der ZEIT&#8220; in der St. Pauli Kirche \u00fcber die liebenswerten und auch widerspr\u00fcchlichen Seiten des Fu\u00dfballs im Allgemeinen und des FC St. Pauli im Besonderen diskutiert wurde. Zu Tage trat eine Ambivalenz, die tats\u00e4chlich nur noch wenig mit modernem Fu\u00dfball zu tun hat. Der Stadtteil und der Kiezclub machen sich vielleicht sogar auf, zu einer gesellschaftlichen Kraft zu werden &#8211; mit internationalem Potenzial.<!--more--><\/p>\n<p>Ich trinke noch ein schnelles Bier in der Amphore und schlendere dann durch den Gezi Park Fiktion zur St. Pauli Kirche. Der Fr\u00fchling schickt Sonne und nordafrikanischen Sand \u00fcber die Elbe. Viele St. Paulianer sitzen unter den Palmen aus Stahl und blinzeln in die Nachmittagssonne, als sich Fabian Boll, Mittelfelder des FC St. Pauli, Benny Adrion, ehemaliger Mittelfelder des FC St. Pauli, Thees Uhlmann, Barde des FC St. Pauli und Maarten, Organisator des Zeckensalons beim FC St. Pauli im Schiff der Kirche zu einer der vielen Veranstaltungen zusammensetzen, die den Start der Hamburg-Ausgabe der ZEIT begleiten. Der Moderator Urs Willmann, ein <del datetime=\"2014-04-18T13:03:12+00:00\">\u00f6sterreichischer<\/del> schweizer Arbeitsimmigrant und Redakteur bei der ZEIT, ist ebenfalls St. Pauli Fan; das passt.<\/p>\n<p><figure id=\"attachment_351\" aria-describedby=\"caption-attachment-351\" style=\"width: 580px\" class=\"wp-caption alignnone\"><img loading=\"lazy\" decoding=\"async\" class=\"size-medium wp-image-351\" alt=\"Embassy of Hope, St. Pauli Kirche, Foto: Erik Hauth\" src=\"https:\/\/blog.zeit.de\/hamburg\/files\/2014\/04\/image-580x580.jpg\" width=\"580\" height=\"580\" srcset=\"https:\/\/blog.zeit.de\/hamburg\/files\/2014\/04\/image-580x580.jpg 580w, https:\/\/blog.zeit.de\/hamburg\/files\/2014\/04\/image-220x220.jpg 220w, https:\/\/blog.zeit.de\/hamburg\/files\/2014\/04\/image.jpg 1024w\" sizes=\"auto, (max-width: 580px) 100vw, 580px\" \/><figcaption id=\"caption-attachment-351\" class=\"wp-caption-text\">Embassy of Hope, St. Pauli Kirche, Foto: Erik Hauth<\/figcaption><\/figure><\/p>\n<p>Als ich durch die\u00a0<em>Embassy of Hope<\/em> zum Kircheneingang gehe, durch das offene und \u00f6ffentliche Wohnzimmer der Gruppe Lampedusa in Hamburg, f\u00e4llt mir diese Ambivalenz direkt ins Auge, um die es gleich gehen wird: drinnen sitzen f\u00fcnf wei\u00dfe M\u00e4nner und hier drau\u00dfen wohnen ein gutes Dutzend schwarze &#8211; auch weil die St. Paulianer drinnen sie nicht der Senatsb\u00fcrokratie \u00fcberlassen wollten. Ein lebendiges Beispiel der Kraft, die zwischen Stadtteil, dem Verein und wieder zur\u00fcck in den Kiez wirkt, sagt Maarten vom Zeckensalon sp\u00e4ter.<\/p>\n<p>Die Wirkung dieser Kraft l\u00e4sst nach, bef\u00fcrchtet Thees Uhlmann, je weiter man sich vom Kiez weg bewegt. Angestrengt und immer wieder bekehrt er Prenzlberger Szeneg\u00e4nger in seiner Wohnheimat Berlin, wenn er f\u00fchlt, dass hinter dem Schick die Anliegen des FC St. Pauli verloren gehen. Und doch ertappt er sich dabei, dass auch er sich manchmal w\u00fcnscht, &#8222;einfach nur ein wenig am Zaun zu r\u00fctteln und ab und an zu gewinnen&#8220;. Der St.-Pauli-Fan (\u2019Sankt Pauli\u2019, soviel Zeit muss sein) ist diese Ambitendenz gewohnt, versp\u00fcrt einerseits den Wunsch, ein ganz normaler Fu\u00dfballfan zu sein und andererseits dr\u00e4ngt es ihn und sie zu gesellschaftlichem Gestalten. Die lokale Perspektive und die internationale Resonanz komplettieren dieses Zwiegef\u00fchl, das schon anstrengend sein kann &#8211; und ansteckend.<\/p>\n<p>Junge Fu\u00dfballer werden hier auch in alternativen Lebensweisheiten &#8222;ausgebildet&#8220;&#8218; und tragen dies dann in die Welt, wie das Beispiel von Ralle Gunesch beim FC Ingolstadt belegt, berichtet Fabian Boll; und Benny Adrion sieht in der Entstehungsgeschichte von Viva Con Agua den Beweis, dass der &#8222;Mythos&#8220; lebt. Ich schnappe mir noch ein Shuttle-Bier und schlucke meine Widerworte mit ein paar kr\u00e4ftigen Schlucken hinunter.<\/p>\n<p>Mache mich auf den Weg ins Haus 73 am Schulterblatt, wo die ZEIT-Autorinnen\u00a0\u00d6zlem Top\u00e7u und Khue Pham \u00fcber eine andere Form der Ambivalenz lesen: \u00fcber das Leben als &#8222;Wir neuen Deutschen&#8220; &#8211; langsam beginne ich mich wieder wohl zu f\u00fchlen in dieser Zwiesp\u00e4ltigkeit.<\/p>\n<p><figure id=\"attachment_352\" aria-describedby=\"caption-attachment-352\" style=\"width: 580px\" class=\"wp-caption alignnone\"><img loading=\"lazy\" decoding=\"async\" class=\"size-medium wp-image-352\" alt=\"Lesung &quot;Wir neuen Deutschen&quot;, Haus 73, Foto: Jochen Wegner\" src=\"https:\/\/blog.zeit.de\/hamburg\/files\/2014\/04\/image1-580x580.jpg\" width=\"580\" height=\"580\" srcset=\"https:\/\/blog.zeit.de\/hamburg\/files\/2014\/04\/image1-580x580.jpg 580w, https:\/\/blog.zeit.de\/hamburg\/files\/2014\/04\/image1-220x220.jpg 220w, https:\/\/blog.zeit.de\/hamburg\/files\/2014\/04\/image1.jpg 1024w\" sizes=\"auto, (max-width: 580px) 100vw, 580px\" \/><figcaption id=\"caption-attachment-352\" class=\"wp-caption-text\">Lesung &#8222;Wir neuen Deutschen&#8220;, Haus 73, Foto: Jochen Wegner<\/figcaption><\/figure><\/p>\n","protected":false},"excerpt":{"rendered":"<p>Anh\u00e4nger des Vorstadtvereins verspotten den FC St. Pauli oft als &#8222;Modelabel mit angeschlossener Fu\u00dfball-Abteilung&#8222;. Ein Bild, das auch Fabian Boll Mittwoch zitierte, als im Rahmen der &#8222;Langen Nacht der ZEIT&#8220; in der St. Pauli Kirche \u00fcber die liebenswerten und auch widerspr\u00fcchlichen Seiten des Fu\u00dfballs im Allgemeinen und des FC St. Pauli im Besonderen diskutiert wurde. [&hellip;]<\/p>\n","protected":false},"author":474,"featured_media":0,"comment_status":"open","ping_status":"open","sticky":false,"template":"","format":"standard","meta":{"_jetpack_memberships_contains_paid_content":false,"footnotes":""},"categories":[16],"tags":[],"class_list":["post-350","post","type-post","status-publish","format-standard","hentry","category-allgemein"],"yoast_head":"<!-- This site is optimized with the Yoast SEO plugin v21.0 - https:\/\/yoast.com\/wordpress\/plugins\/seo\/ -->\n<title>Liebenswerte Ambivalenz? Der anstrengende Weg vom Modelabel zur gesellschaftlichen Kraft - Speersort 1 - ZEIT ONLINE<\/title>\n<meta name=\"robots\" content=\"index, follow, max-snippet:-1, max-image-preview:large, max-video-preview:-1\" \/>\n<link rel=\"canonical\" href=\"https:\/\/blog.zeit.de\/hamburg\/modelabel-fcstpauli\/\" \/>\n<meta property=\"og:locale\" content=\"de_DE\" \/>\n<meta property=\"og:type\" content=\"article\" \/>\n<meta property=\"og:title\" content=\"Liebenswerte Ambivalenz? Der anstrengende Weg vom Modelabel zur gesellschaftlichen Kraft - Speersort 1 - ZEIT ONLINE\" \/>\n<meta property=\"og:description\" content=\"Anh\u00e4nger des Vorstadtvereins verspotten den FC St. Pauli oft als &#8222;Modelabel mit angeschlossener Fu\u00dfball-Abteilung&#8222;. Ein Bild, das auch Fabian Boll Mittwoch zitierte, als im Rahmen der &#8222;Langen Nacht der ZEIT&#8220; in der St. Pauli Kirche \u00fcber die liebenswerten und auch widerspr\u00fcchlichen Seiten des Fu\u00dfballs im Allgemeinen und des FC St. Pauli im Besonderen diskutiert wurde. [&hellip;]\" \/>\n<meta property=\"og:url\" content=\"https:\/\/blog.zeit.de\/hamburg\/modelabel-fcstpauli\/\" \/>\n<meta property=\"og:site_name\" content=\"Speersort 1\" \/>\n<meta property=\"article:author\" content=\"https:\/\/www.facebook.com\/stpaulinu\" \/>\n<meta property=\"article:published_time\" content=\"2014-04-03T09:45:19+00:00\" \/>\n<meta property=\"article:modified_time\" content=\"2014-04-18T13:04:28+00:00\" \/>\n<meta property=\"og:image\" content=\"https:\/\/blog.zeit.de\/hamburg\/files\/2014\/04\/image-580x580.jpg\" \/>\n<meta name=\"author\" content=\"Erik Hauth\" \/>\n<meta name=\"twitter:card\" content=\"summary_large_image\" \/>\n<meta name=\"twitter:creator\" content=\"@ring2\" \/>\n<meta name=\"twitter:label1\" content=\"Geschrieben von\" \/>\n\t<meta name=\"twitter:data1\" content=\"Erik Hauth\" \/>\n\t<meta name=\"twitter:label2\" content=\"Gesch\u00e4tzte Lesezeit\" \/>\n\t<meta name=\"twitter:data2\" content=\"3\u00a0Minuten\" \/>\n<script type=\"application\/ld+json\" class=\"yoast-schema-graph\">{\"@context\":\"https:\/\/schema.org\",\"@graph\":[{\"@type\":\"WebPage\",\"@id\":\"https:\/\/blog.zeit.de\/hamburg\/modelabel-fcstpauli\/\",\"url\":\"https:\/\/blog.zeit.de\/hamburg\/modelabel-fcstpauli\/\",\"name\":\"Liebenswerte Ambivalenz? Der anstrengende Weg vom Modelabel zur gesellschaftlichen Kraft - Speersort 1 - ZEIT ONLINE\",\"isPartOf\":{\"@id\":\"https:\/\/blog.zeit.de\/hamburg\/#website\"},\"datePublished\":\"2014-04-03T09:45:19+00:00\",\"dateModified\":\"2014-04-18T13:04:28+00:00\",\"author\":{\"@id\":\"https:\/\/blog.zeit.de\/hamburg\/#\/schema\/person\/ae2ae61edc5d6a5d6c384e5b44e91bd9\"},\"breadcrumb\":{\"@id\":\"https:\/\/blog.zeit.de\/hamburg\/modelabel-fcstpauli\/#breadcrumb\"},\"inLanguage\":\"de\",\"potentialAction\":[{\"@type\":\"ReadAction\",\"target\":[\"https:\/\/blog.zeit.de\/hamburg\/modelabel-fcstpauli\/\"]}]},{\"@type\":\"BreadcrumbList\",\"@id\":\"https:\/\/blog.zeit.de\/hamburg\/modelabel-fcstpauli\/#breadcrumb\",\"itemListElement\":[{\"@type\":\"ListItem\",\"position\":1,\"name\":\"Startseite\",\"item\":\"https:\/\/blog.zeit.de\/hamburg\/\"},{\"@type\":\"ListItem\",\"position\":2,\"name\":\"Liebenswerte Ambivalenz? Der anstrengende Weg vom Modelabel zur gesellschaftlichen Kraft\"}]},{\"@type\":\"WebSite\",\"@id\":\"https:\/\/blog.zeit.de\/hamburg\/#website\",\"url\":\"https:\/\/blog.zeit.de\/hamburg\/\",\"name\":\"Speersort 1\",\"description\":\"Das Hamburg-Blog\",\"potentialAction\":[{\"@type\":\"SearchAction\",\"target\":{\"@type\":\"EntryPoint\",\"urlTemplate\":\"https:\/\/blog.zeit.de\/hamburg\/?s={search_term_string}\"},\"query-input\":\"required name=search_term_string\"}],\"inLanguage\":\"de\"},{\"@type\":\"Person\",\"@id\":\"https:\/\/blog.zeit.de\/hamburg\/#\/schema\/person\/ae2ae61edc5d6a5d6c384e5b44e91bd9\",\"name\":\"Erik Hauth\",\"image\":{\"@type\":\"ImageObject\",\"inLanguage\":\"de\",\"@id\":\"https:\/\/blog.zeit.de\/hamburg\/#\/schema\/person\/image\/\",\"url\":\"https:\/\/secure.gravatar.com\/avatar\/5bd569312ecb276570adaac3712a105857e5a8df7356226c44cc446db9be2c74?s=96&d=mm&r=g\",\"contentUrl\":\"https:\/\/secure.gravatar.com\/avatar\/5bd569312ecb276570adaac3712a105857e5a8df7356226c44cc446db9be2c74?s=96&d=mm&r=g\",\"caption\":\"Erik Hauth\"},\"description\":\"ist aufgewachsen in Blankenese und betreibt das meistgelesene Blog \u00fcber den FC St. Pauli und seinen Stadtteil. Erik war am 16.2.2011 im Volksparkstadion und ist stolz darauf, sich deswegen \\\"Derbysieger\\\" nennen zu d\u00fcrfen.\",\"sameAs\":[\"https:\/\/www.stpaulinu.de\",\"https:\/\/www.facebook.com\/stpaulinu\",\"https:\/\/twitter.com\/ring2\"],\"url\":\"https:\/\/blog.zeit.de\/hamburg\/author\/ehauth\/\"}]}<\/script>\n<!-- \/ Yoast SEO plugin. -->","yoast_head_json":{"title":"Liebenswerte Ambivalenz? Der anstrengende Weg vom Modelabel zur gesellschaftlichen Kraft - Speersort 1 - ZEIT ONLINE","robots":{"index":"index","follow":"follow","max-snippet":"max-snippet:-1","max-image-preview":"max-image-preview:large","max-video-preview":"max-video-preview:-1"},"canonical":"https:\/\/blog.zeit.de\/hamburg\/modelabel-fcstpauli\/","og_locale":"de_DE","og_type":"article","og_title":"Liebenswerte Ambivalenz? Der anstrengende Weg vom Modelabel zur gesellschaftlichen Kraft - Speersort 1 - ZEIT ONLINE","og_description":"Anh\u00e4nger des Vorstadtvereins verspotten den FC St. Pauli oft als &#8222;Modelabel mit angeschlossener Fu\u00dfball-Abteilung&#8222;. Ein Bild, das auch Fabian Boll Mittwoch zitierte, als im Rahmen der &#8222;Langen Nacht der ZEIT&#8220; in der St. Pauli Kirche \u00fcber die liebenswerten und auch widerspr\u00fcchlichen Seiten des Fu\u00dfballs im Allgemeinen und des FC St. Pauli im Besonderen diskutiert wurde. [&hellip;]","og_url":"https:\/\/blog.zeit.de\/hamburg\/modelabel-fcstpauli\/","og_site_name":"Speersort 1","article_author":"https:\/\/www.facebook.com\/stpaulinu","article_published_time":"2014-04-03T09:45:19+00:00","article_modified_time":"2014-04-18T13:04:28+00:00","og_image":[{"url":"https:\/\/blog.zeit.de\/hamburg\/files\/2014\/04\/image-580x580.jpg"}],"author":"Erik Hauth","twitter_card":"summary_large_image","twitter_creator":"@ring2","twitter_misc":{"Geschrieben von":"Erik Hauth","Gesch\u00e4tzte Lesezeit":"3\u00a0Minuten"},"schema":{"@context":"https:\/\/schema.org","@graph":[{"@type":"WebPage","@id":"https:\/\/blog.zeit.de\/hamburg\/modelabel-fcstpauli\/","url":"https:\/\/blog.zeit.de\/hamburg\/modelabel-fcstpauli\/","name":"Liebenswerte Ambivalenz? Der anstrengende Weg vom Modelabel zur gesellschaftlichen Kraft - Speersort 1 - ZEIT ONLINE","isPartOf":{"@id":"https:\/\/blog.zeit.de\/hamburg\/#website"},"datePublished":"2014-04-03T09:45:19+00:00","dateModified":"2014-04-18T13:04:28+00:00","author":{"@id":"https:\/\/blog.zeit.de\/hamburg\/#\/schema\/person\/ae2ae61edc5d6a5d6c384e5b44e91bd9"},"breadcrumb":{"@id":"https:\/\/blog.zeit.de\/hamburg\/modelabel-fcstpauli\/#breadcrumb"},"inLanguage":"de","potentialAction":[{"@type":"ReadAction","target":["https:\/\/blog.zeit.de\/hamburg\/modelabel-fcstpauli\/"]}]},{"@type":"BreadcrumbList","@id":"https:\/\/blog.zeit.de\/hamburg\/modelabel-fcstpauli\/#breadcrumb","itemListElement":[{"@type":"ListItem","position":1,"name":"Startseite","item":"https:\/\/blog.zeit.de\/hamburg\/"},{"@type":"ListItem","position":2,"name":"Liebenswerte Ambivalenz? Der anstrengende Weg vom Modelabel zur gesellschaftlichen Kraft"}]},{"@type":"WebSite","@id":"https:\/\/blog.zeit.de\/hamburg\/#website","url":"https:\/\/blog.zeit.de\/hamburg\/","name":"Speersort 1","description":"Das Hamburg-Blog","potentialAction":[{"@type":"SearchAction","target":{"@type":"EntryPoint","urlTemplate":"https:\/\/blog.zeit.de\/hamburg\/?s={search_term_string}"},"query-input":"required name=search_term_string"}],"inLanguage":"de"},{"@type":"Person","@id":"https:\/\/blog.zeit.de\/hamburg\/#\/schema\/person\/ae2ae61edc5d6a5d6c384e5b44e91bd9","name":"Erik Hauth","image":{"@type":"ImageObject","inLanguage":"de","@id":"https:\/\/blog.zeit.de\/hamburg\/#\/schema\/person\/image\/","url":"https:\/\/secure.gravatar.com\/avatar\/5bd569312ecb276570adaac3712a105857e5a8df7356226c44cc446db9be2c74?s=96&d=mm&r=g","contentUrl":"https:\/\/secure.gravatar.com\/avatar\/5bd569312ecb276570adaac3712a105857e5a8df7356226c44cc446db9be2c74?s=96&d=mm&r=g","caption":"Erik Hauth"},"description":"ist aufgewachsen in Blankenese und betreibt das meistgelesene Blog \u00fcber den FC St. Pauli und seinen Stadtteil. Erik war am 16.2.2011 im Volksparkstadion und ist stolz darauf, sich deswegen \"Derbysieger\" nennen zu d\u00fcrfen.","sameAs":["https:\/\/www.stpaulinu.de","https:\/\/www.facebook.com\/stpaulinu","https:\/\/twitter.com\/ring2"],"url":"https:\/\/blog.zeit.de\/hamburg\/author\/ehauth\/"}]}},"jetpack_featured_media_url":"","jetpack_sharing_enabled":true,"_links":{"self":[{"href":"https:\/\/blog.zeit.de\/hamburg\/wp-json\/wp\/v2\/posts\/350","targetHints":{"allow":["GET"]}}],"collection":[{"href":"https:\/\/blog.zeit.de\/hamburg\/wp-json\/wp\/v2\/posts"}],"about":[{"href":"https:\/\/blog.zeit.de\/hamburg\/wp-json\/wp\/v2\/types\/post"}],"author":[{"embeddable":true,"href":"https:\/\/blog.zeit.de\/hamburg\/wp-json\/wp\/v2\/users\/474"}],"replies":[{"embeddable":true,"href":"https:\/\/blog.zeit.de\/hamburg\/wp-json\/wp\/v2\/comments?post=350"}],"version-history":[{"count":12,"href":"https:\/\/blog.zeit.de\/hamburg\/wp-json\/wp\/v2\/posts\/350\/revisions"}],"predecessor-version":[{"id":609,"href":"https:\/\/blog.zeit.de\/hamburg\/wp-json\/wp\/v2\/posts\/350\/revisions\/609"}],"wp:attachment":[{"href":"https:\/\/blog.zeit.de\/hamburg\/wp-json\/wp\/v2\/media?parent=350"}],"wp:term":[{"taxonomy":"category","embeddable":true,"href":"https:\/\/blog.zeit.de\/hamburg\/wp-json\/wp\/v2\/categories?post=350"},{"taxonomy":"post_tag","embeddable":true,"href":"https:\/\/blog.zeit.de\/hamburg\/wp-json\/wp\/v2\/tags?post=350"}],"curies":[{"name":"wp","href":"https:\/\/api.w.org\/{rel}","templated":true}]}}