{"id":3647,"date":"2015-05-19T15:39:15","date_gmt":"2015-05-19T13:39:15","guid":{"rendered":"http:\/\/blog.zeit.de\/hamburg\/?p=3647"},"modified":"2015-05-19T15:39:15","modified_gmt":"2015-05-19T13:39:15","slug":"eckensteher-schulterblatt","status":"publish","type":"post","link":"https:\/\/blog.zeit.de\/hamburg\/eckensteher-schulterblatt\/","title":{"rendered":"Sekt und Selfies vor der Flora"},"content":{"rendered":"<p><em>Wie tickt Hamburg? Um das herauszubekommen, hat sich\u00a0<a href=\"http:\/\/hamburg.mitvergnuegen.com\/author\/sophie\/\" target=\"_blank\">Sophie\u00a0Lagies<\/a> einen Tag lang in der Sternschanze an die Ecke Schulterblatt \/ Juliusstra\u00dfe gestellt. Ihre Eindr\u00fccke in Bild, Text und Ton<\/em><\/p>\n<p>Ich habe Gl\u00fcck, denn f\u00fcr mein stundenlanges Rumlungern am Schulterblatt habe ich einen zwar kalten, aber sehr sonnigen Fr\u00fchlingstag erwischt. Ich stehe vor dem Restaurant La Pazza, Schulterblatt\/Ecke Juliusstra\u00dfe, und beobachte wie dr\u00fcben bei den Caf\u00e9s die Tische und B\u00e4nke rausgetragen werden. Neben mir g\u00f6nnt sich der Pizzabudenbesitzer in der Sonne sein erstes Gl\u00e4schen Rotwein. Um 11 Uhr. Na gut.<!--more--><\/p>\n<p><a href=\"https:\/\/blog.zeit.de\/hamburg\/files\/2015\/04\/Eckensteher_Schanze_0376.jpg\"><img loading=\"lazy\" decoding=\"async\" class=\"alignnone size-large wp-image-3655\" src=\"https:\/\/blog.zeit.de\/hamburg\/files\/2015\/04\/Eckensteher_Schanze_0376-1024x768.jpg\" alt=\"Eckensteher_Schanze_0376\" width=\"580\" height=\"435\" srcset=\"https:\/\/blog.zeit.de\/hamburg\/files\/2015\/04\/Eckensteher_Schanze_0376-1024x768.jpg 1024w, https:\/\/blog.zeit.de\/hamburg\/files\/2015\/04\/Eckensteher_Schanze_0376-580x435.jpg 580w\" sizes=\"auto, (max-width: 580px) 100vw, 580px\" \/><\/a><\/p>\n<p>Es ist noch ruhig, zumindest f\u00fcr &#8222;Blatt&#8220;-Verh\u00e4ltnisse. Ein paar Autos brettern \u00fcber das Kopfsteinpflaster, an der Roten Flora wird Polnisch gesprochen, von irgendwoher ert\u00f6nt ein Schellenring.<\/p>\n\n<div class=\"embed-wrapper embed-wrapper--blocked js-embed-consent\" data-method=\"iframe\">\n<script class=\"raw__source\" type=\"text\/template\"><iframe loading=\"lazy\" frameborder=\"no\" height=\"166\" scrolling=\"no\" src=\"https:\/\/w.soundcloud.com\/player\/?url=https%3A\/\/api.soundcloud.com\/tracks\/200143203&amp;color=ff5500&amp;auto_play=false&amp;hide_related=false&amp;show_comments=true&amp;show_user=true&amp;show_reposts=false\" width=\"100%\"><\/iframe><\/script>\n<div class=\"embed-wrapper__inner\">\n<div class=\"embed-wrapper__text\">\n<h3>Empfohlener redaktioneller Inhalt<\/h3>\n<p data-replace=\"no\">An dieser Stelle finden Sie externen Inhalt, der den Artikel erg\u00e4nzt. Sie k\u00f6nnen sich externe Inhalte mit einem Klick anzeigen lassen und wieder ausblenden.<noscript>Bitte aktivieren Sie JavaScript damit Sie diesen Inhalt anzeigen k\u00f6nnen.<\/noscript><\/p>\n<\/div>\n<div class=\"embed-consent\">\n<label class=\"embed-consent__toggle\">\n<input class=\"js-embed-consent__toggle\" type=\"checkbox\" autocomplete=\"off\">\n<span><\/span>\nExterner Inhalt\n<\/label>\n<a href=\"https:\/\/www.zeit.de\/hilfe\/datenschutz\" target=\"_blank\" class=\"embed-consent__datalink-when-active\">Datenschutzerkl\u00e4rung<\/a>\n<\/div>\n<div class=\"embed-wrapper__footer\">\n<p data-replace=\"no\">\nIch bin damit einverstanden, dass mir externe Inhalte angezeigt werden. Damit k\u00f6nnen personenbezogene Daten an Drittplattformen \u00fcbermittelt werden. <a href=\"https:\/\/www.zeit.de\/hilfe\/datenschutz\" target=\"_blank\">Mehr dazu in unserer Datenschutzerkl\u00e4rung.<\/a>\n<\/p>\n<\/div>\n<\/div>\n<\/div>\n<p>Es riecht nach Frittenfett vom Imbiss Schmitt. Vor der Sparkasse stehen die ersten Bettler.<\/p>\n<p><a href=\"https:\/\/blog.zeit.de\/hamburg\/files\/2015\/04\/Eckensteher_Schanze_0382.jpg\"><img loading=\"lazy\" decoding=\"async\" class=\"alignnone size-large wp-image-3660\" src=\"https:\/\/blog.zeit.de\/hamburg\/files\/2015\/04\/Eckensteher_Schanze_0382-1024x768.jpg\" alt=\"Eckensteher_Schanze_0382\" width=\"580\" height=\"435\" srcset=\"https:\/\/blog.zeit.de\/hamburg\/files\/2015\/04\/Eckensteher_Schanze_0382-1024x768.jpg 1024w, https:\/\/blog.zeit.de\/hamburg\/files\/2015\/04\/Eckensteher_Schanze_0382-580x435.jpg 580w\" sizes=\"auto, (max-width: 580px) 100vw, 580px\" \/><\/a><\/p>\n<p>Ein Wechsel auf die andere Stra\u00dfenseite. Zwei junge Frauen genehmigen sich in der Fr\u00fchlingssonne ein Sektfr\u00fchst\u00fcck. Sabrina (25) kommt aus Bad Pyrmont und besucht gerade ihre Freundin Anna (24) in Winterhude. Gestern Nacht waren sie auf dem Kiez, erst um sechs Uhr sind sie ins Bett gekommen. Weil das Wetter so toll sei und sie sich nicht so oft sehen w\u00fcrden, seien sie schon um zehn Uhr wieder aufgestanden.<\/p>\n<p>Nun sitzen Sabrina und Anna gegen\u00fcber der Roten Flora. Warum sind sie zum fr\u00fchst\u00fccken extra in die Schanze gekommen? &#8222;Irgendwie ist das so sozial hier, alle achten aufeinander, trotz der Yuppies, die hier auch viel rumlaufen&#8220;, sagt Sabrina. Ich grinse, sie scheint sich ertappt zu f\u00fchlen. &#8222;Ja, gut, heute wirken wir selbst ein wenig dekadent, aber das ist eine Ausnahme&#8220;, sagt sie und schiebt hinterher: &#8222;Ich finde auf jeden Fall, dass die Rote Flora hierher geh\u00f6rt, so was darf nicht fehlen in der Schanze.&#8220;<\/p>\n<p><a href=\"https:\/\/blog.zeit.de\/hamburg\/files\/2015\/04\/interview1_Eckensteher_Schanze.jpg\"><img loading=\"lazy\" decoding=\"async\" class=\"alignnone size-large wp-image-3681\" src=\"https:\/\/blog.zeit.de\/hamburg\/files\/2015\/04\/interview1_Eckensteher_Schanze-1024x768.jpg\" alt=\"interview1_Eckensteher_Schanze\" width=\"580\" height=\"435\" srcset=\"https:\/\/blog.zeit.de\/hamburg\/files\/2015\/04\/interview1_Eckensteher_Schanze-1024x768.jpg 1024w, https:\/\/blog.zeit.de\/hamburg\/files\/2015\/04\/interview1_Eckensteher_Schanze-580x435.jpg 580w\" sizes=\"auto, (max-width: 580px) 100vw, 580px\" \/><\/a><\/p>\n<p>Mittagszeit. Immer mehr Touristen trudeln ein. Zu h\u00f6ren: vielerlei deutsche Dialekte, Italienisch, Englisch und Spanisch. Es wird viel Cappuccino geschl\u00fcrft und Eis geschleckt. Und im Minutentakt werden Selfies vor der Flora geschossen.<\/p>\n<p><a href=\"https:\/\/blog.zeit.de\/hamburg\/files\/2015\/04\/Eckensteher_Schanze_0396.jpg\"><img loading=\"lazy\" decoding=\"async\" class=\"alignnone size-large wp-image-3666\" src=\"https:\/\/blog.zeit.de\/hamburg\/files\/2015\/04\/Eckensteher_Schanze_0396-1024x768.jpg\" alt=\"Eckensteher_Schanze_0396\" width=\"580\" height=\"435\" srcset=\"https:\/\/blog.zeit.de\/hamburg\/files\/2015\/04\/Eckensteher_Schanze_0396-1024x768.jpg 1024w, https:\/\/blog.zeit.de\/hamburg\/files\/2015\/04\/Eckensteher_Schanze_0396-580x435.jpg 580w\" sizes=\"auto, (max-width: 580px) 100vw, 580px\" \/><\/a><\/p>\n<p>W\u00e4hrend auf der einen Seite des Schulterblatts sonnenbebrillte Kaffeetrinker ihre Nasen in die Sonne strecken, liegt die andere im Schatten. Sechs Grad, viel w\u00e4rmer ist es bei den Obdachlosen, die vor der Roten Flora liegen, jetzt bestimmt nicht.<\/p>\n<p><a href=\"https:\/\/blog.zeit.de\/hamburg\/files\/2015\/04\/Eckensteher_Schanze_0411.jpg\"><img loading=\"lazy\" decoding=\"async\" class=\"alignnone size-large wp-image-3667\" src=\"https:\/\/blog.zeit.de\/hamburg\/files\/2015\/04\/Eckensteher_Schanze_0411-1024x768.jpg\" alt=\"Eckensteher_Schanze_0411\" width=\"580\" height=\"435\" srcset=\"https:\/\/blog.zeit.de\/hamburg\/files\/2015\/04\/Eckensteher_Schanze_0411-1024x768.jpg 1024w, https:\/\/blog.zeit.de\/hamburg\/files\/2015\/04\/Eckensteher_Schanze_0411-580x435.jpg 580w\" sizes=\"auto, (max-width: 580px) 100vw, 580px\" \/><\/a><\/p>\n<p>Fr\u00fcher Nachmittag. Ein Saxofonspieler stellt sich direkt vor die portugiesischen Caf\u00e9s und dudelt irgendwelche mehr oder weniger bekannten Melodien. Der Ger\u00e4uschpegel in der Schanze ist l\u00e4ngst angestiegen. Wie halten das nur diejenigen aus, die oben in den Gr\u00fcnderzeith\u00e4usern wohnen? Wie gestalten sie ihren Alltag im Touri-Hotspot? Es hilft \u2013 Achtung, witzig \u2013 wohl nur eins: sich verschanzen.<\/p>\n<p><a href=\"https:\/\/blog.zeit.de\/hamburg\/files\/2015\/04\/Eckensteher_Schanze_0418.jpg\"><img loading=\"lazy\" decoding=\"async\" class=\"alignnone size-large wp-image-3668\" src=\"https:\/\/blog.zeit.de\/hamburg\/files\/2015\/04\/Eckensteher_Schanze_0418-1024x768.jpg\" alt=\"Eckensteher_Schanze_0418\" width=\"580\" height=\"435\" srcset=\"https:\/\/blog.zeit.de\/hamburg\/files\/2015\/04\/Eckensteher_Schanze_0418-1024x768.jpg 1024w, https:\/\/blog.zeit.de\/hamburg\/files\/2015\/04\/Eckensteher_Schanze_0418-580x435.jpg 580w\" sizes=\"auto, (max-width: 580px) 100vw, 580px\" \/><\/a><\/p>\n<p>Ich blicke immer wieder auf die Obdachlosen, die unter einem Vordach der Flora leben. Mein Interesse an ihnen steigt parallel zu meiner Scheu, sie anzusprechen. Dann \u00fcberwinde ich mich. Zwei Stufen hoch, dann stehe ich vor Jacek (44) aus Polen und Jan (57) aus der Ukraine. &#8222;Wir leben seit ungef\u00e4hr 15 Jahren in Deutschland, davon sechs Jahre vor der Roten Flora&#8220;, sagt Jan mit gebrochenem Deutsch. Ich will mich setzen, doch Jacek h\u00e4lt mich auf: &#8222;Nicht auf den Boden, der ist dreckig, nimm lieber die Kiste.&#8220; Hinter mir schl\u00e4ft ein Bewohner, eingemummelt in einen Schlafsack. Es ist 15 Uhr.<\/p>\n<p><a href=\"https:\/\/blog.zeit.de\/hamburg\/files\/2015\/04\/interview2_Eckensteher_Schanze_0419.jpg\"><img loading=\"lazy\" decoding=\"async\" class=\"alignnone size-large wp-image-3682\" src=\"https:\/\/blog.zeit.de\/hamburg\/files\/2015\/04\/interview2_Eckensteher_Schanze_0419-1024x768.jpg\" alt=\"interview2_Eckensteher_Schanze_0419\" width=\"580\" height=\"435\" srcset=\"https:\/\/blog.zeit.de\/hamburg\/files\/2015\/04\/interview2_Eckensteher_Schanze_0419-1024x768.jpg 1024w, https:\/\/blog.zeit.de\/hamburg\/files\/2015\/04\/interview2_Eckensteher_Schanze_0419-580x435.jpg 580w\" sizes=\"auto, (max-width: 580px) 100vw, 580px\" \/><\/a><\/p>\n<p>Die Gruppe um Jacek und Jan besteht nur aus M\u00e4nnern. Sie k\u00f6nnen nebenan im Jesus Center essen und duschen, schlafen m\u00fcssen sie aber das ganze Jahr \u00fcber hier drau\u00dfen. &#8222;Ein Zimmer w\u00e4re toll&#8220;, sagt Jacek. Solange er das nicht habe, bleibe er auf dem Schulterblatt. Auch wenn die meisten Leute mit gesenktem Blick an ihnen vorbeigehen w\u00fcrden:\u00a0Hier k\u00f6nne man &#8222;recht gut Geld erbetteln&#8220;.<\/p>\n<p><a href=\"https:\/\/blog.zeit.de\/hamburg\/files\/2015\/04\/Eckensteher_Schanze_0425.jpg\"><img loading=\"lazy\" decoding=\"async\" class=\"alignnone size-large wp-image-3671\" src=\"https:\/\/blog.zeit.de\/hamburg\/files\/2015\/04\/Eckensteher_Schanze_0425-1024x768.jpg\" alt=\"Eckensteher_Schanze_0425\" width=\"580\" height=\"435\" srcset=\"https:\/\/blog.zeit.de\/hamburg\/files\/2015\/04\/Eckensteher_Schanze_0425-1024x768.jpg 1024w, https:\/\/blog.zeit.de\/hamburg\/files\/2015\/04\/Eckensteher_Schanze_0425-580x435.jpg 580w\" sizes=\"auto, (max-width: 580px) 100vw, 580px\" \/><\/a><\/p>\n<p>Zur\u00fcck auf der anderen Stra\u00dfenseite. Ich sitze wieder vor dem La Pazza. Ein P\u00e4rchen, Mitte 20, steht direkt vor mir. Keine Chance, ihnen nicht zuzuh\u00f6ren. Sie essen Eis mit Plastikl\u00f6ffeln. &#8222;Kackeis hier in Deutschland&#8220;, sagt er. Dann machen sie sich \u00fcber die Haartransplantation von Hassan, einem gemeinsamen Bekannten, lustig: &#8222;Der sieht jetzt aus wie Ken von Barbie&#8220;, sagt sie.<\/p>\n<p>[youtube http:\/\/www.youtube.com\/watch?v=Wvb0xPxlBwo]<\/p>\n<p>Vor Schmitt entdecke ich einen der vielen Plakatierer der Sternschanze. Marco, 41 Jahre alt, seit vier Jahren in diesem Job.<\/p>\n<p><a href=\"https:\/\/blog.zeit.de\/hamburg\/files\/2015\/04\/interview3_Eckensteher_Schanze_0423.jpg\"><img loading=\"lazy\" decoding=\"async\" class=\"alignnone size-large wp-image-3683\" src=\"https:\/\/blog.zeit.de\/hamburg\/files\/2015\/04\/interview3_Eckensteher_Schanze_0423-1024x768.jpg\" alt=\"interview3_Eckensteher_Schanze_0423\" width=\"580\" height=\"435\" srcset=\"https:\/\/blog.zeit.de\/hamburg\/files\/2015\/04\/interview3_Eckensteher_Schanze_0423-1024x768.jpg 1024w, https:\/\/blog.zeit.de\/hamburg\/files\/2015\/04\/interview3_Eckensteher_Schanze_0423-580x435.jpg 580w\" sizes=\"auto, (max-width: 580px) 100vw, 580px\" \/><\/a><\/p>\n<p>Anfangs plakatierte Marco &#8222;nur nebenbei&#8220;, mittlerweile arbeitet er aber so viel, dass er es hauptberuflich macht. &#8222;Meistens so f\u00fcnf Stunden am Tag, wenn das Wetter okay ist&#8220;, erz\u00e4hlt er. Bei Regen mache es keinen Spa\u00df. &#8222;Da werden die Poster total nass, gehen kaputt. Das ist \u00e4tzend.&#8220; Seine Auftr\u00e4ge erh\u00e4lt der Hamburger oft auf der Stra\u00dfe, Leute beobachten ihn bei seiner Arbeit und sprechen ihn an.<\/p>\n<p><a href=\"https:\/\/blog.zeit.de\/hamburg\/files\/2015\/04\/Eckensteher_Schanze_0386.jpg\"><img loading=\"lazy\" decoding=\"async\" class=\"alignnone size-large wp-image-3663\" src=\"https:\/\/blog.zeit.de\/hamburg\/files\/2015\/04\/Eckensteher_Schanze_0386-1024x768.jpg\" alt=\"Eckensteher_Schanze_0386\" width=\"580\" height=\"435\" srcset=\"https:\/\/blog.zeit.de\/hamburg\/files\/2015\/04\/Eckensteher_Schanze_0386-1024x768.jpg 1024w, https:\/\/blog.zeit.de\/hamburg\/files\/2015\/04\/Eckensteher_Schanze_0386-580x435.jpg 580w\" sizes=\"auto, (max-width: 580px) 100vw, 580px\" \/><\/a><\/p>\n<p>Dann begegnet mir ein Mann, der tanzt, als w\u00fcrde er Goa-Musik h\u00f6ren. Er hat aber keinen Gettoblaster dabei, er tr\u00e4gt auch keine Ohrst\u00f6psel. Er l\u00e4uft an Passanten vorbei, die wegen seines wunderlichen Bewegungsdranges l\u00e4cheln. Er biegt um die Ecke und verschwindet.<\/p>\n<p>[youtube http:\/\/www.youtube.com\/watch?v=c4326E38N78]<\/p>\n<p>Sp\u00e4ter Nachmittag. Die Kaffeeschl\u00fcrfer verr\u00fccken ihre St\u00fchle mit dem Lauf der Sonne, wie Narzissen. Dann geht es nicht mehr weiter. Die Sonne verschwindet hinter den D\u00e4chern.<\/p>\n<p><em>Das Team von Mit Vergn\u00fcgen Hamburg hat sich bereits an folgende Orten gestellt und sie multimedial festgehalten:\u00a0<a href=\"https:\/\/blog.zeit.de\/hamburg\/unter-der-sternbruecke\/\">Sternenbr\u00fccke<\/a>,\u00a0<a href=\"https:\/\/blog.zeit.de\/hamburg\/wandsbek-ist-mir-wurst\/\">Wandsbek,<\/a>\u00a0<a href=\"https:\/\/blog.zeit.de\/hamburg\/reeperbahn-talstrasse\/\">St. Pauli,\u00a0<\/a><a href=\"https:\/\/blog.zeit.de\/hamburg\/eckensteher-poppenbuettel\/\">Poppenb\u00fcttel,<\/a>\u00a0<a href=\"http:\/\/bloghttp:\/\/zeit.de\/hamburg\/die-frauen-flanieren-bis-heute\/\">Jungfernstieg<\/a>.<\/em><\/p>\n","protected":false},"excerpt":{"rendered":"<p>Wie tickt Hamburg? Um das herauszubekommen, hat sich\u00a0Sophie\u00a0Lagies einen Tag lang in der Sternschanze an die Ecke Schulterblatt \/ Juliusstra\u00dfe gestellt. Ihre Eindr\u00fccke in Bild, Text und Ton Ich habe Gl\u00fcck, denn f\u00fcr mein stundenlanges Rumlungern am Schulterblatt habe ich einen zwar kalten, aber sehr sonnigen Fr\u00fchlingstag erwischt. Ich stehe vor dem Restaurant La Pazza, [&hellip;]<\/p>\n","protected":false},"author":471,"featured_media":3673,"comment_status":"open","ping_status":"open","sticky":false,"template":"","format":"standard","meta":{"_jetpack_memberships_contains_paid_content":false,"footnotes":""},"categories":[16],"tags":[],"class_list":["post-3647","post","type-post","status-publish","format-standard","has-post-thumbnail","hentry","category-allgemein"],"yoast_head":"<!-- This site is optimized with the Yoast SEO plugin v21.0 - https:\/\/yoast.com\/wordpress\/plugins\/seo\/ -->\n<title>Eckensteher Schulterblatt: Sektfr\u00fchst\u00fcck und Selfies vor der Flora<\/title>\n<meta name=\"description\" content=\"Wie tickt Hamburg? Um das herauszubekommen, hat sich Sophie Lagies einen Tag lang in der Sternschanze an die Ecke Schulterblatt \/ Juliusstra\u00dfe gestellt. Ihre Eindr\u00fccke in Bild, Text und Ton.\" \/>\n<meta name=\"robots\" content=\"index, follow, max-snippet:-1, max-image-preview:large, max-video-preview:-1\" \/>\n<link rel=\"canonical\" href=\"https:\/\/blog.zeit.de\/hamburg\/eckensteher-schulterblatt\/\" \/>\n<meta property=\"og:locale\" content=\"de_DE\" \/>\n<meta property=\"og:type\" content=\"article\" \/>\n<meta property=\"og:title\" content=\"Eckensteher Schulterblatt: Sektfr\u00fchst\u00fcck und Selfies vor der Flora\" \/>\n<meta property=\"og:description\" content=\"Wie tickt Hamburg? Um das herauszubekommen, hat sich Sophie Lagies einen Tag lang in der Sternschanze an die Ecke Schulterblatt \/ Juliusstra\u00dfe gestellt. Ihre Eindr\u00fccke in Bild, Text und Ton.\" \/>\n<meta property=\"og:url\" content=\"https:\/\/blog.zeit.de\/hamburg\/eckensteher-schulterblatt\/\" \/>\n<meta property=\"og:site_name\" content=\"Speersort 1\" \/>\n<meta property=\"article:author\" content=\"https:\/\/facebook.com\/mitvergnuegenhh\" \/>\n<meta property=\"article:published_time\" content=\"2015-05-19T13:39:15+00:00\" \/>\n<meta property=\"og:image\" content=\"https:\/\/blog.zeit.de\/hamburg\/files\/2015\/04\/Eckensteher_Schanze_0433-1024x768.jpg\" \/>\n\t<meta property=\"og:image:width\" content=\"1024\" \/>\n\t<meta property=\"og:image:height\" content=\"768\" \/>\n\t<meta property=\"og:image:type\" content=\"image\/jpeg\" \/>\n<meta name=\"author\" content=\"Mit Vergn\u00fcgen Hamburg\" \/>\n<meta name=\"twitter:card\" content=\"summary_large_image\" \/>\n<meta name=\"twitter:creator\" content=\"@mitvergnuegenhh\" \/>\n<meta name=\"twitter:label1\" content=\"Geschrieben von\" \/>\n\t<meta name=\"twitter:data1\" content=\"Mit Vergn\u00fcgen Hamburg\" \/>\n\t<meta name=\"twitter:label2\" content=\"Gesch\u00e4tzte Lesezeit\" \/>\n\t<meta name=\"twitter:data2\" content=\"4\u00a0Minuten\" \/>\n<script type=\"application\/ld+json\" class=\"yoast-schema-graph\">{\"@context\":\"https:\/\/schema.org\",\"@graph\":[{\"@type\":\"WebPage\",\"@id\":\"https:\/\/blog.zeit.de\/hamburg\/eckensteher-schulterblatt\/\",\"url\":\"https:\/\/blog.zeit.de\/hamburg\/eckensteher-schulterblatt\/\",\"name\":\"Eckensteher Schulterblatt: Sektfr\u00fchst\u00fcck und Selfies vor der Flora\",\"isPartOf\":{\"@id\":\"https:\/\/blog.zeit.de\/hamburg\/#website\"},\"datePublished\":\"2015-05-19T13:39:15+00:00\",\"dateModified\":\"2015-05-19T13:39:15+00:00\",\"author\":{\"@id\":\"https:\/\/blog.zeit.de\/hamburg\/#\/schema\/person\/3e49776f4fd92b64ac754b22fadacc40\"},\"description\":\"Wie tickt Hamburg? Um das herauszubekommen, hat sich Sophie Lagies einen Tag lang in der Sternschanze an die Ecke Schulterblatt \/ Juliusstra\u00dfe gestellt. Ihre Eindr\u00fccke in Bild, Text und Ton.\",\"breadcrumb\":{\"@id\":\"https:\/\/blog.zeit.de\/hamburg\/eckensteher-schulterblatt\/#breadcrumb\"},\"inLanguage\":\"de\",\"potentialAction\":[{\"@type\":\"ReadAction\",\"target\":[\"https:\/\/blog.zeit.de\/hamburg\/eckensteher-schulterblatt\/\"]}]},{\"@type\":\"BreadcrumbList\",\"@id\":\"https:\/\/blog.zeit.de\/hamburg\/eckensteher-schulterblatt\/#breadcrumb\",\"itemListElement\":[{\"@type\":\"ListItem\",\"position\":1,\"name\":\"Startseite\",\"item\":\"https:\/\/blog.zeit.de\/hamburg\/\"},{\"@type\":\"ListItem\",\"position\":2,\"name\":\"Sekt und Selfies vor der Flora\"}]},{\"@type\":\"WebSite\",\"@id\":\"https:\/\/blog.zeit.de\/hamburg\/#website\",\"url\":\"https:\/\/blog.zeit.de\/hamburg\/\",\"name\":\"Speersort 1\",\"description\":\"Das Hamburg-Blog\",\"potentialAction\":[{\"@type\":\"SearchAction\",\"target\":{\"@type\":\"EntryPoint\",\"urlTemplate\":\"https:\/\/blog.zeit.de\/hamburg\/?s={search_term_string}\"},\"query-input\":\"required name=search_term_string\"}],\"inLanguage\":\"de\"},{\"@type\":\"Person\",\"@id\":\"https:\/\/blog.zeit.de\/hamburg\/#\/schema\/person\/3e49776f4fd92b64ac754b22fadacc40\",\"name\":\"Mit Vergn\u00fcgen Hamburg\",\"image\":{\"@type\":\"ImageObject\",\"inLanguage\":\"de\",\"@id\":\"https:\/\/blog.zeit.de\/hamburg\/#\/schema\/person\/image\/\",\"url\":\"https:\/\/secure.gravatar.com\/avatar\/e1a03aaad2511a7903dbd957af3662121c868dbb12f59d4fab6d87b28ffd5a5e?s=96&d=mm&r=g\",\"contentUrl\":\"https:\/\/secure.gravatar.com\/avatar\/e1a03aaad2511a7903dbd957af3662121c868dbb12f59d4fab6d87b28ffd5a5e?s=96&d=mm&r=g\",\"caption\":\"Mit Vergn\u00fcgen Hamburg\"},\"description\":\"Mit Vergn\u00fcgen Hamburg ist das digitale Stadtmagazin f\u00fcr Hamburg. Jeden Tag empfiehlt die Redaktion eine Ausstellung, ein Konzert oder einer Party. F\u00fcr das Blog Speersort 1 haben die Kollegen zun\u00e4chst den Hamburger Eckensteher produziert. Seit einer Weile arbeiten sie an einem neuen Format: Ein Autor f\u00e4hrt in einen Stadtteil und fragt drei Bewohner nach ihren drei nahegelegenen Lieblingspl\u00e4tzen \u2013 einem Caf\u00e9, einem Restaurant und einem beliebiger anderen Ort.\",\"sameAs\":[\"http:\/\/hamburg.mitvergnuegen.com\",\"https:\/\/facebook.com\/mitvergnuegenhh\",\"https:\/\/twitter.com\/mitvergnuegenhh\"],\"url\":\"https:\/\/blog.zeit.de\/hamburg\/author\/mitvergnuegenhh\/\"}]}<\/script>\n<!-- \/ Yoast SEO plugin. -->","yoast_head_json":{"title":"Eckensteher Schulterblatt: Sektfr\u00fchst\u00fcck und Selfies vor der Flora","description":"Wie tickt Hamburg? Um das herauszubekommen, hat sich Sophie Lagies einen Tag lang in der Sternschanze an die Ecke Schulterblatt \/ Juliusstra\u00dfe gestellt. Ihre Eindr\u00fccke in Bild, Text und Ton.","robots":{"index":"index","follow":"follow","max-snippet":"max-snippet:-1","max-image-preview":"max-image-preview:large","max-video-preview":"max-video-preview:-1"},"canonical":"https:\/\/blog.zeit.de\/hamburg\/eckensteher-schulterblatt\/","og_locale":"de_DE","og_type":"article","og_title":"Eckensteher Schulterblatt: Sektfr\u00fchst\u00fcck und Selfies vor der Flora","og_description":"Wie tickt Hamburg? Um das herauszubekommen, hat sich Sophie Lagies einen Tag lang in der Sternschanze an die Ecke Schulterblatt \/ Juliusstra\u00dfe gestellt. Ihre Eindr\u00fccke in Bild, Text und Ton.","og_url":"https:\/\/blog.zeit.de\/hamburg\/eckensteher-schulterblatt\/","og_site_name":"Speersort 1","article_author":"https:\/\/facebook.com\/mitvergnuegenhh","article_published_time":"2015-05-19T13:39:15+00:00","og_image":[{"width":1024,"height":768,"url":"https:\/\/blog.zeit.de\/hamburg\/files\/2015\/04\/Eckensteher_Schanze_0433-1024x768.jpg","type":"image\/jpeg"}],"author":"Mit Vergn\u00fcgen Hamburg","twitter_card":"summary_large_image","twitter_creator":"@mitvergnuegenhh","twitter_misc":{"Geschrieben von":"Mit Vergn\u00fcgen Hamburg","Gesch\u00e4tzte Lesezeit":"4\u00a0Minuten"},"schema":{"@context":"https:\/\/schema.org","@graph":[{"@type":"WebPage","@id":"https:\/\/blog.zeit.de\/hamburg\/eckensteher-schulterblatt\/","url":"https:\/\/blog.zeit.de\/hamburg\/eckensteher-schulterblatt\/","name":"Eckensteher Schulterblatt: Sektfr\u00fchst\u00fcck und Selfies vor der Flora","isPartOf":{"@id":"https:\/\/blog.zeit.de\/hamburg\/#website"},"datePublished":"2015-05-19T13:39:15+00:00","dateModified":"2015-05-19T13:39:15+00:00","author":{"@id":"https:\/\/blog.zeit.de\/hamburg\/#\/schema\/person\/3e49776f4fd92b64ac754b22fadacc40"},"description":"Wie tickt Hamburg? Um das herauszubekommen, hat sich Sophie Lagies einen Tag lang in der Sternschanze an die Ecke Schulterblatt \/ Juliusstra\u00dfe gestellt. Ihre Eindr\u00fccke in Bild, Text und Ton.","breadcrumb":{"@id":"https:\/\/blog.zeit.de\/hamburg\/eckensteher-schulterblatt\/#breadcrumb"},"inLanguage":"de","potentialAction":[{"@type":"ReadAction","target":["https:\/\/blog.zeit.de\/hamburg\/eckensteher-schulterblatt\/"]}]},{"@type":"BreadcrumbList","@id":"https:\/\/blog.zeit.de\/hamburg\/eckensteher-schulterblatt\/#breadcrumb","itemListElement":[{"@type":"ListItem","position":1,"name":"Startseite","item":"https:\/\/blog.zeit.de\/hamburg\/"},{"@type":"ListItem","position":2,"name":"Sekt und Selfies vor der Flora"}]},{"@type":"WebSite","@id":"https:\/\/blog.zeit.de\/hamburg\/#website","url":"https:\/\/blog.zeit.de\/hamburg\/","name":"Speersort 1","description":"Das Hamburg-Blog","potentialAction":[{"@type":"SearchAction","target":{"@type":"EntryPoint","urlTemplate":"https:\/\/blog.zeit.de\/hamburg\/?s={search_term_string}"},"query-input":"required name=search_term_string"}],"inLanguage":"de"},{"@type":"Person","@id":"https:\/\/blog.zeit.de\/hamburg\/#\/schema\/person\/3e49776f4fd92b64ac754b22fadacc40","name":"Mit Vergn\u00fcgen Hamburg","image":{"@type":"ImageObject","inLanguage":"de","@id":"https:\/\/blog.zeit.de\/hamburg\/#\/schema\/person\/image\/","url":"https:\/\/secure.gravatar.com\/avatar\/e1a03aaad2511a7903dbd957af3662121c868dbb12f59d4fab6d87b28ffd5a5e?s=96&d=mm&r=g","contentUrl":"https:\/\/secure.gravatar.com\/avatar\/e1a03aaad2511a7903dbd957af3662121c868dbb12f59d4fab6d87b28ffd5a5e?s=96&d=mm&r=g","caption":"Mit Vergn\u00fcgen Hamburg"},"description":"Mit Vergn\u00fcgen Hamburg ist das digitale Stadtmagazin f\u00fcr Hamburg. Jeden Tag empfiehlt die Redaktion eine Ausstellung, ein Konzert oder einer Party. F\u00fcr das Blog Speersort 1 haben die Kollegen zun\u00e4chst den Hamburger Eckensteher produziert. Seit einer Weile arbeiten sie an einem neuen Format: Ein Autor f\u00e4hrt in einen Stadtteil und fragt drei Bewohner nach ihren drei nahegelegenen Lieblingspl\u00e4tzen \u2013 einem Caf\u00e9, einem Restaurant und einem beliebiger anderen Ort.","sameAs":["http:\/\/hamburg.mitvergnuegen.com","https:\/\/facebook.com\/mitvergnuegenhh","https:\/\/twitter.com\/mitvergnuegenhh"],"url":"https:\/\/blog.zeit.de\/hamburg\/author\/mitvergnuegenhh\/"}]}},"jetpack_featured_media_url":"https:\/\/blog.zeit.de\/hamburg\/files\/2015\/04\/Eckensteher_Schanze_0433.jpg","jetpack_sharing_enabled":true,"_links":{"self":[{"href":"https:\/\/blog.zeit.de\/hamburg\/wp-json\/wp\/v2\/posts\/3647","targetHints":{"allow":["GET"]}}],"collection":[{"href":"https:\/\/blog.zeit.de\/hamburg\/wp-json\/wp\/v2\/posts"}],"about":[{"href":"https:\/\/blog.zeit.de\/hamburg\/wp-json\/wp\/v2\/types\/post"}],"author":[{"embeddable":true,"href":"https:\/\/blog.zeit.de\/hamburg\/wp-json\/wp\/v2\/users\/471"}],"replies":[{"embeddable":true,"href":"https:\/\/blog.zeit.de\/hamburg\/wp-json\/wp\/v2\/comments?post=3647"}],"version-history":[{"count":16,"href":"https:\/\/blog.zeit.de\/hamburg\/wp-json\/wp\/v2\/posts\/3647\/revisions"}],"predecessor-version":[{"id":4045,"href":"https:\/\/blog.zeit.de\/hamburg\/wp-json\/wp\/v2\/posts\/3647\/revisions\/4045"}],"wp:featuredmedia":[{"embeddable":true,"href":"https:\/\/blog.zeit.de\/hamburg\/wp-json\/wp\/v2\/media\/3673"}],"wp:attachment":[{"href":"https:\/\/blog.zeit.de\/hamburg\/wp-json\/wp\/v2\/media?parent=3647"}],"wp:term":[{"taxonomy":"category","embeddable":true,"href":"https:\/\/blog.zeit.de\/hamburg\/wp-json\/wp\/v2\/categories?post=3647"},{"taxonomy":"post_tag","embeddable":true,"href":"https:\/\/blog.zeit.de\/hamburg\/wp-json\/wp\/v2\/tags?post=3647"}],"curies":[{"name":"wp","href":"https:\/\/api.w.org\/{rel}","templated":true}]}}