{"id":3968,"date":"2015-05-15T11:17:03","date_gmt":"2015-05-15T09:17:03","guid":{"rendered":"http:\/\/blog.zeit.de\/hamburg\/?p=3968"},"modified":"2015-05-15T18:03:36","modified_gmt":"2015-05-15T16:03:36","slug":"kunst-im-supermarkt","status":"publish","type":"post","link":"https:\/\/blog.zeit.de\/hamburg\/kunst-im-supermarkt\/","title":{"rendered":"Kunst im Supermarkt"},"content":{"rendered":"<p class=\"p1\">Hamburg ist um einen Kunstraum reicher. Und was f\u00fcr einen: In der ehemaligen Aldi-Filiale an der Paul-Roosen-Stra\u00dfe er\u00f6ffnen die vier Macher der Affenfaust Galerie am Samstag eine neue Niederlassung. Zum Start sind auf den 1.000 Quadratmetern Selbstportr\u00e4ts von 44 K\u00fcnstlern zu sehen. Kuratiert wird die Ausstellung <em>Das eigene Ich<\/em> von Elmar Lause, <a href=\"https:\/\/blog.zeit.de\/hamburg\/hamburg-mural-elmar-lause\/\">bekannt unter anderem durch sein Wandgem\u00e4lde <em>Supasupa<\/em>. <\/a><!--more--><\/p>\n<p><figure id=\"attachment_3969\" aria-describedby=\"caption-attachment-3969\" style=\"width: 580px\" class=\"wp-caption aligncenter\"><img loading=\"lazy\" decoding=\"async\" class=\"wp-image-3969 size-medium\" src=\"https:\/\/blog.zeit.de\/hamburg\/files\/2015\/05\/3-580x387.jpg\" alt=\"Eine neue Halle f\u00fcr die Kunst in Hamburg: Der ehemalige Aldi-Markt in der Paul-Rosen-Stra\u00dfe ist jetzt die Affenfaust Galerie. Foto:  Sebastian Asiedu\" width=\"580\" height=\"387\" srcset=\"https:\/\/blog.zeit.de\/hamburg\/files\/2015\/05\/3-580x387.jpg 580w, https:\/\/blog.zeit.de\/hamburg\/files\/2015\/05\/3.jpg 940w\" sizes=\"auto, (max-width: 580px) 100vw, 580px\" \/><figcaption id=\"caption-attachment-3969\" class=\"wp-caption-text\">Eine neue Halle f\u00fcr die Kunst in Hamburg: Der ehemalige Aldi-Markt in der Paul-Roosen-Stra\u00dfe ist jetzt die Affenfaust Galerie. Foto: Sebastian Asiedu<\/figcaption><\/figure><\/p>\n<p class=\"p1\">Beides ganz sch\u00f6ne Ansagen: Robert Neuendorf, Fred Sch\u00e4fer, Lycien-David Cs\u00e9ry und Marcus Schild, die Galeristen der <a href=\"http:\/\/www.affenfaust.org\/\" target=\"_blank\">Affenfaust<\/a>, vergr\u00f6\u00dfern sich mal eben im dritten Jahr ihres Bestehens um ein Vielfaches \u2013 von einem kleinen Ladenlokal in der Detlev-Bremer-Stra\u00dfe auf Turnhallen-Dimension. Und: <a href=\"https:\/\/blog.zeit.de\/hamburg\/robocop-im-eismeer\/\" target=\"_blank\">Elmar Lause<\/a> gelingt es, f\u00fcr <em><a href=\"http:\/\/www.affenfaust.org\/de\/gruppenausstellung-das-eigene-ich\/\" target=\"_blank\">Das eigene Ich<\/a><\/em> kurzerhand 44 K\u00fcnstler-Egos zu\u00a0einer riesengro\u00dfen Selfie-Show zu\u00a0vereinen.<\/p>\n<p class=\"p1\">Beim klassischen Selbstbildnis gehe es darum, sich mit der eigenen k\u00fcnstlerischen Identit\u00e4t und Position in der Bildsprache der jeweiligen Epoche auseinanderzusetzen, erkl\u00e4ren\u00a0die Affenfaust-Betreiber den Ausstellungsgedanken.\u00a0<span class=\"s1\">Was nat\u00fcrlich\u00a0auch immer viel mit Narzissmus und Ego zu tun hat und vielleicht ja auch gerade deshalb so reizvoll f\u00fcr den\u00a0Betrachter ist\u00a0&#8211;\u00a0das entsprechende\u00a0Engagement der ausgew\u00e4hlten K\u00fcnstler zum Thema vorausgesetzt.<\/span><\/p>\n<p class=\"p1\">Der Hamburger Elmar Lause hat f\u00fcr die erste Ausstellung in der neuen Galerie sehr breit gef\u00e4cherte Positionen zusammengestellt. Dabei unter anderem: Henning Kles, Dave the Chimp, Flying F\u00f6rtress, Heiko M\u00fcller, Jaybo Monk, Julia Benz, J\u00f6rn Stahlschmidt, Ki Yoon Ko, Marc Bronner. Das\u00a0<span class=\"s1\">sind K\u00fcnstlernamen mit Klang und Aussagekraft, die f\u00fcr eine gro\u00dfe Bandbreite an Stilrichtungen, Genres und Techniken stehen.<\/span><\/p>\n<p><figure id=\"attachment_3972\" aria-describedby=\"caption-attachment-3972\" style=\"width: 580px\" class=\"wp-caption aligncenter\"><img loading=\"lazy\" decoding=\"async\" class=\"wp-image-3972 size-large\" src=\"https:\/\/blog.zeit.de\/hamburg\/files\/2015\/05\/Henning-Kles-764x1024.jpeg\" alt=\"Henning Kles: \u201eSteve My Queen\u201c, Acryl und Lack auf Leinwand, 40 x 30 cm, 2015\" width=\"580\" height=\"777\" srcset=\"https:\/\/blog.zeit.de\/hamburg\/files\/2015\/05\/Henning-Kles-764x1024.jpeg 764w, https:\/\/blog.zeit.de\/hamburg\/files\/2015\/05\/Henning-Kles-580x777.jpeg 580w, https:\/\/blog.zeit.de\/hamburg\/files\/2015\/05\/Henning-Kles.jpeg 955w\" sizes=\"auto, (max-width: 580px) 100vw, 580px\" \/><figcaption id=\"caption-attachment-3972\" class=\"wp-caption-text\">Henning Kles: \u201eSteve My Queen\u201c, Acryl und Lack auf Leinwand, 40 x 30 cm, 2015<\/figcaption><\/figure><\/p>\n<p class=\"p1\">Nat\u00fcrlich zeigt auch Elmar Lause selbst ein Bild von sich. Und auch mich hat er gebeten, einmal das Thema Selbstportr\u00e4t als Grundlage f\u00fcr eine neue <a href=\"http:\/\/alexdiamond.net\/\" target=\"_blank\">Alex-Diamond<\/a>-Arbeit anzugehen. Wenn man so viele Jahre in einer Doppelfunktion unterwegs war (als Gr\u00fcnder der heliumcowboy-Galerie und als K\u00fcnstler), ist das eine spannende, aber auch extrem herausfordernde\u00a0Auseinandersetzung. Und dadurch erh\u00f6ht sich meine\u00a0Vorfreude auf die Werke der 43 anderen K\u00fcnstler \u2013 weil ich hoffe, dass es h\u00e4ufig um \u00e4sthetische und inhaltliche Grenzen gehen und in einigen Arbeiten eine ungewohnte Tiefe zu entdecken sein wird.<\/p>\n<p class=\"p1\"><span class=\"s1\">Es ist sehr erfreulich, dass in der Hamburger Galerieszene der Mut besteht, solche Gro\u00dfereignisse anzugehen. Den\u00a0hat\u00a0die Affenfaust-Crew ja bereits 2013 und 2014 mit dem Knotenpunkt Festival bewiesen. Die Affenfaust ist sicherlich eine au\u00dfergew\u00f6hnliche Galerie und vielleicht hilft es auch, dass man stets gleich vier Mann stark die gro\u00dfen Themen angehen kann. Dennoch kann man hier nur den Hut ziehen vor dem Tatendrang und der Professionalit\u00e4t der jungen Ausstellungsmacher.<\/span><\/p>\n<p class=\"p1\">Dass sie dabei auch noch extrem kollegial sind und Konkurrenz eher st\u00e4rken als schw\u00e4chen, beweist die zweite Gro\u00dfveranstaltung, die im alten Aldi-Markt er\u00f6ffnet wird: Unter dem Titel <em>60 Jahre Kunst in Hamburg<\/em> haben sie die Galerien Feinkunst Kr\u00fcger, Kramer Fine Art, Mikiko Sato, \u00d6l-Fr\u00fch und heliumcowboy eingeladen, mit ihnen gemeinsam auszustellen\u00a0(13. Juni bis 11. Juli).<\/p>\n<p><figure id=\"attachment_3970\" aria-describedby=\"caption-attachment-3970\" style=\"width: 580px\" class=\"wp-caption alignnone\"><img loading=\"lazy\" decoding=\"async\" class=\"wp-image-3970 size-medium\" src=\"https:\/\/blog.zeit.de\/hamburg\/files\/2015\/05\/16_AFFENBANDE_TIM_BRUENING-580x384.jpg\" alt=\"Die jungen Galeristen der Affenfaust: Robert Neuendorf, Fred Sch\u00e4fer, Lycien-David Cs\u00e9ry und Marcus Schild.  Foto: Tim Br\u00fcning\" width=\"580\" height=\"384\" srcset=\"https:\/\/blog.zeit.de\/hamburg\/files\/2015\/05\/16_AFFENBANDE_TIM_BRUENING-580x384.jpg 580w, https:\/\/blog.zeit.de\/hamburg\/files\/2015\/05\/16_AFFENBANDE_TIM_BRUENING.jpg 940w\" sizes=\"auto, (max-width: 580px) 100vw, 580px\" \/><figcaption id=\"caption-attachment-3970\" class=\"wp-caption-text\">Die jungen Galeristen der Affenfaust: Robert Neuendorf, Fred Sch\u00e4fer, Lycien-David Cs\u00e9ry und Marcus Schild. Foto: Tim Br\u00fcning<\/figcaption><\/figure><\/p>\n<p class=\"p1\">Ausstellung: <em>Das eigene Ich<\/em>, kuratiert von Elmar Lause<\/p>\n<p class=\"p1\">Vernissage Samstag, 16. Mai 2015, 20-24 Uhr<\/p>\n<p class=\"p1\">Affenfaust Galerie<br \/>\nPaul-Roosen-Stra\u00dfe 43<br \/>\n22767 Hamburg<\/p>\n","protected":false},"excerpt":{"rendered":"<p>Hamburg ist um einen Kunstraum reicher. Und was f\u00fcr einen: In der ehemaligen Aldi-Filiale an der Paul-Roosen-Stra\u00dfe er\u00f6ffnen die vier Macher der Affenfaust Galerie am Samstag eine neue Niederlassung. Zum Start sind auf den 1.000 Quadratmetern Selbstportr\u00e4ts von 44 K\u00fcnstlern zu sehen. Kuratiert wird die Ausstellung Das eigene Ich von Elmar Lause, bekannt unter anderem [&hellip;]<\/p>\n","protected":false},"author":482,"featured_media":0,"comment_status":"open","ping_status":"open","sticky":false,"template":"","format":"standard","meta":{"_jetpack_memberships_contains_paid_content":false,"footnotes":""},"categories":[16],"tags":[],"class_list":["post-3968","post","type-post","status-publish","format-standard","hentry","category-allgemein"],"yoast_head":"<!-- This site is optimized with the Yoast SEO plugin v21.0 - https:\/\/yoast.com\/wordpress\/plugins\/seo\/ -->\n<title>Ausstellung: Kunst im Supermarkt<\/title>\n<meta name=\"description\" content=\"Die Affenfaust Galerie er\u00f6ffnet in einer ehemaligen Aldi-Filiale eine neue Niederlassung. Los geht es mit einer riesengro\u00dfen Selfie-Show, an der 44 K\u00fcnstler teilnehmen.\" \/>\n<meta name=\"robots\" content=\"index, follow, max-snippet:-1, max-image-preview:large, max-video-preview:-1\" \/>\n<link rel=\"canonical\" href=\"https:\/\/blog.zeit.de\/hamburg\/kunst-im-supermarkt\/\" \/>\n<meta property=\"og:locale\" content=\"de_DE\" \/>\n<meta property=\"og:type\" content=\"article\" \/>\n<meta property=\"og:title\" content=\"Ausstellung: Kunst im Supermarkt\" \/>\n<meta property=\"og:description\" content=\"Die Affenfaust Galerie er\u00f6ffnet in einer ehemaligen Aldi-Filiale eine neue Niederlassung. Los geht es mit einer riesengro\u00dfen Selfie-Show, an der 44 K\u00fcnstler teilnehmen.\" \/>\n<meta property=\"og:url\" content=\"https:\/\/blog.zeit.de\/hamburg\/kunst-im-supermarkt\/\" \/>\n<meta property=\"og:site_name\" content=\"Speersort 1\" \/>\n<meta property=\"article:published_time\" content=\"2015-05-15T09:17:03+00:00\" \/>\n<meta property=\"article:modified_time\" content=\"2015-05-15T16:03:36+00:00\" \/>\n<meta property=\"og:image\" content=\"https:\/\/blog.zeit.de\/hamburg\/files\/2015\/05\/3-580x387.jpg\" \/>\n<meta name=\"author\" content=\"J\u00f6rg Heikhaus\" \/>\n<meta name=\"twitter:card\" content=\"summary_large_image\" \/>\n<meta name=\"twitter:creator\" content=\"@heliumcowboy\" \/>\n<meta name=\"twitter:label1\" content=\"Geschrieben von\" \/>\n\t<meta name=\"twitter:data1\" content=\"J\u00f6rg Heikhaus\" \/>\n\t<meta name=\"twitter:label2\" content=\"Gesch\u00e4tzte Lesezeit\" \/>\n\t<meta name=\"twitter:data2\" content=\"3\u00a0Minuten\" \/>\n<script type=\"application\/ld+json\" class=\"yoast-schema-graph\">{\"@context\":\"https:\/\/schema.org\",\"@graph\":[{\"@type\":\"WebPage\",\"@id\":\"https:\/\/blog.zeit.de\/hamburg\/kunst-im-supermarkt\/\",\"url\":\"https:\/\/blog.zeit.de\/hamburg\/kunst-im-supermarkt\/\",\"name\":\"Ausstellung: Kunst im Supermarkt\",\"isPartOf\":{\"@id\":\"https:\/\/blog.zeit.de\/hamburg\/#website\"},\"datePublished\":\"2015-05-15T09:17:03+00:00\",\"dateModified\":\"2015-05-15T16:03:36+00:00\",\"author\":{\"@id\":\"https:\/\/blog.zeit.de\/hamburg\/#\/schema\/person\/3f5347fef93ede67f089352ef72ad3c3\"},\"description\":\"Die Affenfaust Galerie er\u00f6ffnet in einer ehemaligen Aldi-Filiale eine neue Niederlassung. Los geht es mit einer riesengro\u00dfen Selfie-Show, an der 44 K\u00fcnstler teilnehmen.\",\"breadcrumb\":{\"@id\":\"https:\/\/blog.zeit.de\/hamburg\/kunst-im-supermarkt\/#breadcrumb\"},\"inLanguage\":\"de\",\"potentialAction\":[{\"@type\":\"ReadAction\",\"target\":[\"https:\/\/blog.zeit.de\/hamburg\/kunst-im-supermarkt\/\"]}]},{\"@type\":\"BreadcrumbList\",\"@id\":\"https:\/\/blog.zeit.de\/hamburg\/kunst-im-supermarkt\/#breadcrumb\",\"itemListElement\":[{\"@type\":\"ListItem\",\"position\":1,\"name\":\"Startseite\",\"item\":\"https:\/\/blog.zeit.de\/hamburg\/\"},{\"@type\":\"ListItem\",\"position\":2,\"name\":\"Kunst im Supermarkt\"}]},{\"@type\":\"WebSite\",\"@id\":\"https:\/\/blog.zeit.de\/hamburg\/#website\",\"url\":\"https:\/\/blog.zeit.de\/hamburg\/\",\"name\":\"Speersort 1\",\"description\":\"Das Hamburg-Blog\",\"potentialAction\":[{\"@type\":\"SearchAction\",\"target\":{\"@type\":\"EntryPoint\",\"urlTemplate\":\"https:\/\/blog.zeit.de\/hamburg\/?s={search_term_string}\"},\"query-input\":\"required name=search_term_string\"}],\"inLanguage\":\"de\"},{\"@type\":\"Person\",\"@id\":\"https:\/\/blog.zeit.de\/hamburg\/#\/schema\/person\/3f5347fef93ede67f089352ef72ad3c3\",\"name\":\"J\u00f6rg Heikhaus\",\"image\":{\"@type\":\"ImageObject\",\"inLanguage\":\"de\",\"@id\":\"https:\/\/blog.zeit.de\/hamburg\/#\/schema\/person\/image\/\",\"url\":\"https:\/\/secure.gravatar.com\/avatar\/87663a639953e620bc784f62051b59b41b50ef764ec028e8645fd1ae0109fbc2?s=96&d=mm&r=g\",\"contentUrl\":\"https:\/\/secure.gravatar.com\/avatar\/87663a639953e620bc784f62051b59b41b50ef764ec028e8645fd1ae0109fbc2?s=96&d=mm&r=g\",\"caption\":\"J\u00f6rg Heikhaus\"},\"description\":\"gr\u00fcndete 2002 mit dem heliumcowboy artspace auf St. Pauli eine der ersten Galerien Europas, die abseits vom traditionellen Elitedenken des Kunstmarkts eine neue Generation urban gepr\u00e4gter K\u00fcnstler etablierte. Als ,Alex Diamond\u2018 macht er ausserdem seit vielen Jahren erfolgreich selber Kunst.\",\"sameAs\":[\"http:\/\/www.heliumcowboy.com\",\"https:\/\/twitter.com\/heliumcowboy\"],\"url\":\"https:\/\/blog.zeit.de\/hamburg\/author\/jheikhaus\/\"}]}<\/script>\n<!-- \/ Yoast SEO plugin. -->","yoast_head_json":{"title":"Ausstellung: Kunst im Supermarkt","description":"Die Affenfaust Galerie er\u00f6ffnet in einer ehemaligen Aldi-Filiale eine neue Niederlassung. Los geht es mit einer riesengro\u00dfen Selfie-Show, an der 44 K\u00fcnstler teilnehmen.","robots":{"index":"index","follow":"follow","max-snippet":"max-snippet:-1","max-image-preview":"max-image-preview:large","max-video-preview":"max-video-preview:-1"},"canonical":"https:\/\/blog.zeit.de\/hamburg\/kunst-im-supermarkt\/","og_locale":"de_DE","og_type":"article","og_title":"Ausstellung: Kunst im Supermarkt","og_description":"Die Affenfaust Galerie er\u00f6ffnet in einer ehemaligen Aldi-Filiale eine neue Niederlassung. Los geht es mit einer riesengro\u00dfen Selfie-Show, an der 44 K\u00fcnstler teilnehmen.","og_url":"https:\/\/blog.zeit.de\/hamburg\/kunst-im-supermarkt\/","og_site_name":"Speersort 1","article_published_time":"2015-05-15T09:17:03+00:00","article_modified_time":"2015-05-15T16:03:36+00:00","og_image":[{"url":"https:\/\/blog.zeit.de\/hamburg\/files\/2015\/05\/3-580x387.jpg"}],"author":"J\u00f6rg Heikhaus","twitter_card":"summary_large_image","twitter_creator":"@heliumcowboy","twitter_misc":{"Geschrieben von":"J\u00f6rg Heikhaus","Gesch\u00e4tzte Lesezeit":"3\u00a0Minuten"},"schema":{"@context":"https:\/\/schema.org","@graph":[{"@type":"WebPage","@id":"https:\/\/blog.zeit.de\/hamburg\/kunst-im-supermarkt\/","url":"https:\/\/blog.zeit.de\/hamburg\/kunst-im-supermarkt\/","name":"Ausstellung: Kunst im Supermarkt","isPartOf":{"@id":"https:\/\/blog.zeit.de\/hamburg\/#website"},"datePublished":"2015-05-15T09:17:03+00:00","dateModified":"2015-05-15T16:03:36+00:00","author":{"@id":"https:\/\/blog.zeit.de\/hamburg\/#\/schema\/person\/3f5347fef93ede67f089352ef72ad3c3"},"description":"Die Affenfaust Galerie er\u00f6ffnet in einer ehemaligen Aldi-Filiale eine neue Niederlassung. Los geht es mit einer riesengro\u00dfen Selfie-Show, an der 44 K\u00fcnstler teilnehmen.","breadcrumb":{"@id":"https:\/\/blog.zeit.de\/hamburg\/kunst-im-supermarkt\/#breadcrumb"},"inLanguage":"de","potentialAction":[{"@type":"ReadAction","target":["https:\/\/blog.zeit.de\/hamburg\/kunst-im-supermarkt\/"]}]},{"@type":"BreadcrumbList","@id":"https:\/\/blog.zeit.de\/hamburg\/kunst-im-supermarkt\/#breadcrumb","itemListElement":[{"@type":"ListItem","position":1,"name":"Startseite","item":"https:\/\/blog.zeit.de\/hamburg\/"},{"@type":"ListItem","position":2,"name":"Kunst im Supermarkt"}]},{"@type":"WebSite","@id":"https:\/\/blog.zeit.de\/hamburg\/#website","url":"https:\/\/blog.zeit.de\/hamburg\/","name":"Speersort 1","description":"Das Hamburg-Blog","potentialAction":[{"@type":"SearchAction","target":{"@type":"EntryPoint","urlTemplate":"https:\/\/blog.zeit.de\/hamburg\/?s={search_term_string}"},"query-input":"required name=search_term_string"}],"inLanguage":"de"},{"@type":"Person","@id":"https:\/\/blog.zeit.de\/hamburg\/#\/schema\/person\/3f5347fef93ede67f089352ef72ad3c3","name":"J\u00f6rg Heikhaus","image":{"@type":"ImageObject","inLanguage":"de","@id":"https:\/\/blog.zeit.de\/hamburg\/#\/schema\/person\/image\/","url":"https:\/\/secure.gravatar.com\/avatar\/87663a639953e620bc784f62051b59b41b50ef764ec028e8645fd1ae0109fbc2?s=96&d=mm&r=g","contentUrl":"https:\/\/secure.gravatar.com\/avatar\/87663a639953e620bc784f62051b59b41b50ef764ec028e8645fd1ae0109fbc2?s=96&d=mm&r=g","caption":"J\u00f6rg Heikhaus"},"description":"gr\u00fcndete 2002 mit dem heliumcowboy artspace auf St. Pauli eine der ersten Galerien Europas, die abseits vom traditionellen Elitedenken des Kunstmarkts eine neue Generation urban gepr\u00e4gter K\u00fcnstler etablierte. Als ,Alex Diamond\u2018 macht er ausserdem seit vielen Jahren erfolgreich selber Kunst.","sameAs":["http:\/\/www.heliumcowboy.com","https:\/\/twitter.com\/heliumcowboy"],"url":"https:\/\/blog.zeit.de\/hamburg\/author\/jheikhaus\/"}]}},"jetpack_featured_media_url":"","jetpack_sharing_enabled":true,"_links":{"self":[{"href":"https:\/\/blog.zeit.de\/hamburg\/wp-json\/wp\/v2\/posts\/3968","targetHints":{"allow":["GET"]}}],"collection":[{"href":"https:\/\/blog.zeit.de\/hamburg\/wp-json\/wp\/v2\/posts"}],"about":[{"href":"https:\/\/blog.zeit.de\/hamburg\/wp-json\/wp\/v2\/types\/post"}],"author":[{"embeddable":true,"href":"https:\/\/blog.zeit.de\/hamburg\/wp-json\/wp\/v2\/users\/482"}],"replies":[{"embeddable":true,"href":"https:\/\/blog.zeit.de\/hamburg\/wp-json\/wp\/v2\/comments?post=3968"}],"version-history":[{"count":12,"href":"https:\/\/blog.zeit.de\/hamburg\/wp-json\/wp\/v2\/posts\/3968\/revisions"}],"predecessor-version":[{"id":3999,"href":"https:\/\/blog.zeit.de\/hamburg\/wp-json\/wp\/v2\/posts\/3968\/revisions\/3999"}],"wp:attachment":[{"href":"https:\/\/blog.zeit.de\/hamburg\/wp-json\/wp\/v2\/media?parent=3968"}],"wp:term":[{"taxonomy":"category","embeddable":true,"href":"https:\/\/blog.zeit.de\/hamburg\/wp-json\/wp\/v2\/categories?post=3968"},{"taxonomy":"post_tag","embeddable":true,"href":"https:\/\/blog.zeit.de\/hamburg\/wp-json\/wp\/v2\/tags?post=3968"}],"curies":[{"name":"wp","href":"https:\/\/api.w.org\/{rel}","templated":true}]}}