{"id":4246,"date":"2015-06-24T13:28:27","date_gmt":"2015-06-24T11:28:27","guid":{"rendered":"http:\/\/blog.zeit.de\/hamburg\/?p=4246"},"modified":"2015-06-24T13:31:38","modified_gmt":"2015-06-24T11:31:38","slug":"fc-st-pauli-umbau","status":"publish","type":"post","link":"https:\/\/blog.zeit.de\/hamburg\/fc-st-pauli-umbau\/","title":{"rendered":"Abschied vom Chaosverein"},"content":{"rendered":"<p><em>Beim FC St. Pauli ist viel in Bewegung \u2013 alte Spieler und Manager gehen, neue kommen. Unser Autor ist \u00fcberzeugt: ein unpopul\u00e4rer, aber vielversprechender Umbau.<\/em><\/p>\n<p>Ich war in den vergangenen Tagen zu Besuch im sommerschl\u00e4frigen Millerntor-Stadion. Die Tore sind abgebaut, Handwerker klopfen vor der nahezu fertiggestellten Nordtrib\u00fcne den Sand fest. Eine geordnete Gesch\u00e4ftigkeit, die die momentane Situation beim FC St. Pauli auf den Punkt bringt. Nicht nur am Stadion wird kr\u00e4ftig gewerkelt, auch an der Zusammenstellung des Personals f\u00fcr die n\u00e4chste Saison, sowohl im sportlichen als auch im administrativen Bereich.<\/p>\n<p>Das Pr\u00e4sidium um Oke G\u00f6ttlich und seine leitenden Angestellten Trainer Ewald Lienen und Sportchef Thomas Meggle bauen den FC St. Pauli zurzeit um. Dabei haben sie keine Scheu vor unpopul\u00e4ren Entscheidungen.<!--more--><\/p>\n<p><figure id=\"attachment_4249\" aria-describedby=\"caption-attachment-4249\" style=\"width: 580px\" class=\"wp-caption alignnone\"><img loading=\"lazy\" decoding=\"async\" class=\"size-medium wp-image-4249\" src=\"https:\/\/blog.zeit.de\/hamburg\/files\/2015\/06\/11228102_10153049189789423_2356800220867904097_n-580x580.jpg\" alt=\"Baustelle Millerntor: Baukr\u00e4ne mit Jolly Roger. Foto: Erik Hauth\" width=\"580\" height=\"580\" srcset=\"https:\/\/blog.zeit.de\/hamburg\/files\/2015\/06\/11228102_10153049189789423_2356800220867904097_n-580x580.jpg 580w, https:\/\/blog.zeit.de\/hamburg\/files\/2015\/06\/11228102_10153049189789423_2356800220867904097_n-220x220.jpg 220w, https:\/\/blog.zeit.de\/hamburg\/files\/2015\/06\/11228102_10153049189789423_2356800220867904097_n.jpg 640w\" sizes=\"auto, (max-width: 580px) 100vw, 580px\" \/><figcaption id=\"caption-attachment-4249\" class=\"wp-caption-text\">Baustelle Millerntor: Baukr\u00e4ne mit Jolly Roger Foto: Erik Hauth<\/figcaption><\/figure><\/p>\n<p>Nach dem verdienten, aber letztlich gl\u00fccklichen Klassenerhalt ging es ganz schnell und zun\u00e4chst gef\u00fchlt nur in eine Richtung: viele verdiente Spieler des FC St. Pauli, die den Klub in den letzten Jahren gepr\u00e4gt haben und vielen ans Herz gewachsen sind, mussten gehen oder haben sich einen neuen Verein gesucht. Unser fl\u00fcgge gewordenes Talent Dennis Daube, die Haudegen Sebastian Schachten und Markus Thorandt, Torwart-Legende Philipp Tschauner und Sympathietr\u00e4ger Flo Kringe. Zuletzt, fast unbemerkt, l\u00f6ste Dauerpechvogel Chris N\u00f6the seinen Vertrag auf, um in anderen Gew\u00e4ssern sein Gl\u00fcck zu suchen. Habe ich jemanden vergessen? Ach ja, auch die erst vor Kurzem dazu gesto\u00dfenen Michael G\u00f6rlitz und Tom Trybull sind weg. Der <a href=\"http:\/\/www.stpaulinu.de\/germany-bundesliga\/thomas-meggle-zum-kader-201516-suche-torjaeger-der-uns-20-tore-garantiert-darf-aber-nix-kosten\" target=\"_blank\">angek\u00fcndigte Kader-Umbau<\/a> nimmt Formen an.<\/p>\n<blockquote><p>Ewald Lienen zum Kader des FC St. Pauli 2015\/16: &#8222;Die Mentalit\u00e4t der letzten Wochen konservieren und qualitativ verst\u00e4rken&#8220;<\/p><\/blockquote>\n<p>Nun hat Sportdirektor Meggle k\u00fcrzlich auf der Haben-Seite seine ersten beiden Deals, die aufhorchen lassen, verbucht: Zum einen schwatzte er dem HSV seinen besten Innenverteidiger ab. Der letzte Saison stark aufspielende Lasse Sobiech, bisher vom Stadtrivalen ausgeliehen, wird jetzt wohl ein echter St. Paulianer. Au\u00dferdem ist es dem FC St. Pauli gelungen, mit <a href=\"http:\/\/www.stpaulinu.de\/germany-bundesliga\/wir-wollen-einen-besseren-tabellenplatz-als-im-letzten-jahr-erreichen\" target=\"_blank\">Ry\u014d Miyaichi<\/a> ein international begehrtes St\u00fcrmertalent aus Japan an die Elbe zu lotsen. Eine gewagte Investition, an der sich aber ablesen l\u00e4sst, wie der FC St. Pauli in Zukunft spielen lassen will: ultraschnell umschaltend aus einer gestandenen Defensive.<\/p>\n<p>Wenn nun noch mein Lieblingsspieler Waldemar Sobota am Millerntor gehalten werden kann, dann ist die Lienen-Elf f\u00fcr die neue Saison gut aufgestellt. Aber wof\u00fcr genau? Andere Vereine verk\u00fcnden selbst nach Beinahe-Katastrophen im Lichte der Sommerfrische schnell wieder h\u00f6here Ziele. Beim FC St. Pauli ist das derzeit anders: Der Verein macht vor allem dadurch auf sich aufmerksam, indem er sich personell ver\u00e4ndert.<\/p>\n<p><strong>St. Pauli erfindet sich neu<\/strong><\/p>\n<p>Auch im administrativen Bereich vollzieht sich ein elementarer Wandel. Nachdem Manager-Urgestein Michael Meeske nach N\u00fcrnberg gegangen ist und\u00a0 \u00fcberraschend DFL-Gesch\u00e4ftsf\u00fchrer Andreas Rettig zuk\u00fcnftig auch unter der Flagge des Jolly Roger arbeitet, hat der Verein diese Woche den langj\u00e4hrigen <a href=\"http:\/\/www.stpaulinu.de\/about\/teammanager-koenig-boenig-freigestellt\" target=\"_blank\">Teammanager Christian B\u00f6nig freigestellt<\/a>.<\/p>\n<p><figure id=\"attachment_4248\" aria-describedby=\"caption-attachment-4248\" style=\"width: 580px\" class=\"wp-caption alignnone\"><img loading=\"lazy\" decoding=\"async\" class=\"size-medium wp-image-4248\" src=\"https:\/\/blog.zeit.de\/hamburg\/files\/2015\/06\/11010984_10153046610489423_8762198360158691981_n-580x580.jpg\" alt=\"Baustelle Nordtrib\u00fcne. Foto: Erik Hauth\" width=\"580\" height=\"580\" srcset=\"https:\/\/blog.zeit.de\/hamburg\/files\/2015\/06\/11010984_10153046610489423_8762198360158691981_n-580x580.jpg 580w, https:\/\/blog.zeit.de\/hamburg\/files\/2015\/06\/11010984_10153046610489423_8762198360158691981_n-220x220.jpg 220w, https:\/\/blog.zeit.de\/hamburg\/files\/2015\/06\/11010984_10153046610489423_8762198360158691981_n.jpg 640w\" sizes=\"auto, (max-width: 580px) 100vw, 580px\" \/><figcaption id=\"caption-attachment-4248\" class=\"wp-caption-text\">Baustelle Nordtrib\u00fcne Foto: Erik Hauth<\/figcaption><\/figure><\/p>\n<p>Wohin die vielen \u00c4nderungen f\u00fchren, wei\u00df wohl niemand so genau. Aber eines wird deutlich: Das Management zeigt Entscheidungsfreude. Bereits zum Trainingsbeginn f\u00fcr die Saison 2015\/16 in der Zweiten Bundesliga steht das wesentliche Ger\u00fcst der Mannschaft und die F\u00fchrungsriege. Wenn sich in den n\u00e4chsten Wochen die Nordtrib\u00fcne aus ihrem Kokon sch\u00e4lt, dann wird vom einstigen Chaosverein nicht mehr viel zu sehen sein.<\/p>\n","protected":false},"excerpt":{"rendered":"<p>Beim FC St. Pauli ist viel in Bewegung \u2013 alte Spieler und Manager gehen, neue kommen. Unser Autor ist \u00fcberzeugt: ein unpopul\u00e4rer, aber vielversprechender Umbau. Ich war in den vergangenen Tagen zu Besuch im sommerschl\u00e4frigen Millerntor-Stadion. Die Tore sind abgebaut, Handwerker klopfen vor der nahezu fertiggestellten Nordtrib\u00fcne den Sand fest. Eine geordnete Gesch\u00e4ftigkeit, die die [&hellip;]<\/p>\n","protected":false},"author":474,"featured_media":0,"comment_status":"open","ping_status":"open","sticky":false,"template":"","format":"standard","meta":{"_jetpack_memberships_contains_paid_content":false,"footnotes":""},"categories":[16],"tags":[31506,2663,31467,34748,31491],"class_list":["post-4246","post","type-post","status-publish","format-standard","hentry","category-allgemein","tag-ewald-lienen","tag-fc-st-pauli","tag-oke-goettlich","tag-saison-201516","tag-thomas-meggle"],"yoast_head":"<!-- This site is optimized with the Yoast SEO plugin v21.0 - https:\/\/yoast.com\/wordpress\/plugins\/seo\/ -->\n<title>FC St. Pauli: Ein unpopul\u00e4rer, aber vielversprechender Umbau<\/title>\n<meta name=\"description\" content=\"Beim FC St. Pauli ist viel in Bewegung \u2013 alte Spieler und Manager gehen, neue kommen. Unser Autor ist \u00fcberzeugt: ein unpopul\u00e4rer, aber vielversprechender Umbau.\" \/>\n<meta name=\"robots\" content=\"index, follow, max-snippet:-1, max-image-preview:large, max-video-preview:-1\" \/>\n<link rel=\"canonical\" href=\"https:\/\/blog.zeit.de\/hamburg\/fc-st-pauli-umbau\/\" \/>\n<meta property=\"og:locale\" content=\"de_DE\" \/>\n<meta property=\"og:type\" content=\"article\" \/>\n<meta property=\"og:title\" content=\"FC St. Pauli: Ein unpopul\u00e4rer, aber vielversprechender Umbau\" \/>\n<meta property=\"og:description\" content=\"Beim FC St. Pauli ist viel in Bewegung \u2013 alte Spieler und Manager gehen, neue kommen. Unser Autor ist \u00fcberzeugt: ein unpopul\u00e4rer, aber vielversprechender Umbau.\" \/>\n<meta property=\"og:url\" content=\"https:\/\/blog.zeit.de\/hamburg\/fc-st-pauli-umbau\/\" \/>\n<meta property=\"og:site_name\" content=\"Speersort 1\" \/>\n<meta property=\"article:author\" content=\"https:\/\/www.facebook.com\/stpaulinu\" \/>\n<meta property=\"article:published_time\" content=\"2015-06-24T11:28:27+00:00\" \/>\n<meta property=\"article:modified_time\" content=\"2015-06-24T11:31:38+00:00\" \/>\n<meta property=\"og:image\" content=\"https:\/\/blog.zeit.de\/hamburg\/files\/2015\/06\/11228102_10153049189789423_2356800220867904097_n-580x580.jpg\" \/>\n<meta name=\"author\" content=\"Erik Hauth\" \/>\n<meta name=\"twitter:card\" content=\"summary_large_image\" \/>\n<meta name=\"twitter:creator\" content=\"@ring2\" \/>\n<meta name=\"twitter:label1\" content=\"Geschrieben von\" \/>\n\t<meta name=\"twitter:data1\" content=\"Erik Hauth\" \/>\n\t<meta name=\"twitter:label2\" content=\"Gesch\u00e4tzte Lesezeit\" \/>\n\t<meta name=\"twitter:data2\" content=\"3\u00a0Minuten\" \/>\n<script type=\"application\/ld+json\" class=\"yoast-schema-graph\">{\"@context\":\"https:\/\/schema.org\",\"@graph\":[{\"@type\":\"WebPage\",\"@id\":\"https:\/\/blog.zeit.de\/hamburg\/fc-st-pauli-umbau\/\",\"url\":\"https:\/\/blog.zeit.de\/hamburg\/fc-st-pauli-umbau\/\",\"name\":\"FC St. Pauli: Ein unpopul\u00e4rer, aber vielversprechender Umbau\",\"isPartOf\":{\"@id\":\"https:\/\/blog.zeit.de\/hamburg\/#website\"},\"datePublished\":\"2015-06-24T11:28:27+00:00\",\"dateModified\":\"2015-06-24T11:31:38+00:00\",\"author\":{\"@id\":\"https:\/\/blog.zeit.de\/hamburg\/#\/schema\/person\/ae2ae61edc5d6a5d6c384e5b44e91bd9\"},\"description\":\"Beim FC St. Pauli ist viel in Bewegung \u2013 alte Spieler und Manager gehen, neue kommen. Unser Autor ist \u00fcberzeugt: ein unpopul\u00e4rer, aber vielversprechender Umbau.\",\"breadcrumb\":{\"@id\":\"https:\/\/blog.zeit.de\/hamburg\/fc-st-pauli-umbau\/#breadcrumb\"},\"inLanguage\":\"de\",\"potentialAction\":[{\"@type\":\"ReadAction\",\"target\":[\"https:\/\/blog.zeit.de\/hamburg\/fc-st-pauli-umbau\/\"]}]},{\"@type\":\"BreadcrumbList\",\"@id\":\"https:\/\/blog.zeit.de\/hamburg\/fc-st-pauli-umbau\/#breadcrumb\",\"itemListElement\":[{\"@type\":\"ListItem\",\"position\":1,\"name\":\"Startseite\",\"item\":\"https:\/\/blog.zeit.de\/hamburg\/\"},{\"@type\":\"ListItem\",\"position\":2,\"name\":\"Abschied vom Chaosverein\"}]},{\"@type\":\"WebSite\",\"@id\":\"https:\/\/blog.zeit.de\/hamburg\/#website\",\"url\":\"https:\/\/blog.zeit.de\/hamburg\/\",\"name\":\"Speersort 1\",\"description\":\"Das Hamburg-Blog\",\"potentialAction\":[{\"@type\":\"SearchAction\",\"target\":{\"@type\":\"EntryPoint\",\"urlTemplate\":\"https:\/\/blog.zeit.de\/hamburg\/?s={search_term_string}\"},\"query-input\":\"required name=search_term_string\"}],\"inLanguage\":\"de\"},{\"@type\":\"Person\",\"@id\":\"https:\/\/blog.zeit.de\/hamburg\/#\/schema\/person\/ae2ae61edc5d6a5d6c384e5b44e91bd9\",\"name\":\"Erik Hauth\",\"image\":{\"@type\":\"ImageObject\",\"inLanguage\":\"de\",\"@id\":\"https:\/\/blog.zeit.de\/hamburg\/#\/schema\/person\/image\/\",\"url\":\"https:\/\/secure.gravatar.com\/avatar\/5bd569312ecb276570adaac3712a105857e5a8df7356226c44cc446db9be2c74?s=96&d=mm&r=g\",\"contentUrl\":\"https:\/\/secure.gravatar.com\/avatar\/5bd569312ecb276570adaac3712a105857e5a8df7356226c44cc446db9be2c74?s=96&d=mm&r=g\",\"caption\":\"Erik Hauth\"},\"description\":\"ist aufgewachsen in Blankenese und betreibt das meistgelesene Blog \u00fcber den FC St. Pauli und seinen Stadtteil. Erik war am 16.2.2011 im Volksparkstadion und ist stolz darauf, sich deswegen \\\"Derbysieger\\\" nennen zu d\u00fcrfen.\",\"sameAs\":[\"https:\/\/www.stpaulinu.de\",\"https:\/\/www.facebook.com\/stpaulinu\",\"https:\/\/twitter.com\/ring2\"],\"url\":\"https:\/\/blog.zeit.de\/hamburg\/author\/ehauth\/\"}]}<\/script>\n<!-- \/ Yoast SEO plugin. -->","yoast_head_json":{"title":"FC St. Pauli: Ein unpopul\u00e4rer, aber vielversprechender Umbau","description":"Beim FC St. Pauli ist viel in Bewegung \u2013 alte Spieler und Manager gehen, neue kommen. Unser Autor ist \u00fcberzeugt: ein unpopul\u00e4rer, aber vielversprechender Umbau.","robots":{"index":"index","follow":"follow","max-snippet":"max-snippet:-1","max-image-preview":"max-image-preview:large","max-video-preview":"max-video-preview:-1"},"canonical":"https:\/\/blog.zeit.de\/hamburg\/fc-st-pauli-umbau\/","og_locale":"de_DE","og_type":"article","og_title":"FC St. Pauli: Ein unpopul\u00e4rer, aber vielversprechender Umbau","og_description":"Beim FC St. Pauli ist viel in Bewegung \u2013 alte Spieler und Manager gehen, neue kommen. Unser Autor ist \u00fcberzeugt: ein unpopul\u00e4rer, aber vielversprechender Umbau.","og_url":"https:\/\/blog.zeit.de\/hamburg\/fc-st-pauli-umbau\/","og_site_name":"Speersort 1","article_author":"https:\/\/www.facebook.com\/stpaulinu","article_published_time":"2015-06-24T11:28:27+00:00","article_modified_time":"2015-06-24T11:31:38+00:00","og_image":[{"url":"https:\/\/blog.zeit.de\/hamburg\/files\/2015\/06\/11228102_10153049189789423_2356800220867904097_n-580x580.jpg"}],"author":"Erik Hauth","twitter_card":"summary_large_image","twitter_creator":"@ring2","twitter_misc":{"Geschrieben von":"Erik Hauth","Gesch\u00e4tzte Lesezeit":"3\u00a0Minuten"},"schema":{"@context":"https:\/\/schema.org","@graph":[{"@type":"WebPage","@id":"https:\/\/blog.zeit.de\/hamburg\/fc-st-pauli-umbau\/","url":"https:\/\/blog.zeit.de\/hamburg\/fc-st-pauli-umbau\/","name":"FC St. Pauli: Ein unpopul\u00e4rer, aber vielversprechender Umbau","isPartOf":{"@id":"https:\/\/blog.zeit.de\/hamburg\/#website"},"datePublished":"2015-06-24T11:28:27+00:00","dateModified":"2015-06-24T11:31:38+00:00","author":{"@id":"https:\/\/blog.zeit.de\/hamburg\/#\/schema\/person\/ae2ae61edc5d6a5d6c384e5b44e91bd9"},"description":"Beim FC St. Pauli ist viel in Bewegung \u2013 alte Spieler und Manager gehen, neue kommen. Unser Autor ist \u00fcberzeugt: ein unpopul\u00e4rer, aber vielversprechender Umbau.","breadcrumb":{"@id":"https:\/\/blog.zeit.de\/hamburg\/fc-st-pauli-umbau\/#breadcrumb"},"inLanguage":"de","potentialAction":[{"@type":"ReadAction","target":["https:\/\/blog.zeit.de\/hamburg\/fc-st-pauli-umbau\/"]}]},{"@type":"BreadcrumbList","@id":"https:\/\/blog.zeit.de\/hamburg\/fc-st-pauli-umbau\/#breadcrumb","itemListElement":[{"@type":"ListItem","position":1,"name":"Startseite","item":"https:\/\/blog.zeit.de\/hamburg\/"},{"@type":"ListItem","position":2,"name":"Abschied vom Chaosverein"}]},{"@type":"WebSite","@id":"https:\/\/blog.zeit.de\/hamburg\/#website","url":"https:\/\/blog.zeit.de\/hamburg\/","name":"Speersort 1","description":"Das Hamburg-Blog","potentialAction":[{"@type":"SearchAction","target":{"@type":"EntryPoint","urlTemplate":"https:\/\/blog.zeit.de\/hamburg\/?s={search_term_string}"},"query-input":"required name=search_term_string"}],"inLanguage":"de"},{"@type":"Person","@id":"https:\/\/blog.zeit.de\/hamburg\/#\/schema\/person\/ae2ae61edc5d6a5d6c384e5b44e91bd9","name":"Erik Hauth","image":{"@type":"ImageObject","inLanguage":"de","@id":"https:\/\/blog.zeit.de\/hamburg\/#\/schema\/person\/image\/","url":"https:\/\/secure.gravatar.com\/avatar\/5bd569312ecb276570adaac3712a105857e5a8df7356226c44cc446db9be2c74?s=96&d=mm&r=g","contentUrl":"https:\/\/secure.gravatar.com\/avatar\/5bd569312ecb276570adaac3712a105857e5a8df7356226c44cc446db9be2c74?s=96&d=mm&r=g","caption":"Erik Hauth"},"description":"ist aufgewachsen in Blankenese und betreibt das meistgelesene Blog \u00fcber den FC St. Pauli und seinen Stadtteil. Erik war am 16.2.2011 im Volksparkstadion und ist stolz darauf, sich deswegen \"Derbysieger\" nennen zu d\u00fcrfen.","sameAs":["https:\/\/www.stpaulinu.de","https:\/\/www.facebook.com\/stpaulinu","https:\/\/twitter.com\/ring2"],"url":"https:\/\/blog.zeit.de\/hamburg\/author\/ehauth\/"}]}},"jetpack_featured_media_url":"","jetpack_sharing_enabled":true,"_links":{"self":[{"href":"https:\/\/blog.zeit.de\/hamburg\/wp-json\/wp\/v2\/posts\/4246","targetHints":{"allow":["GET"]}}],"collection":[{"href":"https:\/\/blog.zeit.de\/hamburg\/wp-json\/wp\/v2\/posts"}],"about":[{"href":"https:\/\/blog.zeit.de\/hamburg\/wp-json\/wp\/v2\/types\/post"}],"author":[{"embeddable":true,"href":"https:\/\/blog.zeit.de\/hamburg\/wp-json\/wp\/v2\/users\/474"}],"replies":[{"embeddable":true,"href":"https:\/\/blog.zeit.de\/hamburg\/wp-json\/wp\/v2\/comments?post=4246"}],"version-history":[{"count":15,"href":"https:\/\/blog.zeit.de\/hamburg\/wp-json\/wp\/v2\/posts\/4246\/revisions"}],"predecessor-version":[{"id":4279,"href":"https:\/\/blog.zeit.de\/hamburg\/wp-json\/wp\/v2\/posts\/4246\/revisions\/4279"}],"wp:attachment":[{"href":"https:\/\/blog.zeit.de\/hamburg\/wp-json\/wp\/v2\/media?parent=4246"}],"wp:term":[{"taxonomy":"category","embeddable":true,"href":"https:\/\/blog.zeit.de\/hamburg\/wp-json\/wp\/v2\/categories?post=4246"},{"taxonomy":"post_tag","embeddable":true,"href":"https:\/\/blog.zeit.de\/hamburg\/wp-json\/wp\/v2\/tags?post=4246"}],"curies":[{"name":"wp","href":"https:\/\/api.w.org\/{rel}","templated":true}]}}