{"id":4672,"date":"2015-08-24T12:11:49","date_gmt":"2015-08-24T10:11:49","guid":{"rendered":"http:\/\/blog.zeit.de\/hamburg\/?p=4672"},"modified":"2015-08-24T12:41:43","modified_gmt":"2015-08-24T10:41:43","slug":"wochenrueckblick-hvv-dockville","status":"publish","type":"post","link":"https:\/\/blog.zeit.de\/hamburg\/wochenrueckblick-hvv-dockville\/","title":{"rendered":"Ab in den S\u00fcden"},"content":{"rendered":"<p><em>Das Festival MS Dockville und Dirk Nowitzki: Am Wochenende gab es zwei gute Gr\u00fcnde, nach Wilhelmsburg zu fahren. Davor sorgte mal wieder der HVV f\u00fcr \u00c4rger.<\/em><\/p>\n<p>Die vergangene Woche startete gleich mit einer unsch\u00f6nen Neuigkeit: Der Hamburger Verkehrsverbund erh\u00f6ht seine Fahrpreise. Sie sollen im Schnitt um 1,9 Prozent ansteigen. Verwunderlich, da ein <a href=\"http:\/\/www.hvv.de\/pdf\/publikationen\/verbundberichte\/hvv_bericht_2013.pdf\" target=\"_blank\">Bericht<\/a> des Unternehmens zeigt, dass Kundenzahlen und Einnahmen in den vergangenen Jahren gestiegen sind. Der <a href=\"http:\/\/www.sovd-hh.de\/31043.0.html\" target=\"_blank\">Sozialverband Hamburgs<\/a> kritisierte die Kostensteigerungen umgehend. Er bem\u00e4ngelte, dass der HVV kein richtiges Sozialticket anbiete und so die Mobilit\u00e4t finanziell Benachteiligter deutlich einschr\u00e4nke. Die bisherige Sozialkarte, die um 20 Euro g\u00fcnstiger als ein normales Monatsticket ist, h\u00e4lt er f\u00fcr nicht ausreichend.<!--more--><\/p>\n<p>Ob mit oder ohne erm\u00e4\u00dfigtem Ticket: Seit Mittwoch f\u00e4hrt die S-Bahn wieder durchg\u00e4ngig nach Wilhelmsburg. Die U1 ist jedoch immer noch streckenweise gesperrt. Immerhin brachte die S-Bahn Besucher des Basketball-Supercups und des Musikfestivals Dockville auf die Elbinsel. Wobei am vergangenen Wochenende nat\u00fcrlich nicht ausschlie\u00dflich im S\u00fcden der Stadt gefeiert wurde. Auf der Trabrennbahn etwa versammelten sich rund 10.000 Personen, um dem Rapper Casper zuzuh\u00f6ren. Musikalisch bet\u00e4tigten sich vor ein paar Tagen \u00fcbrigens auch zahlreiche deutsche Handballer: Sie sangen gemeinsam mit Fans das Lied <em>Hamburg, meine Perle<\/em> ein, um f\u00fcr die Olympiabewerbung Hamburgs zu werben.<\/p>\n\n<div class=\"embed-wrapper embed-wrapper--blocked js-embed-consent\" data-method=\"embed\">\n<script class=\"raw__source\" type=\"text\/template\"><iframe loading=\"lazy\" title=\"&quot;Hamburg meine Perle&quot;: Der deutsche Handball pro Olympia 2024 in Hamburg\" width=\"640\" height=\"360\" src=\"https:\/\/www.youtube-nocookie.com\/embed\/Y-imrgh4rQk?feature=oembed\" frameborder=\"0\" allow=\"accelerometer; autoplay; clipboard-write; encrypted-media; gyroscope; picture-in-picture; web-share\" referrerpolicy=\"strict-origin-when-cross-origin\" allowfullscreen><\/iframe><\/script>\n<div class=\"embed-wrapper__inner\">\n<div class=\"embed-wrapper__text\">\n<h3>Empfohlener redaktioneller Inhalt<\/h3>\n<p data-replace=\"no\">An dieser Stelle finden Sie externen Inhalt, der den Artikel erg\u00e4nzt. Sie k\u00f6nnen sich externe Inhalte mit einem Klick anzeigen lassen und wieder ausblenden.<noscript>Bitte aktivieren Sie JavaScript damit Sie diesen Inhalt anzeigen k\u00f6nnen.<\/noscript><\/p>\n<\/div>\n<div class=\"embed-consent\">\n<label class=\"embed-consent__toggle\">\n<input class=\"js-embed-consent__toggle\" type=\"checkbox\" autocomplete=\"off\">\n<span><\/span>\nExterner Inhalt\n<\/label>\n<a href=\"https:\/\/www.zeit.de\/hilfe\/datenschutz\" target=\"_blank\" class=\"embed-consent__datalink-when-active\">Datenschutzerkl\u00e4rung<\/a>\n<\/div>\n<div class=\"embed-wrapper__footer\">\n<p data-replace=\"no\">\nIch bin damit einverstanden, dass mir externe Inhalte angezeigt werden. Damit k\u00f6nnen personenbezogene Daten an Drittplattformen \u00fcbermittelt werden. <a href=\"https:\/\/www.zeit.de\/hilfe\/datenschutz\" target=\"_blank\">Mehr dazu in unserer Datenschutzerkl\u00e4rung.<\/a>\n<\/p>\n<\/div>\n<\/div>\n<\/div>\n<p>Den Song von Lotto King Karl sangen nat\u00fcrlich auch die Fu\u00dfballfans beim ersten Heimspiel des HSV. Anschlie\u00dfend gewann ihr Team gegen den VfB Stuttgart. Auch der FC St. Pauli durfte sich <a href=\"http:\/\/www.bildblog.de\/69182\/st-pauli-loescht-rb-leipzig-logo-vor-fuenf-monaten\/\" target=\"_blank\">nach der hochgejazzten &#8222;Logo-Aff\u00e4re&#8220;<\/a> in Leipzig \u00fcber drei Punkte freuen.<\/p>\n<p>Und es gab noch mehr Sport: Bei den Cyclassics gewann Andr\u00e9 Greipel das Profirennen. Er schaffte die Strecke von 221,3 Kilometer in 4:57:05 Stunden. Die Hamburger Basketballfans bekamen vergangenes Wochenende <a href=\"http:\/\/www.elbmelancholie.de\/2015\/08\/22\/hamburg-und-deutschlands-basketball-nationalteam-testen-sich-im-inselpark-010177\/\">beim Supercup in der Halle im Inselpark <\/a>nicht die Towers, sondern das\u00a0deutsche Nationalteam um Dirk Nowitzki zu sehen.<\/p>\n<p>Kommen wir noch einmal zur\u00fcck zur\u00a0Olympiabewerbung: Mehrere Medien ver\u00f6ffentlichen Ausz\u00fcge aus einem\u00a0Dokument des Rechnungshofs, der demnach gro\u00dfe finanzielle Unklarheiten und hohe Mehrkosten f\u00fcr die Stadt Hamburg bef\u00fcrchtet. <a href=\"http:\/\/www.elbmelancholie.de\/2015\/08\/21\/hamburgs-rechnungshof-geht-auf-distanz-zu-geleakter-olympia-kosteneinschaetzung-010167\/\">Laut einer Stellungnahme des Rechnungshofs<\/a>\u00a0handele es sich bei dem Dokument jedoch\u00a0nur um einen internen Vorabentwurf, dessen Inhalte noch nicht final und nicht als offizieller Standpunkt zu verstehen seien.<\/p>\n<p>Und was war sonst los?\u00a0Der Hamburger <a href=\"http:\/\/www.hamburg.de\/pressearchiv-fhh\/4586908\/2015-08-18-basfi-anpassung-mindestlohn\/\" target=\"_blank\">Mindestlohn<\/a> steigt zum 1. Oktober 2015 auf 8,67 Euro pro Stunde. Auf dem Sommerdom gab es einen Unfall, bei dem sich Metallseile eines Fahrgesch\u00e4ftes abl\u00f6sten und vier Menschen verletzten.\u00a0Unter dem Motto &#8222;Sechs Jahre Alarm&#8220; feierte das G\u00e4ngeviertel am Samstag seinen <a href=\"http:\/\/das-gaengeviertel.info\/programm\/geburtstags-programm-2015.html\" target=\"_blank\">sechsten Geburtstag<\/a>. Und der Flughafen feierte sich mit den <a href=\"http:\/\/www.airport-days-hamburg.de\/de\/\" target=\"_blank\">Hamburg Airport Days.<\/a><\/p>\n<p>Soweit zu den vergangenen sieben Tagen. Wir w\u00fcnschen eine gute neue Woche!<\/p>\n","protected":false},"excerpt":{"rendered":"<p>Das Festival MS Dockville und Dirk Nowitzki: Am Wochenende gab es zwei gute Gr\u00fcnde, nach Wilhelmsburg zu fahren. Davor sorgte mal wieder der HVV f\u00fcr \u00c4rger. Die vergangene Woche startete gleich mit einer unsch\u00f6nen Neuigkeit: Der Hamburger Verkehrsverbund erh\u00f6ht seine Fahrpreise. Sie sollen im Schnitt um 1,9 Prozent ansteigen. Verwunderlich, da ein Bericht des Unternehmens [&hellip;]<\/p>\n","protected":false},"author":478,"featured_media":0,"comment_status":"open","ping_status":"open","sticky":false,"template":"","format":"standard","meta":{"_jetpack_memberships_contains_paid_content":false,"footnotes":""},"categories":[16],"tags":[],"class_list":["post-4672","post","type-post","status-publish","format-standard","hentry","category-allgemein"],"yoast_head":"<!-- This site is optimized with the Yoast SEO plugin v21.0 - https:\/\/yoast.com\/wordpress\/plugins\/seo\/ -->\n<title>Wochenr\u00fcckblick: Ab in den S\u00fcden<\/title>\n<meta name=\"description\" content=\"Das Festival MS Dockville und Dirk Nowitzki: Am Wochenende gab es zwei gute Gr\u00fcnde, nach Wilhelmsburg zu fahren. Davor sorgte mal wieder der HVV f\u00fcr \u00c4rger.\" \/>\n<meta name=\"robots\" content=\"index, follow, max-snippet:-1, max-image-preview:large, max-video-preview:-1\" \/>\n<link rel=\"canonical\" href=\"https:\/\/blog.zeit.de\/hamburg\/wochenrueckblick-hvv-dockville\/\" \/>\n<meta property=\"og:locale\" content=\"de_DE\" \/>\n<meta property=\"og:type\" content=\"article\" \/>\n<meta property=\"og:title\" content=\"Wochenr\u00fcckblick: Ab in den S\u00fcden\" \/>\n<meta property=\"og:description\" content=\"Das Festival MS Dockville und Dirk Nowitzki: Am Wochenende gab es zwei gute Gr\u00fcnde, nach Wilhelmsburg zu fahren. Davor sorgte mal wieder der HVV f\u00fcr \u00c4rger.\" \/>\n<meta property=\"og:url\" content=\"https:\/\/blog.zeit.de\/hamburg\/wochenrueckblick-hvv-dockville\/\" \/>\n<meta property=\"og:site_name\" content=\"Speersort 1\" \/>\n<meta property=\"article:published_time\" content=\"2015-08-24T10:11:49+00:00\" \/>\n<meta property=\"article:modified_time\" content=\"2015-08-24T10:41:43+00:00\" \/>\n<meta name=\"author\" content=\"Inga Zimmermann\" \/>\n<meta name=\"twitter:card\" content=\"summary_large_image\" \/>\n<meta name=\"twitter:label1\" content=\"Geschrieben von\" \/>\n\t<meta name=\"twitter:data1\" content=\"Inga Zimmermann\" \/>\n\t<meta name=\"twitter:label2\" content=\"Gesch\u00e4tzte Lesezeit\" \/>\n\t<meta name=\"twitter:data2\" content=\"2\u00a0Minuten\" \/>\n<script type=\"application\/ld+json\" class=\"yoast-schema-graph\">{\"@context\":\"https:\/\/schema.org\",\"@graph\":[{\"@type\":\"WebPage\",\"@id\":\"https:\/\/blog.zeit.de\/hamburg\/wochenrueckblick-hvv-dockville\/\",\"url\":\"https:\/\/blog.zeit.de\/hamburg\/wochenrueckblick-hvv-dockville\/\",\"name\":\"Wochenr\u00fcckblick: Ab in den S\u00fcden\",\"isPartOf\":{\"@id\":\"https:\/\/blog.zeit.de\/hamburg\/#website\"},\"datePublished\":\"2015-08-24T10:11:49+00:00\",\"dateModified\":\"2015-08-24T10:41:43+00:00\",\"author\":{\"@id\":\"https:\/\/blog.zeit.de\/hamburg\/#\/schema\/person\/144f35b05ff19e11ea75cc62a927a3cd\"},\"description\":\"Das Festival MS Dockville und Dirk Nowitzki: Am Wochenende gab es zwei gute Gr\u00fcnde, nach Wilhelmsburg zu fahren. Davor sorgte mal wieder der HVV f\u00fcr \u00c4rger.\",\"breadcrumb\":{\"@id\":\"https:\/\/blog.zeit.de\/hamburg\/wochenrueckblick-hvv-dockville\/#breadcrumb\"},\"inLanguage\":\"de\",\"potentialAction\":[{\"@type\":\"ReadAction\",\"target\":[\"https:\/\/blog.zeit.de\/hamburg\/wochenrueckblick-hvv-dockville\/\"]}]},{\"@type\":\"BreadcrumbList\",\"@id\":\"https:\/\/blog.zeit.de\/hamburg\/wochenrueckblick-hvv-dockville\/#breadcrumb\",\"itemListElement\":[{\"@type\":\"ListItem\",\"position\":1,\"name\":\"Startseite\",\"item\":\"https:\/\/blog.zeit.de\/hamburg\/\"},{\"@type\":\"ListItem\",\"position\":2,\"name\":\"Ab in den S\u00fcden\"}]},{\"@type\":\"WebSite\",\"@id\":\"https:\/\/blog.zeit.de\/hamburg\/#website\",\"url\":\"https:\/\/blog.zeit.de\/hamburg\/\",\"name\":\"Speersort 1\",\"description\":\"Das Hamburg-Blog\",\"potentialAction\":[{\"@type\":\"SearchAction\",\"target\":{\"@type\":\"EntryPoint\",\"urlTemplate\":\"https:\/\/blog.zeit.de\/hamburg\/?s={search_term_string}\"},\"query-input\":\"required name=search_term_string\"}],\"inLanguage\":\"de\"},{\"@type\":\"Person\",\"@id\":\"https:\/\/blog.zeit.de\/hamburg\/#\/schema\/person\/144f35b05ff19e11ea75cc62a927a3cd\",\"name\":\"Inga Zimmermann\",\"image\":{\"@type\":\"ImageObject\",\"inLanguage\":\"de\",\"@id\":\"https:\/\/blog.zeit.de\/hamburg\/#\/schema\/person\/image\/\",\"url\":\"https:\/\/secure.gravatar.com\/avatar\/cfc68a3a6fae5f0742f6de2b7601407c989aa735e4887fb9e9a1c4bcbffc0094?s=96&d=mm&r=g\",\"contentUrl\":\"https:\/\/secure.gravatar.com\/avatar\/cfc68a3a6fae5f0742f6de2b7601407c989aa735e4887fb9e9a1c4bcbffc0094?s=96&d=mm&r=g\",\"caption\":\"Inga Zimmermann\"},\"description\":\"ist stellvertretende Redaktionsleiterin beim Online-Magazin Elbmelancholie. Hier kann sie \u00fcber ihre Erlebnisse in der Hansestadt Hamburg und Gedanken zu den hiesigen Geschehnissen berichten.\",\"sameAs\":[\"http:\/\/www.elbmelancholie.de\"],\"url\":\"https:\/\/blog.zeit.de\/hamburg\/author\/izimmermann\/\"}]}<\/script>\n<!-- \/ Yoast SEO plugin. -->","yoast_head_json":{"title":"Wochenr\u00fcckblick: Ab in den S\u00fcden","description":"Das Festival MS Dockville und Dirk Nowitzki: Am Wochenende gab es zwei gute Gr\u00fcnde, nach Wilhelmsburg zu fahren. Davor sorgte mal wieder der HVV f\u00fcr \u00c4rger.","robots":{"index":"index","follow":"follow","max-snippet":"max-snippet:-1","max-image-preview":"max-image-preview:large","max-video-preview":"max-video-preview:-1"},"canonical":"https:\/\/blog.zeit.de\/hamburg\/wochenrueckblick-hvv-dockville\/","og_locale":"de_DE","og_type":"article","og_title":"Wochenr\u00fcckblick: Ab in den S\u00fcden","og_description":"Das Festival MS Dockville und Dirk Nowitzki: Am Wochenende gab es zwei gute Gr\u00fcnde, nach Wilhelmsburg zu fahren. Davor sorgte mal wieder der HVV f\u00fcr \u00c4rger.","og_url":"https:\/\/blog.zeit.de\/hamburg\/wochenrueckblick-hvv-dockville\/","og_site_name":"Speersort 1","article_published_time":"2015-08-24T10:11:49+00:00","article_modified_time":"2015-08-24T10:41:43+00:00","author":"Inga Zimmermann","twitter_card":"summary_large_image","twitter_misc":{"Geschrieben von":"Inga Zimmermann","Gesch\u00e4tzte Lesezeit":"2\u00a0Minuten"},"schema":{"@context":"https:\/\/schema.org","@graph":[{"@type":"WebPage","@id":"https:\/\/blog.zeit.de\/hamburg\/wochenrueckblick-hvv-dockville\/","url":"https:\/\/blog.zeit.de\/hamburg\/wochenrueckblick-hvv-dockville\/","name":"Wochenr\u00fcckblick: Ab in den S\u00fcden","isPartOf":{"@id":"https:\/\/blog.zeit.de\/hamburg\/#website"},"datePublished":"2015-08-24T10:11:49+00:00","dateModified":"2015-08-24T10:41:43+00:00","author":{"@id":"https:\/\/blog.zeit.de\/hamburg\/#\/schema\/person\/144f35b05ff19e11ea75cc62a927a3cd"},"description":"Das Festival MS Dockville und Dirk Nowitzki: Am Wochenende gab es zwei gute Gr\u00fcnde, nach Wilhelmsburg zu fahren. Davor sorgte mal wieder der HVV f\u00fcr \u00c4rger.","breadcrumb":{"@id":"https:\/\/blog.zeit.de\/hamburg\/wochenrueckblick-hvv-dockville\/#breadcrumb"},"inLanguage":"de","potentialAction":[{"@type":"ReadAction","target":["https:\/\/blog.zeit.de\/hamburg\/wochenrueckblick-hvv-dockville\/"]}]},{"@type":"BreadcrumbList","@id":"https:\/\/blog.zeit.de\/hamburg\/wochenrueckblick-hvv-dockville\/#breadcrumb","itemListElement":[{"@type":"ListItem","position":1,"name":"Startseite","item":"https:\/\/blog.zeit.de\/hamburg\/"},{"@type":"ListItem","position":2,"name":"Ab in den S\u00fcden"}]},{"@type":"WebSite","@id":"https:\/\/blog.zeit.de\/hamburg\/#website","url":"https:\/\/blog.zeit.de\/hamburg\/","name":"Speersort 1","description":"Das Hamburg-Blog","potentialAction":[{"@type":"SearchAction","target":{"@type":"EntryPoint","urlTemplate":"https:\/\/blog.zeit.de\/hamburg\/?s={search_term_string}"},"query-input":"required name=search_term_string"}],"inLanguage":"de"},{"@type":"Person","@id":"https:\/\/blog.zeit.de\/hamburg\/#\/schema\/person\/144f35b05ff19e11ea75cc62a927a3cd","name":"Inga Zimmermann","image":{"@type":"ImageObject","inLanguage":"de","@id":"https:\/\/blog.zeit.de\/hamburg\/#\/schema\/person\/image\/","url":"https:\/\/secure.gravatar.com\/avatar\/cfc68a3a6fae5f0742f6de2b7601407c989aa735e4887fb9e9a1c4bcbffc0094?s=96&d=mm&r=g","contentUrl":"https:\/\/secure.gravatar.com\/avatar\/cfc68a3a6fae5f0742f6de2b7601407c989aa735e4887fb9e9a1c4bcbffc0094?s=96&d=mm&r=g","caption":"Inga Zimmermann"},"description":"ist stellvertretende Redaktionsleiterin beim Online-Magazin Elbmelancholie. Hier kann sie \u00fcber ihre Erlebnisse in der Hansestadt Hamburg und Gedanken zu den hiesigen Geschehnissen berichten.","sameAs":["http:\/\/www.elbmelancholie.de"],"url":"https:\/\/blog.zeit.de\/hamburg\/author\/izimmermann\/"}]}},"jetpack_featured_media_url":"","jetpack_sharing_enabled":true,"_links":{"self":[{"href":"https:\/\/blog.zeit.de\/hamburg\/wp-json\/wp\/v2\/posts\/4672","targetHints":{"allow":["GET"]}}],"collection":[{"href":"https:\/\/blog.zeit.de\/hamburg\/wp-json\/wp\/v2\/posts"}],"about":[{"href":"https:\/\/blog.zeit.de\/hamburg\/wp-json\/wp\/v2\/types\/post"}],"author":[{"embeddable":true,"href":"https:\/\/blog.zeit.de\/hamburg\/wp-json\/wp\/v2\/users\/478"}],"replies":[{"embeddable":true,"href":"https:\/\/blog.zeit.de\/hamburg\/wp-json\/wp\/v2\/comments?post=4672"}],"version-history":[{"count":6,"href":"https:\/\/blog.zeit.de\/hamburg\/wp-json\/wp\/v2\/posts\/4672\/revisions"}],"predecessor-version":[{"id":4690,"href":"https:\/\/blog.zeit.de\/hamburg\/wp-json\/wp\/v2\/posts\/4672\/revisions\/4690"}],"wp:attachment":[{"href":"https:\/\/blog.zeit.de\/hamburg\/wp-json\/wp\/v2\/media?parent=4672"}],"wp:term":[{"taxonomy":"category","embeddable":true,"href":"https:\/\/blog.zeit.de\/hamburg\/wp-json\/wp\/v2\/categories?post=4672"},{"taxonomy":"post_tag","embeddable":true,"href":"https:\/\/blog.zeit.de\/hamburg\/wp-json\/wp\/v2\/tags?post=4672"}],"curies":[{"name":"wp","href":"https:\/\/api.w.org\/{rel}","templated":true}]}}