{"id":4770,"date":"2015-09-01T11:08:50","date_gmt":"2015-09-01T09:08:50","guid":{"rendered":"http:\/\/blog.zeit.de\/hamburg\/?p=4770"},"modified":"2015-09-06T11:08:25","modified_gmt":"2015-09-06T09:08:25","slug":"moritz-neumeier-integration","status":"publish","type":"post","link":"https:\/\/blog.zeit.de\/hamburg\/moritz-neumeier-integration\/","title":{"rendered":"&#8222;Ich w\u00fcrde mich nicht anderswo integrieren&#8220;"},"content":{"rendered":"<p><em>Was passiert langfristig mit den vielen Fl\u00fcchtlingen? Die m\u00fcssen sich anpassen, sagen viele. Comedian Moritz Neumeier findet diese Forderung abwegig. Eine Video-Kolumne<\/em><br \/>\n<!--more--><\/p>\n<p>Drei, dreieinhalb, vier Minuten: So lange etwa braucht Moritz Neumeier, um eine Zigarette zu rauchen. Er z\u00fcndet sie an und erz\u00e4hlt vor einer Kamera, was ihn als 25-j\u00e4hrigen Hamburger gerade bewegt \u2013 egal ob \u00fcberschminkte Gro\u00dfstadtdamen, \u00fcberempfindliche Muslime oder Schwangerschaftstests. Schluss ist, wenn nur noch ein gl\u00fchender Kippenstummel \u00fcbrig ist. Nicht genug Zeit, um zu differenzieren und zu erl\u00e4utern. Der Stand-up-K\u00fcnstler dampft komplexe Zusammenh\u00e4nge zu knappen Pointen zusammen, r\u00fccksichtslos sich selbst und anderen gegen\u00fcber \u2013 und immer ehrlich.<\/p>\n<p>https:\/\/youtu.be\/bgJxYddudgc<\/p>\n","protected":false},"excerpt":{"rendered":"<p>Was passiert langfristig mit den vielen Fl\u00fcchtlingen? Die m\u00fcssen sich anpassen, sagen viele. Comedian Moritz Neumeier findet diese Forderung abwegig. Eine Video-Kolumne<\/p>\n","protected":false},"author":553,"featured_media":0,"comment_status":"open","ping_status":"open","sticky":false,"template":"","format":"standard","meta":{"_jetpack_memberships_contains_paid_content":false,"footnotes":""},"categories":[16],"tags":[],"class_list":["post-4770","post","type-post","status-publish","format-standard","hentry","category-allgemein"],"yoast_head":"<!-- This site is optimized with the Yoast SEO plugin v21.0 - https:\/\/yoast.com\/wordpress\/plugins\/seo\/ -->\n<title>Fl\u00fcchtlingsdebatte: &quot;Ich w\u00fcrde mich nicht integrieren&quot;<\/title>\n<meta name=\"description\" content=\"Was passiert langfristig mit den vielen Fl\u00fcchtlingen? Moritz Neumeier findet klare Worte in der Fl\u00fcchtlingsdebatte.\" \/>\n<meta name=\"robots\" content=\"index, follow, max-snippet:-1, max-image-preview:large, max-video-preview:-1\" \/>\n<link rel=\"canonical\" href=\"https:\/\/blog.zeit.de\/hamburg\/moritz-neumeier-integration\/\" \/>\n<meta property=\"og:locale\" content=\"de_DE\" \/>\n<meta property=\"og:type\" content=\"article\" \/>\n<meta property=\"og:title\" content=\"Fl\u00fcchtlingsdebatte: &quot;Ich w\u00fcrde mich nicht integrieren&quot;\" \/>\n<meta property=\"og:description\" content=\"Was passiert langfristig mit den vielen Fl\u00fcchtlingen? Moritz Neumeier findet klare Worte in der Fl\u00fcchtlingsdebatte.\" \/>\n<meta property=\"og:url\" content=\"https:\/\/blog.zeit.de\/hamburg\/moritz-neumeier-integration\/\" \/>\n<meta property=\"og:site_name\" content=\"Speersort 1\" \/>\n<meta property=\"article:published_time\" content=\"2015-09-01T09:08:50+00:00\" \/>\n<meta property=\"article:modified_time\" content=\"2015-09-06T09:08:25+00:00\" \/>\n<meta name=\"author\" content=\"Moritz Neumeier\" \/>\n<meta name=\"twitter:card\" content=\"summary_large_image\" \/>\n<meta name=\"twitter:label1\" content=\"Geschrieben von\" \/>\n\t<meta name=\"twitter:data1\" content=\"Moritz Neumeier\" \/>\n\t<meta name=\"twitter:label2\" content=\"Gesch\u00e4tzte Lesezeit\" \/>\n\t<meta name=\"twitter:data2\" content=\"1\u00a0Minute\" \/>\n<script type=\"application\/ld+json\" class=\"yoast-schema-graph\">{\"@context\":\"https:\/\/schema.org\",\"@graph\":[{\"@type\":\"WebPage\",\"@id\":\"https:\/\/blog.zeit.de\/hamburg\/moritz-neumeier-integration\/\",\"url\":\"https:\/\/blog.zeit.de\/hamburg\/moritz-neumeier-integration\/\",\"name\":\"Fl\u00fcchtlingsdebatte: \\\"Ich w\u00fcrde mich nicht integrieren\\\"\",\"isPartOf\":{\"@id\":\"https:\/\/blog.zeit.de\/hamburg\/#website\"},\"datePublished\":\"2015-09-01T09:08:50+00:00\",\"dateModified\":\"2015-09-06T09:08:25+00:00\",\"author\":{\"@id\":\"https:\/\/blog.zeit.de\/hamburg\/#\/schema\/person\/cdd6292e749bfa8881550323a3f26cf9\"},\"description\":\"Was passiert langfristig mit den vielen Fl\u00fcchtlingen? Moritz Neumeier findet klare Worte in der Fl\u00fcchtlingsdebatte.\",\"breadcrumb\":{\"@id\":\"https:\/\/blog.zeit.de\/hamburg\/moritz-neumeier-integration\/#breadcrumb\"},\"inLanguage\":\"de\",\"potentialAction\":[{\"@type\":\"ReadAction\",\"target\":[\"https:\/\/blog.zeit.de\/hamburg\/moritz-neumeier-integration\/\"]}]},{\"@type\":\"BreadcrumbList\",\"@id\":\"https:\/\/blog.zeit.de\/hamburg\/moritz-neumeier-integration\/#breadcrumb\",\"itemListElement\":[{\"@type\":\"ListItem\",\"position\":1,\"name\":\"Startseite\",\"item\":\"https:\/\/blog.zeit.de\/hamburg\/\"},{\"@type\":\"ListItem\",\"position\":2,\"name\":\"&#8222;Ich w\u00fcrde mich nicht anderswo integrieren&#8220;\"}]},{\"@type\":\"WebSite\",\"@id\":\"https:\/\/blog.zeit.de\/hamburg\/#website\",\"url\":\"https:\/\/blog.zeit.de\/hamburg\/\",\"name\":\"Speersort 1\",\"description\":\"Das Hamburg-Blog\",\"potentialAction\":[{\"@type\":\"SearchAction\",\"target\":{\"@type\":\"EntryPoint\",\"urlTemplate\":\"https:\/\/blog.zeit.de\/hamburg\/?s={search_term_string}\"},\"query-input\":\"required name=search_term_string\"}],\"inLanguage\":\"de\"},{\"@type\":\"Person\",\"@id\":\"https:\/\/blog.zeit.de\/hamburg\/#\/schema\/person\/cdd6292e749bfa8881550323a3f26cf9\",\"name\":\"Moritz Neumeier\",\"image\":{\"@type\":\"ImageObject\",\"inLanguage\":\"de\",\"@id\":\"https:\/\/blog.zeit.de\/hamburg\/#\/schema\/person\/image\/\",\"url\":\"https:\/\/secure.gravatar.com\/avatar\/e29f3ae999b232f4d0f71a7dc2574b73acc94798438dc34c1440df65ae56c550?s=96&d=mm&r=g\",\"contentUrl\":\"https:\/\/secure.gravatar.com\/avatar\/e29f3ae999b232f4d0f71a7dc2574b73acc94798438dc34c1440df65ae56c550?s=96&d=mm&r=g\",\"caption\":\"Moritz Neumeier\"},\"description\":\"ist einer der erfolgreichsten Poetry-Slammer Hamburgs. Au\u00dferdem tourt er gerade mit seiner Solo-Show \u201eKein schei\u00df Regenbogen\u201c durch Deutschland. Geboren wurde er 1988 in den brachliegenden Ebenen Schleswig-Holsteins, heute lebt er im Stadtteil Winterhude.\",\"sameAs\":[\"http:\/\/www.moritz-neumeier.de\/\"],\"url\":\"https:\/\/blog.zeit.de\/hamburg\/author\/moritzneumeier\/\"}]}<\/script>\n<!-- \/ Yoast SEO plugin. -->","yoast_head_json":{"title":"Fl\u00fcchtlingsdebatte: \"Ich w\u00fcrde mich nicht integrieren\"","description":"Was passiert langfristig mit den vielen Fl\u00fcchtlingen? Moritz Neumeier findet klare Worte in der Fl\u00fcchtlingsdebatte.","robots":{"index":"index","follow":"follow","max-snippet":"max-snippet:-1","max-image-preview":"max-image-preview:large","max-video-preview":"max-video-preview:-1"},"canonical":"https:\/\/blog.zeit.de\/hamburg\/moritz-neumeier-integration\/","og_locale":"de_DE","og_type":"article","og_title":"Fl\u00fcchtlingsdebatte: \"Ich w\u00fcrde mich nicht integrieren\"","og_description":"Was passiert langfristig mit den vielen Fl\u00fcchtlingen? Moritz Neumeier findet klare Worte in der Fl\u00fcchtlingsdebatte.","og_url":"https:\/\/blog.zeit.de\/hamburg\/moritz-neumeier-integration\/","og_site_name":"Speersort 1","article_published_time":"2015-09-01T09:08:50+00:00","article_modified_time":"2015-09-06T09:08:25+00:00","author":"Moritz Neumeier","twitter_card":"summary_large_image","twitter_misc":{"Geschrieben von":"Moritz Neumeier","Gesch\u00e4tzte Lesezeit":"1\u00a0Minute"},"schema":{"@context":"https:\/\/schema.org","@graph":[{"@type":"WebPage","@id":"https:\/\/blog.zeit.de\/hamburg\/moritz-neumeier-integration\/","url":"https:\/\/blog.zeit.de\/hamburg\/moritz-neumeier-integration\/","name":"Fl\u00fcchtlingsdebatte: \"Ich w\u00fcrde mich nicht integrieren\"","isPartOf":{"@id":"https:\/\/blog.zeit.de\/hamburg\/#website"},"datePublished":"2015-09-01T09:08:50+00:00","dateModified":"2015-09-06T09:08:25+00:00","author":{"@id":"https:\/\/blog.zeit.de\/hamburg\/#\/schema\/person\/cdd6292e749bfa8881550323a3f26cf9"},"description":"Was passiert langfristig mit den vielen Fl\u00fcchtlingen? Moritz Neumeier findet klare Worte in der Fl\u00fcchtlingsdebatte.","breadcrumb":{"@id":"https:\/\/blog.zeit.de\/hamburg\/moritz-neumeier-integration\/#breadcrumb"},"inLanguage":"de","potentialAction":[{"@type":"ReadAction","target":["https:\/\/blog.zeit.de\/hamburg\/moritz-neumeier-integration\/"]}]},{"@type":"BreadcrumbList","@id":"https:\/\/blog.zeit.de\/hamburg\/moritz-neumeier-integration\/#breadcrumb","itemListElement":[{"@type":"ListItem","position":1,"name":"Startseite","item":"https:\/\/blog.zeit.de\/hamburg\/"},{"@type":"ListItem","position":2,"name":"&#8222;Ich w\u00fcrde mich nicht anderswo integrieren&#8220;"}]},{"@type":"WebSite","@id":"https:\/\/blog.zeit.de\/hamburg\/#website","url":"https:\/\/blog.zeit.de\/hamburg\/","name":"Speersort 1","description":"Das Hamburg-Blog","potentialAction":[{"@type":"SearchAction","target":{"@type":"EntryPoint","urlTemplate":"https:\/\/blog.zeit.de\/hamburg\/?s={search_term_string}"},"query-input":"required name=search_term_string"}],"inLanguage":"de"},{"@type":"Person","@id":"https:\/\/blog.zeit.de\/hamburg\/#\/schema\/person\/cdd6292e749bfa8881550323a3f26cf9","name":"Moritz Neumeier","image":{"@type":"ImageObject","inLanguage":"de","@id":"https:\/\/blog.zeit.de\/hamburg\/#\/schema\/person\/image\/","url":"https:\/\/secure.gravatar.com\/avatar\/e29f3ae999b232f4d0f71a7dc2574b73acc94798438dc34c1440df65ae56c550?s=96&d=mm&r=g","contentUrl":"https:\/\/secure.gravatar.com\/avatar\/e29f3ae999b232f4d0f71a7dc2574b73acc94798438dc34c1440df65ae56c550?s=96&d=mm&r=g","caption":"Moritz Neumeier"},"description":"ist einer der erfolgreichsten Poetry-Slammer Hamburgs. Au\u00dferdem tourt er gerade mit seiner Solo-Show \u201eKein schei\u00df Regenbogen\u201c durch Deutschland. Geboren wurde er 1988 in den brachliegenden Ebenen Schleswig-Holsteins, heute lebt er im Stadtteil Winterhude.","sameAs":["http:\/\/www.moritz-neumeier.de\/"],"url":"https:\/\/blog.zeit.de\/hamburg\/author\/moritzneumeier\/"}]}},"jetpack_featured_media_url":"","jetpack_sharing_enabled":true,"_links":{"self":[{"href":"https:\/\/blog.zeit.de\/hamburg\/wp-json\/wp\/v2\/posts\/4770","targetHints":{"allow":["GET"]}}],"collection":[{"href":"https:\/\/blog.zeit.de\/hamburg\/wp-json\/wp\/v2\/posts"}],"about":[{"href":"https:\/\/blog.zeit.de\/hamburg\/wp-json\/wp\/v2\/types\/post"}],"author":[{"embeddable":true,"href":"https:\/\/blog.zeit.de\/hamburg\/wp-json\/wp\/v2\/users\/553"}],"replies":[{"embeddable":true,"href":"https:\/\/blog.zeit.de\/hamburg\/wp-json\/wp\/v2\/comments?post=4770"}],"version-history":[{"count":6,"href":"https:\/\/blog.zeit.de\/hamburg\/wp-json\/wp\/v2\/posts\/4770\/revisions"}],"predecessor-version":[{"id":4776,"href":"https:\/\/blog.zeit.de\/hamburg\/wp-json\/wp\/v2\/posts\/4770\/revisions\/4776"}],"wp:attachment":[{"href":"https:\/\/blog.zeit.de\/hamburg\/wp-json\/wp\/v2\/media?parent=4770"}],"wp:term":[{"taxonomy":"category","embeddable":true,"href":"https:\/\/blog.zeit.de\/hamburg\/wp-json\/wp\/v2\/categories?post=4770"},{"taxonomy":"post_tag","embeddable":true,"href":"https:\/\/blog.zeit.de\/hamburg\/wp-json\/wp\/v2\/tags?post=4770"}],"curies":[{"name":"wp","href":"https:\/\/api.w.org\/{rel}","templated":true}]}}