{"id":5088,"date":"2015-10-05T11:50:45","date_gmt":"2015-10-05T09:50:45","guid":{"rendered":"http:\/\/blog.zeit.de\/hamburg\/?p=5088"},"modified":"2015-10-05T19:18:05","modified_gmt":"2015-10-05T17:18:05","slug":"nebel-der-uberheblichkeit-am-millerntor","status":"publish","type":"post","link":"https:\/\/blog.zeit.de\/hamburg\/nebel-der-uberheblichkeit-am-millerntor\/","title":{"rendered":"Nebel der \u00dcberheblichkeit am Millerntor"},"content":{"rendered":"<p><em>Die beste Abwehr gegen den gef\u00fchlt schw\u00e4chsten Sturm der Liga \u2013 was kann da schon passieren? Eine Menge \u2013 wenn sich der herbstliche Morgennebel nicht aus den K\u00f6pfen der Spieler verzieht<\/em>.<\/p>\n<p>Als ich am Sonnabendmorgen an der Kieler Ostseek\u00fcste losfuhr, lag ein Schleier \u00fcber allem. Der Herbst hatte \u00fcber Nacht wei\u00dfe Nebelt\u00fccher \u00fcber die F\u00f6rde gelegt und die Morgensonne hat inzwischen zu wenig Kraft, sie aufzul\u00f6sen. Als ich gegen Mittag am Millerntor ankam, sah es so aus, als ob sich der Nebel verzogen h\u00e4tte. Die Sonne strahlte vom Hamburger Himmel, als sich meine verschlafene Bezugsgruppe auf den Stufen der Gegengerade zum Spiel gegen den SV Sandhausen aufstellte.<\/p>\n<p>&#8222;Ob bei dem sch\u00f6nen Wetter heute \u00fcberhaupt Stimmung aufkommt?&#8220;, fragte meine Nebensteherin Anna ein wenig besorgt. Eine Besorgnis, die eigentlich eine wenig getarnte, vorweggenommene Zufriedenheit war \u2013 sie machte sich wenig Sorgen. Kein Wunder: Die beste Abwehr der Liga traf auf einen schw\u00e4chelnden Sturm. Eine klare Angelegenheit, wenn da nicht der unsichtbare Nebel der \u00dcberheblichkeit gewesen w\u00e4re, der sich auf dem Rasen des Millerntorstadions ausbreitete. Von uns allen unbemerkt.<!--more--><\/p>\n<p>Die ersten paar Minuten ging es los wie erwartet: Die erfolgsverw\u00f6hnten Kiezkicker kombinierten durch die Sandh\u00e4user Spieler, als w\u00e4ren sie Salzstangen. Das Pressing begann schon an der gegnerischen Eckfahne. Das konnte ja was werden. Dann m\u00fcssen pl\u00f6tzlich unsichtbare Schwaden aufgezogen sein, die ausgerechnet unserem Besten, Marc Rzatkowski, die Sinne vernebelten. V\u00f6llig unbedr\u00e4ngt passte dieser auf den Sandh\u00e4user Offensiven Andrew Wooten, als alle seine Mitspieler schon in der gewohnten Vorw\u00e4rtsbewegung waren. Niemand au\u00dfer dem schnell schaltenden Kosecki kam mehr entscheidend hinter den Ball. Und so stand es pl\u00f6tzlich 0:1 nach nur f\u00fcnf Minuten.<\/p>\n<p>Doch es sollte noch mehr Nebel aufziehen. Nur zwei Minuten sp\u00e4ter muss der Dunst im Hamburger Strafraum so dicht gewesen sein, dass die Abwehrspieler des FC St. Pauli ihre zugewiesenen Gegenspieler nicht mehr fanden, der schlanke Dudziak deckte nur zwei Drittel des baumlangen Jovanovi\u0107 ab und der k\u00f6pfte folgerichtig, auch wegen der Pr\u00e4zision von Wootens Flanke, zum 0:2 ein. Die Sandh\u00e4user hatten das Loch im Dunst gefunden, das sich ausgerechnet im Strafraum des FC St. Pauli zu befinden schien.<\/p>\n<p>In der Folge spielten die Hamburger auf kurze Sicht. Spielten den einfachen Ball und kamen so zwar zu einer Menge Ballbesitz, aber nicht entscheidend in den Strafraum der G\u00e4ste. Die verlegten sich ob der schlechten Sicht darauf, zu verteidigen und sich ab und an auf den Boden zu werfen. Vielleicht war dort die Sicht besser, h\u00e4ngen Nebelschwaden doch immer ein paar Zentimeter \u00fcber dem Rasen. Der Schiedsrichter missverstand diese schlaue Art, sich einen \u00dcberblick und ein wenig Ruhe zu verschaffen, und pfiff so einseitig, dass Anna und mir auf der Gegengeraden bald der Hals qualmte.<\/p>\n<p>Es war aber nichts zu machen: Die Boys in Brown fanden kein Mittel, den Brodel zu vertreiben, auch wenn sie sich redlich bem\u00fchten.<\/p>\n<p>Es dauerte bis zur 74. Spielminute, als unser Mittelfeldtalent Maier eine Idee hatte: Er schoss einfach L\u00f6cher in den Dampf. Sein wuchtiger Aufsetzer fr\u00e4ste sich tats\u00e4chlich durch die Schwaden. Leider hatte der Torh\u00fcter der Sandh\u00e4user glasklare Sicht auf das Geschehen und einen guten Tag erwischt, er hielt. Das Einfach-aufs-Tor-schie\u00dfen half aber, der Nebel lichtete sich merklich. Das fiel auch dem eingewechselte Choi auf, der eine kurze Abwehr des SVS nach einer der vielen St. Pauli-Ecken in der zweiten Halbzeit aufnahm und einfach den eingewechselten Bouhaddouz anschoss, der den Ball mit seinem Ges\u00e4\u00df so abf\u00e4lschte, dass er in der rechten Torecke einschlug.<\/p>\n<p>Die letzten 15 Minuten, so hofften wir, w\u00fcrden eine klare Aufholjagd, an deren Ende sich der FC St. Pauli f\u00fcr seinen ungleichen Kampf gegen den unsichtbaren Gegner, den SV Sandhausen und das Schiedsrichtergespann belohnen w\u00fcrde.<\/p>\n<p>Leider erlosch diese Hoffnung schnell: Buballa stolperte im Strafraum in den Sandh\u00e4user Bouhaddouz und der Schiedsrichter verh\u00e4ngte die H\u00f6chststrafe: Elfmeter, nur eine Minute nach dem Anschlusstreffer: 3:1.<\/p>\n<p><figure id=\"attachment_5096\" aria-describedby=\"caption-attachment-5096\" style=\"width: 620px\" class=\"wp-caption aligncenter\"><img loading=\"lazy\" decoding=\"async\" class=\"size-medium wp-image-5096\" src=\"https:\/\/blog.zeit.de\/hamburg\/files\/2015\/10\/12122517_10153269171554423_2018347732075882853_n-1-620x349.jpg\" alt=\"ynwa millerntor\" width=\"620\" height=\"349\" srcset=\"https:\/\/blog.zeit.de\/hamburg\/files\/2015\/10\/12122517_10153269171554423_2018347732075882853_n-1-620x349.jpg 620w, https:\/\/blog.zeit.de\/hamburg\/files\/2015\/10\/12122517_10153269171554423_2018347732075882853_n-1.jpg 960w\" sizes=\"auto, (max-width: 620px) 100vw, 620px\" \/><figcaption id=\"caption-attachment-5096\" class=\"wp-caption-text\"><em>You&#8217;ll Never Walk Alone<\/em> \u2013 aufmunternde Schalparade nach der Heimniederlage genen den SV Sandhausen.<br \/>Foto: Erik Hauth<\/figcaption><\/figure><\/p>\n<p>Als ein paar Momente sp\u00e4ter unser vom Pech umnebelter <a href=\"https:\/\/blog.zeit.de\/hamburg\/fc-st-pauli-john-verhoek\/\" target=\"_blank\">St\u00fcrmer John Verhoek<\/a> den erneuten Anschluss bei bester Sicht verpasste, war das Spiel gelaufen. Sandhausen hatte uns verdient geschlagen.<\/p>\n<p>Ob der Nebel der \u00dcberheblichkeit nun verflogen ist nach dieser Niederlage, fragte mich Anna nach dem Abpfiff. Ich zuckte mit den Schultern, erz\u00e4hlte ihr aber nicht, dass ich noch Reste davon gesehen habe. Um den Kopf von Lennart Thy waberte noch etwas gr\u00fcner <em>fog<\/em>, den man normalerweise <a href=\"http:\/\/www.mopo.de\/st-pauli\/lennart-thy-im-fokus-jagd-auf-st--paulis-ueberflieger,5067040,32003740.html\">nur auf dem schottischen Teil der Insel findet<\/a>.<\/p>\n","protected":false},"excerpt":{"rendered":"<p>Die beste Abwehr gegen den gef\u00fchlt schw\u00e4chsten Sturm der Liga \u2013 was kann da schon passieren? Eine Menge \u2013 wenn sich der herbstliche Morgennebel nicht aus den K\u00f6pfen der Spieler verzieht. Als ich am Sonnabendmorgen an der Kieler Ostseek\u00fcste losfuhr, lag ein Schleier \u00fcber allem. Der Herbst hatte \u00fcber Nacht wei\u00dfe Nebelt\u00fccher \u00fcber die F\u00f6rde [&hellip;]<\/p>\n","protected":false},"author":474,"featured_media":5096,"comment_status":"open","ping_status":"open","sticky":false,"template":"","format":"standard","meta":{"_jetpack_memberships_contains_paid_content":false,"footnotes":""},"categories":[16],"tags":[2663,34755,29404,34803],"class_list":["post-5088","post","type-post","status-publish","format-standard","has-post-thumbnail","hentry","category-allgemein","tag-fc-st-pauli","tag-heimspiel","tag-niederlage","tag-sv-sandhausen"],"yoast_head":"<!-- This site is optimized with the Yoast SEO plugin v21.0 - https:\/\/yoast.com\/wordpress\/plugins\/seo\/ -->\n<title>Nebel der \u00dcberheblichkeit am Millerntor - Speersort 1 - ZEIT ONLINE<\/title>\n<meta name=\"robots\" content=\"index, follow, max-snippet:-1, max-image-preview:large, max-video-preview:-1\" \/>\n<link rel=\"canonical\" href=\"https:\/\/blog.zeit.de\/hamburg\/nebel-der-uberheblichkeit-am-millerntor\/\" \/>\n<meta property=\"og:locale\" content=\"de_DE\" \/>\n<meta property=\"og:type\" content=\"article\" \/>\n<meta property=\"og:title\" content=\"Nebel der \u00dcberheblichkeit am Millerntor - Speersort 1 - ZEIT ONLINE\" \/>\n<meta property=\"og:description\" content=\"Die beste Abwehr gegen den gef\u00fchlt schw\u00e4chsten Sturm der Liga \u2013 was kann da schon passieren? Eine Menge \u2013 wenn sich der herbstliche Morgennebel nicht aus den K\u00f6pfen der Spieler verzieht. Als ich am Sonnabendmorgen an der Kieler Ostseek\u00fcste losfuhr, lag ein Schleier \u00fcber allem. Der Herbst hatte \u00fcber Nacht wei\u00dfe Nebelt\u00fccher \u00fcber die F\u00f6rde [&hellip;]\" \/>\n<meta property=\"og:url\" content=\"https:\/\/blog.zeit.de\/hamburg\/nebel-der-uberheblichkeit-am-millerntor\/\" \/>\n<meta property=\"og:site_name\" content=\"Speersort 1\" \/>\n<meta property=\"article:author\" content=\"https:\/\/www.facebook.com\/stpaulinu\" \/>\n<meta property=\"article:published_time\" content=\"2015-10-05T09:50:45+00:00\" \/>\n<meta property=\"article:modified_time\" content=\"2015-10-05T17:18:05+00:00\" \/>\n<meta property=\"og:image\" content=\"https:\/\/blog.zeit.de\/hamburg\/files\/2015\/10\/12122517_10153269171554423_2018347732075882853_n-1.jpg\" \/>\n\t<meta property=\"og:image:width\" content=\"960\" \/>\n\t<meta property=\"og:image:height\" content=\"540\" \/>\n\t<meta property=\"og:image:type\" content=\"image\/jpeg\" \/>\n<meta name=\"author\" content=\"Erik Hauth\" \/>\n<meta name=\"twitter:card\" content=\"summary_large_image\" \/>\n<meta name=\"twitter:creator\" content=\"@ring2\" \/>\n<meta name=\"twitter:label1\" content=\"Geschrieben von\" \/>\n\t<meta name=\"twitter:data1\" content=\"Erik Hauth\" \/>\n\t<meta name=\"twitter:label2\" content=\"Gesch\u00e4tzte Lesezeit\" \/>\n\t<meta name=\"twitter:data2\" content=\"4\u00a0Minuten\" \/>\n<script type=\"application\/ld+json\" class=\"yoast-schema-graph\">{\"@context\":\"https:\/\/schema.org\",\"@graph\":[{\"@type\":\"WebPage\",\"@id\":\"https:\/\/blog.zeit.de\/hamburg\/nebel-der-uberheblichkeit-am-millerntor\/\",\"url\":\"https:\/\/blog.zeit.de\/hamburg\/nebel-der-uberheblichkeit-am-millerntor\/\",\"name\":\"Nebel der \u00dcberheblichkeit am Millerntor - Speersort 1 - ZEIT ONLINE\",\"isPartOf\":{\"@id\":\"https:\/\/blog.zeit.de\/hamburg\/#website\"},\"datePublished\":\"2015-10-05T09:50:45+00:00\",\"dateModified\":\"2015-10-05T17:18:05+00:00\",\"author\":{\"@id\":\"https:\/\/blog.zeit.de\/hamburg\/#\/schema\/person\/ae2ae61edc5d6a5d6c384e5b44e91bd9\"},\"breadcrumb\":{\"@id\":\"https:\/\/blog.zeit.de\/hamburg\/nebel-der-uberheblichkeit-am-millerntor\/#breadcrumb\"},\"inLanguage\":\"de\",\"potentialAction\":[{\"@type\":\"ReadAction\",\"target\":[\"https:\/\/blog.zeit.de\/hamburg\/nebel-der-uberheblichkeit-am-millerntor\/\"]}]},{\"@type\":\"BreadcrumbList\",\"@id\":\"https:\/\/blog.zeit.de\/hamburg\/nebel-der-uberheblichkeit-am-millerntor\/#breadcrumb\",\"itemListElement\":[{\"@type\":\"ListItem\",\"position\":1,\"name\":\"Startseite\",\"item\":\"https:\/\/blog.zeit.de\/hamburg\/\"},{\"@type\":\"ListItem\",\"position\":2,\"name\":\"Nebel der \u00dcberheblichkeit am Millerntor\"}]},{\"@type\":\"WebSite\",\"@id\":\"https:\/\/blog.zeit.de\/hamburg\/#website\",\"url\":\"https:\/\/blog.zeit.de\/hamburg\/\",\"name\":\"Speersort 1\",\"description\":\"Das Hamburg-Blog\",\"potentialAction\":[{\"@type\":\"SearchAction\",\"target\":{\"@type\":\"EntryPoint\",\"urlTemplate\":\"https:\/\/blog.zeit.de\/hamburg\/?s={search_term_string}\"},\"query-input\":\"required name=search_term_string\"}],\"inLanguage\":\"de\"},{\"@type\":\"Person\",\"@id\":\"https:\/\/blog.zeit.de\/hamburg\/#\/schema\/person\/ae2ae61edc5d6a5d6c384e5b44e91bd9\",\"name\":\"Erik Hauth\",\"image\":{\"@type\":\"ImageObject\",\"inLanguage\":\"de\",\"@id\":\"https:\/\/blog.zeit.de\/hamburg\/#\/schema\/person\/image\/\",\"url\":\"https:\/\/secure.gravatar.com\/avatar\/5bd569312ecb276570adaac3712a105857e5a8df7356226c44cc446db9be2c74?s=96&d=mm&r=g\",\"contentUrl\":\"https:\/\/secure.gravatar.com\/avatar\/5bd569312ecb276570adaac3712a105857e5a8df7356226c44cc446db9be2c74?s=96&d=mm&r=g\",\"caption\":\"Erik Hauth\"},\"description\":\"ist aufgewachsen in Blankenese und betreibt das meistgelesene Blog \u00fcber den FC St. Pauli und seinen Stadtteil. Erik war am 16.2.2011 im Volksparkstadion und ist stolz darauf, sich deswegen \\\"Derbysieger\\\" nennen zu d\u00fcrfen.\",\"sameAs\":[\"https:\/\/www.stpaulinu.de\",\"https:\/\/www.facebook.com\/stpaulinu\",\"https:\/\/twitter.com\/ring2\"],\"url\":\"https:\/\/blog.zeit.de\/hamburg\/author\/ehauth\/\"}]}<\/script>\n<!-- \/ Yoast SEO plugin. -->","yoast_head_json":{"title":"Nebel der \u00dcberheblichkeit am Millerntor - Speersort 1 - ZEIT ONLINE","robots":{"index":"index","follow":"follow","max-snippet":"max-snippet:-1","max-image-preview":"max-image-preview:large","max-video-preview":"max-video-preview:-1"},"canonical":"https:\/\/blog.zeit.de\/hamburg\/nebel-der-uberheblichkeit-am-millerntor\/","og_locale":"de_DE","og_type":"article","og_title":"Nebel der \u00dcberheblichkeit am Millerntor - Speersort 1 - ZEIT ONLINE","og_description":"Die beste Abwehr gegen den gef\u00fchlt schw\u00e4chsten Sturm der Liga \u2013 was kann da schon passieren? Eine Menge \u2013 wenn sich der herbstliche Morgennebel nicht aus den K\u00f6pfen der Spieler verzieht. Als ich am Sonnabendmorgen an der Kieler Ostseek\u00fcste losfuhr, lag ein Schleier \u00fcber allem. Der Herbst hatte \u00fcber Nacht wei\u00dfe Nebelt\u00fccher \u00fcber die F\u00f6rde [&hellip;]","og_url":"https:\/\/blog.zeit.de\/hamburg\/nebel-der-uberheblichkeit-am-millerntor\/","og_site_name":"Speersort 1","article_author":"https:\/\/www.facebook.com\/stpaulinu","article_published_time":"2015-10-05T09:50:45+00:00","article_modified_time":"2015-10-05T17:18:05+00:00","og_image":[{"width":960,"height":540,"url":"https:\/\/blog.zeit.de\/hamburg\/files\/2015\/10\/12122517_10153269171554423_2018347732075882853_n-1.jpg","type":"image\/jpeg"}],"author":"Erik Hauth","twitter_card":"summary_large_image","twitter_creator":"@ring2","twitter_misc":{"Geschrieben von":"Erik Hauth","Gesch\u00e4tzte Lesezeit":"4\u00a0Minuten"},"schema":{"@context":"https:\/\/schema.org","@graph":[{"@type":"WebPage","@id":"https:\/\/blog.zeit.de\/hamburg\/nebel-der-uberheblichkeit-am-millerntor\/","url":"https:\/\/blog.zeit.de\/hamburg\/nebel-der-uberheblichkeit-am-millerntor\/","name":"Nebel der \u00dcberheblichkeit am Millerntor - Speersort 1 - ZEIT ONLINE","isPartOf":{"@id":"https:\/\/blog.zeit.de\/hamburg\/#website"},"datePublished":"2015-10-05T09:50:45+00:00","dateModified":"2015-10-05T17:18:05+00:00","author":{"@id":"https:\/\/blog.zeit.de\/hamburg\/#\/schema\/person\/ae2ae61edc5d6a5d6c384e5b44e91bd9"},"breadcrumb":{"@id":"https:\/\/blog.zeit.de\/hamburg\/nebel-der-uberheblichkeit-am-millerntor\/#breadcrumb"},"inLanguage":"de","potentialAction":[{"@type":"ReadAction","target":["https:\/\/blog.zeit.de\/hamburg\/nebel-der-uberheblichkeit-am-millerntor\/"]}]},{"@type":"BreadcrumbList","@id":"https:\/\/blog.zeit.de\/hamburg\/nebel-der-uberheblichkeit-am-millerntor\/#breadcrumb","itemListElement":[{"@type":"ListItem","position":1,"name":"Startseite","item":"https:\/\/blog.zeit.de\/hamburg\/"},{"@type":"ListItem","position":2,"name":"Nebel der \u00dcberheblichkeit am Millerntor"}]},{"@type":"WebSite","@id":"https:\/\/blog.zeit.de\/hamburg\/#website","url":"https:\/\/blog.zeit.de\/hamburg\/","name":"Speersort 1","description":"Das Hamburg-Blog","potentialAction":[{"@type":"SearchAction","target":{"@type":"EntryPoint","urlTemplate":"https:\/\/blog.zeit.de\/hamburg\/?s={search_term_string}"},"query-input":"required name=search_term_string"}],"inLanguage":"de"},{"@type":"Person","@id":"https:\/\/blog.zeit.de\/hamburg\/#\/schema\/person\/ae2ae61edc5d6a5d6c384e5b44e91bd9","name":"Erik Hauth","image":{"@type":"ImageObject","inLanguage":"de","@id":"https:\/\/blog.zeit.de\/hamburg\/#\/schema\/person\/image\/","url":"https:\/\/secure.gravatar.com\/avatar\/5bd569312ecb276570adaac3712a105857e5a8df7356226c44cc446db9be2c74?s=96&d=mm&r=g","contentUrl":"https:\/\/secure.gravatar.com\/avatar\/5bd569312ecb276570adaac3712a105857e5a8df7356226c44cc446db9be2c74?s=96&d=mm&r=g","caption":"Erik Hauth"},"description":"ist aufgewachsen in Blankenese und betreibt das meistgelesene Blog \u00fcber den FC St. Pauli und seinen Stadtteil. Erik war am 16.2.2011 im Volksparkstadion und ist stolz darauf, sich deswegen \"Derbysieger\" nennen zu d\u00fcrfen.","sameAs":["https:\/\/www.stpaulinu.de","https:\/\/www.facebook.com\/stpaulinu","https:\/\/twitter.com\/ring2"],"url":"https:\/\/blog.zeit.de\/hamburg\/author\/ehauth\/"}]}},"jetpack_featured_media_url":"https:\/\/blog.zeit.de\/hamburg\/files\/2015\/10\/12122517_10153269171554423_2018347732075882853_n-1.jpg","jetpack_sharing_enabled":true,"_links":{"self":[{"href":"https:\/\/blog.zeit.de\/hamburg\/wp-json\/wp\/v2\/posts\/5088","targetHints":{"allow":["GET"]}}],"collection":[{"href":"https:\/\/blog.zeit.de\/hamburg\/wp-json\/wp\/v2\/posts"}],"about":[{"href":"https:\/\/blog.zeit.de\/hamburg\/wp-json\/wp\/v2\/types\/post"}],"author":[{"embeddable":true,"href":"https:\/\/blog.zeit.de\/hamburg\/wp-json\/wp\/v2\/users\/474"}],"replies":[{"embeddable":true,"href":"https:\/\/blog.zeit.de\/hamburg\/wp-json\/wp\/v2\/comments?post=5088"}],"version-history":[{"count":12,"href":"https:\/\/blog.zeit.de\/hamburg\/wp-json\/wp\/v2\/posts\/5088\/revisions"}],"predecessor-version":[{"id":5115,"href":"https:\/\/blog.zeit.de\/hamburg\/wp-json\/wp\/v2\/posts\/5088\/revisions\/5115"}],"wp:featuredmedia":[{"embeddable":true,"href":"https:\/\/blog.zeit.de\/hamburg\/wp-json\/wp\/v2\/media\/5096"}],"wp:attachment":[{"href":"https:\/\/blog.zeit.de\/hamburg\/wp-json\/wp\/v2\/media?parent=5088"}],"wp:term":[{"taxonomy":"category","embeddable":true,"href":"https:\/\/blog.zeit.de\/hamburg\/wp-json\/wp\/v2\/categories?post=5088"},{"taxonomy":"post_tag","embeddable":true,"href":"https:\/\/blog.zeit.de\/hamburg\/wp-json\/wp\/v2\/tags?post=5088"}],"curies":[{"name":"wp","href":"https:\/\/api.w.org\/{rel}","templated":true}]}}