{"id":516,"date":"2014-04-14T09:56:30","date_gmt":"2014-04-14T07:56:30","guid":{"rendered":"http:\/\/blog.zeit.de\/hamburg\/?p=516"},"modified":"2014-04-14T09:56:30","modified_gmt":"2014-04-14T07:56:30","slug":"eine-lange-woche-lange-nacht-lange-schulzeit","status":"publish","type":"post","link":"https:\/\/blog.zeit.de\/hamburg\/eine-lange-woche-lange-nacht-lange-schulzeit\/","title":{"rendered":"Eine Lange Woche, Lange Nacht, Lange Schulzeit?"},"content":{"rendered":"<p>Die letzten zwei Tage wurden wir mit einem perfekten Wochenende beschert: gutes Wetter, abwechslungsreiches Programm, sowie keine durch Veranstaltungen \u00fcberf\u00fcllte Innenstadt. Moment, voll war es sehr wohl? Doch wo, darauf kommen wir erst gleich zu sprechen. Erst lassen wir die Woche kurz Revue passieren.<!--more--><\/p>\n<p>Seit Mittwoch ist bekannt, dass der Hamburger Senat, oder zumindest die mehrheitsf\u00fchrende SPD den <a href=\"https:\/\/blog.zeit.de\/hamburg\/senat-verkehrsplan\/\" target=\"_blank\">Ausbau der Linie U4 und zus\u00e4tzlich den Bau der Linie U5 plant<\/a> \u2013 wom\u00f6glich schon ab 2019 . Der S\u00fcden der Stadt, die Universit\u00e4t und Steilshoop sollen unter anderem einen Anschluss an das U-Bahn-Netz finden und so dem erwarteten vergr\u00f6\u00dferten Verkehrsaufkommen bestm\u00f6glich mit einem guten \u00f6ffentlichen Nahverkehrsnetz entgegentreten. Dies ist von der Opposition jedoch nicht unumstritten und auch wir fragen (trotz der unbestreitbar guten Idee, einige zahlreich angefahrene Ziele schnell erreichbar zu machen): Sollten wir nicht erst einmal die Elbphilharmonie fertig bekommen?<\/p>\n<p>Es gab auch allerhand sportliches Geschehen: Die Hamburg Freezers gewannen auch ohne U-Bahn-Anschluss vor den Augen zweier Elbmelancholie-Autoren mit 2:0 gegen den ERC Ingolstadt. Am Sonntag gewannen die Berliner F\u00fcchse beim Final 4-Turnier um den DHB-Pokal 2013\/14, welches ebenfalls in der O2-World ausgetragen wurde \u2013 leider ohne Hamburger Beteiligung. Auf den weniger erfolgreichen Hamburger Erstbundesligisten im Fu\u00dfball gehen wir an dieser Stelle lieber nicht genauer ein \u2013 zudem sie ausw\u00e4rts spielten. Und bei St. Pauli halten wir es positiv: Es gibt wohl keine Derby-Relegation.<\/p>\n<p>Die Junge Union ver\u00f6ffentlichte diese Woche die <a href=\"http:\/\/www.elbmelancholie.de\/2014\/04\/12\/auch-hamburgs-schueler-gespalten-in-sachen-g8-05134\/\" target=\"_blank\">Ergebnisse einer eigens initiierten Befragung unter Hamburger Oberstufensch\u00fclern zum Thema G8\/G9<\/a>. Demnach stimmte jeweils gut die H\u00e4lfte f\u00fcr das Abitur nach acht und die H\u00e4lfte f\u00fcr das nach neun Jahren. Nur einige wenige andere Details wurden abgefragt; repr\u00e4sentativ ist die Umfrage aufgrund der geringen Stimmen ebenso nicht. Umstritten ist, ob die aktuelle Debatte zwischen der B\u00fcrgerinitiative G9 sowie den Politikern wirklich die tats\u00e4chlichen Bed\u00fcrfnisse der Betroffenen, der Sch\u00fcler, ber\u00fccksichtigt.<\/p>\n<p>Wen die Sonne vermehrt nach drau\u00dfen auf die Stra\u00dfen lockt und wer hier noch den passenden, zweir\u00e4drigen Untersatz suchte, f\u00fcr den bot sich am Samstag in Altona auf dem Fahrradflohmarkt im Haus drei eine perfekte M\u00f6glichkeit, kosteng\u00fcnstig ein Fahrrad oder auch nur Fahrradersatzteile oder -zubeh\u00f6r zu bekommen. Wer es leider nicht dorthin geschafft hat, der mag vielleicht am 24. April erneut in Altona \u2013 diesmal im Bahnhof Altona \u2013 bei der \u00f6ffentlichen Versteigerung von \u201eauf Bahngebiet und in Z\u00fcgen in der Zeit vom 01.01.2013 bis 31.12.2013 gefundenen bzw. nicht abgeholten Fahrr\u00e4der(n)\u201c sein Gl\u00fcck versuchen. Sollte eines dieser Fahrr\u00e4der jedoch euch geh\u00f6ren, k\u00f6nnt ihr euch noch bis einen Tag vor der Versteigerung beim Bahnhofsmanagement Hamburg melden!<\/p>\n<p>Voll wurde es besonders in zahlreichen Kultureinrichtungen unserer Hansestadt: Die Lange Nacht der Museen, <a href=\"http:\/\/www.elbmelancholie.de\/2013\/04\/15\/lange-nacht-der-museen-it%C2%B4s-like-a-festival-01953\/\" target=\"_blank\">\u00fcber die wir bereits letztes Jahr berichteten<\/a>, fand am vergangenen Samstag wieder statt. Der \u00f6ffentliche Nahverkehr wurde auch dieses Jahr wieder verst\u00e4rkt, sodass m\u00f6glichst viele Museen und Sonderveranstaltungen besucht werden konnten.<\/p>\n<p>Wir w\u00fcnschen euch ebenso gutes Wetter f\u00fcr das n\u00e4chste Wochenende, denn schlie\u00dflich m\u00f6chten wir beim Ostereiersuchen nicht nass werden.<\/p>\n","protected":false},"excerpt":{"rendered":"<p>Die letzten zwei Tage wurden wir mit einem perfekten Wochenende beschert: gutes Wetter, abwechslungsreiches Programm, sowie keine durch Veranstaltungen \u00fcberf\u00fcllte Innenstadt. Moment, voll war es sehr wohl? Doch wo, darauf kommen wir erst gleich zu sprechen. Erst lassen wir die Woche kurz Revue passieren.<\/p>\n","protected":false},"author":478,"featured_media":0,"comment_status":"open","ping_status":"open","sticky":false,"template":"","format":"standard","meta":{"_jetpack_memberships_contains_paid_content":false,"footnotes":""},"categories":[16],"tags":[31418,31419],"class_list":["post-516","post","type-post","status-publish","format-standard","hentry","category-allgemein","tag-elbmelancholie","tag-wochenrueckblick"],"yoast_head":"<!-- This site is optimized with the Yoast SEO plugin v21.0 - https:\/\/yoast.com\/wordpress\/plugins\/seo\/ -->\n<title>Eine Lange Woche, Lange Nacht, Lange Schulzeit? - Speersort 1 - ZEIT ONLINE<\/title>\n<meta name=\"robots\" content=\"index, follow, max-snippet:-1, max-image-preview:large, max-video-preview:-1\" \/>\n<link rel=\"canonical\" href=\"https:\/\/blog.zeit.de\/hamburg\/eine-lange-woche-lange-nacht-lange-schulzeit\/\" \/>\n<meta property=\"og:locale\" content=\"de_DE\" \/>\n<meta property=\"og:type\" content=\"article\" \/>\n<meta property=\"og:title\" content=\"Eine Lange Woche, Lange Nacht, Lange Schulzeit? - Speersort 1 - ZEIT ONLINE\" \/>\n<meta property=\"og:description\" content=\"Die letzten zwei Tage wurden wir mit einem perfekten Wochenende beschert: gutes Wetter, abwechslungsreiches Programm, sowie keine durch Veranstaltungen \u00fcberf\u00fcllte Innenstadt. Moment, voll war es sehr wohl? Doch wo, darauf kommen wir erst gleich zu sprechen. Erst lassen wir die Woche kurz Revue passieren.\" \/>\n<meta property=\"og:url\" content=\"https:\/\/blog.zeit.de\/hamburg\/eine-lange-woche-lange-nacht-lange-schulzeit\/\" \/>\n<meta property=\"og:site_name\" content=\"Speersort 1\" \/>\n<meta property=\"article:published_time\" content=\"2014-04-14T07:56:30+00:00\" \/>\n<meta name=\"author\" content=\"Inga Zimmermann\" \/>\n<meta name=\"twitter:card\" content=\"summary_large_image\" \/>\n<meta name=\"twitter:label1\" content=\"Geschrieben von\" \/>\n\t<meta name=\"twitter:data1\" content=\"Inga Zimmermann\" \/>\n\t<meta name=\"twitter:label2\" content=\"Gesch\u00e4tzte Lesezeit\" \/>\n\t<meta name=\"twitter:data2\" content=\"3\u00a0Minuten\" \/>\n<script type=\"application\/ld+json\" class=\"yoast-schema-graph\">{\"@context\":\"https:\/\/schema.org\",\"@graph\":[{\"@type\":\"WebPage\",\"@id\":\"https:\/\/blog.zeit.de\/hamburg\/eine-lange-woche-lange-nacht-lange-schulzeit\/\",\"url\":\"https:\/\/blog.zeit.de\/hamburg\/eine-lange-woche-lange-nacht-lange-schulzeit\/\",\"name\":\"Eine Lange Woche, Lange Nacht, Lange Schulzeit? - Speersort 1 - ZEIT ONLINE\",\"isPartOf\":{\"@id\":\"https:\/\/blog.zeit.de\/hamburg\/#website\"},\"datePublished\":\"2014-04-14T07:56:30+00:00\",\"dateModified\":\"2014-04-14T07:56:30+00:00\",\"author\":{\"@id\":\"https:\/\/blog.zeit.de\/hamburg\/#\/schema\/person\/144f35b05ff19e11ea75cc62a927a3cd\"},\"breadcrumb\":{\"@id\":\"https:\/\/blog.zeit.de\/hamburg\/eine-lange-woche-lange-nacht-lange-schulzeit\/#breadcrumb\"},\"inLanguage\":\"de\",\"potentialAction\":[{\"@type\":\"ReadAction\",\"target\":[\"https:\/\/blog.zeit.de\/hamburg\/eine-lange-woche-lange-nacht-lange-schulzeit\/\"]}]},{\"@type\":\"BreadcrumbList\",\"@id\":\"https:\/\/blog.zeit.de\/hamburg\/eine-lange-woche-lange-nacht-lange-schulzeit\/#breadcrumb\",\"itemListElement\":[{\"@type\":\"ListItem\",\"position\":1,\"name\":\"Startseite\",\"item\":\"https:\/\/blog.zeit.de\/hamburg\/\"},{\"@type\":\"ListItem\",\"position\":2,\"name\":\"Eine Lange Woche, Lange Nacht, Lange Schulzeit?\"}]},{\"@type\":\"WebSite\",\"@id\":\"https:\/\/blog.zeit.de\/hamburg\/#website\",\"url\":\"https:\/\/blog.zeit.de\/hamburg\/\",\"name\":\"Speersort 1\",\"description\":\"Das Hamburg-Blog\",\"potentialAction\":[{\"@type\":\"SearchAction\",\"target\":{\"@type\":\"EntryPoint\",\"urlTemplate\":\"https:\/\/blog.zeit.de\/hamburg\/?s={search_term_string}\"},\"query-input\":\"required name=search_term_string\"}],\"inLanguage\":\"de\"},{\"@type\":\"Person\",\"@id\":\"https:\/\/blog.zeit.de\/hamburg\/#\/schema\/person\/144f35b05ff19e11ea75cc62a927a3cd\",\"name\":\"Inga Zimmermann\",\"image\":{\"@type\":\"ImageObject\",\"inLanguage\":\"de\",\"@id\":\"https:\/\/blog.zeit.de\/hamburg\/#\/schema\/person\/image\/\",\"url\":\"https:\/\/secure.gravatar.com\/avatar\/cfc68a3a6fae5f0742f6de2b7601407c989aa735e4887fb9e9a1c4bcbffc0094?s=96&d=mm&r=g\",\"contentUrl\":\"https:\/\/secure.gravatar.com\/avatar\/cfc68a3a6fae5f0742f6de2b7601407c989aa735e4887fb9e9a1c4bcbffc0094?s=96&d=mm&r=g\",\"caption\":\"Inga Zimmermann\"},\"description\":\"ist stellvertretende Redaktionsleiterin beim Online-Magazin Elbmelancholie. Hier kann sie \u00fcber ihre Erlebnisse in der Hansestadt Hamburg und Gedanken zu den hiesigen Geschehnissen berichten.\",\"sameAs\":[\"http:\/\/www.elbmelancholie.de\"],\"url\":\"https:\/\/blog.zeit.de\/hamburg\/author\/izimmermann\/\"}]}<\/script>\n<!-- \/ Yoast SEO plugin. -->","yoast_head_json":{"title":"Eine Lange Woche, Lange Nacht, Lange Schulzeit? - Speersort 1 - ZEIT ONLINE","robots":{"index":"index","follow":"follow","max-snippet":"max-snippet:-1","max-image-preview":"max-image-preview:large","max-video-preview":"max-video-preview:-1"},"canonical":"https:\/\/blog.zeit.de\/hamburg\/eine-lange-woche-lange-nacht-lange-schulzeit\/","og_locale":"de_DE","og_type":"article","og_title":"Eine Lange Woche, Lange Nacht, Lange Schulzeit? - Speersort 1 - ZEIT ONLINE","og_description":"Die letzten zwei Tage wurden wir mit einem perfekten Wochenende beschert: gutes Wetter, abwechslungsreiches Programm, sowie keine durch Veranstaltungen \u00fcberf\u00fcllte Innenstadt. Moment, voll war es sehr wohl? Doch wo, darauf kommen wir erst gleich zu sprechen. Erst lassen wir die Woche kurz Revue passieren.","og_url":"https:\/\/blog.zeit.de\/hamburg\/eine-lange-woche-lange-nacht-lange-schulzeit\/","og_site_name":"Speersort 1","article_published_time":"2014-04-14T07:56:30+00:00","author":"Inga Zimmermann","twitter_card":"summary_large_image","twitter_misc":{"Geschrieben von":"Inga Zimmermann","Gesch\u00e4tzte Lesezeit":"3\u00a0Minuten"},"schema":{"@context":"https:\/\/schema.org","@graph":[{"@type":"WebPage","@id":"https:\/\/blog.zeit.de\/hamburg\/eine-lange-woche-lange-nacht-lange-schulzeit\/","url":"https:\/\/blog.zeit.de\/hamburg\/eine-lange-woche-lange-nacht-lange-schulzeit\/","name":"Eine Lange Woche, Lange Nacht, Lange Schulzeit? - Speersort 1 - ZEIT ONLINE","isPartOf":{"@id":"https:\/\/blog.zeit.de\/hamburg\/#website"},"datePublished":"2014-04-14T07:56:30+00:00","dateModified":"2014-04-14T07:56:30+00:00","author":{"@id":"https:\/\/blog.zeit.de\/hamburg\/#\/schema\/person\/144f35b05ff19e11ea75cc62a927a3cd"},"breadcrumb":{"@id":"https:\/\/blog.zeit.de\/hamburg\/eine-lange-woche-lange-nacht-lange-schulzeit\/#breadcrumb"},"inLanguage":"de","potentialAction":[{"@type":"ReadAction","target":["https:\/\/blog.zeit.de\/hamburg\/eine-lange-woche-lange-nacht-lange-schulzeit\/"]}]},{"@type":"BreadcrumbList","@id":"https:\/\/blog.zeit.de\/hamburg\/eine-lange-woche-lange-nacht-lange-schulzeit\/#breadcrumb","itemListElement":[{"@type":"ListItem","position":1,"name":"Startseite","item":"https:\/\/blog.zeit.de\/hamburg\/"},{"@type":"ListItem","position":2,"name":"Eine Lange Woche, Lange Nacht, Lange Schulzeit?"}]},{"@type":"WebSite","@id":"https:\/\/blog.zeit.de\/hamburg\/#website","url":"https:\/\/blog.zeit.de\/hamburg\/","name":"Speersort 1","description":"Das Hamburg-Blog","potentialAction":[{"@type":"SearchAction","target":{"@type":"EntryPoint","urlTemplate":"https:\/\/blog.zeit.de\/hamburg\/?s={search_term_string}"},"query-input":"required name=search_term_string"}],"inLanguage":"de"},{"@type":"Person","@id":"https:\/\/blog.zeit.de\/hamburg\/#\/schema\/person\/144f35b05ff19e11ea75cc62a927a3cd","name":"Inga Zimmermann","image":{"@type":"ImageObject","inLanguage":"de","@id":"https:\/\/blog.zeit.de\/hamburg\/#\/schema\/person\/image\/","url":"https:\/\/secure.gravatar.com\/avatar\/cfc68a3a6fae5f0742f6de2b7601407c989aa735e4887fb9e9a1c4bcbffc0094?s=96&d=mm&r=g","contentUrl":"https:\/\/secure.gravatar.com\/avatar\/cfc68a3a6fae5f0742f6de2b7601407c989aa735e4887fb9e9a1c4bcbffc0094?s=96&d=mm&r=g","caption":"Inga Zimmermann"},"description":"ist stellvertretende Redaktionsleiterin beim Online-Magazin Elbmelancholie. Hier kann sie \u00fcber ihre Erlebnisse in der Hansestadt Hamburg und Gedanken zu den hiesigen Geschehnissen berichten.","sameAs":["http:\/\/www.elbmelancholie.de"],"url":"https:\/\/blog.zeit.de\/hamburg\/author\/izimmermann\/"}]}},"jetpack_featured_media_url":"","jetpack_sharing_enabled":true,"_links":{"self":[{"href":"https:\/\/blog.zeit.de\/hamburg\/wp-json\/wp\/v2\/posts\/516","targetHints":{"allow":["GET"]}}],"collection":[{"href":"https:\/\/blog.zeit.de\/hamburg\/wp-json\/wp\/v2\/posts"}],"about":[{"href":"https:\/\/blog.zeit.de\/hamburg\/wp-json\/wp\/v2\/types\/post"}],"author":[{"embeddable":true,"href":"https:\/\/blog.zeit.de\/hamburg\/wp-json\/wp\/v2\/users\/478"}],"replies":[{"embeddable":true,"href":"https:\/\/blog.zeit.de\/hamburg\/wp-json\/wp\/v2\/comments?post=516"}],"version-history":[{"count":3,"href":"https:\/\/blog.zeit.de\/hamburg\/wp-json\/wp\/v2\/posts\/516\/revisions"}],"predecessor-version":[{"id":523,"href":"https:\/\/blog.zeit.de\/hamburg\/wp-json\/wp\/v2\/posts\/516\/revisions\/523"}],"wp:attachment":[{"href":"https:\/\/blog.zeit.de\/hamburg\/wp-json\/wp\/v2\/media?parent=516"}],"wp:term":[{"taxonomy":"category","embeddable":true,"href":"https:\/\/blog.zeit.de\/hamburg\/wp-json\/wp\/v2\/categories?post=516"},{"taxonomy":"post_tag","embeddable":true,"href":"https:\/\/blog.zeit.de\/hamburg\/wp-json\/wp\/v2\/tags?post=516"}],"curies":[{"name":"wp","href":"https:\/\/api.w.org\/{rel}","templated":true}]}}