{"id":5296,"date":"2015-10-30T19:37:25","date_gmt":"2015-10-30T18:37:25","guid":{"rendered":"http:\/\/blog.zeit.de\/hamburg\/?p=5296"},"modified":"2015-10-30T19:37:25","modified_gmt":"2015-10-30T18:37:25","slug":"reeder-schluss-mit-ausflaggen","status":"publish","type":"post","link":"https:\/\/blog.zeit.de\/hamburg\/reeder-schluss-mit-ausflaggen\/","title":{"rendered":"Schluss mit dem Ausflaggen!"},"content":{"rendered":"<p><em>Lohnsteuer, Sozialversicherung, Schiffsbesetzungsverordnung: Die Politik verw\u00f6hnt Deutschlands Reeder mit gro\u00dfz\u00fcgigen Geschenken \u2013 jetzt sollten die sich revanchieren.<\/em><\/p>\n<p><!--more--><\/p>\n<p>Mit den Reedern ist es wie mit den Landwirten: Ihre Vertreter klagen ausgiebig \u00fcber die zerst\u00f6rerischen Kr\u00e4fte des Marktes, \u00fcber den f\u00fcrchterlichen Konkurrenzdruck \u2013 und fordern best\u00e4ndig Hilfe von der Politik. Und die Politik? Sie erh\u00f6rt ihre Klagen ebenso regelm\u00e4\u00dfig, denn Reeder wie Landwirte verf\u00fcgen bis heute \u00fcber eine eindrucksvolle Lobbymacht.<\/p>\n<p>Vor wenigen Tagen hat die Bundesregierung den deutschen Reedern ein gro\u00dfz\u00fcgiges Geschenk serviert, beinahe die Erf\u00fcllung all ihrer W\u00fcnsche. Auf der Nationalen Maritimen Konferenz in Bremerhaven versprach die Kanzlerin, dass Reeder k\u00fcnftig keine Lohnsteuer mehr zahlen m\u00fcssen f\u00fcr Seeleute auf Schiffen mit deutscher Flagge. Auch die Sozialversicherungsbeitr\u00e4ge sollen entfallen. Verkehrsminister Alexander Dobrindt legte noch etwas drauf und k\u00fcndigte an, dass auch die Schiffsbesetzungsverordnung ge\u00e4ndert wird. Bald m\u00fcssen auf Schiffen mit deutscher Flagge nicht mehr bis zu f\u00fcnf EU-Staatsb\u00fcrger fahren, sondern nur noch zwei oder drei.<\/p>\n<p>Die Politik hat also kapituliert vor einem Trend, der zuletzt wieder st\u00e4rker geworden war: Aus Kostengr\u00fcnden haben die Reeder ihre Schiffe ausgeflaggt, aus Kostengr\u00fcnden haben sie deutsche Seeleute auf breiter Front durch billigere Crews ersetzt. Der deutsche Seemann ist vom Aussterben bedroht.<\/p>\n<p>Nat\u00fcrlich stimmt es, dass viele Reedereien seit Jahren in einem \u00dcberlebenskampf stecken. Sie haben ihn \u2013 wie die Landwirte \u2013 selbst mit ausgel\u00f6st, indem sie in guten Zeiten die Kapazit\u00e4ten derart ausgebaut haben, dass ihnen bald darauf in schlechteren Zeiten die Preise verfielen. Es stimmt auch, dass andere EU-Staaten die Schifffahrt schon lange stark subventionieren. Trotzdem wirft das Geschenk an die Reeder eine Gerechtigkeitsfrage auf: Ist es fair, dass eine Branche vom Staat derart entlastet wird, w\u00e4hrend viele andere selbst sehen m\u00fcssen, wie sie mit dem weltweiten Konkurrenzdruck fertigwerden?<\/p>\n<p>Die Reeder haben eine simple M\u00f6glichkeit, sich f\u00fcr das Geschenk zu bedanken: Sie m\u00fcssen das Ausflaggen beenden und wieder mehr Schiffe unter die deutsche Flagge bringen. Damit zeigen sie, dass sie nicht nur fordern k\u00f6nnen, sondern auch liefern. Ausreden gibt es jetzt keine mehr.<\/p>\n","protected":false},"excerpt":{"rendered":"<p>Lohnsteuer, Sozialversicherung, Schiffsbesetzungsverordnung: Die Politik verw\u00f6hnt Deutschlands Reeder mit gro\u00dfz\u00fcgigen Geschenken \u2013 jetzt sollten die sich revanchieren.<\/p>\n","protected":false},"author":544,"featured_media":5310,"comment_status":"open","ping_status":"open","sticky":false,"template":"","format":"standard","meta":{"_jetpack_memberships_contains_paid_content":false,"footnotes":""},"categories":[16],"tags":[],"class_list":["post-5296","post","type-post","status-publish","format-standard","has-post-thumbnail","hentry","category-allgemein"],"yoast_head":"<!-- This site is optimized with the Yoast SEO plugin v21.0 - https:\/\/yoast.com\/wordpress\/plugins\/seo\/ -->\n<title>Reeder: Schluss mit dem Ausflaggen!<\/title>\n<meta name=\"description\" content=\"Lohnsteuer, Sozialversicherung: Die Politik verw\u00f6hnt Deutschlands Reeder mit gro\u00dfz\u00fcgigen Geschenken \u2013 jetzt sollten die sich revanchieren.\" \/>\n<meta name=\"robots\" content=\"index, follow, max-snippet:-1, max-image-preview:large, max-video-preview:-1\" \/>\n<link rel=\"canonical\" href=\"https:\/\/blog.zeit.de\/hamburg\/reeder-schluss-mit-ausflaggen\/\" \/>\n<meta property=\"og:locale\" content=\"de_DE\" \/>\n<meta property=\"og:type\" content=\"article\" \/>\n<meta property=\"og:title\" content=\"Reeder: Schluss mit dem Ausflaggen!\" \/>\n<meta property=\"og:description\" content=\"Lohnsteuer, Sozialversicherung: Die Politik verw\u00f6hnt Deutschlands Reeder mit gro\u00dfz\u00fcgigen Geschenken \u2013 jetzt sollten die sich revanchieren.\" \/>\n<meta property=\"og:url\" content=\"https:\/\/blog.zeit.de\/hamburg\/reeder-schluss-mit-ausflaggen\/\" \/>\n<meta property=\"og:site_name\" content=\"Speersort 1\" \/>\n<meta property=\"article:published_time\" content=\"2015-10-30T18:37:25+00:00\" \/>\n<meta property=\"og:image\" content=\"https:\/\/blog.zeit.de\/hamburg\/files\/2015\/10\/a-schiffe.jpg\" \/>\n\t<meta property=\"og:image:width\" content=\"500\" \/>\n\t<meta property=\"og:image:height\" content=\"307\" \/>\n\t<meta property=\"og:image:type\" content=\"image\/jpeg\" \/>\n<meta name=\"author\" content=\"Marc Widmann\" \/>\n<meta name=\"twitter:card\" content=\"summary_large_image\" \/>\n<meta name=\"twitter:label1\" content=\"Geschrieben von\" \/>\n\t<meta name=\"twitter:data1\" content=\"Marc Widmann\" \/>\n\t<meta name=\"twitter:label2\" content=\"Gesch\u00e4tzte Lesezeit\" \/>\n\t<meta name=\"twitter:data2\" content=\"2\u00a0Minuten\" \/>\n<script type=\"application\/ld+json\" class=\"yoast-schema-graph\">{\"@context\":\"https:\/\/schema.org\",\"@graph\":[{\"@type\":\"WebPage\",\"@id\":\"https:\/\/blog.zeit.de\/hamburg\/reeder-schluss-mit-ausflaggen\/\",\"url\":\"https:\/\/blog.zeit.de\/hamburg\/reeder-schluss-mit-ausflaggen\/\",\"name\":\"Reeder: Schluss mit dem Ausflaggen!\",\"isPartOf\":{\"@id\":\"https:\/\/blog.zeit.de\/hamburg\/#website\"},\"datePublished\":\"2015-10-30T18:37:25+00:00\",\"dateModified\":\"2015-10-30T18:37:25+00:00\",\"author\":{\"@id\":\"https:\/\/blog.zeit.de\/hamburg\/#\/schema\/person\/e14dd42b614be37f1fc5bdbff0c82c5c\"},\"description\":\"Lohnsteuer, Sozialversicherung: Die Politik verw\u00f6hnt Deutschlands Reeder mit gro\u00dfz\u00fcgigen Geschenken \u2013 jetzt sollten die sich revanchieren.\",\"breadcrumb\":{\"@id\":\"https:\/\/blog.zeit.de\/hamburg\/reeder-schluss-mit-ausflaggen\/#breadcrumb\"},\"inLanguage\":\"de\",\"potentialAction\":[{\"@type\":\"ReadAction\",\"target\":[\"https:\/\/blog.zeit.de\/hamburg\/reeder-schluss-mit-ausflaggen\/\"]}]},{\"@type\":\"BreadcrumbList\",\"@id\":\"https:\/\/blog.zeit.de\/hamburg\/reeder-schluss-mit-ausflaggen\/#breadcrumb\",\"itemListElement\":[{\"@type\":\"ListItem\",\"position\":1,\"name\":\"Startseite\",\"item\":\"https:\/\/blog.zeit.de\/hamburg\/\"},{\"@type\":\"ListItem\",\"position\":2,\"name\":\"Schluss mit dem Ausflaggen!\"}]},{\"@type\":\"WebSite\",\"@id\":\"https:\/\/blog.zeit.de\/hamburg\/#website\",\"url\":\"https:\/\/blog.zeit.de\/hamburg\/\",\"name\":\"Speersort 1\",\"description\":\"Das Hamburg-Blog\",\"potentialAction\":[{\"@type\":\"SearchAction\",\"target\":{\"@type\":\"EntryPoint\",\"urlTemplate\":\"https:\/\/blog.zeit.de\/hamburg\/?s={search_term_string}\"},\"query-input\":\"required name=search_term_string\"}],\"inLanguage\":\"de\"},{\"@type\":\"Person\",\"@id\":\"https:\/\/blog.zeit.de\/hamburg\/#\/schema\/person\/e14dd42b614be37f1fc5bdbff0c82c5c\",\"name\":\"Marc Widmann\",\"image\":{\"@type\":\"ImageObject\",\"inLanguage\":\"de\",\"@id\":\"https:\/\/blog.zeit.de\/hamburg\/#\/schema\/person\/image\/\",\"url\":\"https:\/\/secure.gravatar.com\/avatar\/d1a6450f4b62b5da4c2829e85e483821fcd295c8be9db77e197a11e33eb5ed5b?s=96&d=mm&r=g\",\"contentUrl\":\"https:\/\/secure.gravatar.com\/avatar\/d1a6450f4b62b5da4c2829e85e483821fcd295c8be9db77e197a11e33eb5ed5b?s=96&d=mm&r=g\",\"caption\":\"Marc Widmann\"},\"description\":\"ist stellvertretender Ressortleiter von ZEIT Hamburg\",\"url\":\"https:\/\/blog.zeit.de\/hamburg\/author\/marcwidmann\/\"}]}<\/script>\n<!-- \/ Yoast SEO plugin. -->","yoast_head_json":{"title":"Reeder: Schluss mit dem Ausflaggen!","description":"Lohnsteuer, Sozialversicherung: Die Politik verw\u00f6hnt Deutschlands Reeder mit gro\u00dfz\u00fcgigen Geschenken \u2013 jetzt sollten die sich revanchieren.","robots":{"index":"index","follow":"follow","max-snippet":"max-snippet:-1","max-image-preview":"max-image-preview:large","max-video-preview":"max-video-preview:-1"},"canonical":"https:\/\/blog.zeit.de\/hamburg\/reeder-schluss-mit-ausflaggen\/","og_locale":"de_DE","og_type":"article","og_title":"Reeder: Schluss mit dem Ausflaggen!","og_description":"Lohnsteuer, Sozialversicherung: Die Politik verw\u00f6hnt Deutschlands Reeder mit gro\u00dfz\u00fcgigen Geschenken \u2013 jetzt sollten die sich revanchieren.","og_url":"https:\/\/blog.zeit.de\/hamburg\/reeder-schluss-mit-ausflaggen\/","og_site_name":"Speersort 1","article_published_time":"2015-10-30T18:37:25+00:00","og_image":[{"width":500,"height":307,"url":"https:\/\/blog.zeit.de\/hamburg\/files\/2015\/10\/a-schiffe.jpg","type":"image\/jpeg"}],"author":"Marc Widmann","twitter_card":"summary_large_image","twitter_misc":{"Geschrieben von":"Marc Widmann","Gesch\u00e4tzte Lesezeit":"2\u00a0Minuten"},"schema":{"@context":"https:\/\/schema.org","@graph":[{"@type":"WebPage","@id":"https:\/\/blog.zeit.de\/hamburg\/reeder-schluss-mit-ausflaggen\/","url":"https:\/\/blog.zeit.de\/hamburg\/reeder-schluss-mit-ausflaggen\/","name":"Reeder: Schluss mit dem Ausflaggen!","isPartOf":{"@id":"https:\/\/blog.zeit.de\/hamburg\/#website"},"datePublished":"2015-10-30T18:37:25+00:00","dateModified":"2015-10-30T18:37:25+00:00","author":{"@id":"https:\/\/blog.zeit.de\/hamburg\/#\/schema\/person\/e14dd42b614be37f1fc5bdbff0c82c5c"},"description":"Lohnsteuer, Sozialversicherung: Die Politik verw\u00f6hnt Deutschlands Reeder mit gro\u00dfz\u00fcgigen Geschenken \u2013 jetzt sollten die sich revanchieren.","breadcrumb":{"@id":"https:\/\/blog.zeit.de\/hamburg\/reeder-schluss-mit-ausflaggen\/#breadcrumb"},"inLanguage":"de","potentialAction":[{"@type":"ReadAction","target":["https:\/\/blog.zeit.de\/hamburg\/reeder-schluss-mit-ausflaggen\/"]}]},{"@type":"BreadcrumbList","@id":"https:\/\/blog.zeit.de\/hamburg\/reeder-schluss-mit-ausflaggen\/#breadcrumb","itemListElement":[{"@type":"ListItem","position":1,"name":"Startseite","item":"https:\/\/blog.zeit.de\/hamburg\/"},{"@type":"ListItem","position":2,"name":"Schluss mit dem Ausflaggen!"}]},{"@type":"WebSite","@id":"https:\/\/blog.zeit.de\/hamburg\/#website","url":"https:\/\/blog.zeit.de\/hamburg\/","name":"Speersort 1","description":"Das Hamburg-Blog","potentialAction":[{"@type":"SearchAction","target":{"@type":"EntryPoint","urlTemplate":"https:\/\/blog.zeit.de\/hamburg\/?s={search_term_string}"},"query-input":"required name=search_term_string"}],"inLanguage":"de"},{"@type":"Person","@id":"https:\/\/blog.zeit.de\/hamburg\/#\/schema\/person\/e14dd42b614be37f1fc5bdbff0c82c5c","name":"Marc Widmann","image":{"@type":"ImageObject","inLanguage":"de","@id":"https:\/\/blog.zeit.de\/hamburg\/#\/schema\/person\/image\/","url":"https:\/\/secure.gravatar.com\/avatar\/d1a6450f4b62b5da4c2829e85e483821fcd295c8be9db77e197a11e33eb5ed5b?s=96&d=mm&r=g","contentUrl":"https:\/\/secure.gravatar.com\/avatar\/d1a6450f4b62b5da4c2829e85e483821fcd295c8be9db77e197a11e33eb5ed5b?s=96&d=mm&r=g","caption":"Marc Widmann"},"description":"ist stellvertretender Ressortleiter von ZEIT Hamburg","url":"https:\/\/blog.zeit.de\/hamburg\/author\/marcwidmann\/"}]}},"jetpack_featured_media_url":"https:\/\/blog.zeit.de\/hamburg\/files\/2015\/10\/a-schiffe.jpg","jetpack_sharing_enabled":true,"_links":{"self":[{"href":"https:\/\/blog.zeit.de\/hamburg\/wp-json\/wp\/v2\/posts\/5296","targetHints":{"allow":["GET"]}}],"collection":[{"href":"https:\/\/blog.zeit.de\/hamburg\/wp-json\/wp\/v2\/posts"}],"about":[{"href":"https:\/\/blog.zeit.de\/hamburg\/wp-json\/wp\/v2\/types\/post"}],"author":[{"embeddable":true,"href":"https:\/\/blog.zeit.de\/hamburg\/wp-json\/wp\/v2\/users\/544"}],"replies":[{"embeddable":true,"href":"https:\/\/blog.zeit.de\/hamburg\/wp-json\/wp\/v2\/comments?post=5296"}],"version-history":[{"count":6,"href":"https:\/\/blog.zeit.de\/hamburg\/wp-json\/wp\/v2\/posts\/5296\/revisions"}],"predecessor-version":[{"id":5312,"href":"https:\/\/blog.zeit.de\/hamburg\/wp-json\/wp\/v2\/posts\/5296\/revisions\/5312"}],"wp:featuredmedia":[{"embeddable":true,"href":"https:\/\/blog.zeit.de\/hamburg\/wp-json\/wp\/v2\/media\/5310"}],"wp:attachment":[{"href":"https:\/\/blog.zeit.de\/hamburg\/wp-json\/wp\/v2\/media?parent=5296"}],"wp:term":[{"taxonomy":"category","embeddable":true,"href":"https:\/\/blog.zeit.de\/hamburg\/wp-json\/wp\/v2\/categories?post=5296"},{"taxonomy":"post_tag","embeddable":true,"href":"https:\/\/blog.zeit.de\/hamburg\/wp-json\/wp\/v2\/tags?post=5296"}],"curies":[{"name":"wp","href":"https:\/\/api.w.org\/{rel}","templated":true}]}}