{"id":5313,"date":"2015-11-02T15:32:11","date_gmt":"2015-11-02T14:32:11","guid":{"rendered":"http:\/\/blog.zeit.de\/hamburg\/?p=5313"},"modified":"2015-11-02T15:41:59","modified_gmt":"2015-11-02T14:41:59","slug":"fc-st-pauli-vfl-bochum","status":"publish","type":"post","link":"https:\/\/blog.zeit.de\/hamburg\/fc-st-pauli-vfl-bochum\/","title":{"rendered":"Nicht \u00e4rgern!"},"content":{"rendered":"<p><em>FC St. Paulis Kapit\u00e4n Lasse Sobiech vergibt in Bochum einen Elfmeter. Das Remis ist aus Hamburger Sicht trotzdem in Ordnung \u2013 und die beherzte Kontertaktik l\u00e4sst hoffen.<\/em><!--more--><\/p>\n<p>Es fing an mit einem langen Ball von Jan-Philipp Kalla. Der Mittelfeldspieler versuchte, Bochums Torh\u00fcter aus gro\u00dfer Entfernung zu \u00fcberwinden. Andreas Luthe parierte, aber fortan entwickelte sich ein offensiv gef\u00fchrtes Spiel, das st\u00e4ndig von einer H\u00e4lfte zur anderen wogte. So sehr, dass mich das Rewirpowerstadion an diesem Freitagabend an ein Gezeitenbecken erinnerte. Die Taktik des FC St. Pauli dabei: mit lang geschossenen B\u00e4llen aus der Abwehr heraus schnell umschalten.<\/p>\n<p>Die von Trainer Ewald Lienen vorgebende Strategie f\u00fchrte schnell zur F\u00fchrung: In der zehnten Minute verl\u00e4ngerte Lennart Thy einen der langen B\u00e4lle auf Marc Rzatkowski. Der Ex-Bochumer lief sofort in den Strafraum und flankte auf Kalla, der mit dem Kopf in die rechte Torecke traf.<\/p>\n<p>Die Bochumer boten im Gegenzug ihren bef\u00fcrchteten Offensivfu\u00dfball an. Immer wieder tauchten sie mit ihren gro\u00df gewachsenen Offensivspielern im Strafraum des FC St. Pauli auf und vollf\u00fchrten dabei sehenswerte Ball- und Kopfballstafetten \u00fcber viele Stationen. Unsere Verteidiger sahen dabei das eine oder andere Mal \u00fcberfordert aus.<\/p>\n<p>Folgerichtig war es dann auch ein solcher Hin-und-Her-Angriff, der zum Ausgleich in der 12. Spielminute f\u00fchrte. Abgeschlossen wurde er vom b\u00e4renstarken Simon Terodde. Nachdem unser Torh\u00fcter Robin Himmelmann den ersten Schuss eines anderen Bochumers noch abwehren konnte, war es der Ex-Unioner, der den Ball ins Netz bef\u00f6rderte.<\/p>\n<p>Verharrten die Spieler des FC St. Pauli in der Vorwoche gegen den SC Freiburg noch oft in der eigenen Spielh\u00e4lfte, konterten sie im Spiel gegen Bochum entschlossener. Immer wieder f\u00fchrten weite B\u00e4lle zu diagonalen Anspielen in den Strafraum.<\/p>\n<p>In der 67. Minute gelangte eine dieser Flanken zu Jeremy Dudziak, den nur noch ein Foul stoppen konnte. Schiedsrichter Felix Zwayer entschied auf Elfmeter. Kapit\u00e4n Lasse Sobiech wuchtete ihn allerdings \u00fcber das Bochumer Tor.<\/p>\n<p>Es blieb beim Unentschieden. Gl\u00fccklicherweise, muss man sagen. Denn zum Ende der Begegnung hin belagerten die Bochumer pausenlos den Strafraum des FC St. Pauli. Am gef\u00e4hrlichsten wurde es in der 75. Minute, als Jan\u00a0\u0160im\u016fnek einen Volleyschuss abgab \u2013 und dieser an der Torlatte landete.<\/p>\n<p>Auch wenn das Unentschieden am Ende ein wenig schmeichelhaft war: Kontern die Spieler um Marc Rzatkowski weiter so beherzt und schnell, ist der n\u00e4chste Sieg nicht weit entfernt. Vielleicht gelingt er ja schon am n\u00e4chsten Spieltag gegen die Fortuna vom Rhein.<\/p>\n","protected":false},"excerpt":{"rendered":"<p>FC St. Paulis Kapit\u00e4n Lasse Sobiech vergibt in Bochum einen Elfmeter. Das Remis ist aus Hamburger Sicht trotzdem in Ordnung \u2013 und die beherzte Kontertaktik l\u00e4sst hoffen.<\/p>\n","protected":false},"author":474,"featured_media":5342,"comment_status":"open","ping_status":"open","sticky":false,"template":"","format":"standard","meta":{"_jetpack_memberships_contains_paid_content":false,"footnotes":""},"categories":[16],"tags":[31480,31529,34745],"class_list":["post-5313","post","type-post","status-publish","format-standard","has-post-thumbnail","hentry","category-allgemein","tag-auswaerts","tag-unentschieden","tag-vfl-bochum"],"yoast_head":"<!-- This site is optimized with the Yoast SEO plugin v21.0 - https:\/\/yoast.com\/wordpress\/plugins\/seo\/ -->\n<title>FC St. Pauli: Nicht \u00e4rgern!<\/title>\n<meta name=\"description\" content=\"FC St. Paulis Kapit\u00e4n Lasse Sobiech vergibt in Bochum einen Elfmeter. Das Remis ist aus Hamburger Sicht trotzdem in Ordnung \u2013 und die beherzte Kontertaktik l\u00e4sst hoffen.\" \/>\n<meta name=\"robots\" content=\"index, follow, max-snippet:-1, max-image-preview:large, max-video-preview:-1\" \/>\n<link rel=\"canonical\" href=\"https:\/\/blog.zeit.de\/hamburg\/fc-st-pauli-vfl-bochum\/\" \/>\n<meta property=\"og:locale\" content=\"de_DE\" \/>\n<meta property=\"og:type\" content=\"article\" \/>\n<meta property=\"og:title\" content=\"FC St. Pauli: Nicht \u00e4rgern!\" \/>\n<meta property=\"og:description\" content=\"FC St. Paulis Kapit\u00e4n Lasse Sobiech vergibt in Bochum einen Elfmeter. Das Remis ist aus Hamburger Sicht trotzdem in Ordnung \u2013 und die beherzte Kontertaktik l\u00e4sst hoffen.\" \/>\n<meta property=\"og:url\" content=\"https:\/\/blog.zeit.de\/hamburg\/fc-st-pauli-vfl-bochum\/\" \/>\n<meta property=\"og:site_name\" content=\"Speersort 1\" \/>\n<meta property=\"article:author\" content=\"https:\/\/www.facebook.com\/stpaulinu\" \/>\n<meta property=\"article:published_time\" content=\"2015-11-02T14:32:11+00:00\" \/>\n<meta property=\"article:modified_time\" content=\"2015-11-02T14:41:59+00:00\" \/>\n<meta property=\"og:image\" content=\"https:\/\/blog.zeit.de\/hamburg\/files\/2015\/11\/63152658.jpg\" \/>\n\t<meta property=\"og:image:width\" content=\"2687\" \/>\n\t<meta property=\"og:image:height\" content=\"1710\" \/>\n\t<meta property=\"og:image:type\" content=\"image\/jpeg\" \/>\n<meta name=\"author\" content=\"Erik Hauth\" \/>\n<meta name=\"twitter:card\" content=\"summary_large_image\" \/>\n<meta name=\"twitter:creator\" content=\"@ring2\" \/>\n<meta name=\"twitter:label1\" content=\"Geschrieben von\" \/>\n\t<meta name=\"twitter:data1\" content=\"Erik Hauth\" \/>\n\t<meta name=\"twitter:label2\" content=\"Gesch\u00e4tzte Lesezeit\" \/>\n\t<meta name=\"twitter:data2\" content=\"2\u00a0Minuten\" \/>\n<script type=\"application\/ld+json\" class=\"yoast-schema-graph\">{\"@context\":\"https:\/\/schema.org\",\"@graph\":[{\"@type\":\"WebPage\",\"@id\":\"https:\/\/blog.zeit.de\/hamburg\/fc-st-pauli-vfl-bochum\/\",\"url\":\"https:\/\/blog.zeit.de\/hamburg\/fc-st-pauli-vfl-bochum\/\",\"name\":\"FC St. Pauli: Nicht \u00e4rgern!\",\"isPartOf\":{\"@id\":\"https:\/\/blog.zeit.de\/hamburg\/#website\"},\"datePublished\":\"2015-11-02T14:32:11+00:00\",\"dateModified\":\"2015-11-02T14:41:59+00:00\",\"author\":{\"@id\":\"https:\/\/blog.zeit.de\/hamburg\/#\/schema\/person\/ae2ae61edc5d6a5d6c384e5b44e91bd9\"},\"description\":\"FC St. Paulis Kapit\u00e4n Lasse Sobiech vergibt in Bochum einen Elfmeter. Das Remis ist aus Hamburger Sicht trotzdem in Ordnung \u2013 und die beherzte Kontertaktik l\u00e4sst hoffen.\",\"breadcrumb\":{\"@id\":\"https:\/\/blog.zeit.de\/hamburg\/fc-st-pauli-vfl-bochum\/#breadcrumb\"},\"inLanguage\":\"de\",\"potentialAction\":[{\"@type\":\"ReadAction\",\"target\":[\"https:\/\/blog.zeit.de\/hamburg\/fc-st-pauli-vfl-bochum\/\"]}]},{\"@type\":\"BreadcrumbList\",\"@id\":\"https:\/\/blog.zeit.de\/hamburg\/fc-st-pauli-vfl-bochum\/#breadcrumb\",\"itemListElement\":[{\"@type\":\"ListItem\",\"position\":1,\"name\":\"Startseite\",\"item\":\"https:\/\/blog.zeit.de\/hamburg\/\"},{\"@type\":\"ListItem\",\"position\":2,\"name\":\"Nicht \u00e4rgern!\"}]},{\"@type\":\"WebSite\",\"@id\":\"https:\/\/blog.zeit.de\/hamburg\/#website\",\"url\":\"https:\/\/blog.zeit.de\/hamburg\/\",\"name\":\"Speersort 1\",\"description\":\"Das Hamburg-Blog\",\"potentialAction\":[{\"@type\":\"SearchAction\",\"target\":{\"@type\":\"EntryPoint\",\"urlTemplate\":\"https:\/\/blog.zeit.de\/hamburg\/?s={search_term_string}\"},\"query-input\":\"required name=search_term_string\"}],\"inLanguage\":\"de\"},{\"@type\":\"Person\",\"@id\":\"https:\/\/blog.zeit.de\/hamburg\/#\/schema\/person\/ae2ae61edc5d6a5d6c384e5b44e91bd9\",\"name\":\"Erik Hauth\",\"image\":{\"@type\":\"ImageObject\",\"inLanguage\":\"de\",\"@id\":\"https:\/\/blog.zeit.de\/hamburg\/#\/schema\/person\/image\/\",\"url\":\"https:\/\/secure.gravatar.com\/avatar\/5bd569312ecb276570adaac3712a105857e5a8df7356226c44cc446db9be2c74?s=96&d=mm&r=g\",\"contentUrl\":\"https:\/\/secure.gravatar.com\/avatar\/5bd569312ecb276570adaac3712a105857e5a8df7356226c44cc446db9be2c74?s=96&d=mm&r=g\",\"caption\":\"Erik Hauth\"},\"description\":\"ist aufgewachsen in Blankenese und betreibt das meistgelesene Blog \u00fcber den FC St. Pauli und seinen Stadtteil. Erik war am 16.2.2011 im Volksparkstadion und ist stolz darauf, sich deswegen \\\"Derbysieger\\\" nennen zu d\u00fcrfen.\",\"sameAs\":[\"https:\/\/www.stpaulinu.de\",\"https:\/\/www.facebook.com\/stpaulinu\",\"https:\/\/twitter.com\/ring2\"],\"url\":\"https:\/\/blog.zeit.de\/hamburg\/author\/ehauth\/\"}]}<\/script>\n<!-- \/ Yoast SEO plugin. -->","yoast_head_json":{"title":"FC St. Pauli: Nicht \u00e4rgern!","description":"FC St. Paulis Kapit\u00e4n Lasse Sobiech vergibt in Bochum einen Elfmeter. Das Remis ist aus Hamburger Sicht trotzdem in Ordnung \u2013 und die beherzte Kontertaktik l\u00e4sst hoffen.","robots":{"index":"index","follow":"follow","max-snippet":"max-snippet:-1","max-image-preview":"max-image-preview:large","max-video-preview":"max-video-preview:-1"},"canonical":"https:\/\/blog.zeit.de\/hamburg\/fc-st-pauli-vfl-bochum\/","og_locale":"de_DE","og_type":"article","og_title":"FC St. Pauli: Nicht \u00e4rgern!","og_description":"FC St. Paulis Kapit\u00e4n Lasse Sobiech vergibt in Bochum einen Elfmeter. Das Remis ist aus Hamburger Sicht trotzdem in Ordnung \u2013 und die beherzte Kontertaktik l\u00e4sst hoffen.","og_url":"https:\/\/blog.zeit.de\/hamburg\/fc-st-pauli-vfl-bochum\/","og_site_name":"Speersort 1","article_author":"https:\/\/www.facebook.com\/stpaulinu","article_published_time":"2015-11-02T14:32:11+00:00","article_modified_time":"2015-11-02T14:41:59+00:00","og_image":[{"width":2687,"height":1710,"url":"https:\/\/blog.zeit.de\/hamburg\/files\/2015\/11\/63152658.jpg","type":"image\/jpeg"}],"author":"Erik Hauth","twitter_card":"summary_large_image","twitter_creator":"@ring2","twitter_misc":{"Geschrieben von":"Erik Hauth","Gesch\u00e4tzte Lesezeit":"2\u00a0Minuten"},"schema":{"@context":"https:\/\/schema.org","@graph":[{"@type":"WebPage","@id":"https:\/\/blog.zeit.de\/hamburg\/fc-st-pauli-vfl-bochum\/","url":"https:\/\/blog.zeit.de\/hamburg\/fc-st-pauli-vfl-bochum\/","name":"FC St. Pauli: Nicht \u00e4rgern!","isPartOf":{"@id":"https:\/\/blog.zeit.de\/hamburg\/#website"},"datePublished":"2015-11-02T14:32:11+00:00","dateModified":"2015-11-02T14:41:59+00:00","author":{"@id":"https:\/\/blog.zeit.de\/hamburg\/#\/schema\/person\/ae2ae61edc5d6a5d6c384e5b44e91bd9"},"description":"FC St. Paulis Kapit\u00e4n Lasse Sobiech vergibt in Bochum einen Elfmeter. Das Remis ist aus Hamburger Sicht trotzdem in Ordnung \u2013 und die beherzte Kontertaktik l\u00e4sst hoffen.","breadcrumb":{"@id":"https:\/\/blog.zeit.de\/hamburg\/fc-st-pauli-vfl-bochum\/#breadcrumb"},"inLanguage":"de","potentialAction":[{"@type":"ReadAction","target":["https:\/\/blog.zeit.de\/hamburg\/fc-st-pauli-vfl-bochum\/"]}]},{"@type":"BreadcrumbList","@id":"https:\/\/blog.zeit.de\/hamburg\/fc-st-pauli-vfl-bochum\/#breadcrumb","itemListElement":[{"@type":"ListItem","position":1,"name":"Startseite","item":"https:\/\/blog.zeit.de\/hamburg\/"},{"@type":"ListItem","position":2,"name":"Nicht \u00e4rgern!"}]},{"@type":"WebSite","@id":"https:\/\/blog.zeit.de\/hamburg\/#website","url":"https:\/\/blog.zeit.de\/hamburg\/","name":"Speersort 1","description":"Das Hamburg-Blog","potentialAction":[{"@type":"SearchAction","target":{"@type":"EntryPoint","urlTemplate":"https:\/\/blog.zeit.de\/hamburg\/?s={search_term_string}"},"query-input":"required name=search_term_string"}],"inLanguage":"de"},{"@type":"Person","@id":"https:\/\/blog.zeit.de\/hamburg\/#\/schema\/person\/ae2ae61edc5d6a5d6c384e5b44e91bd9","name":"Erik Hauth","image":{"@type":"ImageObject","inLanguage":"de","@id":"https:\/\/blog.zeit.de\/hamburg\/#\/schema\/person\/image\/","url":"https:\/\/secure.gravatar.com\/avatar\/5bd569312ecb276570adaac3712a105857e5a8df7356226c44cc446db9be2c74?s=96&d=mm&r=g","contentUrl":"https:\/\/secure.gravatar.com\/avatar\/5bd569312ecb276570adaac3712a105857e5a8df7356226c44cc446db9be2c74?s=96&d=mm&r=g","caption":"Erik Hauth"},"description":"ist aufgewachsen in Blankenese und betreibt das meistgelesene Blog \u00fcber den FC St. Pauli und seinen Stadtteil. Erik war am 16.2.2011 im Volksparkstadion und ist stolz darauf, sich deswegen \"Derbysieger\" nennen zu d\u00fcrfen.","sameAs":["https:\/\/www.stpaulinu.de","https:\/\/www.facebook.com\/stpaulinu","https:\/\/twitter.com\/ring2"],"url":"https:\/\/blog.zeit.de\/hamburg\/author\/ehauth\/"}]}},"jetpack_featured_media_url":"https:\/\/blog.zeit.de\/hamburg\/files\/2015\/11\/63152658.jpg","jetpack_sharing_enabled":true,"_links":{"self":[{"href":"https:\/\/blog.zeit.de\/hamburg\/wp-json\/wp\/v2\/posts\/5313","targetHints":{"allow":["GET"]}}],"collection":[{"href":"https:\/\/blog.zeit.de\/hamburg\/wp-json\/wp\/v2\/posts"}],"about":[{"href":"https:\/\/blog.zeit.de\/hamburg\/wp-json\/wp\/v2\/types\/post"}],"author":[{"embeddable":true,"href":"https:\/\/blog.zeit.de\/hamburg\/wp-json\/wp\/v2\/users\/474"}],"replies":[{"embeddable":true,"href":"https:\/\/blog.zeit.de\/hamburg\/wp-json\/wp\/v2\/comments?post=5313"}],"version-history":[{"count":14,"href":"https:\/\/blog.zeit.de\/hamburg\/wp-json\/wp\/v2\/posts\/5313\/revisions"}],"predecessor-version":[{"id":5345,"href":"https:\/\/blog.zeit.de\/hamburg\/wp-json\/wp\/v2\/posts\/5313\/revisions\/5345"}],"wp:featuredmedia":[{"embeddable":true,"href":"https:\/\/blog.zeit.de\/hamburg\/wp-json\/wp\/v2\/media\/5342"}],"wp:attachment":[{"href":"https:\/\/blog.zeit.de\/hamburg\/wp-json\/wp\/v2\/media?parent=5313"}],"wp:term":[{"taxonomy":"category","embeddable":true,"href":"https:\/\/blog.zeit.de\/hamburg\/wp-json\/wp\/v2\/categories?post=5313"},{"taxonomy":"post_tag","embeddable":true,"href":"https:\/\/blog.zeit.de\/hamburg\/wp-json\/wp\/v2\/tags?post=5313"}],"curies":[{"name":"wp","href":"https:\/\/api.w.org\/{rel}","templated":true}]}}