{"id":532,"date":"2014-04-15T11:30:52","date_gmt":"2014-04-15T09:30:52","guid":{"rendered":"http:\/\/blog.zeit.de\/hamburg\/?p=532"},"modified":"2014-04-15T12:24:55","modified_gmt":"2014-04-15T10:24:55","slug":"hauptsache-gymnasium","status":"publish","type":"post","link":"https:\/\/blog.zeit.de\/hamburg\/hauptsache-gymnasium\/","title":{"rendered":"Hauptsache Gymnasium?!"},"content":{"rendered":"<p><span style=\"line-height: 1.5;\">Es gibt kaum ein Thema in der Hamburger Bildungspolitik, das so aufgeregt diskutiert wird wie die Frage G8 oder G9 an den Gymnasien. Ich finde diese Aufregung absurd. Wir sollten uns \u00fcber die Ausstattung der Schulen streiten, f\u00fcr mehr Lehrer k\u00e4mpfen, aber die Anzahl der Schuljahre ist nun wirklich ein Problem, das gel\u00f6st wurde.<!--more--><\/span><\/p>\n<p>Im Kern geht es nat\u00fcrlich \u00fcberhaupt nicht um Bildung bei der Auseinandersetzung um G8 und G9, sondern um Standesdenken. Es geht auch nicht um das Wohl des Kindes, sondern um das der Eltern. Unser Schulsystem stammt, wie so vieles, noch aus dem 19. Jahrhundert und gerade das Gymnasium als Institution symbolisiert mehr als andere den Anspruch, eine Schule f\u00fcr die Kinder aus besserem Hause zu sein. Da muss man sich gar nichts vormachen, die Stadtteilschule ist genauso stigmatisiert wie die Haupt- und Realschule es fr\u00fcher waren. Wer das Beste f\u00fcr seine Kinder will, der schickt sie zum Gymnasium, so jedenfalls ist die landl\u00e4ufige Meinung.<\/p>\n<p>Wenn jetzt G8 f\u00fcr einige Kinder zu anstrengend ist, dann ist die logische Konsequenz vieler Eltern nicht, das eigene Kind auf eine Stadtteilschule zu geben, damit dort mit G9 das Abitur erreicht werden kann, sondern dann soll bittesch\u00f6n das Gymnasium auch diesen Anspr\u00fcchen gen\u00fcgen.<\/p>\n<p>Ich komme aus dem Lauenburgischen und bin auf die Lauenburgische Gelehrtenschule in Ratzeburg gegangen. Dort war es \u00fcblich, dass Sch\u00fcler, die mit dem Gymnasium nicht zurecht kamen, nach Hamburg aufs Gymnasium geschickt wurden. &#8222;Dort schafft es jeder!&#8220;, hie\u00df es bei uns immer.<\/p>\n<p>&#8222;Hauptsache Gymnasium!&#8220; ist immer noch der Herzenswunsch vieler Eltern und das hat auch mit Zukunftschancen zu tun, vor allem aber eben mit Standesd\u00fcnkel und Besitzstandswahrung. Mir ist es ehrlich gesagt v\u00f6llig egal, ob f\u00fcr das Gymnasium G8 oder G9 gilt, mir ist es viel wichtiger, dass Schulpolitik sich langfristig orientiert und nicht jedes Jahr wieder engagierte Eltern eine Sau durchs Dorf treiben wollen, damit die Brut Nachmittags mehr Zeit f\u00fcr Japanisch, Reiten oder Ballett hat. Man kann auch mit einem vollen Stundenplan nachmittags noch Zeit f\u00fcr Aktivit\u00e4ten haben, aber vielleicht bietet G8 einen geeigneten Anlass, dar\u00fcber nachzudenken, wie vollgepackt die Nachmittage unserer Kinder wirklich sein sollten.<\/p>\n<p>Wenn allerdings auch die Gymnasien wieder auf G9 umschwenken sollten, dann wird damit die Existenz der Stadtteilschulen in Frage gestellt, was folgerichtig zur Diskussion f\u00fchren sollte, warum wir nicht endlich die alten Z\u00f6pfe aus der Bismarck-Zeit abschneiden und f\u00fcr alle Kinder eine weiterf\u00fchrende Schule anbieten, die so ausgestattet ist, dass sie den Vorlieben, aber auch den Bed\u00fcrfnissen der Kinder entspricht. Das f\u00e4nde ich sehr vern\u00fcnftig, denn dann k\u00f6nnte man auch endlich mal die Stundenpl\u00e4ne entschlacken, eine Programmiersprache als zweite Fremdsprache einf\u00fchren, h\u00e4tte mehr Auswahl bei den AGs, und und und.<\/p>\n<p>Ach, darum geht es den Bef\u00fcrwortern von G9 an den Gymnasien gar nicht? Sondern um weniger Leistungsorientierung bei Beibehaltung des Begriffes Gymnasium? Tja, ein Schelm, wer B\u00f6ses dabei denkt.<\/p>\n","protected":false},"excerpt":{"rendered":"<p>Es gibt kaum ein Thema in der Hamburger Bildungspolitik, das so aufgeregt diskutiert wird wie die Frage G8 oder G9 an den Gymnasien. Ich finde diese Aufregung absurd. Wir sollten uns \u00fcber die Ausstattung der Schulen streiten, f\u00fcr mehr Lehrer k\u00e4mpfen, aber die Anzahl der Schuljahre ist nun wirklich ein Problem, das gel\u00f6st wurde.<\/p>\n","protected":false},"author":470,"featured_media":0,"comment_status":"open","ping_status":"open","sticky":false,"template":"","format":"standard","meta":{"_jetpack_memberships_contains_paid_content":false,"footnotes":""},"categories":[16],"tags":[31420],"class_list":["post-532","post","type-post","status-publish","format-standard","hentry","category-allgemein","tag-gymnasium-stadtteilschule"],"yoast_head":"<!-- This site is optimized with the Yoast SEO plugin v21.0 - https:\/\/yoast.com\/wordpress\/plugins\/seo\/ -->\n<title>Hauptsache Gymnasium?! - Speersort 1 - ZEIT ONLINE<\/title>\n<meta name=\"robots\" content=\"index, follow, max-snippet:-1, max-image-preview:large, max-video-preview:-1\" \/>\n<link rel=\"canonical\" href=\"https:\/\/blog.zeit.de\/hamburg\/hauptsache-gymnasium\/\" \/>\n<meta property=\"og:locale\" content=\"de_DE\" \/>\n<meta property=\"og:type\" content=\"article\" \/>\n<meta property=\"og:title\" content=\"Hauptsache Gymnasium?! - Speersort 1 - ZEIT ONLINE\" \/>\n<meta property=\"og:description\" content=\"Es gibt kaum ein Thema in der Hamburger Bildungspolitik, das so aufgeregt diskutiert wird wie die Frage G8 oder G9 an den Gymnasien. Ich finde diese Aufregung absurd. Wir sollten uns \u00fcber die Ausstattung der Schulen streiten, f\u00fcr mehr Lehrer k\u00e4mpfen, aber die Anzahl der Schuljahre ist nun wirklich ein Problem, das gel\u00f6st wurde.\" \/>\n<meta property=\"og:url\" content=\"https:\/\/blog.zeit.de\/hamburg\/hauptsache-gymnasium\/\" \/>\n<meta property=\"og:site_name\" content=\"Speersort 1\" \/>\n<meta property=\"article:published_time\" content=\"2014-04-15T09:30:52+00:00\" \/>\n<meta property=\"article:modified_time\" content=\"2014-04-15T10:24:55+00:00\" \/>\n<meta name=\"author\" content=\"Nico Lumma\" \/>\n<meta name=\"twitter:card\" content=\"summary_large_image\" \/>\n<meta name=\"twitter:creator\" content=\"@nico\" \/>\n<meta name=\"twitter:label1\" content=\"Geschrieben von\" \/>\n\t<meta name=\"twitter:data1\" content=\"Nico Lumma\" \/>\n\t<meta name=\"twitter:label2\" content=\"Gesch\u00e4tzte Lesezeit\" \/>\n\t<meta name=\"twitter:data2\" content=\"3\u00a0Minuten\" \/>\n<script type=\"application\/ld+json\" class=\"yoast-schema-graph\">{\"@context\":\"https:\/\/schema.org\",\"@graph\":[{\"@type\":\"WebPage\",\"@id\":\"https:\/\/blog.zeit.de\/hamburg\/hauptsache-gymnasium\/\",\"url\":\"https:\/\/blog.zeit.de\/hamburg\/hauptsache-gymnasium\/\",\"name\":\"Hauptsache Gymnasium?! - Speersort 1 - ZEIT ONLINE\",\"isPartOf\":{\"@id\":\"https:\/\/blog.zeit.de\/hamburg\/#website\"},\"datePublished\":\"2014-04-15T09:30:52+00:00\",\"dateModified\":\"2014-04-15T10:24:55+00:00\",\"author\":{\"@id\":\"https:\/\/blog.zeit.de\/hamburg\/#\/schema\/person\/ff2a680a8746bbb204e4685b01740d7c\"},\"breadcrumb\":{\"@id\":\"https:\/\/blog.zeit.de\/hamburg\/hauptsache-gymnasium\/#breadcrumb\"},\"inLanguage\":\"de\",\"potentialAction\":[{\"@type\":\"ReadAction\",\"target\":[\"https:\/\/blog.zeit.de\/hamburg\/hauptsache-gymnasium\/\"]}]},{\"@type\":\"BreadcrumbList\",\"@id\":\"https:\/\/blog.zeit.de\/hamburg\/hauptsache-gymnasium\/#breadcrumb\",\"itemListElement\":[{\"@type\":\"ListItem\",\"position\":1,\"name\":\"Startseite\",\"item\":\"https:\/\/blog.zeit.de\/hamburg\/\"},{\"@type\":\"ListItem\",\"position\":2,\"name\":\"Hauptsache Gymnasium?!\"}]},{\"@type\":\"WebSite\",\"@id\":\"https:\/\/blog.zeit.de\/hamburg\/#website\",\"url\":\"https:\/\/blog.zeit.de\/hamburg\/\",\"name\":\"Speersort 1\",\"description\":\"Das Hamburg-Blog\",\"potentialAction\":[{\"@type\":\"SearchAction\",\"target\":{\"@type\":\"EntryPoint\",\"urlTemplate\":\"https:\/\/blog.zeit.de\/hamburg\/?s={search_term_string}\"},\"query-input\":\"required name=search_term_string\"}],\"inLanguage\":\"de\"},{\"@type\":\"Person\",\"@id\":\"https:\/\/blog.zeit.de\/hamburg\/#\/schema\/person\/ff2a680a8746bbb204e4685b01740d7c\",\"name\":\"Nico Lumma\",\"image\":{\"@type\":\"ImageObject\",\"inLanguage\":\"de\",\"@id\":\"https:\/\/blog.zeit.de\/hamburg\/#\/schema\/person\/image\/\",\"url\":\"https:\/\/secure.gravatar.com\/avatar\/ca332751ab24e20a543d50b25ca760b2d9344664c013aec67b7d5eaf0e1dccb8?s=96&d=mm&r=g\",\"contentUrl\":\"https:\/\/secure.gravatar.com\/avatar\/ca332751ab24e20a543d50b25ca760b2d9344664c013aec67b7d5eaf0e1dccb8?s=96&d=mm&r=g\",\"caption\":\"Nico Lumma\"},\"description\":\"ist Berater und Autor in Hamburg. Er bloggt seit vielen Jahren auf lumma.de und ist seit 1995 nicht mehr offline gewesen. Er ist Mitglied im Gespr\u00e4chskreis Netzpolitik des SPD-Parteivorstandes.\",\"sameAs\":[\"http:\/\/lumma.de\",\"https:\/\/twitter.com\/nico\"],\"url\":\"https:\/\/blog.zeit.de\/hamburg\/author\/nlumma\/\"}]}<\/script>\n<!-- \/ Yoast SEO plugin. -->","yoast_head_json":{"title":"Hauptsache Gymnasium?! - Speersort 1 - ZEIT ONLINE","robots":{"index":"index","follow":"follow","max-snippet":"max-snippet:-1","max-image-preview":"max-image-preview:large","max-video-preview":"max-video-preview:-1"},"canonical":"https:\/\/blog.zeit.de\/hamburg\/hauptsache-gymnasium\/","og_locale":"de_DE","og_type":"article","og_title":"Hauptsache Gymnasium?! - Speersort 1 - ZEIT ONLINE","og_description":"Es gibt kaum ein Thema in der Hamburger Bildungspolitik, das so aufgeregt diskutiert wird wie die Frage G8 oder G9 an den Gymnasien. Ich finde diese Aufregung absurd. Wir sollten uns \u00fcber die Ausstattung der Schulen streiten, f\u00fcr mehr Lehrer k\u00e4mpfen, aber die Anzahl der Schuljahre ist nun wirklich ein Problem, das gel\u00f6st wurde.","og_url":"https:\/\/blog.zeit.de\/hamburg\/hauptsache-gymnasium\/","og_site_name":"Speersort 1","article_published_time":"2014-04-15T09:30:52+00:00","article_modified_time":"2014-04-15T10:24:55+00:00","author":"Nico Lumma","twitter_card":"summary_large_image","twitter_creator":"@nico","twitter_misc":{"Geschrieben von":"Nico Lumma","Gesch\u00e4tzte Lesezeit":"3\u00a0Minuten"},"schema":{"@context":"https:\/\/schema.org","@graph":[{"@type":"WebPage","@id":"https:\/\/blog.zeit.de\/hamburg\/hauptsache-gymnasium\/","url":"https:\/\/blog.zeit.de\/hamburg\/hauptsache-gymnasium\/","name":"Hauptsache Gymnasium?! - Speersort 1 - ZEIT ONLINE","isPartOf":{"@id":"https:\/\/blog.zeit.de\/hamburg\/#website"},"datePublished":"2014-04-15T09:30:52+00:00","dateModified":"2014-04-15T10:24:55+00:00","author":{"@id":"https:\/\/blog.zeit.de\/hamburg\/#\/schema\/person\/ff2a680a8746bbb204e4685b01740d7c"},"breadcrumb":{"@id":"https:\/\/blog.zeit.de\/hamburg\/hauptsache-gymnasium\/#breadcrumb"},"inLanguage":"de","potentialAction":[{"@type":"ReadAction","target":["https:\/\/blog.zeit.de\/hamburg\/hauptsache-gymnasium\/"]}]},{"@type":"BreadcrumbList","@id":"https:\/\/blog.zeit.de\/hamburg\/hauptsache-gymnasium\/#breadcrumb","itemListElement":[{"@type":"ListItem","position":1,"name":"Startseite","item":"https:\/\/blog.zeit.de\/hamburg\/"},{"@type":"ListItem","position":2,"name":"Hauptsache Gymnasium?!"}]},{"@type":"WebSite","@id":"https:\/\/blog.zeit.de\/hamburg\/#website","url":"https:\/\/blog.zeit.de\/hamburg\/","name":"Speersort 1","description":"Das Hamburg-Blog","potentialAction":[{"@type":"SearchAction","target":{"@type":"EntryPoint","urlTemplate":"https:\/\/blog.zeit.de\/hamburg\/?s={search_term_string}"},"query-input":"required name=search_term_string"}],"inLanguage":"de"},{"@type":"Person","@id":"https:\/\/blog.zeit.de\/hamburg\/#\/schema\/person\/ff2a680a8746bbb204e4685b01740d7c","name":"Nico Lumma","image":{"@type":"ImageObject","inLanguage":"de","@id":"https:\/\/blog.zeit.de\/hamburg\/#\/schema\/person\/image\/","url":"https:\/\/secure.gravatar.com\/avatar\/ca332751ab24e20a543d50b25ca760b2d9344664c013aec67b7d5eaf0e1dccb8?s=96&d=mm&r=g","contentUrl":"https:\/\/secure.gravatar.com\/avatar\/ca332751ab24e20a543d50b25ca760b2d9344664c013aec67b7d5eaf0e1dccb8?s=96&d=mm&r=g","caption":"Nico Lumma"},"description":"ist Berater und Autor in Hamburg. Er bloggt seit vielen Jahren auf lumma.de und ist seit 1995 nicht mehr offline gewesen. Er ist Mitglied im Gespr\u00e4chskreis Netzpolitik des SPD-Parteivorstandes.","sameAs":["http:\/\/lumma.de","https:\/\/twitter.com\/nico"],"url":"https:\/\/blog.zeit.de\/hamburg\/author\/nlumma\/"}]}},"jetpack_featured_media_url":"","jetpack_sharing_enabled":true,"_links":{"self":[{"href":"https:\/\/blog.zeit.de\/hamburg\/wp-json\/wp\/v2\/posts\/532","targetHints":{"allow":["GET"]}}],"collection":[{"href":"https:\/\/blog.zeit.de\/hamburg\/wp-json\/wp\/v2\/posts"}],"about":[{"href":"https:\/\/blog.zeit.de\/hamburg\/wp-json\/wp\/v2\/types\/post"}],"author":[{"embeddable":true,"href":"https:\/\/blog.zeit.de\/hamburg\/wp-json\/wp\/v2\/users\/470"}],"replies":[{"embeddable":true,"href":"https:\/\/blog.zeit.de\/hamburg\/wp-json\/wp\/v2\/comments?post=532"}],"version-history":[{"count":8,"href":"https:\/\/blog.zeit.de\/hamburg\/wp-json\/wp\/v2\/posts\/532\/revisions"}],"predecessor-version":[{"id":559,"href":"https:\/\/blog.zeit.de\/hamburg\/wp-json\/wp\/v2\/posts\/532\/revisions\/559"}],"wp:attachment":[{"href":"https:\/\/blog.zeit.de\/hamburg\/wp-json\/wp\/v2\/media?parent=532"}],"wp:term":[{"taxonomy":"category","embeddable":true,"href":"https:\/\/blog.zeit.de\/hamburg\/wp-json\/wp\/v2\/categories?post=532"},{"taxonomy":"post_tag","embeddable":true,"href":"https:\/\/blog.zeit.de\/hamburg\/wp-json\/wp\/v2\/tags?post=532"}],"curies":[{"name":"wp","href":"https:\/\/api.w.org\/{rel}","templated":true}]}}