{"id":5702,"date":"2015-12-11T16:41:25","date_gmt":"2015-12-11T15:41:25","guid":{"rendered":"http:\/\/blog.zeit.de\/hamburg\/?p=5702"},"modified":"2015-12-11T16:41:25","modified_gmt":"2015-12-11T15:41:25","slug":"stephan-karrenbauer-interview","status":"publish","type":"post","link":"https:\/\/blog.zeit.de\/hamburg\/stephan-karrenbauer-interview\/","title":{"rendered":"&#8222;Ihre Ressentiments sind ein St\u00fcck weit nachvollziehbar&#8220;"},"content":{"rendered":"<p><em>Wie reagieren Obdachlose darauf, dass f\u00fcr Fl\u00fcchtlinge auf die Schnelle Unterk\u00fcnfte gebaut werden? Sozialarbeiter Stephan Karrenbauer beobachtet viel Neid.<\/em><br \/>\n<!--more--><\/p>\n<p><em>Interview: Lea Freist<\/em><\/p>\n<p>Am Freitagmorgen ist es bereits voll in der Zentrale des Stra\u00dfenmagazins <em>Hinz &amp; Kunzt<\/em>. Die Verk\u00e4ufer erwerben hier einen Stapel neuer Zeitschriften, die sie sp\u00e4ter an verschiedenen Stellen in Hamburg und <a href=\"http:\/\/www.eimsbuetteler-nachrichten.de\/category\/stadtteile\/eimsbuettel\/\">Eimsb\u00fcttel<\/a> anbieten. Sie scherzen, tauschen sich \u00fcber das Gesch\u00e4ft aus und trinken eine Tasse Tee, bevor sie wieder nach drau\u00dfen in den Nieselregen verschwinden. Stephan Karrenbauer ist Sozialarbeiter und Sprecher bei Hinz &amp; Kunzt. Er ber\u00e4t die Verk\u00e4ufer bei Sucht, Einsamkeit und Geldsorgen. Karrenbauer arbeitet in einem kleinen B\u00fcro mit Glasfront, aus dem er das Gewusel im Vorderraum im Blick hat. Nur wenige hundert Meter entfernt vom <em>Hinz &amp; Kunzt<\/em>-Quartier an der Steinstra\u00dfe liegt der Hamburger Hauptbahnhof, an dem t\u00e4glich neue Fl\u00fcchtlinge ankommen und umsorgt werden.<\/p>\n<p><strong>Eimsb\u00fctteler Nachrichten<\/strong>: Herr Karrenbauer, wie ist die Stimmung unter den Obdachlosen gegen\u00fcber Fl\u00fcchtlingen?<\/p>\n<p><strong>Stephan Karrenbauer<\/strong>: Die Stimmung ist schlecht. In den Medien lesen die Obdachlosen, dass Unterk\u00fcnfte f\u00fcr Fl\u00fcchtlinge in Hamburg geschaffen werden. Egal, wie die jetzt tats\u00e4chlich aussehen: Sie lesen \u00dcberschriften wie &#8222;Es werden Unterk\u00fcnfte geschaffen&#8220; oder &#8222;Fl\u00fcchtlinge m\u00fcssen untergebracht werden&#8220; und f\u00fchlen sich schon ein St\u00fcck weit verletzt. Da kommt Neid auf. Obdachlose sp\u00fcren, dass sie bisher wenig \u2013 und jetzt gar nicht mehr \u2013 wahrgenommen werden. Das sch\u00fcrt den Verteilungskampf. Das macht sich auch bei uns im Projekt bemerkbar mit Beleidigungen und Vorurteilen gegen\u00fcber den Fl\u00fcchtlingen. Wobei es in der Gesellschaft schon bevor die Fl\u00fcchtlinge gekommen sind so war, dass Obdachlose ganz hinten anstanden und nichts bekommen haben.<\/p>\n<p><strong>Eimsb\u00fctteler Nachrichten<\/strong>: Nehmen ihnen die Fl\u00fcchtlinge denn etwas weg?<\/p>\n<p><strong>Karrenbauer<\/strong>: Nein, weil die Obdachlosen schon vorher nichts hatten. Und die Obdachlosen sind nicht erst durch die Fl\u00fcchtlinge ins Hintertreffen geraten. Sie waren es schon, bevor vor dem Krieg geflohene Syrer und Afghanen kamen. Was ich entscheidend finde, ist die Tatsache, dass wir, der normale Mittelstand, seine Kleidung spendet und sich dabei gut f\u00fchlt: Wir haben das Gef\u00fchl, etwas dazu beizutragen, dass es den Fl\u00fcchtlingen besser geht. Aber wir haben es auch leicht, die Guten zu sein. Menschen, die nichts haben, k\u00f6nnen auch nichts geben. Noch nicht einmal emotionale W\u00e4rme. Die sind selbst extrem bed\u00fcrftig. Deswegen bin ich immer sehr nachsichtig bei den Obdachlosen, die sich verletzt f\u00fchlen und einen doofen Spruch bringen. Es dauert sehr lange, bis wir bei <em>Hinz &amp; Kunzt<\/em> Hausverbot erteilen, weil ich Ressentiments ein St\u00fcck weit nachvollziehen kann. Sie sind Ausdruck davon, wie schlecht es den Obdachlosen geht.<\/p>\n<p><figure id=\"attachment_31653\" aria-describedby=\"caption-attachment-31653\" style=\"width: 201px\" class=\"wp-caption alignleft\"><a class=\"fancybox image\" href=\"http:\/\/www.eimsbuetteler-nachrichten.de\/wp-content\/uploads\/2015\/12\/DSC_03341-e1449591234691.jpg\"><img loading=\"lazy\" decoding=\"async\" class=\"wp-image-31653 size-medium\" src=\"http:\/\/www.eimsbuetteler-nachrichten.de\/wp-content\/uploads\/2015\/12\/DSC_03341-201x300.jpg\" alt=\"\" width=\"201\" height=\"300\" \/><\/a><figcaption id=\"caption-attachment-31653\" class=\"wp-caption-text\">Stephan Karrenbauer, Sozialarbeiter in der Anlaufstelle des Obdachlosen-Magazins Hinz &amp; Kunzt. Foto: Lea Freist<\/figcaption><\/figure><\/p>\n<p><strong>Eimsb\u00fctteler Nachrichten<\/strong>: Wie oft kommt es denn vor, dass die Obdachlosen Vorurteile \u00e4u\u00dfern?<\/p>\n<p><strong>Karrenbauer<\/strong>: Es sind Einzelne, die Stimmung machen und das wird untereinander weitergetragen, die Sorge und der Neid verbreiten sich wie ein Lauffeuer unter den Obdachlosen. Aber ich merke, sobald sie eine feste Unterkunft haben, denken sie anders. Wir haben jetzt gerade am Hamburger Flughafen ein Projekt initiiert, bei dem Obdachlose Pfandflaschen sammeln. Vier Leute haben dadurch einen festen Arbeitsplatz bekommen und vor allem eine gesicherte Unterkunft. Jeden Monat finden sie rund f\u00fcnfzig geschlossene Getr\u00e4nkeflaschen, die in die Tonne geschmissen werden, und heben sie auf. Das erste was sie gesagt haben: &#8222;Mensch, die k\u00f6nnen wir doch den Fl\u00fcchtlingen bringen.&#8220; Was ich sagen will: Wenn die Obdachlosen etwas haben und geben k\u00f6nnen, sind sie vielleicht sogar st\u00e4rker als andere dazu bereit zu helfen. Weil sie wissen, wie es sich anf\u00fchlt bed\u00fcrftig zu sein.<\/p>\n<p><strong>Eimsb\u00fctteler Nachrichten<\/strong>: Sie haben vor einer Weile zusammen mit einer Gruppe von Obdachlosen die Fl\u00fcchtlingsunterkunft in den Messehallen besucht. Was sollte dieser Auflug bezwecken?<\/p>\n<p><strong>Karrenbauer<\/strong>: Wir haben beschlossen, mit einigen Obdachlosen, die sehr massiv Stimmung bei uns machen, gemeinsam eine Unterbringung zu besuchen. Als wir dort aufgetaucht sind und anschlie\u00dfend mit Fl\u00fcchtlingen gesprochen haben, herrschte eine beklemmende Stille. Niemand hat mehr etwas gesagt, auch die lautesten nicht. Denn so will niemand untergebracht werden: fast \u00fcber tausend Menschen in der Halle, eng zusammengepfercht, manche nur auf d\u00fcnnen Matratzen auf dem Boden gebettet. Das war schon gespenstisch. Dagegen schien den &#8222;Hinz und K\u00fcnztlern&#8220; das Pik As, eine \u00dcbernachtungsst\u00e4tte f\u00fcr Obdachlose, fast schon luxuri\u00f6s.<\/p>\n<form id=\"newsletter-teaser-form\" method=\"POST\" action=\"http&#58;&#47;&#47;community.zeit.de&#47;newsletter-signup?mode=2click&amp;nl=elbvertiefung\">\n<div class=\"newsletter-teaser-box\">\n<div class=\"newsletter-teaser-image\"><img decoding=\"async\" src=\"https:\/\/img.zeit.de\/bilder\/newsletter\/Anmeldeseite\/nl_elbvertiefung.jpg\" alt=\"Elbvertiefung\"\/><\/div>\n<div class=\"newsletter-teaser-title\">Elbvertiefung \u2013 Der t\u00e4gliche Newsletter f\u00fcr Hamburg<\/div>\n<div class=\"newsletter-teaser-text\">Jeden Tag wissen, was in Hamburg wichtig ist. Relevant und pr\u00e4gnant. Pers\u00f6nlich und pointiert. Elbvertiefung ist der neue t\u00e4gliche Newsletter der ZEIT f\u00fcr Hamburg.<\/div>\n<div class=\"newsletter-teaser-address\"><input name=\"email\" type=\"text\" class=\"newsletter-teaser-input\" placeholder=\"Ihre E-Mail-Adresse\" style=\"background-color: #eee; border: 1px solid #eee; color: #444; font-size: 0.9375rem; letter-spacing: 0.03em; padding: 0.625rem 1.25rem;\"\/><button type=\"submit\" class=\"button newsletter-teaser-button\" onclick=\"event.preventDefault(); document.getElementById('newsletter-teaser-form').submit();\">Jetzt anmelden<\/button><\/div>\n<\/div>\n<\/form>\n<link rel=\"stylesheet\" type=\"text\/css\" href=\"http:\/\/live0.zeit.de\/infografik\/misc\/nl-anmeldebox-2015_blog.css\"\/>\n<p><strong>Eimsb\u00fctteler Nachrichten<\/strong>: Seit Anfang November l\u00e4uft das Winternotprogramm f\u00fcr Obdachlose. Hat das die Stimmung verbessert?<\/p>\n<p><strong>Karrenbauer<\/strong>: Die Stadt hat es zwar geschafft, 900 zus\u00e4tzliche Schlafpl\u00e4tze f\u00fcr Wohnungslose bereitzustellen. Allerdings m\u00fcssen die Obdachlosen unbegreiflicherweise tags\u00fcber wieder raus, egal, wie ihr k\u00f6rperlicher Zustand ist. Auch das sch\u00fcrt Wut und f\u00fchrt nicht gerade dazu, dass sich Obdachlose gleichbehandelt f\u00fchlen. Wir haben nicht genug Tagesaufenthaltsst\u00e4tten, in denen sich alle Hamburger Obdachlosen tags\u00fcber aufhalten k\u00f6nnen. Die irren bei den Temperaturen durch die Stadt und warten darauf, dass es dunkel wird, damit sie wieder zur\u00fcck in ihre Unterk\u00fcnfte k\u00f6nnen. Aber es ist keine \u00f6ffentliche Aufmerksamkeit f\u00fcr die Obdachlosen und keine Emp\u00f6rung \u00fcber diese Zust\u00e4nde da, wie es bisher in der Regel gewesen ist, wenn es kalt wurde.<\/p>\n<p><strong>Eimsb\u00fctteler Nachrichten<\/strong>: Wie gro\u00df ist die Gefahr, dass ihre Klagen in der momentanen Situation benutzt werden, um Fl\u00fcchtlinge und Obdachlose gegeneinander auszuspielen?<\/p>\n<p><strong>Karrenbauer<\/strong>: Man muss schon aufpassen, dass Gruppen, die vorher Obdachlose als Asoziale bezeichnet haben \u2013 n\u00e4mlich die Rechten \u2013 diese Ungleichheit jetzt nicht instrumentalisieren. Auf einmal bezeichnen sie Obdachlose als ihre Freunde und fordern, &#8222;unsere deutschen Obdachlosen&#8220; zu sch\u00fctzen und vorzuziehen. Das ist verqueres Denken. Davon distanzieren wir uns entschieden. Vor allem, da es &#8222;unsere deutschen Obdachlosen&#8220; schon lange nicht mehr gibt. Die Stra\u00dfe ist vielf\u00e4ltig und bunt: In Hamburg gibt es sehr viele Rum\u00e4nen, sehr viele Bulgaren. Wanderarbeiter, die noch vor drei Jahren ein ganz gro\u00dfes Thema in der \u00d6ffentlichkeit waren und Rufe laut wurden, sich f\u00fcr diese Menschen einzusetzen. Die kommen heute gar nicht mehr vor. Jetzt hei\u00dft es, die h\u00e4tten ja selbst Schuld, dass sie \u00fcberhaupt in Deutschland auf der Stra\u00dfe landen. F\u00fcr uns ist jeder, der keine Unterkunft findet, eine Person, der man helfen muss. Es scheint als h\u00e4tten Obdachlose, die keine Fl\u00fcchtlinge sind, keine politische Lobby.<\/p>\n<p><strong>Eimsb\u00fctteler Nachrichten<\/strong>: \u00c4rgert es Sie, dass f\u00fcr Fl\u00fcchtlinge auf die Schnelle zahlreiche Unterk\u00fcnfte gebaut werden, w\u00e4hrend Sie als Sozialarbeiter und Sprecher von <em>Hinz &amp; Kunzt<\/em> f\u00fcr genau das jahrelang vergeblich gek\u00e4mpft haben?<\/p>\n<p><strong>Karrenbauer<\/strong>: Das kann man so nicht sagen. Das Positive an der ganzen Fl\u00fcchtlingsgeschichte ist ja, dass sichtbar wird, wie viel in Hamburg m\u00f6glich ist, wenn eine ganze Stadt sich anstrengt. Bisher war es undenkbar, viel h\u00e4rter gegen Leerstand vorzugehen und Obdachlose in leerstehenden B\u00fcrogeb\u00e4uden unterzubringen. Der Fl\u00fcchtlingsandrang kann also auch als Ansto\u00df f\u00fcr ein allgemeines Umdenken gesehen werden \u2013 und ich hoffe, dass auch die Wohnungslosen davon profitieren.<\/p>\n<p><strong>Eimsb\u00fctteler Nachrichten<\/strong>: Was erwarten Sie vom Senat?<\/p>\n<p><strong>Karrenbauer<\/strong>: Hamburg hat 2015 rund 20.000 Fl\u00fcchtlinge untergebracht. Dann kann man auch weiteren 2.000 Obdachlosen eine Unterbringung beschaffen.Wir fordern, dass ohne Wenn und Aber alle Menschen in Not untergebracht werden, mit dem Ziel einer dauerhaften L\u00f6sung. Es muss daf\u00fcr Sorge getragen werden, dass Menschen nicht jedes Jahr im Fr\u00fchjahr wieder vor die T\u00fcr geschickt werden, sondern dass ein richtiges Konzept erstellt wird. Das verdammte Winternotprogramm muss \u00fcberfl\u00fcssig gemacht werden.<\/p>\n","protected":false},"excerpt":{"rendered":"<p>Wie reagieren Obdachlose darauf, dass f\u00fcr Fl\u00fcchtlinge auf die Schnelle Unterk\u00fcnfte gebaut werden? Sozialarbeiter Stephan Karrenbauer beobachtet viel Neid.<\/p>\n","protected":false},"author":509,"featured_media":5711,"comment_status":"open","ping_status":"open","sticky":false,"template":"","format":"standard","meta":{"_jetpack_memberships_contains_paid_content":false,"footnotes":""},"categories":[16],"tags":[],"class_list":["post-5702","post","type-post","status-publish","format-standard","has-post-thumbnail","hentry","category-allgemein"],"yoast_head":"<!-- This site is optimized with the Yoast SEO plugin v21.0 - https:\/\/yoast.com\/wordpress\/plugins\/seo\/ -->\n<title>Obdachlose: &quot;Die Ressentiments sind ein St\u00fcck weit nachvollziehbar&quot;<\/title>\n<meta name=\"description\" content=\"Wie gehen Obdachlose damit um, dass f\u00fcr Fl\u00fcchtlinge auf die Schnelle Unterk\u00fcnfte gebaut werden? Der Sozialarbeiter Stephan Karrenbauer beobachtet viel Neid.\" \/>\n<meta name=\"robots\" content=\"index, follow, max-snippet:-1, max-image-preview:large, max-video-preview:-1\" \/>\n<link rel=\"canonical\" href=\"https:\/\/blog.zeit.de\/hamburg\/stephan-karrenbauer-interview\/\" \/>\n<meta property=\"og:locale\" content=\"de_DE\" \/>\n<meta property=\"og:type\" content=\"article\" \/>\n<meta property=\"og:title\" content=\"Obdachlose: &quot;Die Ressentiments sind ein St\u00fcck weit nachvollziehbar&quot;\" \/>\n<meta property=\"og:description\" content=\"Wie gehen Obdachlose damit um, dass f\u00fcr Fl\u00fcchtlinge auf die Schnelle Unterk\u00fcnfte gebaut werden? Der Sozialarbeiter Stephan Karrenbauer beobachtet viel Neid.\" \/>\n<meta property=\"og:url\" content=\"https:\/\/blog.zeit.de\/hamburg\/stephan-karrenbauer-interview\/\" \/>\n<meta property=\"og:site_name\" content=\"Speersort 1\" \/>\n<meta property=\"article:author\" content=\"http:\/\/www.facebook.com\/eimsbuetteler.nachrichten\" \/>\n<meta property=\"article:published_time\" content=\"2015-12-11T15:41:25+00:00\" \/>\n<meta property=\"og:image\" content=\"https:\/\/blog.zeit.de\/hamburg\/files\/2015\/12\/31528163.jpg\" \/>\n\t<meta property=\"og:image:width\" content=\"3801\" \/>\n\t<meta property=\"og:image:height\" content=\"2784\" \/>\n\t<meta property=\"og:image:type\" content=\"image\/jpeg\" \/>\n<meta name=\"author\" content=\"Eimsb\u00fctteler Nachrichten\" \/>\n<meta name=\"twitter:card\" content=\"summary_large_image\" \/>\n<meta name=\"twitter:creator\" content=\"@eimsbuettelern\" \/>\n<meta name=\"twitter:label1\" content=\"Geschrieben von\" \/>\n\t<meta name=\"twitter:data1\" content=\"Eimsb\u00fctteler Nachrichten\" \/>\n\t<meta name=\"twitter:label2\" content=\"Gesch\u00e4tzte Lesezeit\" \/>\n\t<meta name=\"twitter:data2\" content=\"7\u00a0Minuten\" \/>\n<script type=\"application\/ld+json\" class=\"yoast-schema-graph\">{\"@context\":\"https:\/\/schema.org\",\"@graph\":[{\"@type\":\"WebPage\",\"@id\":\"https:\/\/blog.zeit.de\/hamburg\/stephan-karrenbauer-interview\/\",\"url\":\"https:\/\/blog.zeit.de\/hamburg\/stephan-karrenbauer-interview\/\",\"name\":\"Obdachlose: \\\"Die Ressentiments sind ein St\u00fcck weit nachvollziehbar\\\"\",\"isPartOf\":{\"@id\":\"https:\/\/blog.zeit.de\/hamburg\/#website\"},\"datePublished\":\"2015-12-11T15:41:25+00:00\",\"dateModified\":\"2015-12-11T15:41:25+00:00\",\"author\":{\"@id\":\"https:\/\/blog.zeit.de\/hamburg\/#\/schema\/person\/60c23f317b43dc3362920463206437b0\"},\"description\":\"Wie gehen Obdachlose damit um, dass f\u00fcr Fl\u00fcchtlinge auf die Schnelle Unterk\u00fcnfte gebaut werden? Der Sozialarbeiter Stephan Karrenbauer beobachtet viel Neid.\",\"breadcrumb\":{\"@id\":\"https:\/\/blog.zeit.de\/hamburg\/stephan-karrenbauer-interview\/#breadcrumb\"},\"inLanguage\":\"de\",\"potentialAction\":[{\"@type\":\"ReadAction\",\"target\":[\"https:\/\/blog.zeit.de\/hamburg\/stephan-karrenbauer-interview\/\"]}]},{\"@type\":\"BreadcrumbList\",\"@id\":\"https:\/\/blog.zeit.de\/hamburg\/stephan-karrenbauer-interview\/#breadcrumb\",\"itemListElement\":[{\"@type\":\"ListItem\",\"position\":1,\"name\":\"Startseite\",\"item\":\"https:\/\/blog.zeit.de\/hamburg\/\"},{\"@type\":\"ListItem\",\"position\":2,\"name\":\"&#8222;Ihre Ressentiments sind ein St\u00fcck weit nachvollziehbar&#8220;\"}]},{\"@type\":\"WebSite\",\"@id\":\"https:\/\/blog.zeit.de\/hamburg\/#website\",\"url\":\"https:\/\/blog.zeit.de\/hamburg\/\",\"name\":\"Speersort 1\",\"description\":\"Das Hamburg-Blog\",\"potentialAction\":[{\"@type\":\"SearchAction\",\"target\":{\"@type\":\"EntryPoint\",\"urlTemplate\":\"https:\/\/blog.zeit.de\/hamburg\/?s={search_term_string}\"},\"query-input\":\"required name=search_term_string\"}],\"inLanguage\":\"de\"},{\"@type\":\"Person\",\"@id\":\"https:\/\/blog.zeit.de\/hamburg\/#\/schema\/person\/60c23f317b43dc3362920463206437b0\",\"name\":\"Eimsb\u00fctteler Nachrichten\",\"image\":{\"@type\":\"ImageObject\",\"inLanguage\":\"de\",\"@id\":\"https:\/\/blog.zeit.de\/hamburg\/#\/schema\/person\/image\/\",\"url\":\"https:\/\/secure.gravatar.com\/avatar\/3b3ac2dcb0c41903497a93a7113182e0498e59135aaf795e23df301659a85ca7?s=96&d=mm&r=g\",\"contentUrl\":\"https:\/\/secure.gravatar.com\/avatar\/3b3ac2dcb0c41903497a93a7113182e0498e59135aaf795e23df301659a85ca7?s=96&d=mm&r=g\",\"caption\":\"Eimsb\u00fctteler Nachrichten\"},\"description\":\"sind ein Online-Nachrichtenportal von Eimsb\u00fcttelern f\u00fcr Eimsb\u00fctteler. Wir machen Nachrichten f\u00fcr Nachbarn: kein Boulevard, keine PR.\",\"sameAs\":[\"http:\/\/www.eimsbuetteler-nachrichten.de\",\"http:\/\/www.facebook.com\/eimsbuetteler.nachrichten\",\"https:\/\/twitter.com\/eimsbuettelern\"],\"url\":\"https:\/\/blog.zeit.de\/hamburg\/author\/eimsbuettlernachrichten\/\"}]}<\/script>\n<!-- \/ Yoast SEO plugin. -->","yoast_head_json":{"title":"Obdachlose: \"Die Ressentiments sind ein St\u00fcck weit nachvollziehbar\"","description":"Wie gehen Obdachlose damit um, dass f\u00fcr Fl\u00fcchtlinge auf die Schnelle Unterk\u00fcnfte gebaut werden? Der Sozialarbeiter Stephan Karrenbauer beobachtet viel Neid.","robots":{"index":"index","follow":"follow","max-snippet":"max-snippet:-1","max-image-preview":"max-image-preview:large","max-video-preview":"max-video-preview:-1"},"canonical":"https:\/\/blog.zeit.de\/hamburg\/stephan-karrenbauer-interview\/","og_locale":"de_DE","og_type":"article","og_title":"Obdachlose: \"Die Ressentiments sind ein St\u00fcck weit nachvollziehbar\"","og_description":"Wie gehen Obdachlose damit um, dass f\u00fcr Fl\u00fcchtlinge auf die Schnelle Unterk\u00fcnfte gebaut werden? Der Sozialarbeiter Stephan Karrenbauer beobachtet viel Neid.","og_url":"https:\/\/blog.zeit.de\/hamburg\/stephan-karrenbauer-interview\/","og_site_name":"Speersort 1","article_author":"http:\/\/www.facebook.com\/eimsbuetteler.nachrichten","article_published_time":"2015-12-11T15:41:25+00:00","og_image":[{"width":3801,"height":2784,"url":"https:\/\/blog.zeit.de\/hamburg\/files\/2015\/12\/31528163.jpg","type":"image\/jpeg"}],"author":"Eimsb\u00fctteler Nachrichten","twitter_card":"summary_large_image","twitter_creator":"@eimsbuettelern","twitter_misc":{"Geschrieben von":"Eimsb\u00fctteler Nachrichten","Gesch\u00e4tzte Lesezeit":"7\u00a0Minuten"},"schema":{"@context":"https:\/\/schema.org","@graph":[{"@type":"WebPage","@id":"https:\/\/blog.zeit.de\/hamburg\/stephan-karrenbauer-interview\/","url":"https:\/\/blog.zeit.de\/hamburg\/stephan-karrenbauer-interview\/","name":"Obdachlose: \"Die Ressentiments sind ein St\u00fcck weit nachvollziehbar\"","isPartOf":{"@id":"https:\/\/blog.zeit.de\/hamburg\/#website"},"datePublished":"2015-12-11T15:41:25+00:00","dateModified":"2015-12-11T15:41:25+00:00","author":{"@id":"https:\/\/blog.zeit.de\/hamburg\/#\/schema\/person\/60c23f317b43dc3362920463206437b0"},"description":"Wie gehen Obdachlose damit um, dass f\u00fcr Fl\u00fcchtlinge auf die Schnelle Unterk\u00fcnfte gebaut werden? Der Sozialarbeiter Stephan Karrenbauer beobachtet viel Neid.","breadcrumb":{"@id":"https:\/\/blog.zeit.de\/hamburg\/stephan-karrenbauer-interview\/#breadcrumb"},"inLanguage":"de","potentialAction":[{"@type":"ReadAction","target":["https:\/\/blog.zeit.de\/hamburg\/stephan-karrenbauer-interview\/"]}]},{"@type":"BreadcrumbList","@id":"https:\/\/blog.zeit.de\/hamburg\/stephan-karrenbauer-interview\/#breadcrumb","itemListElement":[{"@type":"ListItem","position":1,"name":"Startseite","item":"https:\/\/blog.zeit.de\/hamburg\/"},{"@type":"ListItem","position":2,"name":"&#8222;Ihre Ressentiments sind ein St\u00fcck weit nachvollziehbar&#8220;"}]},{"@type":"WebSite","@id":"https:\/\/blog.zeit.de\/hamburg\/#website","url":"https:\/\/blog.zeit.de\/hamburg\/","name":"Speersort 1","description":"Das Hamburg-Blog","potentialAction":[{"@type":"SearchAction","target":{"@type":"EntryPoint","urlTemplate":"https:\/\/blog.zeit.de\/hamburg\/?s={search_term_string}"},"query-input":"required name=search_term_string"}],"inLanguage":"de"},{"@type":"Person","@id":"https:\/\/blog.zeit.de\/hamburg\/#\/schema\/person\/60c23f317b43dc3362920463206437b0","name":"Eimsb\u00fctteler Nachrichten","image":{"@type":"ImageObject","inLanguage":"de","@id":"https:\/\/blog.zeit.de\/hamburg\/#\/schema\/person\/image\/","url":"https:\/\/secure.gravatar.com\/avatar\/3b3ac2dcb0c41903497a93a7113182e0498e59135aaf795e23df301659a85ca7?s=96&d=mm&r=g","contentUrl":"https:\/\/secure.gravatar.com\/avatar\/3b3ac2dcb0c41903497a93a7113182e0498e59135aaf795e23df301659a85ca7?s=96&d=mm&r=g","caption":"Eimsb\u00fctteler Nachrichten"},"description":"sind ein Online-Nachrichtenportal von Eimsb\u00fcttelern f\u00fcr Eimsb\u00fctteler. Wir machen Nachrichten f\u00fcr Nachbarn: kein Boulevard, keine PR.","sameAs":["http:\/\/www.eimsbuetteler-nachrichten.de","http:\/\/www.facebook.com\/eimsbuetteler.nachrichten","https:\/\/twitter.com\/eimsbuettelern"],"url":"https:\/\/blog.zeit.de\/hamburg\/author\/eimsbuettlernachrichten\/"}]}},"jetpack_featured_media_url":"https:\/\/blog.zeit.de\/hamburg\/files\/2015\/12\/31528163.jpg","jetpack_sharing_enabled":true,"_links":{"self":[{"href":"https:\/\/blog.zeit.de\/hamburg\/wp-json\/wp\/v2\/posts\/5702","targetHints":{"allow":["GET"]}}],"collection":[{"href":"https:\/\/blog.zeit.de\/hamburg\/wp-json\/wp\/v2\/posts"}],"about":[{"href":"https:\/\/blog.zeit.de\/hamburg\/wp-json\/wp\/v2\/types\/post"}],"author":[{"embeddable":true,"href":"https:\/\/blog.zeit.de\/hamburg\/wp-json\/wp\/v2\/users\/509"}],"replies":[{"embeddable":true,"href":"https:\/\/blog.zeit.de\/hamburg\/wp-json\/wp\/v2\/comments?post=5702"}],"version-history":[{"count":12,"href":"https:\/\/blog.zeit.de\/hamburg\/wp-json\/wp\/v2\/posts\/5702\/revisions"}],"predecessor-version":[{"id":5715,"href":"https:\/\/blog.zeit.de\/hamburg\/wp-json\/wp\/v2\/posts\/5702\/revisions\/5715"}],"wp:featuredmedia":[{"embeddable":true,"href":"https:\/\/blog.zeit.de\/hamburg\/wp-json\/wp\/v2\/media\/5711"}],"wp:attachment":[{"href":"https:\/\/blog.zeit.de\/hamburg\/wp-json\/wp\/v2\/media?parent=5702"}],"wp:term":[{"taxonomy":"category","embeddable":true,"href":"https:\/\/blog.zeit.de\/hamburg\/wp-json\/wp\/v2\/categories?post=5702"},{"taxonomy":"post_tag","embeddable":true,"href":"https:\/\/blog.zeit.de\/hamburg\/wp-json\/wp\/v2\/tags?post=5702"}],"curies":[{"name":"wp","href":"https:\/\/api.w.org\/{rel}","templated":true}]}}