{"id":5936,"date":"2016-02-01T15:12:48","date_gmt":"2016-02-01T14:12:48","guid":{"rendered":"http:\/\/blog.zeit.de\/hamburg\/?p=5936"},"modified":"2016-02-04T14:31:21","modified_gmt":"2016-02-04T13:31:21","slug":"fc-st-pauli-testspiel-aalborg","status":"publish","type":"post","link":"https:\/\/blog.zeit.de\/hamburg\/fc-st-pauli-testspiel-aalborg\/","title":{"rendered":"Auch mal aus zweiter Reihe schie\u00dfen!"},"content":{"rendered":"<p><em>Wie geht&#8217;s weiter f\u00fcr den FC St. Pauli? Unser Autor hat sich beim letzten Testspiel der Winterpause gegen Aalborg Notizen gemacht \u2013 und noch einige Schw\u00e4chen entdeckt.<\/em><!--more--><\/p>\n<p>Der FC St. Pauli ist eine Woche vor dem Start der 2. Fu\u00dfball-Bundesliga aus seinem Trainingslager an der t\u00fcrkischen Riviera zur\u00fcckgekehrt und hat am Wochenende am heimischen Millerntor einen letzten H\u00e4rtetest absolviert. Zu Gast war die Mannschaft von Aalborg BK, immerhin vierfacher Champions-League-Teilnehmer. Ein Spiel, das mit 4:2 Toren verloren ging. Das an sich ist nicht weiter schlimm. Beunruhigend aber sind einige Schw\u00e4chen, die die Mannschaft dabei offenbarte.<\/p>\n<p>Ich habe meine Erkenntnisse w\u00e4hrend des Testspiels auf einem Schreibblock festgehalten und dabei mehrere Seiten vollgeschrieben. Auch wenn ich meine Notizen nicht mit denen von Ewald Lienen abgeglichen habe, bin ich mir sicher, dass wir uns in einigen Punkten doppeln. Auch der Trainer wird gesehen haben, dass noch einiges getan werden muss, um den R\u00fcckrundenstart in F\u00fcrth erfolgreich zu gestalten \u2013 und um den starken vierten Tabellenplatz zu verteidigen oder sogar noch zu verbessern.<\/p>\n<p>Meine Notizen:<\/p>\n<ul>\n<ul>\n<li>Sch\u00fcsse aus der zweiten Reihe: Mehr als einmal entschieden sich unsere Mittelfeldmotoren Marc\u00a0Rzatkowski und Waldemar Sobota dagegen, vom Rand des gegnerischen Strafraums einfach mal abzuziehen. Schade, denn ein satter Schuss aufs Tor hat bisweilen gr\u00f6\u00dfere Erfolgsaussichten als komplizierte P\u00e4sse. Sie verfangen sich ein ums andere Mal in der Abwehr der G\u00e4ste.<\/li>\n<li>Ohne Lennart geht es nicht: Lennart Thy war auch beim letzten Test der einzige St. Paulianer, der das Tor traf. Die Frage ist, ob er seine Form auch angesichts seines n\u00e4her r\u00fcckenden Wechsels nach Bremen bewahren kann.<\/li>\n<li>Beerjet: Auch ein mit super moderner Zapftechnik gezapftes Astra schmeckt mir nicht.<\/li>\n<li>John Verhoek hat offensichtlich keine Lust mehr: Zur Mitte der zweiten Halbzeit wurde John Verhoek eingewechselt. Der gl\u00fccklose St\u00fcrmer verl\u00e4sst den FC St. Pauli sp\u00e4testens zum Saisonende in Richtung Heidenheim, w\u00fcrde aber gerne schon vorher gehen. Das strahlte auch seine ganze Spielweise und K\u00f6rperhaltung aus. Meinetwegen kann er noch heute seine HVV-Karte k\u00fcndigen und gen Ostalb ziehen. Mit dieser Einstellung ist er nicht nur keine Hilfe, sondern st\u00f6rt einfach nur. Schade!<\/li>\n<\/ul>\n<\/ul>\n<p><figure id=\"attachment_5940\" aria-describedby=\"caption-attachment-5940\" style=\"width: 220px\" class=\"wp-caption alignleft\"><img loading=\"lazy\" decoding=\"async\" class=\"size-thumbnail wp-image-5940\" src=\"https:\/\/blog.zeit.de\/hamburg\/files\/2016\/01\/12628620_10154494284009056_6465767920085175909_o-220x220.jpg\" alt=\"Zugang zur Gegengerade, Millerntor. Foto: Erik Hauth\" width=\"220\" height=\"220\" srcset=\"https:\/\/blog.zeit.de\/hamburg\/files\/2016\/01\/12628620_10154494284009056_6465767920085175909_o-220x220.jpg 220w, https:\/\/blog.zeit.de\/hamburg\/files\/2016\/01\/12628620_10154494284009056_6465767920085175909_o-620x620.jpg 620w, https:\/\/blog.zeit.de\/hamburg\/files\/2016\/01\/12628620_10154494284009056_6465767920085175909_o-1024x1024.jpg 1024w, https:\/\/blog.zeit.de\/hamburg\/files\/2016\/01\/12628620_10154494284009056_6465767920085175909_o.jpg 1080w\" sizes=\"auto, (max-width: 220px) 100vw, 220px\" \/><figcaption id=\"caption-attachment-5940\" class=\"wp-caption-text\">Zugang zur Gegengerade, Millerntor. Foto: Erik Hauth<\/figcaption><\/figure><\/p>\n<ul>\n<li>Zu wenig Kreativit\u00e4t im Mittelfeld: Basti Maier verletzte sich im nasskalten Hamburger Wetter am Oberschenkel. Eine Untersuchung soll nun ergeben, wie schwer seine Verletzung ist. Mit ihm und Enis Alushi fehlte dem Hamburger Mittelfeld augenf\u00e4llig die Kreativit\u00e4t im Spiel nach vorne.<\/li>\n<li>Faf\u00e0 Picault\u00a0empfiehlt sich: Der f\u00fcr den verletzten Sebastian Maier eingewechselte\u00a0Faf\u00e0 Picault mauserte sich vom sch\u00fcchternen Linksau\u00dfen zum Wirbelwind, der auch in der Defensive die eine oder andere gute Szene hatte. Selbst gegen zwei baumlange D\u00e4nen konnte sich der zierliche US-Boy beim Kopfballduell durchsetzen. Habe mir notiert:\u00a0Faf\u00e0 Picault ist ein Kandidat f\u00fcr die Startelf in F\u00fcrth, wenn Maier ausf\u00e4llt.<\/li>\n<li>Es geht auch mit Ausw\u00e4rtsfans auf der Gegengeraden: Beim Spiel gegen Aalborg standen die Fans aus D\u00e4nemark unter uns auf der Gegengeraden, leicht versetzt in Richtung Nordtrib\u00fcne. Mir sind keine Schwierigkeiten bekannt geworden. Ein sch\u00f6nes Fu\u00dfballerlebnis ist das, wenn man am Bierstand nicht nur den eigenen Slang vernehmen, sondern auch mit G\u00e4sten quatschen kann. Ich vermisse bei offiziellen Spielen immer mehr, dass man sich kaum noch mit Anh\u00e4ngern der G\u00e4ste austauschen kann. Das geht wegen der polizeilichen Paranoia bei Ausw\u00e4rtsfahrten noch weniger.<\/li>\n<li>St. Pauli kann Champions League: Aalborg ist nicht irgendein Flachlandverein, sondern vierfacher Champions-League-Teilnehmer und amtierender d\u00e4nischer Meister. Ewald Lienen sagte dazu: &#8222;Aalborg ist keine Laufkundschaft.&#8220; Ich habe mir notiert, dass der FC St. Pauli vielleicht \u00fcberlegen sollte, in der d\u00e4nischen Liga anzutreten. Dann k\u00f6nnte man mit Aalborg und Kopenhagen um einen Platz in der Champions League k\u00e4mpfen. Und auch w\u00fcrden dann die Ausw\u00e4rtsfahrten deutlich k\u00fcrzer.<\/li>\n<li>Neuverpflichtung: Habe mir den Doppeltorsch\u00fctzen der D\u00e4nen, Thomas Enevoldsen, auf den Wunschzettel geschrieben.<\/li>\n<\/ul>\n","protected":false},"excerpt":{"rendered":"<p>Wie geht&#8217;s weiter f\u00fcr den FC St. Pauli? Unser Autor hat sich beim letzten Testspiel der Winterpause gegen Aalborg Notizen gemacht \u2013 und noch einige Schw\u00e4chen entdeckt.<\/p>\n","protected":false},"author":474,"featured_media":5940,"comment_status":"open","ping_status":"open","sticky":false,"template":"","format":"standard","meta":{"_jetpack_memberships_contains_paid_content":false,"footnotes":""},"categories":[16],"tags":[34823,2663,34822],"class_list":["post-5936","post","type-post","status-publish","format-standard","has-post-thumbnail","hentry","category-allgemein","tag-aalborg","tag-fc-st-pauli","tag-testspiel"],"yoast_head":"<!-- This site is optimized with the Yoast SEO plugin v21.0 - https:\/\/yoast.com\/wordpress\/plugins\/seo\/ -->\n<title>FC St. Pauli: Auch mal aus zweiter Reihe schie\u00dfen!<\/title>\n<meta name=\"description\" content=\"Wie geht&#039;s weiter f\u00fcr den FC St. Pauli? Unser Autor hat sich beim letzten Testspiel der Winterpause gegen Aalborg Notizen gemacht \u2013 und noch einige Schw\u00e4chen entdeckt.\" \/>\n<meta name=\"robots\" content=\"index, follow, max-snippet:-1, max-image-preview:large, max-video-preview:-1\" \/>\n<link rel=\"canonical\" href=\"https:\/\/blog.zeit.de\/hamburg\/fc-st-pauli-testspiel-aalborg\/\" \/>\n<meta property=\"og:locale\" content=\"de_DE\" \/>\n<meta property=\"og:type\" content=\"article\" \/>\n<meta property=\"og:title\" content=\"FC St. Pauli: Auch mal aus zweiter Reihe schie\u00dfen!\" \/>\n<meta property=\"og:description\" content=\"Wie geht&#039;s weiter f\u00fcr den FC St. Pauli? Unser Autor hat sich beim letzten Testspiel der Winterpause gegen Aalborg Notizen gemacht \u2013 und noch einige Schw\u00e4chen entdeckt.\" \/>\n<meta property=\"og:url\" content=\"https:\/\/blog.zeit.de\/hamburg\/fc-st-pauli-testspiel-aalborg\/\" \/>\n<meta property=\"og:site_name\" content=\"Speersort 1\" \/>\n<meta property=\"article:author\" content=\"https:\/\/www.facebook.com\/stpaulinu\" \/>\n<meta property=\"article:published_time\" content=\"2016-02-01T14:12:48+00:00\" \/>\n<meta property=\"article:modified_time\" content=\"2016-02-04T13:31:21+00:00\" \/>\n<meta property=\"og:image\" content=\"https:\/\/blog.zeit.de\/hamburg\/files\/2016\/01\/12628620_10154494284009056_6465767920085175909_o.jpg\" \/>\n\t<meta property=\"og:image:width\" content=\"1080\" \/>\n\t<meta property=\"og:image:height\" content=\"1080\" \/>\n\t<meta property=\"og:image:type\" content=\"image\/jpeg\" \/>\n<meta name=\"author\" content=\"Erik Hauth\" \/>\n<meta name=\"twitter:card\" content=\"summary_large_image\" \/>\n<meta name=\"twitter:creator\" content=\"@ring2\" \/>\n<meta name=\"twitter:label1\" content=\"Geschrieben von\" \/>\n\t<meta name=\"twitter:data1\" content=\"Erik Hauth\" \/>\n\t<meta name=\"twitter:label2\" content=\"Gesch\u00e4tzte Lesezeit\" \/>\n\t<meta name=\"twitter:data2\" content=\"3\u00a0Minuten\" \/>\n<script type=\"application\/ld+json\" class=\"yoast-schema-graph\">{\"@context\":\"https:\/\/schema.org\",\"@graph\":[{\"@type\":\"WebPage\",\"@id\":\"https:\/\/blog.zeit.de\/hamburg\/fc-st-pauli-testspiel-aalborg\/\",\"url\":\"https:\/\/blog.zeit.de\/hamburg\/fc-st-pauli-testspiel-aalborg\/\",\"name\":\"FC St. Pauli: Auch mal aus zweiter Reihe schie\u00dfen!\",\"isPartOf\":{\"@id\":\"https:\/\/blog.zeit.de\/hamburg\/#website\"},\"datePublished\":\"2016-02-01T14:12:48+00:00\",\"dateModified\":\"2016-02-04T13:31:21+00:00\",\"author\":{\"@id\":\"https:\/\/blog.zeit.de\/hamburg\/#\/schema\/person\/ae2ae61edc5d6a5d6c384e5b44e91bd9\"},\"description\":\"Wie geht's weiter f\u00fcr den FC St. Pauli? Unser Autor hat sich beim letzten Testspiel der Winterpause gegen Aalborg Notizen gemacht \u2013 und noch einige Schw\u00e4chen entdeckt.\",\"breadcrumb\":{\"@id\":\"https:\/\/blog.zeit.de\/hamburg\/fc-st-pauli-testspiel-aalborg\/#breadcrumb\"},\"inLanguage\":\"de\",\"potentialAction\":[{\"@type\":\"ReadAction\",\"target\":[\"https:\/\/blog.zeit.de\/hamburg\/fc-st-pauli-testspiel-aalborg\/\"]}]},{\"@type\":\"BreadcrumbList\",\"@id\":\"https:\/\/blog.zeit.de\/hamburg\/fc-st-pauli-testspiel-aalborg\/#breadcrumb\",\"itemListElement\":[{\"@type\":\"ListItem\",\"position\":1,\"name\":\"Startseite\",\"item\":\"https:\/\/blog.zeit.de\/hamburg\/\"},{\"@type\":\"ListItem\",\"position\":2,\"name\":\"Auch mal aus zweiter Reihe schie\u00dfen!\"}]},{\"@type\":\"WebSite\",\"@id\":\"https:\/\/blog.zeit.de\/hamburg\/#website\",\"url\":\"https:\/\/blog.zeit.de\/hamburg\/\",\"name\":\"Speersort 1\",\"description\":\"Das Hamburg-Blog\",\"potentialAction\":[{\"@type\":\"SearchAction\",\"target\":{\"@type\":\"EntryPoint\",\"urlTemplate\":\"https:\/\/blog.zeit.de\/hamburg\/?s={search_term_string}\"},\"query-input\":\"required name=search_term_string\"}],\"inLanguage\":\"de\"},{\"@type\":\"Person\",\"@id\":\"https:\/\/blog.zeit.de\/hamburg\/#\/schema\/person\/ae2ae61edc5d6a5d6c384e5b44e91bd9\",\"name\":\"Erik Hauth\",\"image\":{\"@type\":\"ImageObject\",\"inLanguage\":\"de\",\"@id\":\"https:\/\/blog.zeit.de\/hamburg\/#\/schema\/person\/image\/\",\"url\":\"https:\/\/secure.gravatar.com\/avatar\/5bd569312ecb276570adaac3712a105857e5a8df7356226c44cc446db9be2c74?s=96&d=mm&r=g\",\"contentUrl\":\"https:\/\/secure.gravatar.com\/avatar\/5bd569312ecb276570adaac3712a105857e5a8df7356226c44cc446db9be2c74?s=96&d=mm&r=g\",\"caption\":\"Erik Hauth\"},\"description\":\"ist aufgewachsen in Blankenese und betreibt das meistgelesene Blog \u00fcber den FC St. Pauli und seinen Stadtteil. Erik war am 16.2.2011 im Volksparkstadion und ist stolz darauf, sich deswegen \\\"Derbysieger\\\" nennen zu d\u00fcrfen.\",\"sameAs\":[\"https:\/\/www.stpaulinu.de\",\"https:\/\/www.facebook.com\/stpaulinu\",\"https:\/\/twitter.com\/ring2\"],\"url\":\"https:\/\/blog.zeit.de\/hamburg\/author\/ehauth\/\"}]}<\/script>\n<!-- \/ Yoast SEO plugin. -->","yoast_head_json":{"title":"FC St. Pauli: Auch mal aus zweiter Reihe schie\u00dfen!","description":"Wie geht's weiter f\u00fcr den FC St. Pauli? Unser Autor hat sich beim letzten Testspiel der Winterpause gegen Aalborg Notizen gemacht \u2013 und noch einige Schw\u00e4chen entdeckt.","robots":{"index":"index","follow":"follow","max-snippet":"max-snippet:-1","max-image-preview":"max-image-preview:large","max-video-preview":"max-video-preview:-1"},"canonical":"https:\/\/blog.zeit.de\/hamburg\/fc-st-pauli-testspiel-aalborg\/","og_locale":"de_DE","og_type":"article","og_title":"FC St. Pauli: Auch mal aus zweiter Reihe schie\u00dfen!","og_description":"Wie geht's weiter f\u00fcr den FC St. Pauli? Unser Autor hat sich beim letzten Testspiel der Winterpause gegen Aalborg Notizen gemacht \u2013 und noch einige Schw\u00e4chen entdeckt.","og_url":"https:\/\/blog.zeit.de\/hamburg\/fc-st-pauli-testspiel-aalborg\/","og_site_name":"Speersort 1","article_author":"https:\/\/www.facebook.com\/stpaulinu","article_published_time":"2016-02-01T14:12:48+00:00","article_modified_time":"2016-02-04T13:31:21+00:00","og_image":[{"width":1080,"height":1080,"url":"https:\/\/blog.zeit.de\/hamburg\/files\/2016\/01\/12628620_10154494284009056_6465767920085175909_o.jpg","type":"image\/jpeg"}],"author":"Erik Hauth","twitter_card":"summary_large_image","twitter_creator":"@ring2","twitter_misc":{"Geschrieben von":"Erik Hauth","Gesch\u00e4tzte Lesezeit":"3\u00a0Minuten"},"schema":{"@context":"https:\/\/schema.org","@graph":[{"@type":"WebPage","@id":"https:\/\/blog.zeit.de\/hamburg\/fc-st-pauli-testspiel-aalborg\/","url":"https:\/\/blog.zeit.de\/hamburg\/fc-st-pauli-testspiel-aalborg\/","name":"FC St. Pauli: Auch mal aus zweiter Reihe schie\u00dfen!","isPartOf":{"@id":"https:\/\/blog.zeit.de\/hamburg\/#website"},"datePublished":"2016-02-01T14:12:48+00:00","dateModified":"2016-02-04T13:31:21+00:00","author":{"@id":"https:\/\/blog.zeit.de\/hamburg\/#\/schema\/person\/ae2ae61edc5d6a5d6c384e5b44e91bd9"},"description":"Wie geht's weiter f\u00fcr den FC St. Pauli? Unser Autor hat sich beim letzten Testspiel der Winterpause gegen Aalborg Notizen gemacht \u2013 und noch einige Schw\u00e4chen entdeckt.","breadcrumb":{"@id":"https:\/\/blog.zeit.de\/hamburg\/fc-st-pauli-testspiel-aalborg\/#breadcrumb"},"inLanguage":"de","potentialAction":[{"@type":"ReadAction","target":["https:\/\/blog.zeit.de\/hamburg\/fc-st-pauli-testspiel-aalborg\/"]}]},{"@type":"BreadcrumbList","@id":"https:\/\/blog.zeit.de\/hamburg\/fc-st-pauli-testspiel-aalborg\/#breadcrumb","itemListElement":[{"@type":"ListItem","position":1,"name":"Startseite","item":"https:\/\/blog.zeit.de\/hamburg\/"},{"@type":"ListItem","position":2,"name":"Auch mal aus zweiter Reihe schie\u00dfen!"}]},{"@type":"WebSite","@id":"https:\/\/blog.zeit.de\/hamburg\/#website","url":"https:\/\/blog.zeit.de\/hamburg\/","name":"Speersort 1","description":"Das Hamburg-Blog","potentialAction":[{"@type":"SearchAction","target":{"@type":"EntryPoint","urlTemplate":"https:\/\/blog.zeit.de\/hamburg\/?s={search_term_string}"},"query-input":"required name=search_term_string"}],"inLanguage":"de"},{"@type":"Person","@id":"https:\/\/blog.zeit.de\/hamburg\/#\/schema\/person\/ae2ae61edc5d6a5d6c384e5b44e91bd9","name":"Erik Hauth","image":{"@type":"ImageObject","inLanguage":"de","@id":"https:\/\/blog.zeit.de\/hamburg\/#\/schema\/person\/image\/","url":"https:\/\/secure.gravatar.com\/avatar\/5bd569312ecb276570adaac3712a105857e5a8df7356226c44cc446db9be2c74?s=96&d=mm&r=g","contentUrl":"https:\/\/secure.gravatar.com\/avatar\/5bd569312ecb276570adaac3712a105857e5a8df7356226c44cc446db9be2c74?s=96&d=mm&r=g","caption":"Erik Hauth"},"description":"ist aufgewachsen in Blankenese und betreibt das meistgelesene Blog \u00fcber den FC St. Pauli und seinen Stadtteil. Erik war am 16.2.2011 im Volksparkstadion und ist stolz darauf, sich deswegen \"Derbysieger\" nennen zu d\u00fcrfen.","sameAs":["https:\/\/www.stpaulinu.de","https:\/\/www.facebook.com\/stpaulinu","https:\/\/twitter.com\/ring2"],"url":"https:\/\/blog.zeit.de\/hamburg\/author\/ehauth\/"}]}},"jetpack_featured_media_url":"https:\/\/blog.zeit.de\/hamburg\/files\/2016\/01\/12628620_10154494284009056_6465767920085175909_o.jpg","jetpack_sharing_enabled":true,"_links":{"self":[{"href":"https:\/\/blog.zeit.de\/hamburg\/wp-json\/wp\/v2\/posts\/5936","targetHints":{"allow":["GET"]}}],"collection":[{"href":"https:\/\/blog.zeit.de\/hamburg\/wp-json\/wp\/v2\/posts"}],"about":[{"href":"https:\/\/blog.zeit.de\/hamburg\/wp-json\/wp\/v2\/types\/post"}],"author":[{"embeddable":true,"href":"https:\/\/blog.zeit.de\/hamburg\/wp-json\/wp\/v2\/users\/474"}],"replies":[{"embeddable":true,"href":"https:\/\/blog.zeit.de\/hamburg\/wp-json\/wp\/v2\/comments?post=5936"}],"version-history":[{"count":17,"href":"https:\/\/blog.zeit.de\/hamburg\/wp-json\/wp\/v2\/posts\/5936\/revisions"}],"predecessor-version":[{"id":6019,"href":"https:\/\/blog.zeit.de\/hamburg\/wp-json\/wp\/v2\/posts\/5936\/revisions\/6019"}],"wp:featuredmedia":[{"embeddable":true,"href":"https:\/\/blog.zeit.de\/hamburg\/wp-json\/wp\/v2\/media\/5940"}],"wp:attachment":[{"href":"https:\/\/blog.zeit.de\/hamburg\/wp-json\/wp\/v2\/media?parent=5936"}],"wp:term":[{"taxonomy":"category","embeddable":true,"href":"https:\/\/blog.zeit.de\/hamburg\/wp-json\/wp\/v2\/categories?post=5936"},{"taxonomy":"post_tag","embeddable":true,"href":"https:\/\/blog.zeit.de\/hamburg\/wp-json\/wp\/v2\/tags?post=5936"}],"curies":[{"name":"wp","href":"https:\/\/api.w.org\/{rel}","templated":true}]}}