{"id":6161,"date":"2016-03-02T12:41:45","date_gmt":"2016-03-02T11:41:45","guid":{"rendered":"http:\/\/blog.zeit.de\/hamburg\/?p=6161"},"modified":"2016-03-02T14:49:37","modified_gmt":"2016-03-02T13:49:37","slug":"lieber-mit-einer-notelf-antreten","status":"publish","type":"post","link":"https:\/\/blog.zeit.de\/hamburg\/lieber-mit-einer-notelf-antreten\/","title":{"rendered":"Lieber mit einer Notelf antreten"},"content":{"rendered":"<p><em>Magisch gegen Favoriten, Versager gegen Abstiegsgef\u00e4hrdete: Das Team des FC St. Pauli hat sein Stigma weg. Schafft Trainer Lienen die Wende?<\/em><br \/>\n<!--more--><\/p>\n<p>Meist trifft es hoch favorisierte Mannschaften, wie Bayern M\u00fcnchen im legend\u00e4ren Weltpokalsiegerbesiegerspiel, aber auch aktuelle Favoriten wie RB Leipzig verheddern sich in den beinahe f\u00fchlbaren Resonanzwellen, die St. Pauli erzeugen kann. Zuletzt vor zwei Wochen schien das Tor von Robin Himmelmann wie verhext, als ob dort <a href=\"http:\/\/www.stpaulinu.de\/germany-bundesliga\/rote-bullen-und-die-relativitaetstheorie\" target=\"_blank\">gravimetrische Verzerrungen<\/a> daf\u00fcr sorgten, dass die Sch\u00fcsse und Kopfb\u00e4lle der \u00fcberlegenen Leipziger einfach nicht ins Tor fliegen konnten.<\/p>\n<p>Diese Magie hat aber ihren Preis. Dem FC St. Pauli versagt sie regelm\u00e4\u00dfig ihren Dienst, wenn es gegen abstiegsgef\u00e4hrdete Vereine geht. So wie beim letzten Heimspiel gegen den FSV Frankfurt, ein Team und ein Verein, bei dem mir au\u00dfer dem Attribut &#8222;nett&#8220; nicht viel mehr einf\u00e4llt. Immer besser als sein Tabellenplatz und nie zu untersch\u00e4tzen. Denn hier wirkt das St.-Pauli-Wunder nicht.<\/p>\n<p>So gesehen stellt das 1:3 gegen Frankfurt eine Art <a href=\"https:\/\/blog.zeit.de\/hamburg\/fc-st-pauli-fsv-frankfurt-2\/\" target=\"_blank\">selbsterf\u00fcllende Prophezeiung<\/a> dar, denn ehrlicherweise war uns langj\u00e4hrigen Stadiong\u00e4ngern vor dem Spiel klar, dass es nach dem &#8222;epischen Fight&#8220; (Ewald Lienen) gegen die Leipziger schwer werden w\u00fcrde, die Kraft aufzubringen, Frankfurt nicht insgeheim zu untersch\u00e4tzen.<\/p>\n<p>Es sprach also alles f\u00fcr eine Ausw\u00e4rtsniederlage, als das Spiel gegen den MSV Duisburg anstand. Auf dem Papier eine klare Sache: Der Tabellenvierte spielte gegen das Schlusslicht. Aus St.-Paulianischer Sicht also Alarmstufe Rot!<\/p>\n<p>Gl\u00fccklicherweise verbanden sich die aktuell grassierende Grippewelle und ein au\u00dfergew\u00f6hnliches Verletzungspech zu einem entscheidenden Faktor. Ewald Lienen fielen so viele Spieler aus \u2013 der Ersatzersatz in der Innenverteidigung, Bernd Nehrig, sogar erst beim Aufw\u00e4rmen \u2013, dass bis auf Enis Alushi, Marc Rzatkowski, Lennart Thy und Christopher Buchtmann alle Positionen neu besetzt werden mussten. Schlagartig wurde der Favorit seines Stigmas beraubt. Aus dem Aufstiegsaspiranten wurde eine zusammengew\u00fcrfelte Notelf.<\/p>\n<p>Am Ende machte Marc Rzatkowski den Unterschied \u2013 und es blieb noch gen\u00fcgend frei flottierende Restmagie \u00fcbrig, um unserem Pechvogel im Sturm, John Verhoek, zu seinem langersehnten ersten Tor 2016 zu verhelfen. Ewald Lienen, so meine Einsch\u00e4tzung, wird als Zauberer vom Millerntor in die Geschichte eingehen, wenn ihm so ein Schnippchen noch einmal gelingt.<\/p>\n","protected":false},"excerpt":{"rendered":"<p>Magisch gegen Favoriten, Versager gegen Abstiegsgef\u00e4hrdete: Das Team des FC St. Pauli hat sein Stigma weg. Schafft Trainer Lienen die Wende?<\/p>\n","protected":false},"author":474,"featured_media":0,"comment_status":"open","ping_status":"open","sticky":false,"template":"","format":"standard","meta":{"_jetpack_memberships_contains_paid_content":false,"footnotes":""},"categories":[16],"tags":[2663,34828],"class_list":["post-6161","post","type-post","status-publish","format-standard","hentry","category-allgemein","tag-fc-st-pauli","tag-magie"],"yoast_head":"<!-- This site is optimized with the Yoast SEO plugin v21.0 - https:\/\/yoast.com\/wordpress\/plugins\/seo\/ -->\n<title>Lieber mit einer Notelf antreten - Speersort 1 - ZEIT ONLINE<\/title>\n<meta name=\"robots\" content=\"index, follow, max-snippet:-1, max-image-preview:large, max-video-preview:-1\" \/>\n<link rel=\"canonical\" href=\"https:\/\/blog.zeit.de\/hamburg\/lieber-mit-einer-notelf-antreten\/\" \/>\n<meta property=\"og:locale\" content=\"de_DE\" \/>\n<meta property=\"og:type\" content=\"article\" \/>\n<meta property=\"og:title\" content=\"Lieber mit einer Notelf antreten - Speersort 1 - ZEIT ONLINE\" \/>\n<meta property=\"og:description\" content=\"Magisch gegen Favoriten, Versager gegen Abstiegsgef\u00e4hrdete: Das Team des FC St. Pauli hat sein Stigma weg. Schafft Trainer Lienen die Wende?\" \/>\n<meta property=\"og:url\" content=\"https:\/\/blog.zeit.de\/hamburg\/lieber-mit-einer-notelf-antreten\/\" \/>\n<meta property=\"og:site_name\" content=\"Speersort 1\" \/>\n<meta property=\"article:author\" content=\"https:\/\/www.facebook.com\/stpaulinu\" \/>\n<meta property=\"article:published_time\" content=\"2016-03-02T11:41:45+00:00\" \/>\n<meta property=\"article:modified_time\" content=\"2016-03-02T13:49:37+00:00\" \/>\n<meta name=\"author\" content=\"Erik Hauth\" \/>\n<meta name=\"twitter:card\" content=\"summary_large_image\" \/>\n<meta name=\"twitter:creator\" content=\"@ring2\" \/>\n<meta name=\"twitter:label1\" content=\"Geschrieben von\" \/>\n\t<meta name=\"twitter:data1\" content=\"Erik Hauth\" \/>\n\t<meta name=\"twitter:label2\" content=\"Gesch\u00e4tzte Lesezeit\" \/>\n\t<meta name=\"twitter:data2\" content=\"2\u00a0Minuten\" \/>\n<script type=\"application\/ld+json\" class=\"yoast-schema-graph\">{\"@context\":\"https:\/\/schema.org\",\"@graph\":[{\"@type\":\"WebPage\",\"@id\":\"https:\/\/blog.zeit.de\/hamburg\/lieber-mit-einer-notelf-antreten\/\",\"url\":\"https:\/\/blog.zeit.de\/hamburg\/lieber-mit-einer-notelf-antreten\/\",\"name\":\"Lieber mit einer Notelf antreten - Speersort 1 - ZEIT ONLINE\",\"isPartOf\":{\"@id\":\"https:\/\/blog.zeit.de\/hamburg\/#website\"},\"datePublished\":\"2016-03-02T11:41:45+00:00\",\"dateModified\":\"2016-03-02T13:49:37+00:00\",\"author\":{\"@id\":\"https:\/\/blog.zeit.de\/hamburg\/#\/schema\/person\/ae2ae61edc5d6a5d6c384e5b44e91bd9\"},\"breadcrumb\":{\"@id\":\"https:\/\/blog.zeit.de\/hamburg\/lieber-mit-einer-notelf-antreten\/#breadcrumb\"},\"inLanguage\":\"de\",\"potentialAction\":[{\"@type\":\"ReadAction\",\"target\":[\"https:\/\/blog.zeit.de\/hamburg\/lieber-mit-einer-notelf-antreten\/\"]}]},{\"@type\":\"BreadcrumbList\",\"@id\":\"https:\/\/blog.zeit.de\/hamburg\/lieber-mit-einer-notelf-antreten\/#breadcrumb\",\"itemListElement\":[{\"@type\":\"ListItem\",\"position\":1,\"name\":\"Startseite\",\"item\":\"https:\/\/blog.zeit.de\/hamburg\/\"},{\"@type\":\"ListItem\",\"position\":2,\"name\":\"Lieber mit einer Notelf antreten\"}]},{\"@type\":\"WebSite\",\"@id\":\"https:\/\/blog.zeit.de\/hamburg\/#website\",\"url\":\"https:\/\/blog.zeit.de\/hamburg\/\",\"name\":\"Speersort 1\",\"description\":\"Das Hamburg-Blog\",\"potentialAction\":[{\"@type\":\"SearchAction\",\"target\":{\"@type\":\"EntryPoint\",\"urlTemplate\":\"https:\/\/blog.zeit.de\/hamburg\/?s={search_term_string}\"},\"query-input\":\"required name=search_term_string\"}],\"inLanguage\":\"de\"},{\"@type\":\"Person\",\"@id\":\"https:\/\/blog.zeit.de\/hamburg\/#\/schema\/person\/ae2ae61edc5d6a5d6c384e5b44e91bd9\",\"name\":\"Erik Hauth\",\"image\":{\"@type\":\"ImageObject\",\"inLanguage\":\"de\",\"@id\":\"https:\/\/blog.zeit.de\/hamburg\/#\/schema\/person\/image\/\",\"url\":\"https:\/\/secure.gravatar.com\/avatar\/5bd569312ecb276570adaac3712a105857e5a8df7356226c44cc446db9be2c74?s=96&d=mm&r=g\",\"contentUrl\":\"https:\/\/secure.gravatar.com\/avatar\/5bd569312ecb276570adaac3712a105857e5a8df7356226c44cc446db9be2c74?s=96&d=mm&r=g\",\"caption\":\"Erik Hauth\"},\"description\":\"ist aufgewachsen in Blankenese und betreibt das meistgelesene Blog \u00fcber den FC St. Pauli und seinen Stadtteil. Erik war am 16.2.2011 im Volksparkstadion und ist stolz darauf, sich deswegen \\\"Derbysieger\\\" nennen zu d\u00fcrfen.\",\"sameAs\":[\"https:\/\/www.stpaulinu.de\",\"https:\/\/www.facebook.com\/stpaulinu\",\"https:\/\/twitter.com\/ring2\"],\"url\":\"https:\/\/blog.zeit.de\/hamburg\/author\/ehauth\/\"}]}<\/script>\n<!-- \/ Yoast SEO plugin. -->","yoast_head_json":{"title":"Lieber mit einer Notelf antreten - Speersort 1 - ZEIT ONLINE","robots":{"index":"index","follow":"follow","max-snippet":"max-snippet:-1","max-image-preview":"max-image-preview:large","max-video-preview":"max-video-preview:-1"},"canonical":"https:\/\/blog.zeit.de\/hamburg\/lieber-mit-einer-notelf-antreten\/","og_locale":"de_DE","og_type":"article","og_title":"Lieber mit einer Notelf antreten - Speersort 1 - ZEIT ONLINE","og_description":"Magisch gegen Favoriten, Versager gegen Abstiegsgef\u00e4hrdete: Das Team des FC St. Pauli hat sein Stigma weg. Schafft Trainer Lienen die Wende?","og_url":"https:\/\/blog.zeit.de\/hamburg\/lieber-mit-einer-notelf-antreten\/","og_site_name":"Speersort 1","article_author":"https:\/\/www.facebook.com\/stpaulinu","article_published_time":"2016-03-02T11:41:45+00:00","article_modified_time":"2016-03-02T13:49:37+00:00","author":"Erik Hauth","twitter_card":"summary_large_image","twitter_creator":"@ring2","twitter_misc":{"Geschrieben von":"Erik Hauth","Gesch\u00e4tzte Lesezeit":"2\u00a0Minuten"},"schema":{"@context":"https:\/\/schema.org","@graph":[{"@type":"WebPage","@id":"https:\/\/blog.zeit.de\/hamburg\/lieber-mit-einer-notelf-antreten\/","url":"https:\/\/blog.zeit.de\/hamburg\/lieber-mit-einer-notelf-antreten\/","name":"Lieber mit einer Notelf antreten - Speersort 1 - ZEIT ONLINE","isPartOf":{"@id":"https:\/\/blog.zeit.de\/hamburg\/#website"},"datePublished":"2016-03-02T11:41:45+00:00","dateModified":"2016-03-02T13:49:37+00:00","author":{"@id":"https:\/\/blog.zeit.de\/hamburg\/#\/schema\/person\/ae2ae61edc5d6a5d6c384e5b44e91bd9"},"breadcrumb":{"@id":"https:\/\/blog.zeit.de\/hamburg\/lieber-mit-einer-notelf-antreten\/#breadcrumb"},"inLanguage":"de","potentialAction":[{"@type":"ReadAction","target":["https:\/\/blog.zeit.de\/hamburg\/lieber-mit-einer-notelf-antreten\/"]}]},{"@type":"BreadcrumbList","@id":"https:\/\/blog.zeit.de\/hamburg\/lieber-mit-einer-notelf-antreten\/#breadcrumb","itemListElement":[{"@type":"ListItem","position":1,"name":"Startseite","item":"https:\/\/blog.zeit.de\/hamburg\/"},{"@type":"ListItem","position":2,"name":"Lieber mit einer Notelf antreten"}]},{"@type":"WebSite","@id":"https:\/\/blog.zeit.de\/hamburg\/#website","url":"https:\/\/blog.zeit.de\/hamburg\/","name":"Speersort 1","description":"Das Hamburg-Blog","potentialAction":[{"@type":"SearchAction","target":{"@type":"EntryPoint","urlTemplate":"https:\/\/blog.zeit.de\/hamburg\/?s={search_term_string}"},"query-input":"required name=search_term_string"}],"inLanguage":"de"},{"@type":"Person","@id":"https:\/\/blog.zeit.de\/hamburg\/#\/schema\/person\/ae2ae61edc5d6a5d6c384e5b44e91bd9","name":"Erik Hauth","image":{"@type":"ImageObject","inLanguage":"de","@id":"https:\/\/blog.zeit.de\/hamburg\/#\/schema\/person\/image\/","url":"https:\/\/secure.gravatar.com\/avatar\/5bd569312ecb276570adaac3712a105857e5a8df7356226c44cc446db9be2c74?s=96&d=mm&r=g","contentUrl":"https:\/\/secure.gravatar.com\/avatar\/5bd569312ecb276570adaac3712a105857e5a8df7356226c44cc446db9be2c74?s=96&d=mm&r=g","caption":"Erik Hauth"},"description":"ist aufgewachsen in Blankenese und betreibt das meistgelesene Blog \u00fcber den FC St. Pauli und seinen Stadtteil. Erik war am 16.2.2011 im Volksparkstadion und ist stolz darauf, sich deswegen \"Derbysieger\" nennen zu d\u00fcrfen.","sameAs":["https:\/\/www.stpaulinu.de","https:\/\/www.facebook.com\/stpaulinu","https:\/\/twitter.com\/ring2"],"url":"https:\/\/blog.zeit.de\/hamburg\/author\/ehauth\/"}]}},"jetpack_featured_media_url":"","jetpack_sharing_enabled":true,"_links":{"self":[{"href":"https:\/\/blog.zeit.de\/hamburg\/wp-json\/wp\/v2\/posts\/6161","targetHints":{"allow":["GET"]}}],"collection":[{"href":"https:\/\/blog.zeit.de\/hamburg\/wp-json\/wp\/v2\/posts"}],"about":[{"href":"https:\/\/blog.zeit.de\/hamburg\/wp-json\/wp\/v2\/types\/post"}],"author":[{"embeddable":true,"href":"https:\/\/blog.zeit.de\/hamburg\/wp-json\/wp\/v2\/users\/474"}],"replies":[{"embeddable":true,"href":"https:\/\/blog.zeit.de\/hamburg\/wp-json\/wp\/v2\/comments?post=6161"}],"version-history":[{"count":9,"href":"https:\/\/blog.zeit.de\/hamburg\/wp-json\/wp\/v2\/posts\/6161\/revisions"}],"predecessor-version":[{"id":6173,"href":"https:\/\/blog.zeit.de\/hamburg\/wp-json\/wp\/v2\/posts\/6161\/revisions\/6173"}],"wp:attachment":[{"href":"https:\/\/blog.zeit.de\/hamburg\/wp-json\/wp\/v2\/media?parent=6161"}],"wp:term":[{"taxonomy":"category","embeddable":true,"href":"https:\/\/blog.zeit.de\/hamburg\/wp-json\/wp\/v2\/categories?post=6161"},{"taxonomy":"post_tag","embeddable":true,"href":"https:\/\/blog.zeit.de\/hamburg\/wp-json\/wp\/v2\/tags?post=6161"}],"curies":[{"name":"wp","href":"https:\/\/api.w.org\/{rel}","templated":true}]}}