{"id":6229,"date":"2016-03-16T14:17:09","date_gmt":"2016-03-16T13:17:09","guid":{"rendered":"http:\/\/blog.zeit.de\/hamburg\/?p=6229"},"modified":"2016-04-27T15:28:34","modified_gmt":"2016-04-27T13:28:34","slug":"neustadt-hoch-drei","status":"publish","type":"post","link":"https:\/\/blog.zeit.de\/hamburg\/neustadt-hoch-drei\/","title":{"rendered":"Auch die Neustadt kann retro sein"},"content":{"rendered":"<p><em>Stadtteile haben ihre eigene Atmosph\u00e4re, eigene Mythen und Menschen. Zusammen mit\u00a0<a href=\"http:\/\/hamburg.mitvergnuegen.com\" target=\"_blank\">Mit Vergn\u00fcgen Hamburg<\/a>\u00a0wollen wir herausfinden, wie sie ticken. Daf\u00fcr fragen wir jene, die sich am besten auskennen m\u00fcssen: die Bewohner selbst. Wir bitten sie, uns ihr Lieblingscaf\u00e9, ihr Lieblingsrestaurant und einen weiteren Lieblingsort zu verraten. Und das quer durch die Generationen. Folge 5: die Neustadt.<\/em><\/p>\n<p><!--more--><\/p>\n<p>Die Neustadt ist ein R\u00e4tsel. Neu&#8230; was? Der Stadtteil ist der wohl bekannteste und zugleich unbekannteste Hamburgs. Dabei umfasst er nicht weniger als den Michel und den G\u00e4nsemarkt und grenzt an Planten un Blomen. Pl\u00e4tze also, die in so gut wie jedem Hamburger Reisef\u00fchrer gefettet sind. Nicht zu vergessen: die Schlemmermeile des Portugiesenviertels, die historischen Wohnquartiere des G\u00e4ngeviertels und den Gro\u00dfneumarkt. Vom Stephansplatz bis zu den Landungsbr\u00fccken und von den Wallanlagen bis zum Neuen Wall kann man sich herrlich in den zahlreichen Nebenstra\u00dfen verlieren \u2013 und Orte mit viel Charme entdecken.<\/p>\n<h2><strong>Chris<\/strong><\/h2>\n<p><img loading=\"lazy\" decoding=\"async\" class=\"alignnone size-full wp-image-6240\" src=\"https:\/\/blog.zeit.de\/hamburg\/files\/2016\/03\/Chris.jpg\" alt=\"Neustadt-Mit-Vergnuegen-Zeit\" width=\"1000\" height=\"750\" srcset=\"https:\/\/blog.zeit.de\/hamburg\/files\/2016\/03\/Chris.jpg 1000w, https:\/\/blog.zeit.de\/hamburg\/files\/2016\/03\/Chris-620x465.jpg 620w\" sizes=\"auto, (max-width: 1000px) 100vw, 1000px\" \/><\/p>\n<p><em>&#8222;Die Neustadt ist eine Art Biotop&#8220;, meint Chris, 37 Jahre alt. Sie sei klein, pers\u00f6nlich und sehr liebenswert. Die Grafikerin mit Faible f\u00fcr Buchstaben verbringt bisher nur ihre Arbeitszeit in Michel-N\u00e4he \u2013 aber der Zettel mit ihrem Wohnungsgesuch h\u00e4ngt bereits im Viertel.\u00a0<\/em><\/p>\n<p>&nbsp;<\/p>\n<p><b>Lieblingsrestaurant: Thai Food<\/b><\/p>\n<p><img loading=\"lazy\" decoding=\"async\" class=\"alignnone size-full wp-image-6248\" src=\"https:\/\/blog.zeit.de\/hamburg\/files\/2016\/03\/ThaiFood.jpg\" alt=\"Neustadt-Mit-Vergnuegen-Zeit\" width=\"1000\" height=\"757\" srcset=\"https:\/\/blog.zeit.de\/hamburg\/files\/2016\/03\/ThaiFood.jpg 1000w, https:\/\/blog.zeit.de\/hamburg\/files\/2016\/03\/ThaiFood-620x469.jpg 620w\" sizes=\"auto, (max-width: 1000px) 100vw, 1000px\" \/><\/p>\n<p>Der Eckladen mit Kantinenflair \u00fcberzeugt Chris mit leckerem Asia-Food und einer unpr\u00e4tenti\u00f6sen Art \u2013 mittags stehen f\u00fcnf Gerichte mit Fleisch und eins ohne zur Auswahl. Was will man mehr?<\/p>\n<p><em><a href=\"https:\/\/www.facebook.com\/Thaifood-Hamburg-552708808095319\/\" target=\"_blank\">Thai Food<\/a> |\u00a0Herrengraben 22\u00a0|\u00a0Mo. bis Fr. 11:30 &#8211; 20:00 Uhr<\/em><\/p>\n<p>&nbsp;<\/p>\n<p><b>Lieblingscaf\u00e9: Milch<\/b><\/p>\n<p><img loading=\"lazy\" decoding=\"async\" class=\"alignnone size-full wp-image-6239\" src=\"https:\/\/blog.zeit.de\/hamburg\/files\/2016\/03\/Caf\u00e9-Milch.jpg\" alt=\"Neustadt-Mit-Vergnuegen-Zeit\" width=\"1000\" height=\"750\" srcset=\"https:\/\/blog.zeit.de\/hamburg\/files\/2016\/03\/Caf\u00e9-Milch.jpg 1000w, https:\/\/blog.zeit.de\/hamburg\/files\/2016\/03\/Caf\u00e9-Milch-620x465.jpg 620w\" sizes=\"auto, (max-width: 1000px) 100vw, 1000px\" \/><\/p>\n<p>Hier, in einem ehemaligen Feinkostladen, gebe es den besten Kaffee, sagt Chris. Sie habe zwar wenig Ahnung von Bohnen und ihrer Zubereitung, aber der Geschmack \u00fcberzeuge sie. An dem kleinen Caf\u00e9 im Portugiesenviertel gefalle ihr zudem das elegante Innenleben und die besonders h\u00fcbsche Typografie.<\/p>\n<p><em><a href=\"https:\/\/www.facebook.com\/milchfeinkost\/\" target=\"_blank\">Milch<\/a>\u00a0|\u00a0Ditmar-Koel-Stra\u00dfe 22\u00a0|\u00a0Di. bis Fr. 8:30 &#8211; 18:00 Uhr und Sa. bis So. 10:00 &#8211; 18:00 Uhr\u00a0<\/em><\/p>\n<p>&nbsp;<\/p>\n<p><b>Lieblingsort: Paula-Karpinski-Platz<\/b><\/p>\n<p><img loading=\"lazy\" decoding=\"async\" class=\"alignnone size-full wp-image-6246\" src=\"https:\/\/blog.zeit.de\/hamburg\/files\/2016\/03\/PauliaKarpinski_2.jpg\" alt=\"Neustadt-Mit-Vergnuegen-Zeit\" width=\"1000\" height=\"750\" srcset=\"https:\/\/blog.zeit.de\/hamburg\/files\/2016\/03\/PauliaKarpinski_2.jpg 1000w, https:\/\/blog.zeit.de\/hamburg\/files\/2016\/03\/PauliaKarpinski_2-620x465.jpg 620w\" sizes=\"auto, (max-width: 1000px) 100vw, 1000px\" \/><\/p>\n<p>Die Plattform direkt bei der Jugendherberge <em>Auf dem Stintfang<\/em> ist ein wenig versteckt, daher sei es hier oft sch\u00f6n ruhig, erz\u00e4hlt Chris. Au\u00dferdem habe man hier die geilste Aussicht \u00fcber das, was Hamburg ausmache \u2013 dicke Schiffe, endlose Kr\u00e4ne und kreischende M\u00f6wen.<\/p>\n<p><em><a href=\"http:\/\/www.jugendherberge.de\/\/de-de\/jugendherbergen\/Hamburg%20Auf%20dem%20Stintfang523\/Portraet\/sub\/News%20aus%20der%20Jugendherberge\" target=\"_blank\">Paula-Karpinski-Platz<\/a>\u00a0|\u00a0Alfred-Wegener-Weg 5<\/em><\/p>\n<p>&nbsp;<\/p>\n<h2><strong>Alex<\/strong><\/h2>\n<p><img loading=\"lazy\" decoding=\"async\" class=\"alignnone size-full wp-image-6235\" src=\"https:\/\/blog.zeit.de\/hamburg\/files\/2016\/03\/Alex.jpg\" alt=\"Neustadt-Mit-Vergnuegen-Zeit\" width=\"1000\" height=\"750\" srcset=\"https:\/\/blog.zeit.de\/hamburg\/files\/2016\/03\/Alex.jpg 1000w, https:\/\/blog.zeit.de\/hamburg\/files\/2016\/03\/Alex-620x465.jpg 620w\" sizes=\"auto, (max-width: 1000px) 100vw, 1000px\" \/><\/p>\n<p><em>Alex liebt die Vielfalt des Viertels und die N\u00e4he zum Wasser \u2013 egal, ob zur Elbe oder zur Alster. Der 27-J\u00e4hrige arbeitet seit sieben Jahren in der Neustadt. Die vielen Touristen findet er im Gegensatz zu seinen Nachbarn \u00fcberhaupt nicht l\u00e4stig, sondern interessant.<\/em><\/p>\n<p>&nbsp;<\/p>\n<p><b>Lieblingsrestaurant: Luigi\u2019s\u00a0<\/b><\/p>\n<p><img loading=\"lazy\" decoding=\"async\" class=\"alignnone size-full wp-image-6243\" src=\"https:\/\/blog.zeit.de\/hamburg\/files\/2016\/03\/Luigis.jpg\" alt=\"Neustadt-Mit-Vergnuegen-Zeit\" width=\"1000\" height=\"750\" srcset=\"https:\/\/blog.zeit.de\/hamburg\/files\/2016\/03\/Luigis.jpg 1000w, https:\/\/blog.zeit.de\/hamburg\/files\/2016\/03\/Luigis-620x465.jpg 620w\" sizes=\"auto, (max-width: 1000px) 100vw, 1000px\" \/><\/p>\n<p>Wie es sich f\u00fcr einen guten Italiener geh\u00f6re, sei der Laden immer voll, berichtet Alex. Ohne Reservierung gehe hier so gut wie gar nichts und selbst wenn man eine habe, m\u00fcsse man Geduld mitbringen. Die werde aber rasch belohnt \u2013 mit leckerer Pizza aus dem Steinofen (mittags schon f\u00fcr vier Euro) und einem famili\u00e4ren Ambiente.<\/p>\n<p><em><a href=\"http:\/\/www.luigis-restaurants.de\" target=\"_blank\">Luigi\u2019s<\/a>\u00a0|\u00a0Ditmar-Koel-Stra\u00dfe 21\u00a0|\u00a0Mo. bis So. 11:30 &#8211; 00:00 Uhr,\u00a0Reservierungen ab 10:00 Uhr m\u00f6glich<\/em><\/p>\n<p>&nbsp;<\/p>\n<p><b>Lieblingscaf\u00e9: coffee &amp; cakes\u00a0<\/b><\/p>\n<p><img loading=\"lazy\" decoding=\"async\" class=\"alignnone size-full wp-image-6241\" src=\"https:\/\/blog.zeit.de\/hamburg\/files\/2016\/03\/CoffeeAndCakes_2.jpg\" alt=\"Neustadt-Mit-Vergnuegen-Zeit\" width=\"1000\" height=\"757\" srcset=\"https:\/\/blog.zeit.de\/hamburg\/files\/2016\/03\/CoffeeAndCakes_2.jpg 1000w, https:\/\/blog.zeit.de\/hamburg\/files\/2016\/03\/CoffeeAndCakes_2-620x469.jpg 620w\" sizes=\"auto, (max-width: 1000px) 100vw, 1000px\" \/><\/p>\n<p>S\u00fc\u00dfes Geb\u00e4ck, leckerer Kaffee und nette Bedienung \u2013 das \u00fcberzeugt Alex an diesem kleinen portugiesischen Caf\u00e9. Er macht hier am liebsten morgens vor der Arbeit Halt.<\/p>\n<p><em><a href=\"http:\/\/www.coffee-cakes.de\" target=\"_blank\">coffee &amp; cakes<\/a>\u00a0|\u00a0Ditmar-Koel-Stra\u00dfe 8\u00a0|\u00a0Mo. bis So. 7:00 &#8211; 23:00 Uhr<\/em><\/p>\n<p>&nbsp;<\/p>\n<p><b>Lieblingsort: Michelwiese<\/b><\/p>\n<p><img loading=\"lazy\" decoding=\"async\" class=\"alignnone size-full wp-image-6244\" src=\"https:\/\/blog.zeit.de\/hamburg\/files\/2016\/03\/MichelWiese_2.jpg\" alt=\"Neustadt-Mit-Vergnuegen-Zeit\" width=\"1000\" height=\"765\" srcset=\"https:\/\/blog.zeit.de\/hamburg\/files\/2016\/03\/MichelWiese_2.jpg 1000w, https:\/\/blog.zeit.de\/hamburg\/files\/2016\/03\/MichelWiese_2-620x474.jpg 620w\" sizes=\"auto, (max-width: 1000px) 100vw, 1000px\" \/><\/p>\n<p>Sonnen, lesen oder picknicken: Die gr\u00fcnen Fl\u00e4chen unterhalb des Michels sind besonders in der Mittagspause gut besucht. Alex mag es, dass man hier im Sommer sein Grillzeug auspacken und an einer der <a href=\"http:\/\/www.grill-drauf-los.de\" target=\"_blank\">kollektiven Grillstationen<\/a> gegen ein paar M\u00fcnzen sein Essen brutzeln kann.<\/p>\n<p><em><a href=\"http:\/\/www.hamburg.de\/oeffentliche-plaetze\/4259788\/michelwiese\/\" target=\"_blank\">Michelwiese<\/a>\u00a0|\u00a0U-Bahn Baumwall<\/em><\/p>\n<p>&nbsp;<\/p>\n<h2><strong>Lilli<\/strong><\/h2>\n<p><img loading=\"lazy\" decoding=\"async\" class=\"alignnone size-full wp-image-6242\" src=\"https:\/\/blog.zeit.de\/hamburg\/files\/2016\/03\/Lilli_3.jpg\" alt=\"Neustadt-Mit-Vergnuegen-Zeit\" width=\"1000\" height=\"765\" srcset=\"https:\/\/blog.zeit.de\/hamburg\/files\/2016\/03\/Lilli_3.jpg 1000w, https:\/\/blog.zeit.de\/hamburg\/files\/2016\/03\/Lilli_3-620x474.jpg 620w\" sizes=\"auto, (max-width: 1000px) 100vw, 1000px\" \/><\/p>\n<p><em>Auch die &#8222;Mit Vergn\u00fcgen&#8220;-Autorin Lilli, 35, lebt seit fast neun Jahren nur ein paar Schritte vom Hafen entfernt. Von n\u00f6rdlich der Alster, aus Uhlenhorst, hergezogen, schw\u00f6rt sie ihrer neuen Heimat ewige Treue.<\/em><\/p>\n<p>&nbsp;<\/p>\n<p><b>Lieblingsrestaurant: Th\u00e4mers<\/b><\/p>\n<p><img loading=\"lazy\" decoding=\"async\" class=\"alignnone size-full wp-image-6249\" src=\"https:\/\/blog.zeit.de\/hamburg\/files\/2016\/03\/Th\u00e4mers_2.jpg\" alt=\"Neustadt-Mit-Vergnuegen-Zeit\" width=\"1000\" height=\"768\" srcset=\"https:\/\/blog.zeit.de\/hamburg\/files\/2016\/03\/Th\u00e4mers_2.jpg 1000w, https:\/\/blog.zeit.de\/hamburg\/files\/2016\/03\/Th\u00e4mers_2-620x476.jpg 620w\" sizes=\"auto, (max-width: 1000px) 100vw, 1000px\" \/><\/p>\n<p>Im Th\u00e4mers trifft sich, wer ums Eck wohnt \u2013 auf ein k\u00fchles Bier und auf nen Kl\u00f6nschnack. WLAN gibt es hier ganz bewusst nicht. Lillis Essenstipp: Eva&#8217;s Burger mit H\u00e4hnchen und hausgemachter Remoulade.<\/p>\n<p><em><a href=\"http:\/\/www.thaemers.de\" target=\"_blank\">Th\u00e4mers<\/a>\u00a0|\u00a0Gro\u00dfneumarkt 10\u00a0|\u00a0Mo. bis Fr. 12:00 &#8211; 00:00 Uhr und Sa. 11:00 &#8211; 03:00 Uhr, So. 11:00 &#8211; 00:00 Uhr\u00a0<\/em><\/p>\n<p>&nbsp;<\/p>\n<p><b>Lieblingscaf\u00e9: Johanna<\/b><\/p>\n<p><img loading=\"lazy\" decoding=\"async\" class=\"alignnone size-full wp-image-6236\" src=\"https:\/\/blog.zeit.de\/hamburg\/files\/2016\/03\/Caf\u00e9-Johanna_2.jpg\" alt=\"Neustadt-Mit-Vergnuegen-Zeit\" width=\"1000\" height=\"750\" srcset=\"https:\/\/blog.zeit.de\/hamburg\/files\/2016\/03\/Caf\u00e9-Johanna_2.jpg 1000w, https:\/\/blog.zeit.de\/hamburg\/files\/2016\/03\/Caf\u00e9-Johanna_2-620x465.jpg 620w\" sizes=\"auto, (max-width: 1000px) 100vw, 1000px\" \/><\/p>\n<p>Im Caf\u00e9 Johanna am Venusberg trinkt Lilli ihren Cappuccino am liebsten. Sie mag es, hier vielen bekannten Gesichtern aus der Nachbarschaft zu begegnen. Und wenn sich mal kein Gespr\u00e4ch ergebe, k\u00f6nne man hier prima Zeitung lesen, erz\u00e4hlt sie.<\/p>\n<p><em><a href=\"http:\/\/www.cafejohanna.de\" target=\"_blank\">Caf\u00e9 Johanna<\/a>\u00a0|\u00a0Venusberg 26\u00a0|\u00a0Mo. bis Fr. 8:00 &#8211; 18:00 Uhr und Sa. 10:00 &#8211; 18:00 Uhr<\/em><\/p>\n<p>&nbsp;<\/p>\n<p><b>Lieblingsort: Planten un Blomen<\/b><\/p>\n<p><img loading=\"lazy\" decoding=\"async\" class=\"alignnone size-full wp-image-6247\" src=\"https:\/\/blog.zeit.de\/hamburg\/files\/2016\/03\/PlantenBlomen.jpg\" alt=\"Neustadt-Mit-Vergnuegen-Zeit\" width=\"1000\" height=\"758\" srcset=\"https:\/\/blog.zeit.de\/hamburg\/files\/2016\/03\/PlantenBlomen.jpg 1000w, https:\/\/blog.zeit.de\/hamburg\/files\/2016\/03\/PlantenBlomen-620x470.jpg 620w\" sizes=\"auto, (max-width: 1000px) 100vw, 1000px\" \/><\/p>\n<p>Die riesige Parkanlage ist mittendrin im Trubel und scheint doch so fern davon. Ob beim Joggen oder beim Fr\u00fchlingsspaziergang: Lilli mag es, hier durchzuatmen.<\/p>\n<p><em><a href=\"http:\/\/plantenunblomen.hamburg.de\" target=\"_blank\">Planten un Boomen<\/a>\u00a0|\u00a0U-Bahn: St.Pauli, Messehallen, Stephansplatz;\u00a0S-Bahn: Dammtor\u00a0|\u00a0Oktober bis M\u00e4rz 7:00 &#8211; 20:00 Uhr, April 7:00 &#8211; 22:00 Uhr und Mai bis September 7:00 &#8211; 23:00 Uhr<\/em><\/p>\n","protected":false},"excerpt":{"rendered":"<p>Stadtteile haben ihre eigene Atmosph\u00e4re, eigene Mythen und Menschen. Zusammen mit\u00a0Mit Vergn\u00fcgen Hamburg\u00a0wollen wir herausfinden, wie sie ticken. Daf\u00fcr fragen wir jene, die sich am besten auskennen m\u00fcssen: die Bewohner selbst. Wir bitten sie, uns ihr Lieblingscaf\u00e9, ihr Lieblingsrestaurant und einen weiteren Lieblingsort zu verraten. Und das quer durch die Generationen. Folge 5: die Neustadt.<\/p>\n","protected":false},"author":471,"featured_media":6242,"comment_status":"open","ping_status":"open","sticky":false,"template":"","format":"standard","meta":{"_jetpack_memberships_contains_paid_content":false,"footnotes":""},"categories":[16],"tags":[34826,34833,34840,1329,34834,25654,34839,748,8137,34831,34824,34841,34832,34825,1910,34830,34766,34835,34837],"class_list":["post-6229","post","type-post","status-publish","format-standard","has-post-thumbnail","hentry","category-allgemein","tag-cafe","tag-cafe-johanna","tag-coffee-cakes","tag-hamburg","tag-luigis","tag-michel","tag-michelwiese","tag-milch","tag-neustadt","tag-ort","tag-orte-hoch-3","tag-paula-karpinski-platz","tag-planten-un-bloomen","tag-restaurant","tag-stadt","tag-stadtgeschehen","tag-stadtteil","tag-thai","tag-thamers"],"yoast_head":"<!-- This site is optimized with the Yoast SEO plugin v21.0 - https:\/\/yoast.com\/wordpress\/plugins\/seo\/ -->\n<title>Neustadt hoch 3: Auch die Neustadt kann retro sein<\/title>\n<meta name=\"description\" content=\"Drei ganz unterschiedliche Menschen verraten uns ihre Lieblingspl\u00e4tze in der Neustadt.\" \/>\n<meta name=\"robots\" content=\"index, follow, max-snippet:-1, max-image-preview:large, max-video-preview:-1\" \/>\n<link rel=\"canonical\" href=\"https:\/\/blog.zeit.de\/hamburg\/neustadt-hoch-drei\/\" \/>\n<meta property=\"og:locale\" content=\"de_DE\" \/>\n<meta property=\"og:type\" content=\"article\" \/>\n<meta property=\"og:title\" content=\"Neustadt hoch 3: Auch die Neustadt kann retro sein\" \/>\n<meta property=\"og:description\" content=\"Drei ganz unterschiedliche Menschen verraten uns ihre Lieblingspl\u00e4tze in der Neustadt.\" \/>\n<meta property=\"og:url\" content=\"https:\/\/blog.zeit.de\/hamburg\/neustadt-hoch-drei\/\" \/>\n<meta property=\"og:site_name\" content=\"Speersort 1\" \/>\n<meta property=\"article:author\" content=\"https:\/\/facebook.com\/mitvergnuegenhh\" \/>\n<meta property=\"article:published_time\" content=\"2016-03-16T13:17:09+00:00\" \/>\n<meta property=\"article:modified_time\" content=\"2016-04-27T13:28:34+00:00\" \/>\n<meta property=\"og:image\" content=\"https:\/\/blog.zeit.de\/hamburg\/files\/2016\/03\/Lilli_3.jpg\" \/>\n\t<meta property=\"og:image:width\" content=\"1000\" \/>\n\t<meta property=\"og:image:height\" content=\"765\" \/>\n\t<meta property=\"og:image:type\" content=\"image\/jpeg\" \/>\n<meta name=\"author\" content=\"Mit Vergn\u00fcgen Hamburg\" \/>\n<meta name=\"twitter:card\" content=\"summary_large_image\" \/>\n<meta name=\"twitter:creator\" content=\"@mitvergnuegenhh\" \/>\n<meta name=\"twitter:label1\" content=\"Geschrieben von\" \/>\n\t<meta name=\"twitter:data1\" content=\"Mit Vergn\u00fcgen Hamburg\" \/>\n\t<meta name=\"twitter:label2\" content=\"Gesch\u00e4tzte Lesezeit\" \/>\n\t<meta name=\"twitter:data2\" content=\"4\u00a0Minuten\" \/>\n<script type=\"application\/ld+json\" class=\"yoast-schema-graph\">{\"@context\":\"https:\/\/schema.org\",\"@graph\":[{\"@type\":\"WebPage\",\"@id\":\"https:\/\/blog.zeit.de\/hamburg\/neustadt-hoch-drei\/\",\"url\":\"https:\/\/blog.zeit.de\/hamburg\/neustadt-hoch-drei\/\",\"name\":\"Neustadt hoch 3: Auch die Neustadt kann retro sein\",\"isPartOf\":{\"@id\":\"https:\/\/blog.zeit.de\/hamburg\/#website\"},\"datePublished\":\"2016-03-16T13:17:09+00:00\",\"dateModified\":\"2016-04-27T13:28:34+00:00\",\"author\":{\"@id\":\"https:\/\/blog.zeit.de\/hamburg\/#\/schema\/person\/3e49776f4fd92b64ac754b22fadacc40\"},\"description\":\"Drei ganz unterschiedliche Menschen verraten uns ihre Lieblingspl\u00e4tze in der Neustadt.\",\"breadcrumb\":{\"@id\":\"https:\/\/blog.zeit.de\/hamburg\/neustadt-hoch-drei\/#breadcrumb\"},\"inLanguage\":\"de\",\"potentialAction\":[{\"@type\":\"ReadAction\",\"target\":[\"https:\/\/blog.zeit.de\/hamburg\/neustadt-hoch-drei\/\"]}]},{\"@type\":\"BreadcrumbList\",\"@id\":\"https:\/\/blog.zeit.de\/hamburg\/neustadt-hoch-drei\/#breadcrumb\",\"itemListElement\":[{\"@type\":\"ListItem\",\"position\":1,\"name\":\"Startseite\",\"item\":\"https:\/\/blog.zeit.de\/hamburg\/\"},{\"@type\":\"ListItem\",\"position\":2,\"name\":\"Auch die Neustadt kann retro sein\"}]},{\"@type\":\"WebSite\",\"@id\":\"https:\/\/blog.zeit.de\/hamburg\/#website\",\"url\":\"https:\/\/blog.zeit.de\/hamburg\/\",\"name\":\"Speersort 1\",\"description\":\"Das Hamburg-Blog\",\"potentialAction\":[{\"@type\":\"SearchAction\",\"target\":{\"@type\":\"EntryPoint\",\"urlTemplate\":\"https:\/\/blog.zeit.de\/hamburg\/?s={search_term_string}\"},\"query-input\":\"required name=search_term_string\"}],\"inLanguage\":\"de\"},{\"@type\":\"Person\",\"@id\":\"https:\/\/blog.zeit.de\/hamburg\/#\/schema\/person\/3e49776f4fd92b64ac754b22fadacc40\",\"name\":\"Mit Vergn\u00fcgen Hamburg\",\"image\":{\"@type\":\"ImageObject\",\"inLanguage\":\"de\",\"@id\":\"https:\/\/blog.zeit.de\/hamburg\/#\/schema\/person\/image\/\",\"url\":\"https:\/\/secure.gravatar.com\/avatar\/e1a03aaad2511a7903dbd957af3662121c868dbb12f59d4fab6d87b28ffd5a5e?s=96&d=mm&r=g\",\"contentUrl\":\"https:\/\/secure.gravatar.com\/avatar\/e1a03aaad2511a7903dbd957af3662121c868dbb12f59d4fab6d87b28ffd5a5e?s=96&d=mm&r=g\",\"caption\":\"Mit Vergn\u00fcgen Hamburg\"},\"description\":\"Mit Vergn\u00fcgen Hamburg ist das digitale Stadtmagazin f\u00fcr Hamburg. Jeden Tag empfiehlt die Redaktion eine Ausstellung, ein Konzert oder einer Party. F\u00fcr das Blog Speersort 1 haben die Kollegen zun\u00e4chst den Hamburger Eckensteher produziert. Seit einer Weile arbeiten sie an einem neuen Format: Ein Autor f\u00e4hrt in einen Stadtteil und fragt drei Bewohner nach ihren drei nahegelegenen Lieblingspl\u00e4tzen \u2013 einem Caf\u00e9, einem Restaurant und einem beliebiger anderen Ort.\",\"sameAs\":[\"http:\/\/hamburg.mitvergnuegen.com\",\"https:\/\/facebook.com\/mitvergnuegenhh\",\"https:\/\/twitter.com\/mitvergnuegenhh\"],\"url\":\"https:\/\/blog.zeit.de\/hamburg\/author\/mitvergnuegenhh\/\"}]}<\/script>\n<!-- \/ Yoast SEO plugin. -->","yoast_head_json":{"title":"Neustadt hoch 3: Auch die Neustadt kann retro sein","description":"Drei ganz unterschiedliche Menschen verraten uns ihre Lieblingspl\u00e4tze in der Neustadt.","robots":{"index":"index","follow":"follow","max-snippet":"max-snippet:-1","max-image-preview":"max-image-preview:large","max-video-preview":"max-video-preview:-1"},"canonical":"https:\/\/blog.zeit.de\/hamburg\/neustadt-hoch-drei\/","og_locale":"de_DE","og_type":"article","og_title":"Neustadt hoch 3: Auch die Neustadt kann retro sein","og_description":"Drei ganz unterschiedliche Menschen verraten uns ihre Lieblingspl\u00e4tze in der Neustadt.","og_url":"https:\/\/blog.zeit.de\/hamburg\/neustadt-hoch-drei\/","og_site_name":"Speersort 1","article_author":"https:\/\/facebook.com\/mitvergnuegenhh","article_published_time":"2016-03-16T13:17:09+00:00","article_modified_time":"2016-04-27T13:28:34+00:00","og_image":[{"width":1000,"height":765,"url":"https:\/\/blog.zeit.de\/hamburg\/files\/2016\/03\/Lilli_3.jpg","type":"image\/jpeg"}],"author":"Mit Vergn\u00fcgen Hamburg","twitter_card":"summary_large_image","twitter_creator":"@mitvergnuegenhh","twitter_misc":{"Geschrieben von":"Mit Vergn\u00fcgen Hamburg","Gesch\u00e4tzte Lesezeit":"4\u00a0Minuten"},"schema":{"@context":"https:\/\/schema.org","@graph":[{"@type":"WebPage","@id":"https:\/\/blog.zeit.de\/hamburg\/neustadt-hoch-drei\/","url":"https:\/\/blog.zeit.de\/hamburg\/neustadt-hoch-drei\/","name":"Neustadt hoch 3: Auch die Neustadt kann retro sein","isPartOf":{"@id":"https:\/\/blog.zeit.de\/hamburg\/#website"},"datePublished":"2016-03-16T13:17:09+00:00","dateModified":"2016-04-27T13:28:34+00:00","author":{"@id":"https:\/\/blog.zeit.de\/hamburg\/#\/schema\/person\/3e49776f4fd92b64ac754b22fadacc40"},"description":"Drei ganz unterschiedliche Menschen verraten uns ihre Lieblingspl\u00e4tze in der Neustadt.","breadcrumb":{"@id":"https:\/\/blog.zeit.de\/hamburg\/neustadt-hoch-drei\/#breadcrumb"},"inLanguage":"de","potentialAction":[{"@type":"ReadAction","target":["https:\/\/blog.zeit.de\/hamburg\/neustadt-hoch-drei\/"]}]},{"@type":"BreadcrumbList","@id":"https:\/\/blog.zeit.de\/hamburg\/neustadt-hoch-drei\/#breadcrumb","itemListElement":[{"@type":"ListItem","position":1,"name":"Startseite","item":"https:\/\/blog.zeit.de\/hamburg\/"},{"@type":"ListItem","position":2,"name":"Auch die Neustadt kann retro sein"}]},{"@type":"WebSite","@id":"https:\/\/blog.zeit.de\/hamburg\/#website","url":"https:\/\/blog.zeit.de\/hamburg\/","name":"Speersort 1","description":"Das Hamburg-Blog","potentialAction":[{"@type":"SearchAction","target":{"@type":"EntryPoint","urlTemplate":"https:\/\/blog.zeit.de\/hamburg\/?s={search_term_string}"},"query-input":"required name=search_term_string"}],"inLanguage":"de"},{"@type":"Person","@id":"https:\/\/blog.zeit.de\/hamburg\/#\/schema\/person\/3e49776f4fd92b64ac754b22fadacc40","name":"Mit Vergn\u00fcgen Hamburg","image":{"@type":"ImageObject","inLanguage":"de","@id":"https:\/\/blog.zeit.de\/hamburg\/#\/schema\/person\/image\/","url":"https:\/\/secure.gravatar.com\/avatar\/e1a03aaad2511a7903dbd957af3662121c868dbb12f59d4fab6d87b28ffd5a5e?s=96&d=mm&r=g","contentUrl":"https:\/\/secure.gravatar.com\/avatar\/e1a03aaad2511a7903dbd957af3662121c868dbb12f59d4fab6d87b28ffd5a5e?s=96&d=mm&r=g","caption":"Mit Vergn\u00fcgen Hamburg"},"description":"Mit Vergn\u00fcgen Hamburg ist das digitale Stadtmagazin f\u00fcr Hamburg. Jeden Tag empfiehlt die Redaktion eine Ausstellung, ein Konzert oder einer Party. F\u00fcr das Blog Speersort 1 haben die Kollegen zun\u00e4chst den Hamburger Eckensteher produziert. Seit einer Weile arbeiten sie an einem neuen Format: Ein Autor f\u00e4hrt in einen Stadtteil und fragt drei Bewohner nach ihren drei nahegelegenen Lieblingspl\u00e4tzen \u2013 einem Caf\u00e9, einem Restaurant und einem beliebiger anderen Ort.","sameAs":["http:\/\/hamburg.mitvergnuegen.com","https:\/\/facebook.com\/mitvergnuegenhh","https:\/\/twitter.com\/mitvergnuegenhh"],"url":"https:\/\/blog.zeit.de\/hamburg\/author\/mitvergnuegenhh\/"}]}},"jetpack_featured_media_url":"https:\/\/blog.zeit.de\/hamburg\/files\/2016\/03\/Lilli_3.jpg","jetpack_sharing_enabled":true,"_links":{"self":[{"href":"https:\/\/blog.zeit.de\/hamburg\/wp-json\/wp\/v2\/posts\/6229","targetHints":{"allow":["GET"]}}],"collection":[{"href":"https:\/\/blog.zeit.de\/hamburg\/wp-json\/wp\/v2\/posts"}],"about":[{"href":"https:\/\/blog.zeit.de\/hamburg\/wp-json\/wp\/v2\/types\/post"}],"author":[{"embeddable":true,"href":"https:\/\/blog.zeit.de\/hamburg\/wp-json\/wp\/v2\/users\/471"}],"replies":[{"embeddable":true,"href":"https:\/\/blog.zeit.de\/hamburg\/wp-json\/wp\/v2\/comments?post=6229"}],"version-history":[{"count":12,"href":"https:\/\/blog.zeit.de\/hamburg\/wp-json\/wp\/v2\/posts\/6229\/revisions"}],"predecessor-version":[{"id":6290,"href":"https:\/\/blog.zeit.de\/hamburg\/wp-json\/wp\/v2\/posts\/6229\/revisions\/6290"}],"wp:featuredmedia":[{"embeddable":true,"href":"https:\/\/blog.zeit.de\/hamburg\/wp-json\/wp\/v2\/media\/6242"}],"wp:attachment":[{"href":"https:\/\/blog.zeit.de\/hamburg\/wp-json\/wp\/v2\/media?parent=6229"}],"wp:term":[{"taxonomy":"category","embeddable":true,"href":"https:\/\/blog.zeit.de\/hamburg\/wp-json\/wp\/v2\/categories?post=6229"},{"taxonomy":"post_tag","embeddable":true,"href":"https:\/\/blog.zeit.de\/hamburg\/wp-json\/wp\/v2\/tags?post=6229"}],"curies":[{"name":"wp","href":"https:\/\/api.w.org\/{rel}","templated":true}]}}