{"id":6381,"date":"2016-03-31T19:03:52","date_gmt":"2016-03-31T17:03:52","guid":{"rendered":"http:\/\/blog.zeit.de\/hamburg\/?p=6381"},"modified":"2016-04-01T08:53:38","modified_gmt":"2016-04-01T06:53:38","slug":"emir-spahic-ohrfeige","status":"publish","type":"post","link":"https:\/\/blog.zeit.de\/hamburg\/emir-spahic-ohrfeige\/","title":{"rendered":"Eine Schelle zum richtigen Zeitpunkt?"},"content":{"rendered":"<p><i>Verteidiger Emir Spahi\u0107 soll wiederholt einen HSV-Kollegen geohrfeigt haben. Ein Grund, seinen Vertrag im Sommer nicht zu verl\u00e4ngern? Ach was.<\/i><!--more--><\/p>\n<p>Um Emir Spahi\u0107 zu verstehen, muss man sich nur mal die Bundesligatabelle angucken: Der HSV nimmt hier nahezu seit dem ersten Spieltag Pl\u00e4tze ein, die gef\u00e4hrlich sind. Sie gaukeln vor, alles sei in Ordnung.<\/p>\n<p>Keine Europa-League, kein Abstieg \u2013 viele im und um den Verein empfinden das Dasein im Mittelma\u00df als fortschrittlich. Herrlich, diese Langeweile! Nur der im Sommer aus Leverkusen nach Hamburg gewechselte Innenverteidiger Emir Spahi\u0107 st\u00f6rt die Idylle regelm\u00e4\u00dfig. Der Bosnier soll, glaubt man den vielen Ger\u00fcchten, seine Mitspieler bep\u00f6beln und ihnen gegen\u00fcber handgreiflich werden.<\/p>\n<p>Als Erstes traf es demnach Mittelfeldmann Lewis Holtby (&#8222;Halt die Fresse! Sonst haue ich dir aufs Maul&#8220;), dann Matthias Ostrzolek und Nicolai M\u00fcller (&#8222;Ihr Pussys geht mir besser aus dem Weg&#8220;). St\u00fcrmer Pierre-Michel Lasogga bedachte er mit einer Ohrfeige, weil ihm dessen Einstellung zum Fu\u00dfballspielen nicht passte.<\/p>\n<p>Und wie jetzt erst bekannt wurde, soll Spahi\u0107 seine Unzufriedenheit abermals mit einem Schlag auf die Wange eines Mitspielers zum Ausdruck gebracht haben. Vor dem Spiel gegen Schalke 04 soll er den St\u00fcrmer Josip Drmi\u0107 in der Dusche geohrfeigt haben. Kann man das tolerieren? Hat der HSV \u00fcberhaupt noch eine andere M\u00f6glichkeit, als seinen Einjahresvertrag am Saisonende auslaufen zu lassen?<\/p>\n<p>Unbedingt!<\/p>\n<p>Sicher, der 35-J\u00e4hrige ist ein unbelehrbarer R\u00fcpel. Aber er ist auch ein beeindruckend robuster Abwehrspieler mit starkem Stellungsspiel. Und, viel wichtiger, er tut dem HSV mit seiner Art gut. Gerade jetzt. Es besteht die Gefahr, dass man beim HSV zu sorglos geworden ist, dass man sich im Bewusstsein zur\u00fccklehnt, im Nirgendwo der Tabelle vor sich hinzud\u00fcmpeln. Dabei sind es gerade mal vier Punkte bis zum vermaledeiten Relegationsplatz. M\u00f6glicherweise wirkt da eine Ohrfeige, nat\u00fcrlich wohldosiert eingesetzt, motivierend. Auch J\u00fcrgen Klopp soll beim FC Liverpool schon mit diesem Mittel experimentiert haben.<\/p>\n<p>Schlechte Vorbilder? Ach was. Man muss sich nur mal klarmachen, um was es geht: nicht um eine Bei\u00dfattacke, nicht um einen Kung-Fu-Tritt, nein, um eine Ohrfeige. Das ist im Vergleich mit den w\u00fcsten Verhaltensweisen, die Fu\u00dfballer ansonsten manchmal zeigen, harmlos. Plitsch, platsch \u2013 um Ohrfeigen drehen sich Filme und Romane, keine Skandale.<\/p>\n<p>Entlastend muss auch angef\u00fchrt werden, dass Spahi\u0107 in der Kabine beziehungsweise angeblich in der Dusche ausgerastet ist. In einem Raum also, der eigentlich nicht \u00f6ffentlich ist. Dass diese Geschichte nun trotzdem ihren Weg aus den Katakomben gefunden hat, bringt einen sogar in die Verlegenheit, dar\u00fcber nachzudenken, ob Spahi\u0107 und Drmi\u0107 schon vor dem Spiel duschen. Das ist nun wirklich vollkommen irrelevant.<\/p>\n<p>&nbsp;<\/p>\n","protected":false},"excerpt":{"rendered":"<p>Verteidiger Emir Spahi\u0107 soll wiederholt einen HSV-Kollegen geohrfeigt haben. Ein Grund, seinen Vertrag im Sommer nicht zu verl\u00e4ngern? Ach was.<\/p>\n","protected":false},"author":520,"featured_media":6386,"comment_status":"open","ping_status":"open","sticky":false,"template":"","format":"standard","meta":{"_jetpack_memberships_contains_paid_content":false,"footnotes":""},"categories":[16],"tags":[],"class_list":["post-6381","post","type-post","status-publish","format-standard","has-post-thumbnail","hentry","category-allgemein"],"yoast_head":"<!-- This site is optimized with the Yoast SEO plugin v21.0 - https:\/\/yoast.com\/wordpress\/plugins\/seo\/ -->\n<title>Hamburger SV: Eine Schelle zum richtigen Zeitpunkt?<\/title>\n<meta name=\"description\" content=\"Verteidiger Emir Spahi\u0107 soll wiederholt einen HSV-Kollegen geohrfeigt haben. Ein Grund, seinen Vertrag im Sommer nicht zu verl\u00e4ngern? Ach was\" \/>\n<meta name=\"robots\" content=\"index, follow, max-snippet:-1, max-image-preview:large, max-video-preview:-1\" \/>\n<link rel=\"canonical\" href=\"https:\/\/blog.zeit.de\/hamburg\/emir-spahic-ohrfeige\/\" \/>\n<meta property=\"og:locale\" content=\"de_DE\" \/>\n<meta property=\"og:type\" content=\"article\" \/>\n<meta property=\"og:title\" content=\"Hamburger SV: Eine Schelle zum richtigen Zeitpunkt?\" \/>\n<meta property=\"og:description\" content=\"Verteidiger Emir Spahi\u0107 soll wiederholt einen HSV-Kollegen geohrfeigt haben. Ein Grund, seinen Vertrag im Sommer nicht zu verl\u00e4ngern? Ach was\" \/>\n<meta property=\"og:url\" content=\"https:\/\/blog.zeit.de\/hamburg\/emir-spahic-ohrfeige\/\" \/>\n<meta property=\"og:site_name\" content=\"Speersort 1\" \/>\n<meta property=\"article:published_time\" content=\"2016-03-31T17:03:52+00:00\" \/>\n<meta property=\"article:modified_time\" content=\"2016-04-01T06:53:38+00:00\" \/>\n<meta property=\"og:image\" content=\"https:\/\/blog.zeit.de\/hamburg\/files\/2016\/03\/63805164.jpg\" \/>\n\t<meta property=\"og:image:width\" content=\"3094\" \/>\n\t<meta property=\"og:image:height\" content=\"2218\" \/>\n\t<meta property=\"og:image:type\" content=\"image\/jpeg\" \/>\n<meta name=\"author\" content=\"Johan Dehoust\" \/>\n<meta name=\"twitter:card\" content=\"summary_large_image\" \/>\n<meta name=\"twitter:label1\" content=\"Geschrieben von\" \/>\n\t<meta name=\"twitter:data1\" content=\"Johan Dehoust\" \/>\n\t<meta name=\"twitter:label2\" content=\"Gesch\u00e4tzte Lesezeit\" \/>\n\t<meta name=\"twitter:data2\" content=\"2\u00a0Minuten\" \/>\n<script type=\"application\/ld+json\" class=\"yoast-schema-graph\">{\"@context\":\"https:\/\/schema.org\",\"@graph\":[{\"@type\":\"WebPage\",\"@id\":\"https:\/\/blog.zeit.de\/hamburg\/emir-spahic-ohrfeige\/\",\"url\":\"https:\/\/blog.zeit.de\/hamburg\/emir-spahic-ohrfeige\/\",\"name\":\"Hamburger SV: Eine Schelle zum richtigen Zeitpunkt?\",\"isPartOf\":{\"@id\":\"https:\/\/blog.zeit.de\/hamburg\/#website\"},\"datePublished\":\"2016-03-31T17:03:52+00:00\",\"dateModified\":\"2016-04-01T06:53:38+00:00\",\"author\":{\"@id\":\"https:\/\/blog.zeit.de\/hamburg\/#\/schema\/person\/06fcc3fa992dae7b9286fbc3811291e1\"},\"description\":\"Verteidiger Emir Spahi\u0107 soll wiederholt einen HSV-Kollegen geohrfeigt haben. Ein Grund, seinen Vertrag im Sommer nicht zu verl\u00e4ngern? Ach was\",\"breadcrumb\":{\"@id\":\"https:\/\/blog.zeit.de\/hamburg\/emir-spahic-ohrfeige\/#breadcrumb\"},\"inLanguage\":\"de\",\"potentialAction\":[{\"@type\":\"ReadAction\",\"target\":[\"https:\/\/blog.zeit.de\/hamburg\/emir-spahic-ohrfeige\/\"]}]},{\"@type\":\"BreadcrumbList\",\"@id\":\"https:\/\/blog.zeit.de\/hamburg\/emir-spahic-ohrfeige\/#breadcrumb\",\"itemListElement\":[{\"@type\":\"ListItem\",\"position\":1,\"name\":\"Startseite\",\"item\":\"https:\/\/blog.zeit.de\/hamburg\/\"},{\"@type\":\"ListItem\",\"position\":2,\"name\":\"Eine Schelle zum richtigen Zeitpunkt?\"}]},{\"@type\":\"WebSite\",\"@id\":\"https:\/\/blog.zeit.de\/hamburg\/#website\",\"url\":\"https:\/\/blog.zeit.de\/hamburg\/\",\"name\":\"Speersort 1\",\"description\":\"Das Hamburg-Blog\",\"potentialAction\":[{\"@type\":\"SearchAction\",\"target\":{\"@type\":\"EntryPoint\",\"urlTemplate\":\"https:\/\/blog.zeit.de\/hamburg\/?s={search_term_string}\"},\"query-input\":\"required name=search_term_string\"}],\"inLanguage\":\"de\"},{\"@type\":\"Person\",\"@id\":\"https:\/\/blog.zeit.de\/hamburg\/#\/schema\/person\/06fcc3fa992dae7b9286fbc3811291e1\",\"name\":\"Johan Dehoust\",\"image\":{\"@type\":\"ImageObject\",\"inLanguage\":\"de\",\"@id\":\"https:\/\/blog.zeit.de\/hamburg\/#\/schema\/person\/image\/\",\"url\":\"https:\/\/secure.gravatar.com\/avatar\/5b330f7e386822fd045fcc53050a13990da910a09ccf49478ac1839f9a6f5938?s=96&d=mm&r=g\",\"contentUrl\":\"https:\/\/secure.gravatar.com\/avatar\/5b330f7e386822fd045fcc53050a13990da910a09ccf49478ac1839f9a6f5938?s=96&d=mm&r=g\",\"caption\":\"Johan Dehoust\"},\"description\":\"ist Redakteur im Hamburg-Ressort von ZEIT ONLINE.\",\"url\":\"https:\/\/blog.zeit.de\/hamburg\/author\/johandehoust\/\"}]}<\/script>\n<!-- \/ Yoast SEO plugin. -->","yoast_head_json":{"title":"Hamburger SV: Eine Schelle zum richtigen Zeitpunkt?","description":"Verteidiger Emir Spahi\u0107 soll wiederholt einen HSV-Kollegen geohrfeigt haben. Ein Grund, seinen Vertrag im Sommer nicht zu verl\u00e4ngern? Ach was","robots":{"index":"index","follow":"follow","max-snippet":"max-snippet:-1","max-image-preview":"max-image-preview:large","max-video-preview":"max-video-preview:-1"},"canonical":"https:\/\/blog.zeit.de\/hamburg\/emir-spahic-ohrfeige\/","og_locale":"de_DE","og_type":"article","og_title":"Hamburger SV: Eine Schelle zum richtigen Zeitpunkt?","og_description":"Verteidiger Emir Spahi\u0107 soll wiederholt einen HSV-Kollegen geohrfeigt haben. Ein Grund, seinen Vertrag im Sommer nicht zu verl\u00e4ngern? Ach was","og_url":"https:\/\/blog.zeit.de\/hamburg\/emir-spahic-ohrfeige\/","og_site_name":"Speersort 1","article_published_time":"2016-03-31T17:03:52+00:00","article_modified_time":"2016-04-01T06:53:38+00:00","og_image":[{"width":3094,"height":2218,"url":"https:\/\/blog.zeit.de\/hamburg\/files\/2016\/03\/63805164.jpg","type":"image\/jpeg"}],"author":"Johan Dehoust","twitter_card":"summary_large_image","twitter_misc":{"Geschrieben von":"Johan Dehoust","Gesch\u00e4tzte Lesezeit":"2\u00a0Minuten"},"schema":{"@context":"https:\/\/schema.org","@graph":[{"@type":"WebPage","@id":"https:\/\/blog.zeit.de\/hamburg\/emir-spahic-ohrfeige\/","url":"https:\/\/blog.zeit.de\/hamburg\/emir-spahic-ohrfeige\/","name":"Hamburger SV: Eine Schelle zum richtigen Zeitpunkt?","isPartOf":{"@id":"https:\/\/blog.zeit.de\/hamburg\/#website"},"datePublished":"2016-03-31T17:03:52+00:00","dateModified":"2016-04-01T06:53:38+00:00","author":{"@id":"https:\/\/blog.zeit.de\/hamburg\/#\/schema\/person\/06fcc3fa992dae7b9286fbc3811291e1"},"description":"Verteidiger Emir Spahi\u0107 soll wiederholt einen HSV-Kollegen geohrfeigt haben. Ein Grund, seinen Vertrag im Sommer nicht zu verl\u00e4ngern? Ach was","breadcrumb":{"@id":"https:\/\/blog.zeit.de\/hamburg\/emir-spahic-ohrfeige\/#breadcrumb"},"inLanguage":"de","potentialAction":[{"@type":"ReadAction","target":["https:\/\/blog.zeit.de\/hamburg\/emir-spahic-ohrfeige\/"]}]},{"@type":"BreadcrumbList","@id":"https:\/\/blog.zeit.de\/hamburg\/emir-spahic-ohrfeige\/#breadcrumb","itemListElement":[{"@type":"ListItem","position":1,"name":"Startseite","item":"https:\/\/blog.zeit.de\/hamburg\/"},{"@type":"ListItem","position":2,"name":"Eine Schelle zum richtigen Zeitpunkt?"}]},{"@type":"WebSite","@id":"https:\/\/blog.zeit.de\/hamburg\/#website","url":"https:\/\/blog.zeit.de\/hamburg\/","name":"Speersort 1","description":"Das Hamburg-Blog","potentialAction":[{"@type":"SearchAction","target":{"@type":"EntryPoint","urlTemplate":"https:\/\/blog.zeit.de\/hamburg\/?s={search_term_string}"},"query-input":"required name=search_term_string"}],"inLanguage":"de"},{"@type":"Person","@id":"https:\/\/blog.zeit.de\/hamburg\/#\/schema\/person\/06fcc3fa992dae7b9286fbc3811291e1","name":"Johan Dehoust","image":{"@type":"ImageObject","inLanguage":"de","@id":"https:\/\/blog.zeit.de\/hamburg\/#\/schema\/person\/image\/","url":"https:\/\/secure.gravatar.com\/avatar\/5b330f7e386822fd045fcc53050a13990da910a09ccf49478ac1839f9a6f5938?s=96&d=mm&r=g","contentUrl":"https:\/\/secure.gravatar.com\/avatar\/5b330f7e386822fd045fcc53050a13990da910a09ccf49478ac1839f9a6f5938?s=96&d=mm&r=g","caption":"Johan Dehoust"},"description":"ist Redakteur im Hamburg-Ressort von ZEIT ONLINE.","url":"https:\/\/blog.zeit.de\/hamburg\/author\/johandehoust\/"}]}},"jetpack_featured_media_url":"https:\/\/blog.zeit.de\/hamburg\/files\/2016\/03\/63805164.jpg","jetpack_sharing_enabled":true,"_links":{"self":[{"href":"https:\/\/blog.zeit.de\/hamburg\/wp-json\/wp\/v2\/posts\/6381","targetHints":{"allow":["GET"]}}],"collection":[{"href":"https:\/\/blog.zeit.de\/hamburg\/wp-json\/wp\/v2\/posts"}],"about":[{"href":"https:\/\/blog.zeit.de\/hamburg\/wp-json\/wp\/v2\/types\/post"}],"author":[{"embeddable":true,"href":"https:\/\/blog.zeit.de\/hamburg\/wp-json\/wp\/v2\/users\/520"}],"replies":[{"embeddable":true,"href":"https:\/\/blog.zeit.de\/hamburg\/wp-json\/wp\/v2\/comments?post=6381"}],"version-history":[{"count":11,"href":"https:\/\/blog.zeit.de\/hamburg\/wp-json\/wp\/v2\/posts\/6381\/revisions"}],"predecessor-version":[{"id":6393,"href":"https:\/\/blog.zeit.de\/hamburg\/wp-json\/wp\/v2\/posts\/6381\/revisions\/6393"}],"wp:featuredmedia":[{"embeddable":true,"href":"https:\/\/blog.zeit.de\/hamburg\/wp-json\/wp\/v2\/media\/6386"}],"wp:attachment":[{"href":"https:\/\/blog.zeit.de\/hamburg\/wp-json\/wp\/v2\/media?parent=6381"}],"wp:term":[{"taxonomy":"category","embeddable":true,"href":"https:\/\/blog.zeit.de\/hamburg\/wp-json\/wp\/v2\/categories?post=6381"},{"taxonomy":"post_tag","embeddable":true,"href":"https:\/\/blog.zeit.de\/hamburg\/wp-json\/wp\/v2\/tags?post=6381"}],"curies":[{"name":"wp","href":"https:\/\/api.w.org\/{rel}","templated":true}]}}