{"id":6458,"date":"2016-04-08T14:14:32","date_gmt":"2016-04-08T12:14:32","guid":{"rendered":"http:\/\/blog.zeit.de\/hamburg\/?p=6458"},"modified":"2016-04-08T14:52:15","modified_gmt":"2016-04-08T12:52:15","slug":"gefluechtete-blankenese","status":"publish","type":"post","link":"https:\/\/blog.zeit.de\/hamburg\/gefluechtete-blankenese\/","title":{"rendered":"Ihr seid doch selbst Zugezogene!"},"content":{"rendered":"<p><em>Autor Erik Hauth f\u00fcrchtet um den Ruf seines Viertels. Er fragt sich, warum ausgerechnet Neu-Blankeneser die Holzh\u00fctten f\u00fcr Fl\u00fcchtlinge verhindern wollen.<br \/>\n<\/em><\/p>\n<p><!--more-->Den Bjoernsonweg in Blankenese kannte bis zu dieser Woche in Hamburg kein Schwein. Nun aber haben Anwohner mit ihren schr\u00e4g geparkten SUVs und juristischem Einspruch verhindert, dass dort 42 B\u00e4ume gef\u00e4llt werden, die f\u00fcr den Bau von Holzh\u00fctten f\u00fcr 192 Gefl\u00fcchtete weichen sollten. Sie haben damit diesen Teil des exklusiven Fischerdorfes in den \u00f6ffentlichen Fokus man\u00f6vriert. Als Sinnbild f\u00fcr reiche B\u00fcrger Hamburgs, die sich in Sonntagsreden gern weltoffen geben \u2013 wenn es um ihre eigene kleine Welt geht aber die Gerichte bem\u00fchen und unverhohlen fremdenfeindlich agieren.<\/p>\n<p>Zu Ostern hatte ich noch die Widerst\u00e4ndigkeit der Blankeneser gefeiert, als sie sich kreativ gegen die Unm\u00f6glichmachung der <a href=\"https:\/\/blog.zeit.de\/hamburg\/osterfeuer-elbe-blankenese\/\" target=\"_blank\">Osterfeuer am Elbstrand<\/a> wehrten. In diesen Tagen erleben wir die Kehrseite dieser Streitlust, die auf dem R\u00fccken derer ausgetragen wird, die Schutz suchend zu uns kommen.<\/p>\n<p><figure id=\"attachment_6459\" aria-describedby=\"caption-attachment-6459\" style=\"width: 620px\" class=\"wp-caption aligncenter\"><img loading=\"lazy\" decoding=\"async\" class=\"size-medium wp-image-6459\" src=\"https:\/\/blog.zeit.de\/hamburg\/files\/2016\/04\/Szeneviertel-Blankensjpg-620x318.jpg\" alt=\"szeneviertel_blankenese\" width=\"620\" height=\"318\" srcset=\"https:\/\/blog.zeit.de\/hamburg\/files\/2016\/04\/Szeneviertel-Blankensjpg-620x318.jpg 620w, https:\/\/blog.zeit.de\/hamburg\/files\/2016\/04\/Szeneviertel-Blankensjpg.jpg 640w\" sizes=\"auto, (max-width: 620px) 100vw, 620px\" \/><figcaption id=\"caption-attachment-6459\" class=\"wp-caption-text\">&#8222;Szeneviertel Blankenese&#8220;-Graffiti im Hamburger Schanzenviertel. Foto: Erik Hauth<\/figcaption><\/figure><\/p>\n<p>Dabei sind die Bewohner der neuen Siedlung am Bjoernsonweg oft selbst sogenannte Zugezogene<em>. <\/em>So nennen Blankeneser die Menschen, die neu in das beschauliche Gemeinwesen an der Elbe ziehen. Blankeneser sind seit jeher ausgestattet mit einer ordentlichen Portion Skepsis und Argwohn \u2013 und haben schon immer dementsprechend auf die Zugezogenen geschaut. Kein sch\u00f6ner Wesenszug. Es k\u00f6nnten damit zu tun haben, dass Blankenese in alten Zeiten ein Fischerdorf am Hang war, das umgeben war von Bauernd\u00f6rfern, Rissen, S\u00fclldorf oder Nienstedten beispielsweise. Denen traute man einfach nicht.<\/p>\n<p>In j\u00fcngster Vergangenheit jedoch hat der Zuzug von wohlhabenden Leuten aus Hamburg und anderen Gegenden das Bild von Blankenese radikal ver\u00e4ndert. Auch ein Grund, warum viele der Alteingesessenen die Ansiedlung von Gefl\u00fcchteten begr\u00fc\u00dfen: Dann werden sie mit den Pfeffers\u00e4cken nicht ganz allein gelassen.<\/p>\n<p>Jetzt f\u00fcrchten sie um den Ruf ihres &#8222;Dorfes&#8220;, und da ergeht es ihnen wie ihren Pendants in Sachsen oder Mecklenburg. &#8222;Die interessieren sich kein St\u00fcck f\u00fcr seltene B\u00e4ume und Pflanzen. Die haben ihre H\u00fctten f\u00fcr viel zu viel Geld gekauft und f\u00fcrchten, dass sie bald nur noch die H\u00e4lfte wert sind. Darum geht\u2019s&#8220;, sagte zum Beispiel ein Anwohner gegen\u00fcber der <em>Mopo<\/em>. &#8222;Am liebsten w\u00fcrde ich in diese Stra\u00dfe fahren und den Anwohnern sagen, was f\u00fcr Vollidioten sie sind!&#8220;<\/p>\n<p>Das sollten wir tun. Die Protestfahrt der Interventionistischen Linken nach Blankenese, die symbolhaft eine Kettens\u00e4ge an eine Birke legte, war doch schon ein gutes Zeichen. Wichtig ist, dass sich die alteingesessenen Blankeneser diesem Widerstand anschlie\u00dfen.<\/p>\n<p>Die Einspr\u00fcche und juristischen Winkelz\u00fcge werden das Bauvorhaben voraussichtlich nur verz\u00f6gern, irgendwann werden die knapp 200 neuen Blankeneser hinzuziehen. Dann w\u00e4re es von Vorteil, wenn sich bessere Zeichen aus Blankenese vernehmen lassen, als die verheerenden, die die Zugezogenen aus dem Bjoernsonweg diese Woche gesendet haben.<\/p>\n<form id=\"newsletter-teaser-form\" action=\"http:\/\/community.zeit.de\/newsletter-signup?mode=2click&amp;nl=elbvertiefung\" method=\"POST\">\n<div class=\"newsletter-teaser-box\">\n<div class=\"newsletter-teaser-image\"><img decoding=\"async\" src=\"https:\/\/img.zeit.de\/bilder\/newsletter\/Anmeldeseite\/nl_elbvertiefung.jpg\" alt=\"Elbvertiefung\" \/><\/div>\n<div class=\"newsletter-teaser-title\">Elbvertiefung \u2013 Der t\u00e4gliche Newsletter f\u00fcr Hamburg<\/div>\n<div class=\"newsletter-teaser-text\">Jeden Tag wissen, was in Hamburg wichtig ist. Relevant und pr\u00e4gnant. Pers\u00f6nlich und pointiert. Elbvertiefung ist der neue t\u00e4gliche Newsletter der ZEIT f\u00fcr Hamburg.<\/div>\n<div class=\"newsletter-teaser-address\"><input class=\"newsletter-teaser-input\" style=\"background-color: #eee; border: 1px solid #eee; color: #444; font-size: 0.9375rem; letter-spacing: 0.03em; padding: 0.625rem 1.25rem;\" name=\"email\" type=\"text\" placeholder=\"Ihre E-Mail-Adresse\" \/><button class=\"button newsletter-teaser-button\" type=\"submit\">Jetzt anmelden<\/button><\/div>\n<\/div>\n<\/form>\n<p>&nbsp;<\/p>\n","protected":false},"excerpt":{"rendered":"<p>Autor Erik Hauth f\u00fcrchtet um den Ruf seines Viertels. Er fragt sich, warum ausgerechnet Neu-Blankeneser die Holzh\u00fctten f\u00fcr Fl\u00fcchtlinge verhindern wollen.<\/p>\n","protected":false},"author":474,"featured_media":6459,"comment_status":"open","ping_status":"open","sticky":false,"template":"","format":"standard","meta":{"_jetpack_memberships_contains_paid_content":false,"footnotes":""},"categories":[16],"tags":[12466,34844],"class_list":["post-6458","post","type-post","status-publish","format-standard","has-post-thumbnail","hentry","category-allgemein","tag-blankenese","tag-gefluchtete"],"yoast_head":"<!-- This site is optimized with the Yoast SEO plugin v21.0 - https:\/\/yoast.com\/wordpress\/plugins\/seo\/ -->\n<title>Blankenese: Ihr seid doch selbst Zugezogene!<\/title>\n<meta name=\"description\" content=\"Autor Erik Hauth f\u00fcrchtet um den Ruf seines Viertels. Er fragt sich warum ausgerechnet Neu-Blankeneser die Holzh\u00fctten f\u00fcr Fl\u00fcchtlinge verhindern wollen.\" \/>\n<meta name=\"robots\" content=\"index, follow, max-snippet:-1, max-image-preview:large, max-video-preview:-1\" \/>\n<link rel=\"canonical\" href=\"https:\/\/blog.zeit.de\/hamburg\/gefluechtete-blankenese\/\" \/>\n<meta property=\"og:locale\" content=\"de_DE\" \/>\n<meta property=\"og:type\" content=\"article\" \/>\n<meta property=\"og:title\" content=\"Blankenese: Ihr seid doch selbst Zugezogene!\" \/>\n<meta property=\"og:description\" content=\"Autor Erik Hauth f\u00fcrchtet um den Ruf seines Viertels. Er fragt sich warum ausgerechnet Neu-Blankeneser die Holzh\u00fctten f\u00fcr Fl\u00fcchtlinge verhindern wollen.\" \/>\n<meta property=\"og:url\" content=\"https:\/\/blog.zeit.de\/hamburg\/gefluechtete-blankenese\/\" \/>\n<meta property=\"og:site_name\" content=\"Speersort 1\" \/>\n<meta property=\"article:author\" content=\"https:\/\/www.facebook.com\/stpaulinu\" \/>\n<meta property=\"article:published_time\" content=\"2016-04-08T12:14:32+00:00\" \/>\n<meta property=\"article:modified_time\" content=\"2016-04-08T12:52:15+00:00\" \/>\n<meta property=\"og:image\" content=\"https:\/\/blog.zeit.de\/hamburg\/files\/2016\/04\/Szeneviertel-Blankensjpg.jpg\" \/>\n\t<meta property=\"og:image:width\" content=\"640\" \/>\n\t<meta property=\"og:image:height\" content=\"328\" \/>\n\t<meta property=\"og:image:type\" content=\"image\/jpeg\" \/>\n<meta name=\"author\" content=\"Erik Hauth\" \/>\n<meta name=\"twitter:card\" content=\"summary_large_image\" \/>\n<meta name=\"twitter:creator\" content=\"@ring2\" \/>\n<meta name=\"twitter:label1\" content=\"Geschrieben von\" \/>\n\t<meta name=\"twitter:data1\" content=\"Erik Hauth\" \/>\n\t<meta name=\"twitter:label2\" content=\"Gesch\u00e4tzte Lesezeit\" \/>\n\t<meta name=\"twitter:data2\" content=\"3\u00a0Minuten\" \/>\n<script type=\"application\/ld+json\" class=\"yoast-schema-graph\">{\"@context\":\"https:\/\/schema.org\",\"@graph\":[{\"@type\":\"WebPage\",\"@id\":\"https:\/\/blog.zeit.de\/hamburg\/gefluechtete-blankenese\/\",\"url\":\"https:\/\/blog.zeit.de\/hamburg\/gefluechtete-blankenese\/\",\"name\":\"Blankenese: Ihr seid doch selbst Zugezogene!\",\"isPartOf\":{\"@id\":\"https:\/\/blog.zeit.de\/hamburg\/#website\"},\"datePublished\":\"2016-04-08T12:14:32+00:00\",\"dateModified\":\"2016-04-08T12:52:15+00:00\",\"author\":{\"@id\":\"https:\/\/blog.zeit.de\/hamburg\/#\/schema\/person\/ae2ae61edc5d6a5d6c384e5b44e91bd9\"},\"description\":\"Autor Erik Hauth f\u00fcrchtet um den Ruf seines Viertels. Er fragt sich warum ausgerechnet Neu-Blankeneser die Holzh\u00fctten f\u00fcr Fl\u00fcchtlinge verhindern wollen.\",\"breadcrumb\":{\"@id\":\"https:\/\/blog.zeit.de\/hamburg\/gefluechtete-blankenese\/#breadcrumb\"},\"inLanguage\":\"de\",\"potentialAction\":[{\"@type\":\"ReadAction\",\"target\":[\"https:\/\/blog.zeit.de\/hamburg\/gefluechtete-blankenese\/\"]}]},{\"@type\":\"BreadcrumbList\",\"@id\":\"https:\/\/blog.zeit.de\/hamburg\/gefluechtete-blankenese\/#breadcrumb\",\"itemListElement\":[{\"@type\":\"ListItem\",\"position\":1,\"name\":\"Startseite\",\"item\":\"https:\/\/blog.zeit.de\/hamburg\/\"},{\"@type\":\"ListItem\",\"position\":2,\"name\":\"Ihr seid doch selbst Zugezogene!\"}]},{\"@type\":\"WebSite\",\"@id\":\"https:\/\/blog.zeit.de\/hamburg\/#website\",\"url\":\"https:\/\/blog.zeit.de\/hamburg\/\",\"name\":\"Speersort 1\",\"description\":\"Das Hamburg-Blog\",\"potentialAction\":[{\"@type\":\"SearchAction\",\"target\":{\"@type\":\"EntryPoint\",\"urlTemplate\":\"https:\/\/blog.zeit.de\/hamburg\/?s={search_term_string}\"},\"query-input\":\"required name=search_term_string\"}],\"inLanguage\":\"de\"},{\"@type\":\"Person\",\"@id\":\"https:\/\/blog.zeit.de\/hamburg\/#\/schema\/person\/ae2ae61edc5d6a5d6c384e5b44e91bd9\",\"name\":\"Erik Hauth\",\"image\":{\"@type\":\"ImageObject\",\"inLanguage\":\"de\",\"@id\":\"https:\/\/blog.zeit.de\/hamburg\/#\/schema\/person\/image\/\",\"url\":\"https:\/\/secure.gravatar.com\/avatar\/5bd569312ecb276570adaac3712a105857e5a8df7356226c44cc446db9be2c74?s=96&d=mm&r=g\",\"contentUrl\":\"https:\/\/secure.gravatar.com\/avatar\/5bd569312ecb276570adaac3712a105857e5a8df7356226c44cc446db9be2c74?s=96&d=mm&r=g\",\"caption\":\"Erik Hauth\"},\"description\":\"ist aufgewachsen in Blankenese und betreibt das meistgelesene Blog \u00fcber den FC St. Pauli und seinen Stadtteil. Erik war am 16.2.2011 im Volksparkstadion und ist stolz darauf, sich deswegen \\\"Derbysieger\\\" nennen zu d\u00fcrfen.\",\"sameAs\":[\"https:\/\/www.stpaulinu.de\",\"https:\/\/www.facebook.com\/stpaulinu\",\"https:\/\/twitter.com\/ring2\"],\"url\":\"https:\/\/blog.zeit.de\/hamburg\/author\/ehauth\/\"}]}<\/script>\n<!-- \/ Yoast SEO plugin. -->","yoast_head_json":{"title":"Blankenese: Ihr seid doch selbst Zugezogene!","description":"Autor Erik Hauth f\u00fcrchtet um den Ruf seines Viertels. Er fragt sich warum ausgerechnet Neu-Blankeneser die Holzh\u00fctten f\u00fcr Fl\u00fcchtlinge verhindern wollen.","robots":{"index":"index","follow":"follow","max-snippet":"max-snippet:-1","max-image-preview":"max-image-preview:large","max-video-preview":"max-video-preview:-1"},"canonical":"https:\/\/blog.zeit.de\/hamburg\/gefluechtete-blankenese\/","og_locale":"de_DE","og_type":"article","og_title":"Blankenese: Ihr seid doch selbst Zugezogene!","og_description":"Autor Erik Hauth f\u00fcrchtet um den Ruf seines Viertels. Er fragt sich warum ausgerechnet Neu-Blankeneser die Holzh\u00fctten f\u00fcr Fl\u00fcchtlinge verhindern wollen.","og_url":"https:\/\/blog.zeit.de\/hamburg\/gefluechtete-blankenese\/","og_site_name":"Speersort 1","article_author":"https:\/\/www.facebook.com\/stpaulinu","article_published_time":"2016-04-08T12:14:32+00:00","article_modified_time":"2016-04-08T12:52:15+00:00","og_image":[{"width":640,"height":328,"url":"https:\/\/blog.zeit.de\/hamburg\/files\/2016\/04\/Szeneviertel-Blankensjpg.jpg","type":"image\/jpeg"}],"author":"Erik Hauth","twitter_card":"summary_large_image","twitter_creator":"@ring2","twitter_misc":{"Geschrieben von":"Erik Hauth","Gesch\u00e4tzte Lesezeit":"3\u00a0Minuten"},"schema":{"@context":"https:\/\/schema.org","@graph":[{"@type":"WebPage","@id":"https:\/\/blog.zeit.de\/hamburg\/gefluechtete-blankenese\/","url":"https:\/\/blog.zeit.de\/hamburg\/gefluechtete-blankenese\/","name":"Blankenese: Ihr seid doch selbst Zugezogene!","isPartOf":{"@id":"https:\/\/blog.zeit.de\/hamburg\/#website"},"datePublished":"2016-04-08T12:14:32+00:00","dateModified":"2016-04-08T12:52:15+00:00","author":{"@id":"https:\/\/blog.zeit.de\/hamburg\/#\/schema\/person\/ae2ae61edc5d6a5d6c384e5b44e91bd9"},"description":"Autor Erik Hauth f\u00fcrchtet um den Ruf seines Viertels. Er fragt sich warum ausgerechnet Neu-Blankeneser die Holzh\u00fctten f\u00fcr Fl\u00fcchtlinge verhindern wollen.","breadcrumb":{"@id":"https:\/\/blog.zeit.de\/hamburg\/gefluechtete-blankenese\/#breadcrumb"},"inLanguage":"de","potentialAction":[{"@type":"ReadAction","target":["https:\/\/blog.zeit.de\/hamburg\/gefluechtete-blankenese\/"]}]},{"@type":"BreadcrumbList","@id":"https:\/\/blog.zeit.de\/hamburg\/gefluechtete-blankenese\/#breadcrumb","itemListElement":[{"@type":"ListItem","position":1,"name":"Startseite","item":"https:\/\/blog.zeit.de\/hamburg\/"},{"@type":"ListItem","position":2,"name":"Ihr seid doch selbst Zugezogene!"}]},{"@type":"WebSite","@id":"https:\/\/blog.zeit.de\/hamburg\/#website","url":"https:\/\/blog.zeit.de\/hamburg\/","name":"Speersort 1","description":"Das Hamburg-Blog","potentialAction":[{"@type":"SearchAction","target":{"@type":"EntryPoint","urlTemplate":"https:\/\/blog.zeit.de\/hamburg\/?s={search_term_string}"},"query-input":"required name=search_term_string"}],"inLanguage":"de"},{"@type":"Person","@id":"https:\/\/blog.zeit.de\/hamburg\/#\/schema\/person\/ae2ae61edc5d6a5d6c384e5b44e91bd9","name":"Erik Hauth","image":{"@type":"ImageObject","inLanguage":"de","@id":"https:\/\/blog.zeit.de\/hamburg\/#\/schema\/person\/image\/","url":"https:\/\/secure.gravatar.com\/avatar\/5bd569312ecb276570adaac3712a105857e5a8df7356226c44cc446db9be2c74?s=96&d=mm&r=g","contentUrl":"https:\/\/secure.gravatar.com\/avatar\/5bd569312ecb276570adaac3712a105857e5a8df7356226c44cc446db9be2c74?s=96&d=mm&r=g","caption":"Erik Hauth"},"description":"ist aufgewachsen in Blankenese und betreibt das meistgelesene Blog \u00fcber den FC St. Pauli und seinen Stadtteil. Erik war am 16.2.2011 im Volksparkstadion und ist stolz darauf, sich deswegen \"Derbysieger\" nennen zu d\u00fcrfen.","sameAs":["https:\/\/www.stpaulinu.de","https:\/\/www.facebook.com\/stpaulinu","https:\/\/twitter.com\/ring2"],"url":"https:\/\/blog.zeit.de\/hamburg\/author\/ehauth\/"}]}},"jetpack_featured_media_url":"https:\/\/blog.zeit.de\/hamburg\/files\/2016\/04\/Szeneviertel-Blankensjpg.jpg","jetpack_sharing_enabled":true,"_links":{"self":[{"href":"https:\/\/blog.zeit.de\/hamburg\/wp-json\/wp\/v2\/posts\/6458","targetHints":{"allow":["GET"]}}],"collection":[{"href":"https:\/\/blog.zeit.de\/hamburg\/wp-json\/wp\/v2\/posts"}],"about":[{"href":"https:\/\/blog.zeit.de\/hamburg\/wp-json\/wp\/v2\/types\/post"}],"author":[{"embeddable":true,"href":"https:\/\/blog.zeit.de\/hamburg\/wp-json\/wp\/v2\/users\/474"}],"replies":[{"embeddable":true,"href":"https:\/\/blog.zeit.de\/hamburg\/wp-json\/wp\/v2\/comments?post=6458"}],"version-history":[{"count":18,"href":"https:\/\/blog.zeit.de\/hamburg\/wp-json\/wp\/v2\/posts\/6458\/revisions"}],"predecessor-version":[{"id":6477,"href":"https:\/\/blog.zeit.de\/hamburg\/wp-json\/wp\/v2\/posts\/6458\/revisions\/6477"}],"wp:featuredmedia":[{"embeddable":true,"href":"https:\/\/blog.zeit.de\/hamburg\/wp-json\/wp\/v2\/media\/6459"}],"wp:attachment":[{"href":"https:\/\/blog.zeit.de\/hamburg\/wp-json\/wp\/v2\/media?parent=6458"}],"wp:term":[{"taxonomy":"category","embeddable":true,"href":"https:\/\/blog.zeit.de\/hamburg\/wp-json\/wp\/v2\/categories?post=6458"},{"taxonomy":"post_tag","embeddable":true,"href":"https:\/\/blog.zeit.de\/hamburg\/wp-json\/wp\/v2\/tags?post=6458"}],"curies":[{"name":"wp","href":"https:\/\/api.w.org\/{rel}","templated":true}]}}