{"id":6753,"date":"2016-05-12T15:04:30","date_gmt":"2016-05-12T13:04:30","guid":{"rendered":"http:\/\/blog.zeit.de\/hamburg\/?p=6753"},"modified":"2016-05-12T16:55:55","modified_gmt":"2016-05-12T14:55:55","slug":"jugendheim-missbrauch","status":"publish","type":"post","link":"https:\/\/blog.zeit.de\/hamburg\/jugendheim-missbrauch\/","title":{"rendered":"Keine Anzeichen f\u00fcr massenhaften Missbrauch"},"content":{"rendered":"<p><em>Wieder sind Jugendliche in staatlicher Obhut misshandelt worden. Es war wohl eine Ausnahme \u2013 aber der Fehler liegt im System.<\/em><!--more--><\/p>\n<p>Jugendliche, die von Erziehern gedem\u00fctigt und k\u00f6rperlich angegriffen werden, die man durch knappe Mahlzeiten bestraft oder zum Sport zwingt \u2013 all das ist bekannt aus dem Jugendheim Friesenhof im Kreis Dithmarschen, wo Hamburg jahrelang schwererziehbare M\u00e4dchen untergebracht hat. Nun ist es wieder geschehen, in einem Jugendheim eines anderen Anbieters im Kreis Schleswig-Flensburg.<\/p>\n<p>Man k\u00f6nnte das f\u00fcr einen Skandal halten, wie es die Hamburger Linken tun. Oder f\u00fcr die \u00bbSpitze eines Eisbergs\u00ab, wie die Piratenfraktion in Schleswig-Holstein behauptet. Wahrscheinlich ist es allerdings nichts von dem.<\/p>\n<p>Staatliche Erziehungsma\u00dfnahmen, ausgef\u00fchrt von freien Tr\u00e4gern, vollziehen sich in einer Schattenwelt. F\u00fcr die \u00d6ffentlichkeit gibt es bunte Internetseiten, gerne verziert mit einem Zitat aus der UN-Kinderrechtskonvention. Die Betreiber der Heime k\u00f6nnen sich, wenn sie es wollen, auf Kosten ihrer Z\u00f6glinge bereichern \u2013 etwa durch Einstellung unqualifizierter und darum billiger Mitarbeiter. Es gibt offenbar Unternehmer, die diese Gelegenheit nutzen, so wie es Steuerhinterzieher, Ladendiebe und Falschspieler gibt. Es gibt aber keinen Hinweis darauf, dass diese Art von Missbrauch \u00fcblich w\u00e4re.<\/p>\n<p>Die F\u00e4lle, die Linke und Piraten nennen, liegen etwas zur\u00fcck, es sind wenige, sie beziehen sich \u00fcberwiegend auf diese eine Einrichtung bei Schleswig \u2013 und sie sind den Beh\u00f6rden gr\u00f6\u00dftenteils l\u00e4ngst bekannt. Ein k\u00f6rperlicher \u00dcbergriff \u2013 oder nur der Vorwurf \u2013 wurde Gegenstand eines Ermittlungsverfahrens, andere \u00dcbel hat der Tr\u00e4ger einger\u00e4umt und angeblich abgestellt. Auf massenhaften Machtmissbrauch im Normalvollzug der Jugendhilfe deutet wenig hin.<\/p>\n<p>Grund zur Zufriedenheit gibt es trotzdem nicht. Mangel an ausreichend qualifiziertem Personal ist allgegenw\u00e4rtig. Die Einrichtung, die nun in die Kritik geraten ist, sucht Erzieher und Sozialp\u00e4dagogen, gerne mit spezifischer Zusatzausbildung, f\u00fcr Arbeit im Schichtdienst in einem entlegenen Nest. Wer hat darauf Lust? Manche Probleme sind wohl nur mit Geld zu l\u00f6sen. Der Staat kann nicht alles kontrollieren. Aber er kann Verh\u00e4ltnisse schaffen, in denen Missbrauch die Ausnahme bleibt.<\/p>\n","protected":false},"excerpt":{"rendered":"<p>Wieder sind Jugendliche in staatlicher Obhut misshandelt worden. Es war wohl eine Ausnahme \u2013 aber der Fehler liegt im System.<\/p>\n","protected":false},"author":532,"featured_media":6759,"comment_status":"open","ping_status":"open","sticky":false,"template":"","format":"standard","meta":{"_jetpack_memberships_contains_paid_content":false,"footnotes":""},"categories":[16],"tags":[],"class_list":["post-6753","post","type-post","status-publish","format-standard","has-post-thumbnail","hentry","category-allgemein"],"yoast_head":"<!-- This site is optimized with the Yoast SEO plugin v21.0 - https:\/\/yoast.com\/wordpress\/plugins\/seo\/ -->\n<title>Jugendhilfe: Keine Anzeichen f\u00fcr massenhaften Missbrauch<\/title>\n<meta name=\"description\" content=\"Wieder sind Jugendliche in staatlicher Obhut misshandelt worden. Es war wohl eine Ausnahme \u2013 aber der Fehler liegt im System.\" \/>\n<meta name=\"robots\" content=\"index, follow, max-snippet:-1, max-image-preview:large, max-video-preview:-1\" \/>\n<link rel=\"canonical\" href=\"https:\/\/blog.zeit.de\/hamburg\/jugendheim-missbrauch\/\" \/>\n<meta property=\"og:locale\" content=\"de_DE\" \/>\n<meta property=\"og:type\" content=\"article\" \/>\n<meta property=\"og:title\" content=\"Jugendhilfe: Keine Anzeichen f\u00fcr massenhaften Missbrauch\" \/>\n<meta property=\"og:description\" content=\"Wieder sind Jugendliche in staatlicher Obhut misshandelt worden. Es war wohl eine Ausnahme \u2013 aber der Fehler liegt im System.\" \/>\n<meta property=\"og:url\" content=\"https:\/\/blog.zeit.de\/hamburg\/jugendheim-missbrauch\/\" \/>\n<meta property=\"og:site_name\" content=\"Speersort 1\" \/>\n<meta property=\"article:published_time\" content=\"2016-05-12T13:04:30+00:00\" \/>\n<meta property=\"article:modified_time\" content=\"2016-05-12T14:55:55+00:00\" \/>\n<meta property=\"og:image\" content=\"https:\/\/blog.zeit.de\/hamburg\/files\/2016\/05\/42177136.jpg\" \/>\n\t<meta property=\"og:image:width\" content=\"3992\" \/>\n\t<meta property=\"og:image:height\" content=\"2688\" \/>\n\t<meta property=\"og:image:type\" content=\"image\/jpeg\" \/>\n<meta name=\"author\" content=\"Frank Drieschner\" \/>\n<meta name=\"twitter:card\" content=\"summary_large_image\" \/>\n<meta name=\"twitter:label1\" content=\"Geschrieben von\" \/>\n\t<meta name=\"twitter:data1\" content=\"Frank Drieschner\" \/>\n\t<meta name=\"twitter:label2\" content=\"Gesch\u00e4tzte Lesezeit\" \/>\n\t<meta name=\"twitter:data2\" content=\"2\u00a0Minuten\" \/>\n<script type=\"application\/ld+json\" class=\"yoast-schema-graph\">{\"@context\":\"https:\/\/schema.org\",\"@graph\":[{\"@type\":\"WebPage\",\"@id\":\"https:\/\/blog.zeit.de\/hamburg\/jugendheim-missbrauch\/\",\"url\":\"https:\/\/blog.zeit.de\/hamburg\/jugendheim-missbrauch\/\",\"name\":\"Jugendhilfe: Keine Anzeichen f\u00fcr massenhaften Missbrauch\",\"isPartOf\":{\"@id\":\"https:\/\/blog.zeit.de\/hamburg\/#website\"},\"datePublished\":\"2016-05-12T13:04:30+00:00\",\"dateModified\":\"2016-05-12T14:55:55+00:00\",\"author\":{\"@id\":\"https:\/\/blog.zeit.de\/hamburg\/#\/schema\/person\/d7eada680dc2ac18d1643881eb6e2650\"},\"description\":\"Wieder sind Jugendliche in staatlicher Obhut misshandelt worden. Es war wohl eine Ausnahme \u2013 aber der Fehler liegt im System.\",\"breadcrumb\":{\"@id\":\"https:\/\/blog.zeit.de\/hamburg\/jugendheim-missbrauch\/#breadcrumb\"},\"inLanguage\":\"de\",\"potentialAction\":[{\"@type\":\"ReadAction\",\"target\":[\"https:\/\/blog.zeit.de\/hamburg\/jugendheim-missbrauch\/\"]}]},{\"@type\":\"BreadcrumbList\",\"@id\":\"https:\/\/blog.zeit.de\/hamburg\/jugendheim-missbrauch\/#breadcrumb\",\"itemListElement\":[{\"@type\":\"ListItem\",\"position\":1,\"name\":\"Startseite\",\"item\":\"https:\/\/blog.zeit.de\/hamburg\/\"},{\"@type\":\"ListItem\",\"position\":2,\"name\":\"Keine Anzeichen f\u00fcr massenhaften Missbrauch\"}]},{\"@type\":\"WebSite\",\"@id\":\"https:\/\/blog.zeit.de\/hamburg\/#website\",\"url\":\"https:\/\/blog.zeit.de\/hamburg\/\",\"name\":\"Speersort 1\",\"description\":\"Das Hamburg-Blog\",\"potentialAction\":[{\"@type\":\"SearchAction\",\"target\":{\"@type\":\"EntryPoint\",\"urlTemplate\":\"https:\/\/blog.zeit.de\/hamburg\/?s={search_term_string}\"},\"query-input\":\"required name=search_term_string\"}],\"inLanguage\":\"de\"},{\"@type\":\"Person\",\"@id\":\"https:\/\/blog.zeit.de\/hamburg\/#\/schema\/person\/d7eada680dc2ac18d1643881eb6e2650\",\"name\":\"Frank Drieschner\",\"image\":{\"@type\":\"ImageObject\",\"inLanguage\":\"de\",\"@id\":\"https:\/\/blog.zeit.de\/hamburg\/#\/schema\/person\/image\/\",\"url\":\"https:\/\/secure.gravatar.com\/avatar\/c44eb355c29dc3826956082e7fa7a357d7cbb987aa201c3e5e24e1e96c090bdd?s=96&d=mm&r=g\",\"contentUrl\":\"https:\/\/secure.gravatar.com\/avatar\/c44eb355c29dc3826956082e7fa7a357d7cbb987aa201c3e5e24e1e96c090bdd?s=96&d=mm&r=g\",\"caption\":\"Frank Drieschner\"},\"description\":\"ist Redakteur f\u00fcr Politik im Hamburg-Ressort der ZEIT.\",\"url\":\"https:\/\/blog.zeit.de\/hamburg\/author\/frankdrieschner\/\"}]}<\/script>\n<!-- \/ Yoast SEO plugin. -->","yoast_head_json":{"title":"Jugendhilfe: Keine Anzeichen f\u00fcr massenhaften Missbrauch","description":"Wieder sind Jugendliche in staatlicher Obhut misshandelt worden. Es war wohl eine Ausnahme \u2013 aber der Fehler liegt im System.","robots":{"index":"index","follow":"follow","max-snippet":"max-snippet:-1","max-image-preview":"max-image-preview:large","max-video-preview":"max-video-preview:-1"},"canonical":"https:\/\/blog.zeit.de\/hamburg\/jugendheim-missbrauch\/","og_locale":"de_DE","og_type":"article","og_title":"Jugendhilfe: Keine Anzeichen f\u00fcr massenhaften Missbrauch","og_description":"Wieder sind Jugendliche in staatlicher Obhut misshandelt worden. Es war wohl eine Ausnahme \u2013 aber der Fehler liegt im System.","og_url":"https:\/\/blog.zeit.de\/hamburg\/jugendheim-missbrauch\/","og_site_name":"Speersort 1","article_published_time":"2016-05-12T13:04:30+00:00","article_modified_time":"2016-05-12T14:55:55+00:00","og_image":[{"width":3992,"height":2688,"url":"https:\/\/blog.zeit.de\/hamburg\/files\/2016\/05\/42177136.jpg","type":"image\/jpeg"}],"author":"Frank Drieschner","twitter_card":"summary_large_image","twitter_misc":{"Geschrieben von":"Frank Drieschner","Gesch\u00e4tzte Lesezeit":"2\u00a0Minuten"},"schema":{"@context":"https:\/\/schema.org","@graph":[{"@type":"WebPage","@id":"https:\/\/blog.zeit.de\/hamburg\/jugendheim-missbrauch\/","url":"https:\/\/blog.zeit.de\/hamburg\/jugendheim-missbrauch\/","name":"Jugendhilfe: Keine Anzeichen f\u00fcr massenhaften Missbrauch","isPartOf":{"@id":"https:\/\/blog.zeit.de\/hamburg\/#website"},"datePublished":"2016-05-12T13:04:30+00:00","dateModified":"2016-05-12T14:55:55+00:00","author":{"@id":"https:\/\/blog.zeit.de\/hamburg\/#\/schema\/person\/d7eada680dc2ac18d1643881eb6e2650"},"description":"Wieder sind Jugendliche in staatlicher Obhut misshandelt worden. Es war wohl eine Ausnahme \u2013 aber der Fehler liegt im System.","breadcrumb":{"@id":"https:\/\/blog.zeit.de\/hamburg\/jugendheim-missbrauch\/#breadcrumb"},"inLanguage":"de","potentialAction":[{"@type":"ReadAction","target":["https:\/\/blog.zeit.de\/hamburg\/jugendheim-missbrauch\/"]}]},{"@type":"BreadcrumbList","@id":"https:\/\/blog.zeit.de\/hamburg\/jugendheim-missbrauch\/#breadcrumb","itemListElement":[{"@type":"ListItem","position":1,"name":"Startseite","item":"https:\/\/blog.zeit.de\/hamburg\/"},{"@type":"ListItem","position":2,"name":"Keine Anzeichen f\u00fcr massenhaften Missbrauch"}]},{"@type":"WebSite","@id":"https:\/\/blog.zeit.de\/hamburg\/#website","url":"https:\/\/blog.zeit.de\/hamburg\/","name":"Speersort 1","description":"Das Hamburg-Blog","potentialAction":[{"@type":"SearchAction","target":{"@type":"EntryPoint","urlTemplate":"https:\/\/blog.zeit.de\/hamburg\/?s={search_term_string}"},"query-input":"required name=search_term_string"}],"inLanguage":"de"},{"@type":"Person","@id":"https:\/\/blog.zeit.de\/hamburg\/#\/schema\/person\/d7eada680dc2ac18d1643881eb6e2650","name":"Frank Drieschner","image":{"@type":"ImageObject","inLanguage":"de","@id":"https:\/\/blog.zeit.de\/hamburg\/#\/schema\/person\/image\/","url":"https:\/\/secure.gravatar.com\/avatar\/c44eb355c29dc3826956082e7fa7a357d7cbb987aa201c3e5e24e1e96c090bdd?s=96&d=mm&r=g","contentUrl":"https:\/\/secure.gravatar.com\/avatar\/c44eb355c29dc3826956082e7fa7a357d7cbb987aa201c3e5e24e1e96c090bdd?s=96&d=mm&r=g","caption":"Frank Drieschner"},"description":"ist Redakteur f\u00fcr Politik im Hamburg-Ressort der ZEIT.","url":"https:\/\/blog.zeit.de\/hamburg\/author\/frankdrieschner\/"}]}},"jetpack_featured_media_url":"https:\/\/blog.zeit.de\/hamburg\/files\/2016\/05\/42177136.jpg","jetpack_sharing_enabled":true,"_links":{"self":[{"href":"https:\/\/blog.zeit.de\/hamburg\/wp-json\/wp\/v2\/posts\/6753","targetHints":{"allow":["GET"]}}],"collection":[{"href":"https:\/\/blog.zeit.de\/hamburg\/wp-json\/wp\/v2\/posts"}],"about":[{"href":"https:\/\/blog.zeit.de\/hamburg\/wp-json\/wp\/v2\/types\/post"}],"author":[{"embeddable":true,"href":"https:\/\/blog.zeit.de\/hamburg\/wp-json\/wp\/v2\/users\/532"}],"replies":[{"embeddable":true,"href":"https:\/\/blog.zeit.de\/hamburg\/wp-json\/wp\/v2\/comments?post=6753"}],"version-history":[{"count":6,"href":"https:\/\/blog.zeit.de\/hamburg\/wp-json\/wp\/v2\/posts\/6753\/revisions"}],"predecessor-version":[{"id":6761,"href":"https:\/\/blog.zeit.de\/hamburg\/wp-json\/wp\/v2\/posts\/6753\/revisions\/6761"}],"wp:featuredmedia":[{"embeddable":true,"href":"https:\/\/blog.zeit.de\/hamburg\/wp-json\/wp\/v2\/media\/6759"}],"wp:attachment":[{"href":"https:\/\/blog.zeit.de\/hamburg\/wp-json\/wp\/v2\/media?parent=6753"}],"wp:term":[{"taxonomy":"category","embeddable":true,"href":"https:\/\/blog.zeit.de\/hamburg\/wp-json\/wp\/v2\/categories?post=6753"},{"taxonomy":"post_tag","embeddable":true,"href":"https:\/\/blog.zeit.de\/hamburg\/wp-json\/wp\/v2\/tags?post=6753"}],"curies":[{"name":"wp","href":"https:\/\/api.w.org\/{rel}","templated":true}]}}