{"id":6796,"date":"2016-05-18T15:05:09","date_gmt":"2016-05-18T13:05:09","guid":{"rendered":"http:\/\/blog.zeit.de\/hamburg\/?p=6796"},"modified":"2016-05-18T15:47:49","modified_gmt":"2016-05-18T13:47:49","slug":"solstafir-hamburg-konzert","status":"publish","type":"post","link":"https:\/\/blog.zeit.de\/hamburg\/solstafir-hamburg-konzert\/","title":{"rendered":"Wenn Metal-Fans Streicher h\u00f6ren"},"content":{"rendered":"<p><em>Kein Pogen, kein Headbangen: Unser Autor war auf einem Konzert der isl\u00e4ndischen Band S\u00f3lstafir \u2013 und hat festgestellt, dass die nicht nur heftig und gut scheppern kann.<br \/>\n<\/em><!--more--><\/p>\n<p>Island ist nicht nur landschaftlich, sondern auch musikalisch eine spezielle Erfahrung. Das beweist S\u00f3lstafir schon seit Jahren. Bereits vor dem Auftritt der Band von der frostigen Insel im Norden war klar, dass sie mittlerweile nicht mehr nur durch heftiges Geschepper, sondern auch durch feinf\u00fchlig zelebrierten Post Metal begeistert. Auch ihr Ruf, eine hervorragende Live-Band zu sein, eilte ihr voraus. Dass S\u00f3lstafir im Gruenspan mit einem kleinen Streicher-Ensemble und einem Live-Keyboard auftreten w\u00fcrde, das \u00fcberraschte einen als ans Ausflippen gew\u00f6hnten Konzertg\u00e4nger dann aber doch.<\/p>\n<p class=\"wp-image-6798 size-medium\">Ganz unpr\u00e4tenti\u00f6s und ohne Vorband betreten die l\u00e4ssig mit Hemd, Weste, H\u00fcten und Stiefeln bekleideten Musiker p\u00fcnktlich um acht Uhr die B\u00fchne und beginnen, ihr neuestes Album <em>\u00d3tta<\/em> am St\u00fcck darzubieten. Schon w\u00e4hrend\u00a0L\u00e1gn\u00e6tti, dem ersten Song, vergisst man fast, dass es sich eigentlich um ein Metal-Konzert handelt. Bewegung im auff\u00e4llig durchmischten Publikum? Weitestgehend Fehlanzeige. Stattdessen beinahe and\u00e4chtige Stille. Der melancholisch-psychedelische Sound von S\u00f3lstafir geht dennoch (oder gerade deswegen?) ins Mark. Auch wenn das Banjo beim Titelsong nicht ganz treffsicher klingt und S\u00e4nger A\u00f0albj\u00f6rn Tryggvason gelegentlich improvisiert, die ausladenden Gitarrenw\u00e4nde saugen die Zuh\u00f6rer m\u00fchelos in den eisigen Atlantik. Maritime Bewegtbilder auf der Leinwand hinter den K\u00fcnstlern unterst\u00fctzen dabei.<\/p>\n<p>S\u00f3lstafir, sonst eine fast klischeehaft nordisch-reservierte Band, wirken dagegen regelrecht aufgetaut. Der Frontmann witzelt trocken und erz\u00e4hlt hier und da die Geschichten hinter den Songs, gleichsam betonend, dass man das ja eigentlich nicht mache. Der Abend f\u00fchlt sich sehr zivilisiert an, Party-Stimmung erscheint unangemessen. Erst nach einer guten Stunde gehen ein paar Arme in die Luft.<\/p>\n<p><figure id=\"attachment_6798\" aria-describedby=\"caption-attachment-6798\" style=\"width: 620px\" class=\"wp-caption alignnone\"><img loading=\"lazy\" decoding=\"async\" class=\"wp-image-6798 size-medium\" src=\"https:\/\/blog.zeit.de\/hamburg\/files\/2016\/05\/solstafir-620x413.jpg\" alt=\"solstafir\" width=\"620\" height=\"413\" srcset=\"https:\/\/blog.zeit.de\/hamburg\/files\/2016\/05\/solstafir-620x413.jpg 620w, https:\/\/blog.zeit.de\/hamburg\/files\/2016\/05\/solstafir-1024x683.jpg 1024w\" sizes=\"auto, (max-width: 620px) 100vw, 620px\" \/><figcaption id=\"caption-attachment-6798\" class=\"wp-caption-text\">Saugen einen m\u00fchelos in den Atlantik: die Band S\u00f3lstafir. Foto: Justus Ledig<\/figcaption><\/figure><\/p>\n<p>Das <em>\u00d3tta<\/em>-Set endet und die Band macht erst mal Pause. Mit Szenen aus dem Wikingerfilm <em>Hrafninn fl\u00fdgur<\/em> (<em>Der Flug des Raben<\/em>) wird die rund viertelst\u00fcndige Wartezeit \u00fcberbr\u00fcckt. Im zweiten Teil des Abends spielen S\u00f3lstafir die knackigeren Songs aus ihrer Diskografie, wobei auch jetzt die alten, Black-Metal-lastigen Platten unber\u00fccksichtigt bleiben. Nicht fehlen darf dagegen <em>Fjara<\/em>, der \u00dcber-Song der Isl\u00e4nder. Abermals von Streichern und Background-S\u00e4ngerinnen unterst\u00fctzt und ein gutes St\u00fcck verl\u00e4ngert, markiert die Halbballade zweifellos den H\u00f6hepunkt des Abends. G\u00e4nsehaut.<\/p>\n\n<div class=\"embed-wrapper embed-wrapper--blocked js-embed-consent\" data-method=\"embed\">\n<script class=\"raw__source\" type=\"text\/template\"><iframe loading=\"lazy\" title=\"S\u00f3lstafir - Fjara (Official Music Video)\" width=\"640\" height=\"360\" src=\"https:\/\/www.youtube-nocookie.com\/embed\/XmGdSOhBx8E?feature=oembed\" frameborder=\"0\" allow=\"accelerometer; autoplay; clipboard-write; encrypted-media; gyroscope; picture-in-picture; web-share\" referrerpolicy=\"strict-origin-when-cross-origin\" allowfullscreen><\/iframe><\/script>\n<div class=\"embed-wrapper__inner\">\n<div class=\"embed-wrapper__text\">\n<h3>Empfohlener redaktioneller Inhalt<\/h3>\n<p data-replace=\"no\">An dieser Stelle finden Sie externen Inhalt, der den Artikel erg\u00e4nzt. Sie k\u00f6nnen sich externe Inhalte mit einem Klick anzeigen lassen und wieder ausblenden.<noscript>Bitte aktivieren Sie JavaScript damit Sie diesen Inhalt anzeigen k\u00f6nnen.<\/noscript><\/p>\n<\/div>\n<div class=\"embed-consent\">\n<label class=\"embed-consent__toggle\">\n<input class=\"js-embed-consent__toggle\" type=\"checkbox\" autocomplete=\"off\">\n<span><\/span>\nExterner Inhalt\n<\/label>\n<a href=\"https:\/\/www.zeit.de\/hilfe\/datenschutz\" target=\"_blank\" class=\"embed-consent__datalink-when-active\">Datenschutzerkl\u00e4rung<\/a>\n<\/div>\n<div class=\"embed-wrapper__footer\">\n<p data-replace=\"no\">\nIch bin damit einverstanden, dass mir externe Inhalte angezeigt werden. Damit k\u00f6nnen personenbezogene Daten an Drittplattformen \u00fcbermittelt werden. <a href=\"https:\/\/www.zeit.de\/hilfe\/datenschutz\" target=\"_blank\">Mehr dazu in unserer Datenschutzerkl\u00e4rung.<\/a>\n<\/p>\n<\/div>\n<\/div>\n<\/div>\n<p>Zugaben? Gibt es nicht. Das macht die Band unmissverst\u00e4ndlich klar. Wozu auch? Am Ende erklingt ja mit <em>Goddess of the Ages<\/em> der obligatorische Rausschmei\u00dfer, bei dem sich A\u00f0albj\u00f6rn zu einer Klettereinlage \u00fcber die Bar des Gruenspan hinrei\u00dfen l\u00e4sst. Immerhin am Ende noch ein wenig Action.<\/p>\n","protected":false},"excerpt":{"rendered":"<p>Kein Pogen, kein Headbangen: Unser Autor war auf einem Konzert der isl\u00e4ndischen Band S\u00f3lstafir \u2013 und hat festgestellt, dass die nicht nur heftig und gut scheppern kann.<\/p>\n","protected":false},"author":644,"featured_media":6798,"comment_status":"open","ping_status":"open","sticky":false,"template":"","format":"standard","meta":{"_jetpack_memberships_contains_paid_content":false,"footnotes":""},"categories":[16],"tags":[],"class_list":["post-6796","post","type-post","status-publish","format-standard","has-post-thumbnail","hentry","category-allgemein"],"yoast_head":"<!-- This site is optimized with the Yoast SEO plugin v21.0 - https:\/\/yoast.com\/wordpress\/plugins\/seo\/ -->\n<title>S\u00f3lstafir: Wenn Metal-Fans Streicher h\u00f6ren<\/title>\n<meta name=\"robots\" content=\"index, follow, max-snippet:-1, max-image-preview:large, max-video-preview:-1\" \/>\n<link rel=\"canonical\" href=\"https:\/\/blog.zeit.de\/hamburg\/solstafir-hamburg-konzert\/\" \/>\n<meta property=\"og:locale\" content=\"de_DE\" \/>\n<meta property=\"og:type\" content=\"article\" \/>\n<meta property=\"og:title\" content=\"S\u00f3lstafir: Wenn Metal-Fans Streicher h\u00f6ren\" \/>\n<meta property=\"og:description\" content=\"Kein Pogen, kein Headbangen: Unser Autor war auf einem Konzert der isl\u00e4ndischen Band S\u00f3lstafir \u2013 und hat festgestellt, dass die nicht nur heftig und gut scheppern kann.\" \/>\n<meta property=\"og:url\" content=\"https:\/\/blog.zeit.de\/hamburg\/solstafir-hamburg-konzert\/\" \/>\n<meta property=\"og:site_name\" content=\"Speersort 1\" \/>\n<meta property=\"article:published_time\" content=\"2016-05-18T13:05:09+00:00\" \/>\n<meta property=\"article:modified_time\" content=\"2016-05-18T13:47:49+00:00\" \/>\n<meta property=\"og:image\" content=\"https:\/\/blog.zeit.de\/hamburg\/files\/2016\/05\/solstafir-1024x683.jpg\" \/>\n\t<meta property=\"og:image:width\" content=\"1024\" \/>\n\t<meta property=\"og:image:height\" content=\"683\" \/>\n\t<meta property=\"og:image:type\" content=\"image\/jpeg\" \/>\n<meta name=\"author\" content=\"Justus Ledig\" \/>\n<meta name=\"twitter:card\" content=\"summary_large_image\" \/>\n<meta name=\"twitter:label1\" content=\"Geschrieben von\" \/>\n\t<meta name=\"twitter:data1\" content=\"Justus Ledig\" \/>\n\t<meta name=\"twitter:label2\" content=\"Gesch\u00e4tzte Lesezeit\" \/>\n\t<meta name=\"twitter:data2\" content=\"2\u00a0Minuten\" \/>\n<script type=\"application\/ld+json\" class=\"yoast-schema-graph\">{\"@context\":\"https:\/\/schema.org\",\"@graph\":[{\"@type\":\"WebPage\",\"@id\":\"https:\/\/blog.zeit.de\/hamburg\/solstafir-hamburg-konzert\/\",\"url\":\"https:\/\/blog.zeit.de\/hamburg\/solstafir-hamburg-konzert\/\",\"name\":\"S\u00f3lstafir: Wenn Metal-Fans Streicher h\u00f6ren\",\"isPartOf\":{\"@id\":\"https:\/\/blog.zeit.de\/hamburg\/#website\"},\"datePublished\":\"2016-05-18T13:05:09+00:00\",\"dateModified\":\"2016-05-18T13:47:49+00:00\",\"author\":{\"@id\":\"https:\/\/blog.zeit.de\/hamburg\/#\/schema\/person\/10f4bc91762a1e7352458365bd40b88b\"},\"breadcrumb\":{\"@id\":\"https:\/\/blog.zeit.de\/hamburg\/solstafir-hamburg-konzert\/#breadcrumb\"},\"inLanguage\":\"de\",\"potentialAction\":[{\"@type\":\"ReadAction\",\"target\":[\"https:\/\/blog.zeit.de\/hamburg\/solstafir-hamburg-konzert\/\"]}]},{\"@type\":\"BreadcrumbList\",\"@id\":\"https:\/\/blog.zeit.de\/hamburg\/solstafir-hamburg-konzert\/#breadcrumb\",\"itemListElement\":[{\"@type\":\"ListItem\",\"position\":1,\"name\":\"Startseite\",\"item\":\"https:\/\/blog.zeit.de\/hamburg\/\"},{\"@type\":\"ListItem\",\"position\":2,\"name\":\"Wenn Metal-Fans Streicher h\u00f6ren\"}]},{\"@type\":\"WebSite\",\"@id\":\"https:\/\/blog.zeit.de\/hamburg\/#website\",\"url\":\"https:\/\/blog.zeit.de\/hamburg\/\",\"name\":\"Speersort 1\",\"description\":\"Das Hamburg-Blog\",\"potentialAction\":[{\"@type\":\"SearchAction\",\"target\":{\"@type\":\"EntryPoint\",\"urlTemplate\":\"https:\/\/blog.zeit.de\/hamburg\/?s={search_term_string}\"},\"query-input\":\"required name=search_term_string\"}],\"inLanguage\":\"de\"},{\"@type\":\"Person\",\"@id\":\"https:\/\/blog.zeit.de\/hamburg\/#\/schema\/person\/10f4bc91762a1e7352458365bd40b88b\",\"name\":\"Justus Ledig\",\"image\":{\"@type\":\"ImageObject\",\"inLanguage\":\"de\",\"@id\":\"https:\/\/blog.zeit.de\/hamburg\/#\/schema\/person\/image\/\",\"url\":\"https:\/\/secure.gravatar.com\/avatar\/77a7e7ed2e8d5f969ef1e10fa32c7106640f8afd902e53469a559eb2cd05ad84?s=96&d=mm&r=g\",\"contentUrl\":\"https:\/\/secure.gravatar.com\/avatar\/77a7e7ed2e8d5f969ef1e10fa32c7106640f8afd902e53469a559eb2cd05ad84?s=96&d=mm&r=g\",\"caption\":\"Justus Ledig\"},\"description\":\"wohnt in der Sternschanze und schreibt im Speersort 1-Blog \u00fcber Musik, mit Vorliebe \u00fcber extrem laute. Der Historiker und SEO-Manager mag Metal und schreit sich auf Konzerten, im Proberaum und im Millerntor-Stadion gern die Seele aus dem Leib.\",\"url\":\"https:\/\/blog.zeit.de\/hamburg\/author\/justusledig\/\"}]}<\/script>\n<!-- \/ Yoast SEO plugin. -->","yoast_head_json":{"title":"S\u00f3lstafir: Wenn Metal-Fans Streicher h\u00f6ren","robots":{"index":"index","follow":"follow","max-snippet":"max-snippet:-1","max-image-preview":"max-image-preview:large","max-video-preview":"max-video-preview:-1"},"canonical":"https:\/\/blog.zeit.de\/hamburg\/solstafir-hamburg-konzert\/","og_locale":"de_DE","og_type":"article","og_title":"S\u00f3lstafir: Wenn Metal-Fans Streicher h\u00f6ren","og_description":"Kein Pogen, kein Headbangen: Unser Autor war auf einem Konzert der isl\u00e4ndischen Band S\u00f3lstafir \u2013 und hat festgestellt, dass die nicht nur heftig und gut scheppern kann.","og_url":"https:\/\/blog.zeit.de\/hamburg\/solstafir-hamburg-konzert\/","og_site_name":"Speersort 1","article_published_time":"2016-05-18T13:05:09+00:00","article_modified_time":"2016-05-18T13:47:49+00:00","og_image":[{"width":1024,"height":683,"url":"https:\/\/blog.zeit.de\/hamburg\/files\/2016\/05\/solstafir-1024x683.jpg","type":"image\/jpeg"}],"author":"Justus Ledig","twitter_card":"summary_large_image","twitter_misc":{"Geschrieben von":"Justus Ledig","Gesch\u00e4tzte Lesezeit":"2\u00a0Minuten"},"schema":{"@context":"https:\/\/schema.org","@graph":[{"@type":"WebPage","@id":"https:\/\/blog.zeit.de\/hamburg\/solstafir-hamburg-konzert\/","url":"https:\/\/blog.zeit.de\/hamburg\/solstafir-hamburg-konzert\/","name":"S\u00f3lstafir: Wenn Metal-Fans Streicher h\u00f6ren","isPartOf":{"@id":"https:\/\/blog.zeit.de\/hamburg\/#website"},"datePublished":"2016-05-18T13:05:09+00:00","dateModified":"2016-05-18T13:47:49+00:00","author":{"@id":"https:\/\/blog.zeit.de\/hamburg\/#\/schema\/person\/10f4bc91762a1e7352458365bd40b88b"},"breadcrumb":{"@id":"https:\/\/blog.zeit.de\/hamburg\/solstafir-hamburg-konzert\/#breadcrumb"},"inLanguage":"de","potentialAction":[{"@type":"ReadAction","target":["https:\/\/blog.zeit.de\/hamburg\/solstafir-hamburg-konzert\/"]}]},{"@type":"BreadcrumbList","@id":"https:\/\/blog.zeit.de\/hamburg\/solstafir-hamburg-konzert\/#breadcrumb","itemListElement":[{"@type":"ListItem","position":1,"name":"Startseite","item":"https:\/\/blog.zeit.de\/hamburg\/"},{"@type":"ListItem","position":2,"name":"Wenn Metal-Fans Streicher h\u00f6ren"}]},{"@type":"WebSite","@id":"https:\/\/blog.zeit.de\/hamburg\/#website","url":"https:\/\/blog.zeit.de\/hamburg\/","name":"Speersort 1","description":"Das Hamburg-Blog","potentialAction":[{"@type":"SearchAction","target":{"@type":"EntryPoint","urlTemplate":"https:\/\/blog.zeit.de\/hamburg\/?s={search_term_string}"},"query-input":"required name=search_term_string"}],"inLanguage":"de"},{"@type":"Person","@id":"https:\/\/blog.zeit.de\/hamburg\/#\/schema\/person\/10f4bc91762a1e7352458365bd40b88b","name":"Justus Ledig","image":{"@type":"ImageObject","inLanguage":"de","@id":"https:\/\/blog.zeit.de\/hamburg\/#\/schema\/person\/image\/","url":"https:\/\/secure.gravatar.com\/avatar\/77a7e7ed2e8d5f969ef1e10fa32c7106640f8afd902e53469a559eb2cd05ad84?s=96&d=mm&r=g","contentUrl":"https:\/\/secure.gravatar.com\/avatar\/77a7e7ed2e8d5f969ef1e10fa32c7106640f8afd902e53469a559eb2cd05ad84?s=96&d=mm&r=g","caption":"Justus Ledig"},"description":"wohnt in der Sternschanze und schreibt im Speersort 1-Blog \u00fcber Musik, mit Vorliebe \u00fcber extrem laute. Der Historiker und SEO-Manager mag Metal und schreit sich auf Konzerten, im Proberaum und im Millerntor-Stadion gern die Seele aus dem Leib.","url":"https:\/\/blog.zeit.de\/hamburg\/author\/justusledig\/"}]}},"jetpack_featured_media_url":"https:\/\/blog.zeit.de\/hamburg\/files\/2016\/05\/solstafir.jpg","jetpack_sharing_enabled":true,"_links":{"self":[{"href":"https:\/\/blog.zeit.de\/hamburg\/wp-json\/wp\/v2\/posts\/6796","targetHints":{"allow":["GET"]}}],"collection":[{"href":"https:\/\/blog.zeit.de\/hamburg\/wp-json\/wp\/v2\/posts"}],"about":[{"href":"https:\/\/blog.zeit.de\/hamburg\/wp-json\/wp\/v2\/types\/post"}],"author":[{"embeddable":true,"href":"https:\/\/blog.zeit.de\/hamburg\/wp-json\/wp\/v2\/users\/644"}],"replies":[{"embeddable":true,"href":"https:\/\/blog.zeit.de\/hamburg\/wp-json\/wp\/v2\/comments?post=6796"}],"version-history":[{"count":5,"href":"https:\/\/blog.zeit.de\/hamburg\/wp-json\/wp\/v2\/posts\/6796\/revisions"}],"predecessor-version":[{"id":6802,"href":"https:\/\/blog.zeit.de\/hamburg\/wp-json\/wp\/v2\/posts\/6796\/revisions\/6802"}],"wp:featuredmedia":[{"embeddable":true,"href":"https:\/\/blog.zeit.de\/hamburg\/wp-json\/wp\/v2\/media\/6798"}],"wp:attachment":[{"href":"https:\/\/blog.zeit.de\/hamburg\/wp-json\/wp\/v2\/media?parent=6796"}],"wp:term":[{"taxonomy":"category","embeddable":true,"href":"https:\/\/blog.zeit.de\/hamburg\/wp-json\/wp\/v2\/categories?post=6796"},{"taxonomy":"post_tag","embeddable":true,"href":"https:\/\/blog.zeit.de\/hamburg\/wp-json\/wp\/v2\/tags?post=6796"}],"curies":[{"name":"wp","href":"https:\/\/api.w.org\/{rel}","templated":true}]}}