{"id":7013,"date":"2016-07-28T11:07:04","date_gmt":"2016-07-28T09:07:04","guid":{"rendered":"http:\/\/blog.zeit.de\/hamburg\/?p=7013"},"modified":"2016-07-28T13:57:45","modified_gmt":"2016-07-28T11:57:45","slug":"hamburger-sv-neuer-kader","status":"publish","type":"post","link":"https:\/\/blog.zeit.de\/hamburg\/hamburger-sv-neuer-kader\/","title":{"rendered":"Endlich Talentschuppen"},"content":{"rendered":"<section class=\"article-page\" data-page-number=\"1\">\n<p class=\"paragraph article__item\"><em>Der HSV macht mit seinen Neuverpflichtungen Lust auf die kommende Saison \u2013 und folgt Grunds\u00e4tzen, die bei fast allen Mannschaften l\u00e4ngst selbstverst\u00e4ndlich sind.<\/em><\/p>\n<p><!--more--><\/p>\n<p class=\"paragraph article__item\">Vorfreude! Auf den HSV. Auf diesen Verein, den jeder neutrale Fu\u00dfballfan in den vergangenen drei Jahren wegen schrecklichen Rumpelfu\u00dfballs am liebsten im Eilverfahren in die Zweite Liga geschickt h\u00e4tte?<\/p>\n<p class=\"paragraph article__item\">Genau, auf diesen Verein.<\/p>\n<p class=\"paragraph article__item\">Der HSV hat sich Anfang des Jahres ein Leitbild gegeben. Darin steht, dass der Club Talente ausbilden und junge Spieler in die erste Mannschaft holen will. Seit dieser Woche ist klar, wie der HSV das konkret umsetzen m\u00f6chte: Er baut auf einige deutsche Talente, die in zwei, drei Jahren Stammspieler werden k\u00f6nnten (Arianit Ferati, Luca Waldschmidt, Christian Mathenia). Und auf hoch veranlagte ausl\u00e4ndische Spieler, die jetzt schon die Qualit\u00e4t der ersten Mannschaft erh\u00f6hen (Filip Kosti\u0107, Bobby Wood, Alen Halilovi\u0107).<\/p>\n<p class=\"paragraph article__item\">Sportchef Dietmar Beiersdorfer hat einen Kader zusammengestellt, der erstmals seit Jahren wirklich Hoffnung macht. Die Offensive, in den letzten Jahren kaum existent, ist m\u00e4chtig gest\u00e4rkt. Es scheint sogar m\u00f6glich, dass der HSV in der kommenden Spielzeit das eine oder andere Tor sch\u00f6n herausspielen wird.<\/p>\n<p class=\"paragraph article__item\">Die Fans sind begeistert, die Spieler auch (&#8222;Der HSV ist ein geiles Projekt&#8220;, erkl\u00e4rte Kapit\u00e4n Johan Djourou in der <em>Bil<\/em><em>d).<\/em> Alles verst\u00e4ndlich. Nur d\u00fcrfen zwei Dinge nicht vergessen werden: Der neue HSV sieht nur deshalb so spektakul\u00e4r aus, weil es Millionen vom M\u00e4zen Klaus-Michael K\u00fchne gibt. Und: Der HSV folgt nun Grunds\u00e4tzen, die f\u00fcr fast alle Mannschaften der Ersten Liga l\u00e4ngst selbstverst\u00e4ndlich sind \u2013 seit mehr als zehn Jahren.<\/p>\n<\/section>\n","protected":false},"excerpt":{"rendered":"<p>Der HSV macht mit seinen Neuverpflichtungen Lust auf die kommende Saison \u2013 und folgt Grunds\u00e4tzen, die bei fast allen Mannschaften l\u00e4ngst selbstverst\u00e4ndlich sind.<\/p>\n","protected":false},"author":516,"featured_media":7014,"comment_status":"open","ping_status":"open","sticky":false,"template":"","format":"standard","meta":{"_jetpack_memberships_contains_paid_content":false,"footnotes":""},"categories":[16],"tags":[],"class_list":["post-7013","post","type-post","status-publish","format-standard","has-post-thumbnail","hentry","category-allgemein"],"yoast_head":"<!-- This site is optimized with the Yoast SEO plugin v21.0 - https:\/\/yoast.com\/wordpress\/plugins\/seo\/ -->\n<title>Endlich Talentschuppen - Speersort 1 - ZEIT ONLINE<\/title>\n<meta name=\"robots\" content=\"index, follow, max-snippet:-1, max-image-preview:large, max-video-preview:-1\" \/>\n<link rel=\"canonical\" href=\"https:\/\/blog.zeit.de\/hamburg\/hamburger-sv-neuer-kader\/\" \/>\n<meta property=\"og:locale\" content=\"de_DE\" \/>\n<meta property=\"og:type\" content=\"article\" \/>\n<meta property=\"og:title\" content=\"Endlich Talentschuppen - Speersort 1 - ZEIT ONLINE\" \/>\n<meta property=\"og:description\" content=\"Der HSV macht mit seinen Neuverpflichtungen Lust auf die kommende Saison \u2013 und folgt Grunds\u00e4tzen, die bei fast allen Mannschaften l\u00e4ngst selbstverst\u00e4ndlich sind.\" \/>\n<meta property=\"og:url\" content=\"https:\/\/blog.zeit.de\/hamburg\/hamburger-sv-neuer-kader\/\" \/>\n<meta property=\"og:site_name\" content=\"Speersort 1\" \/>\n<meta property=\"article:published_time\" content=\"2016-07-28T09:07:04+00:00\" \/>\n<meta property=\"article:modified_time\" content=\"2016-07-28T11:57:45+00:00\" \/>\n<meta property=\"og:image\" content=\"https:\/\/blog.zeit.de\/hamburg\/files\/2016\/07\/82293897.jpg\" \/>\n\t<meta property=\"og:image:width\" content=\"2662\" \/>\n\t<meta property=\"og:image:height\" content=\"2013\" \/>\n\t<meta property=\"og:image:type\" content=\"image\/jpeg\" \/>\n<meta name=\"author\" content=\"Kilian Trotier\" \/>\n<meta name=\"twitter:card\" content=\"summary_large_image\" \/>\n<meta name=\"twitter:label1\" content=\"Geschrieben von\" \/>\n\t<meta name=\"twitter:data1\" content=\"Kilian Trotier\" \/>\n\t<meta name=\"twitter:label2\" content=\"Gesch\u00e4tzte Lesezeit\" \/>\n\t<meta name=\"twitter:data2\" content=\"1\u00a0Minute\" \/>\n<script type=\"application\/ld+json\" class=\"yoast-schema-graph\">{\"@context\":\"https:\/\/schema.org\",\"@graph\":[{\"@type\":\"WebPage\",\"@id\":\"https:\/\/blog.zeit.de\/hamburg\/hamburger-sv-neuer-kader\/\",\"url\":\"https:\/\/blog.zeit.de\/hamburg\/hamburger-sv-neuer-kader\/\",\"name\":\"Endlich Talentschuppen - Speersort 1 - ZEIT ONLINE\",\"isPartOf\":{\"@id\":\"https:\/\/blog.zeit.de\/hamburg\/#website\"},\"datePublished\":\"2016-07-28T09:07:04+00:00\",\"dateModified\":\"2016-07-28T11:57:45+00:00\",\"author\":{\"@id\":\"https:\/\/blog.zeit.de\/hamburg\/#\/schema\/person\/483922ed6aa6e2295a4581ed593518ce\"},\"breadcrumb\":{\"@id\":\"https:\/\/blog.zeit.de\/hamburg\/hamburger-sv-neuer-kader\/#breadcrumb\"},\"inLanguage\":\"de\",\"potentialAction\":[{\"@type\":\"ReadAction\",\"target\":[\"https:\/\/blog.zeit.de\/hamburg\/hamburger-sv-neuer-kader\/\"]}]},{\"@type\":\"BreadcrumbList\",\"@id\":\"https:\/\/blog.zeit.de\/hamburg\/hamburger-sv-neuer-kader\/#breadcrumb\",\"itemListElement\":[{\"@type\":\"ListItem\",\"position\":1,\"name\":\"Startseite\",\"item\":\"https:\/\/blog.zeit.de\/hamburg\/\"},{\"@type\":\"ListItem\",\"position\":2,\"name\":\"Endlich Talentschuppen\"}]},{\"@type\":\"WebSite\",\"@id\":\"https:\/\/blog.zeit.de\/hamburg\/#website\",\"url\":\"https:\/\/blog.zeit.de\/hamburg\/\",\"name\":\"Speersort 1\",\"description\":\"Das Hamburg-Blog\",\"potentialAction\":[{\"@type\":\"SearchAction\",\"target\":{\"@type\":\"EntryPoint\",\"urlTemplate\":\"https:\/\/blog.zeit.de\/hamburg\/?s={search_term_string}\"},\"query-input\":\"required name=search_term_string\"}],\"inLanguage\":\"de\"},{\"@type\":\"Person\",\"@id\":\"https:\/\/blog.zeit.de\/hamburg\/#\/schema\/person\/483922ed6aa6e2295a4581ed593518ce\",\"name\":\"Kilian Trotier\",\"image\":{\"@type\":\"ImageObject\",\"inLanguage\":\"de\",\"@id\":\"https:\/\/blog.zeit.de\/hamburg\/#\/schema\/person\/image\/\",\"url\":\"https:\/\/secure.gravatar.com\/avatar\/effcdcdcf51814fcc99026694ad5b6e4c302aabba61942419d42d8afdb96aa0a?s=96&d=mm&r=g\",\"contentUrl\":\"https:\/\/secure.gravatar.com\/avatar\/effcdcdcf51814fcc99026694ad5b6e4c302aabba61942419d42d8afdb96aa0a?s=96&d=mm&r=g\",\"caption\":\"Kilian Trotier\"},\"description\":\"ist Redakteur im Hamburg-Ressort der ZEIT.\",\"url\":\"https:\/\/blog.zeit.de\/hamburg\/author\/kiliantrotier\/\"}]}<\/script>\n<!-- \/ Yoast SEO plugin. -->","yoast_head_json":{"title":"Endlich Talentschuppen - Speersort 1 - ZEIT ONLINE","robots":{"index":"index","follow":"follow","max-snippet":"max-snippet:-1","max-image-preview":"max-image-preview:large","max-video-preview":"max-video-preview:-1"},"canonical":"https:\/\/blog.zeit.de\/hamburg\/hamburger-sv-neuer-kader\/","og_locale":"de_DE","og_type":"article","og_title":"Endlich Talentschuppen - Speersort 1 - ZEIT ONLINE","og_description":"Der HSV macht mit seinen Neuverpflichtungen Lust auf die kommende Saison \u2013 und folgt Grunds\u00e4tzen, die bei fast allen Mannschaften l\u00e4ngst selbstverst\u00e4ndlich sind.","og_url":"https:\/\/blog.zeit.de\/hamburg\/hamburger-sv-neuer-kader\/","og_site_name":"Speersort 1","article_published_time":"2016-07-28T09:07:04+00:00","article_modified_time":"2016-07-28T11:57:45+00:00","og_image":[{"width":2662,"height":2013,"url":"https:\/\/blog.zeit.de\/hamburg\/files\/2016\/07\/82293897.jpg","type":"image\/jpeg"}],"author":"Kilian Trotier","twitter_card":"summary_large_image","twitter_misc":{"Geschrieben von":"Kilian Trotier","Gesch\u00e4tzte Lesezeit":"1\u00a0Minute"},"schema":{"@context":"https:\/\/schema.org","@graph":[{"@type":"WebPage","@id":"https:\/\/blog.zeit.de\/hamburg\/hamburger-sv-neuer-kader\/","url":"https:\/\/blog.zeit.de\/hamburg\/hamburger-sv-neuer-kader\/","name":"Endlich Talentschuppen - Speersort 1 - ZEIT ONLINE","isPartOf":{"@id":"https:\/\/blog.zeit.de\/hamburg\/#website"},"datePublished":"2016-07-28T09:07:04+00:00","dateModified":"2016-07-28T11:57:45+00:00","author":{"@id":"https:\/\/blog.zeit.de\/hamburg\/#\/schema\/person\/483922ed6aa6e2295a4581ed593518ce"},"breadcrumb":{"@id":"https:\/\/blog.zeit.de\/hamburg\/hamburger-sv-neuer-kader\/#breadcrumb"},"inLanguage":"de","potentialAction":[{"@type":"ReadAction","target":["https:\/\/blog.zeit.de\/hamburg\/hamburger-sv-neuer-kader\/"]}]},{"@type":"BreadcrumbList","@id":"https:\/\/blog.zeit.de\/hamburg\/hamburger-sv-neuer-kader\/#breadcrumb","itemListElement":[{"@type":"ListItem","position":1,"name":"Startseite","item":"https:\/\/blog.zeit.de\/hamburg\/"},{"@type":"ListItem","position":2,"name":"Endlich Talentschuppen"}]},{"@type":"WebSite","@id":"https:\/\/blog.zeit.de\/hamburg\/#website","url":"https:\/\/blog.zeit.de\/hamburg\/","name":"Speersort 1","description":"Das Hamburg-Blog","potentialAction":[{"@type":"SearchAction","target":{"@type":"EntryPoint","urlTemplate":"https:\/\/blog.zeit.de\/hamburg\/?s={search_term_string}"},"query-input":"required name=search_term_string"}],"inLanguage":"de"},{"@type":"Person","@id":"https:\/\/blog.zeit.de\/hamburg\/#\/schema\/person\/483922ed6aa6e2295a4581ed593518ce","name":"Kilian Trotier","image":{"@type":"ImageObject","inLanguage":"de","@id":"https:\/\/blog.zeit.de\/hamburg\/#\/schema\/person\/image\/","url":"https:\/\/secure.gravatar.com\/avatar\/effcdcdcf51814fcc99026694ad5b6e4c302aabba61942419d42d8afdb96aa0a?s=96&d=mm&r=g","contentUrl":"https:\/\/secure.gravatar.com\/avatar\/effcdcdcf51814fcc99026694ad5b6e4c302aabba61942419d42d8afdb96aa0a?s=96&d=mm&r=g","caption":"Kilian Trotier"},"description":"ist Redakteur im Hamburg-Ressort der ZEIT.","url":"https:\/\/blog.zeit.de\/hamburg\/author\/kiliantrotier\/"}]}},"jetpack_featured_media_url":"https:\/\/blog.zeit.de\/hamburg\/files\/2016\/07\/82293897.jpg","jetpack_sharing_enabled":true,"_links":{"self":[{"href":"https:\/\/blog.zeit.de\/hamburg\/wp-json\/wp\/v2\/posts\/7013","targetHints":{"allow":["GET"]}}],"collection":[{"href":"https:\/\/blog.zeit.de\/hamburg\/wp-json\/wp\/v2\/posts"}],"about":[{"href":"https:\/\/blog.zeit.de\/hamburg\/wp-json\/wp\/v2\/types\/post"}],"author":[{"embeddable":true,"href":"https:\/\/blog.zeit.de\/hamburg\/wp-json\/wp\/v2\/users\/516"}],"replies":[{"embeddable":true,"href":"https:\/\/blog.zeit.de\/hamburg\/wp-json\/wp\/v2\/comments?post=7013"}],"version-history":[{"count":8,"href":"https:\/\/blog.zeit.de\/hamburg\/wp-json\/wp\/v2\/posts\/7013\/revisions"}],"predecessor-version":[{"id":7022,"href":"https:\/\/blog.zeit.de\/hamburg\/wp-json\/wp\/v2\/posts\/7013\/revisions\/7022"}],"wp:featuredmedia":[{"embeddable":true,"href":"https:\/\/blog.zeit.de\/hamburg\/wp-json\/wp\/v2\/media\/7014"}],"wp:attachment":[{"href":"https:\/\/blog.zeit.de\/hamburg\/wp-json\/wp\/v2\/media?parent=7013"}],"wp:term":[{"taxonomy":"category","embeddable":true,"href":"https:\/\/blog.zeit.de\/hamburg\/wp-json\/wp\/v2\/categories?post=7013"},{"taxonomy":"post_tag","embeddable":true,"href":"https:\/\/blog.zeit.de\/hamburg\/wp-json\/wp\/v2\/tags?post=7013"}],"curies":[{"name":"wp","href":"https:\/\/api.w.org\/{rel}","templated":true}]}}