{"id":7129,"date":"2016-08-29T14:26:48","date_gmt":"2016-08-29T12:26:48","guid":{"rendered":"http:\/\/blog.zeit.de\/hamburg\/?p=7129"},"modified":"2016-08-29T14:34:54","modified_gmt":"2016-08-29T12:34:54","slug":"orte-hoch-3-hoheluft","status":"publish","type":"post","link":"https:\/\/blog.zeit.de\/hamburg\/orte-hoch-3-hoheluft\/","title":{"rendered":"Auf der Hoheluft gibt es auch pal\u00e4stinensisches Bier"},"content":{"rendered":"<p><em>Stadtteile haben ihre eigene Atmosph\u00e4re, eigene Mythen und Menschen. Zusammen mit\u00a0<a href=\"http:\/\/hamburg.mitvergnuegen.com\" target=\"_blank\">Mit Vergn\u00fcgen Hamburg<\/a>\u00a0wollen wir herausfinden, wie sie ticken. Daf\u00fcr fragen wir jene, die sich am besten auskennen m\u00fcssen: die Bewohner. Wir bitten sie, uns ihr Lieblingscaf\u00e9, ihr Lieblingsrestaurant und einen weiteren Lieblingsort zu verraten. Und das quer durch die Generationen. Folge 8:\u00a0Hoheluft<\/em><!--more--><\/p>\n<p>Alltag in Hoheluft bedeutet, dass Menschen grunds\u00e4tzlich dort stehen bleiben, wo sie am meisten st\u00f6ren. Platz ist hier Mangelware. Nicht nur mit dem Auto, selbst f\u00fcr Radfahrer wird es oft schwierig, einen freien Stellplatz zu finden. Hoheluft, das ist der am dichtesten besiedelte Stadtteil Hamburgs. Das hat zur Folge, dass es hier jede Menge Caf\u00e9s und Restaurants gibt. Doch welche sind die besten?<\/p>\n<h2><strong>Riekje<\/strong><\/h2>\n<p><img loading=\"lazy\" decoding=\"async\" class=\"alignnone size-large wp-image-7164\" src=\"https:\/\/blog.zeit.de\/hamburg\/files\/2016\/08\/Riekje-1024x768.jpg\" alt=\"Rieke Orte Hoch 3 Hoheluft\" width=\"640\" height=\"480\" srcset=\"https:\/\/blog.zeit.de\/hamburg\/files\/2016\/08\/Riekje-1024x768.jpg 1024w, https:\/\/blog.zeit.de\/hamburg\/files\/2016\/08\/Riekje-620x465.jpg 620w, https:\/\/blog.zeit.de\/hamburg\/files\/2016\/08\/Riekje-768x576.jpg 768w, https:\/\/blog.zeit.de\/hamburg\/files\/2016\/08\/Riekje.jpg 1500w\" sizes=\"auto, (max-width: 640px) 100vw, 640px\" \/><\/p>\n<p><em>Seit zwei Jahren wohnt die 27-j\u00e4hrige Riekje in Hoheluft. F\u00fcr sie ist das Viertel Teil einer Gro\u00dfstadt, aber nicht so anonym. Es gefalle ihr, dass man hier noch wisse, wie der Nachbar hei\u00dfe, erz\u00e4hlt sie.<br \/>\n<\/em><\/p>\n<p>&nbsp;<\/p>\n<p><b>Lieblingscaf\u00e8: Balz und Balz<\/b><\/p>\n<p><img loading=\"lazy\" decoding=\"async\" class=\"alignnone size-large wp-image-7156\" src=\"https:\/\/blog.zeit.de\/hamburg\/files\/2016\/08\/BalzUndBalz-1024x798.jpg\" alt=\"Balz Und Balz Orte Hoch 3 Hoheluft\" width=\"640\" height=\"499\" srcset=\"https:\/\/blog.zeit.de\/hamburg\/files\/2016\/08\/BalzUndBalz-1024x798.jpg 1024w, https:\/\/blog.zeit.de\/hamburg\/files\/2016\/08\/BalzUndBalz-620x483.jpg 620w, https:\/\/blog.zeit.de\/hamburg\/files\/2016\/08\/BalzUndBalz-768x599.jpg 768w, https:\/\/blog.zeit.de\/hamburg\/files\/2016\/08\/BalzUndBalz.jpg 1500w\" sizes=\"auto, (max-width: 640px) 100vw, 640px\" \/><\/p>\n<p>Das kleine Caf\u00e9 Balz und Balz liegt direkt am Isebekkanal. &#8222;Hier gibt\u2019s echte Kaffeekultur und die beste hausgemachte Rhababerlimo&#8220;, sagt Riekje. Zudem schw\u00e4rmt sie von den schwarz-wei\u00dfen Fliesen, die eine tolle Atmosph\u00e4re erzeugten.<\/p>\n<p><i><a href=\"http:\/\/balzundbalz.de\" target=\"_blank\">Balz und Balz<\/a> | Lehmweg 6 | Di\u2013Fr: 08\u201318 Uhr, Sa\u2013So: 09\u201317 Uhr<\/i><\/p>\n<p>&nbsp;<\/p>\n<p><b>Lieblingsrestaurant: Cucci<\/b><\/p>\n<p><img loading=\"lazy\" decoding=\"async\" class=\"alignnone size-large wp-image-7158\" src=\"https:\/\/blog.zeit.de\/hamburg\/files\/2016\/08\/Cucci-1024x798.jpg\" alt=\"Cucci Orte hoch 3 Hoheluft\" width=\"640\" height=\"499\" srcset=\"https:\/\/blog.zeit.de\/hamburg\/files\/2016\/08\/Cucci-1024x798.jpg 1024w, https:\/\/blog.zeit.de\/hamburg\/files\/2016\/08\/Cucci-620x483.jpg 620w, https:\/\/blog.zeit.de\/hamburg\/files\/2016\/08\/Cucci-768x599.jpg 768w, https:\/\/blog.zeit.de\/hamburg\/files\/2016\/08\/Cucci.jpg 1500w\" sizes=\"auto, (max-width: 640px) 100vw, 640px\" \/><\/p>\n<p>Das Cucci werde von einem entz\u00fcckenden \u00e4lteren Ehepaar betrieben, erz\u00e4hlt Riekje. Es bereite mit viel Liebe frische vietnamesischen Gerichte zu und man k\u00f6nne sehr nette Gespr\u00e4che mit ihm f\u00fchren. Unbedingt probieren solle man die Sommerrollen und die Pho-Ga-Suppe.<\/p>\n<p><i><a href=\"http:\/\/cucci-hamburg.de\" target=\"_blank\">Cucci<\/a> | Hoheluftchaussee 90 | Mo\u2013Fr: 11\u201322 Uhr, Sa: 12\u201323 Uhr und So: 15\u201322 Uhr<\/i><\/p>\n<p>&nbsp;<\/p>\n<p><b>Lieblingsort: Stra\u00dfenbahnring<\/b><\/p>\n<p><img loading=\"lazy\" decoding=\"async\" class=\"alignnone size-large wp-image-7166\" src=\"https:\/\/blog.zeit.de\/hamburg\/files\/2016\/08\/Stra\u00dfenbahnring-1024x776.jpg\" alt=\"Stra\u00dfenbahnring Orte hoch 3 Hoheluft\" width=\"640\" height=\"485\" srcset=\"https:\/\/blog.zeit.de\/hamburg\/files\/2016\/08\/Stra\u00dfenbahnring-1024x776.jpg 1024w, https:\/\/blog.zeit.de\/hamburg\/files\/2016\/08\/Stra\u00dfenbahnring-620x470.jpg 620w, https:\/\/blog.zeit.de\/hamburg\/files\/2016\/08\/Stra\u00dfenbahnring-768x582.jpg 768w, https:\/\/blog.zeit.de\/hamburg\/files\/2016\/08\/Stra\u00dfenbahnring.jpg 1500w\" sizes=\"auto, (max-width: 640px) 100vw, 640px\" \/><\/p>\n<p>Der Stra\u00dfenbahnring sei perfekt f\u00fcr einen kleinen Spaziergang, sagt Riekje. &#8222;Der Kontrast von Alt und Neu ist interessant. Man kann auf ehemaligen Schienen zum Closed-Store balancieren.&#8220;<\/p>\n<p><i>Stra\u00dfenbahnring<\/i><\/p>\n<p>&nbsp;<\/p>\n<h2><strong>Carsten<\/strong><\/h2>\n<p><img loading=\"lazy\" decoding=\"async\" class=\"alignnone size-large wp-image-7157\" src=\"https:\/\/blog.zeit.de\/hamburg\/files\/2016\/08\/Carsten-1024x783.jpg\" alt=\"Carsten Orte hoch 3 Hoheluft\" width=\"640\" height=\"489\" srcset=\"https:\/\/blog.zeit.de\/hamburg\/files\/2016\/08\/Carsten-1024x783.jpg 1024w, https:\/\/blog.zeit.de\/hamburg\/files\/2016\/08\/Carsten-620x474.jpg 620w, https:\/\/blog.zeit.de\/hamburg\/files\/2016\/08\/Carsten-768x587.jpg 768w, https:\/\/blog.zeit.de\/hamburg\/files\/2016\/08\/Carsten.jpg 1500w\" sizes=\"auto, (max-width: 640px) 100vw, 640px\" \/><\/p>\n<p><em>Carsten ist 60 Jahre alt und wohnt gern in Hoheluft. Was ihn allerdings st\u00f6rt: die gro\u00dfe Dichte an Gel\u00e4ndewagen. Sie verschlechterten die Atmosph\u00e4re in den Seitenstra\u00dfen der Hoheluftchaussee. &#8222;Ein Fahrrad mit h\u00fcbschem Korb passt hier besser ins Bild&#8220;, sagt Carsten.<\/em><\/p>\n<p>&nbsp;<\/p>\n<p><b>Lieblingscaf\u00e8: La Caff\u00e8teria<\/b><\/p>\n<p><img loading=\"lazy\" decoding=\"async\" class=\"alignnone size-large wp-image-7161\" src=\"https:\/\/blog.zeit.de\/hamburg\/files\/2016\/08\/LaCaffeteria-1024x780.jpg\" alt=\"La Caffeteria Orte hoch 3 Hoheluft\" width=\"640\" height=\"488\" srcset=\"https:\/\/blog.zeit.de\/hamburg\/files\/2016\/08\/LaCaffeteria-1024x780.jpg 1024w, https:\/\/blog.zeit.de\/hamburg\/files\/2016\/08\/LaCaffeteria-620x472.jpg 620w, https:\/\/blog.zeit.de\/hamburg\/files\/2016\/08\/LaCaffeteria-768x585.jpg 768w, https:\/\/blog.zeit.de\/hamburg\/files\/2016\/08\/LaCaffeteria.jpg 1500w\" sizes=\"auto, (max-width: 640px) 100vw, 640px\" \/><\/p>\n<p>&#8222;Wenn sch\u00f6nes Wetter ist und man auf der Terrasse ein Pl\u00e4tzchen findet, k\u00f6nnte ich dort den ganzen Tag fr\u00fchst\u00fccken&#8220;, sagt Carsten \u00fcber La Caff\u00e8teria. M\u00f6glich jedenfalls sei es. Denn Croissants und R\u00fchreier gebe es hier bis 18 Uhr. Ein leckeres St\u00fcck Kuchen oder das klassische Abendbrot mit dem hervorragenden Tomatenpesto k\u00f6nne er allerding auch empfehlen.<\/p>\n<p><i><a href=\"http:\/\/www.la-caffetteria.de\" target=\"_blank\">La Caff\u00e8teria<\/a> | Abendrothsweg 54 | Mo\u2013Fr: 10\u201323 Uhr, Sa und So: 10\u201319 Uhr<\/i><\/p>\n<p>&nbsp;<\/p>\n<p><b>Lieblingsrestaurant: Ono<\/b><\/p>\n<p><img loading=\"lazy\" decoding=\"async\" class=\"alignnone size-large wp-image-7163\" src=\"https:\/\/blog.zeit.de\/hamburg\/files\/2016\/08\/ONO-1024x819.jpg\" alt=\"ONO Orte hoch 3 Hoheluft\" width=\"640\" height=\"512\" srcset=\"https:\/\/blog.zeit.de\/hamburg\/files\/2016\/08\/ONO-1024x819.jpg 1024w, https:\/\/blog.zeit.de\/hamburg\/files\/2016\/08\/ONO-620x496.jpg 620w, https:\/\/blog.zeit.de\/hamburg\/files\/2016\/08\/ONO-768x614.jpg 768w, https:\/\/blog.zeit.de\/hamburg\/files\/2016\/08\/ONO.jpg 1500w\" sizes=\"auto, (max-width: 640px) 100vw, 640px\" \/><\/p>\n<p>Frische, Optik und Qualit\u00e4t \u2013 in Steffen Hensslers Restaurant Ono werde Sushi schlichtweg perfekt serviert, meint Carsten. Zwar sitze man hier etwas enger beieinander und ganz g\u00fcnstig sei es auch nicht, aber \u201eman muss sich ja ab und an auch mal etwas g\u00f6nnen\u201c.<\/p>\n<p><i><a href=\"http:\/\/www.onobysteffenhenssler.de\" target=\"_blank\">Ono<\/a> | Lehmweg 17 | Mo\u2013Sa: 12\u201315 Uhr und 18\u201323 Uhr<\/i><\/p>\n<p>&nbsp;<\/p>\n<p><b>Lieblingsort: Isebekkanal<\/b><\/p>\n<p><img loading=\"lazy\" decoding=\"async\" class=\"alignnone size-large wp-image-7159\" src=\"https:\/\/blog.zeit.de\/hamburg\/files\/2016\/08\/Isebekkanal-1024x768.jpg\" alt=\"Isebekkanal Orte hoch 3 Hoheluft\" width=\"640\" height=\"480\" srcset=\"https:\/\/blog.zeit.de\/hamburg\/files\/2016\/08\/Isebekkanal-1024x768.jpg 1024w, https:\/\/blog.zeit.de\/hamburg\/files\/2016\/08\/Isebekkanal-620x465.jpg 620w, https:\/\/blog.zeit.de\/hamburg\/files\/2016\/08\/Isebekkanal-768x576.jpg 768w, https:\/\/blog.zeit.de\/hamburg\/files\/2016\/08\/Isebekkanal.jpg 1500w\" sizes=\"auto, (max-width: 640px) 100vw, 640px\" \/><\/p>\n<p>Carsten spaziert sehr gerne an dem knapp drei Kilometer langen Isebekkanal entlang. Hier tr\u00e4fen sich Jogger, Hundebesitzer und Muttis zum Laufen, Spielen und Schnacken, erz\u00e4hlt er. \u201eMit irgendwem kommt man immer ins Gespr\u00e4ch.\u201c<\/p>\n<p><i>Isebekkanal | Lehmweg<\/i><\/p>\n<p>&nbsp;<\/p>\n<h2><b>Sabine<\/b><\/h2>\n<p><img loading=\"lazy\" decoding=\"async\" class=\"alignnone size-large wp-image-7165\" src=\"https:\/\/blog.zeit.de\/hamburg\/files\/2016\/08\/Sabine-1024x768.jpg\" alt=\"Sabine Orte hoch 3 Hoheluft\" width=\"640\" height=\"480\" srcset=\"https:\/\/blog.zeit.de\/hamburg\/files\/2016\/08\/Sabine-1024x768.jpg 1024w, https:\/\/blog.zeit.de\/hamburg\/files\/2016\/08\/Sabine-620x465.jpg 620w, https:\/\/blog.zeit.de\/hamburg\/files\/2016\/08\/Sabine-768x576.jpg 768w, https:\/\/blog.zeit.de\/hamburg\/files\/2016\/08\/Sabine.jpg 1500w\" sizes=\"auto, (max-width: 640px) 100vw, 640px\" \/><\/p>\n<p><em>Die 45-j\u00e4hrige Sabine nennt Hoheluft \u201equirlig und gr\u00fcn\u201c. Genau deswegen wohne sie so gerne mit ihrer Familie hier.<br \/>\n<\/em><\/p>\n<p>&nbsp;<\/p>\n<p><b>Lieblingscaf\u00e8: Ufer Caf\u00e9 und Weinbar<\/b><\/p>\n<p><img loading=\"lazy\" decoding=\"async\" class=\"alignnone size-large wp-image-7168\" src=\"https:\/\/blog.zeit.de\/hamburg\/files\/2016\/08\/UferCaf\u00e9-1024x776.jpg\" alt=\"Ufer Caf\u00e9 Orte hoch 3 Hoheluft\" width=\"640\" height=\"485\" srcset=\"https:\/\/blog.zeit.de\/hamburg\/files\/2016\/08\/UferCaf\u00e9-1024x776.jpg 1024w, https:\/\/blog.zeit.de\/hamburg\/files\/2016\/08\/UferCaf\u00e9-620x470.jpg 620w, https:\/\/blog.zeit.de\/hamburg\/files\/2016\/08\/UferCaf\u00e9-768x582.jpg 768w, https:\/\/blog.zeit.de\/hamburg\/files\/2016\/08\/UferCaf\u00e9.jpg 1500w\" sizes=\"auto, (max-width: 640px) 100vw, 640px\" \/><\/p>\n<p>\u201eInnen ist es heimelig und wunderh\u00fcbsch, drau\u00dfen Richtung Ufer super entspannend\u201c, sagt Sabine \u00fcber das Ufer Caf\u00e9. Sie besuche es besonders gern mit der Familie. Ihre Kinder seien Langschl\u00e4fer und es komme ihnen gelegen, dass sie hier an Wochenenden bis 14 Uhr fr\u00fchst\u00fccken k\u00f6nnten. F\u00fcr muckelige Abende zu zweit empfiehlt Sabine die verschiedenen Flammkuchenvariationen, dazu ein Gl\u00e4schen Wein.<\/p>\n<p><i><a href=\"http:\/\/www.ufer-hamburg.de\" target=\"_blank\">Ufer Caf\u00e9 und Weinbar<\/a> | Bismarckstra\u00dfe 151 | Mo\u2013Fr: 15\u201324 Uhr, Sa und So: 10\u201324 Uhr<\/i><\/p>\n<p>&nbsp;<\/p>\n<p><b>Lieblingsrestaurant: Mansaaf<\/b><\/p>\n<p><img loading=\"lazy\" decoding=\"async\" class=\"alignnone size-large wp-image-7162\" src=\"https:\/\/blog.zeit.de\/hamburg\/files\/2016\/08\/Mansaaf-1024x791.jpg\" alt=\"Mansaaf Orte hoch 3 Hoheluft\" width=\"640\" height=\"494\" srcset=\"https:\/\/blog.zeit.de\/hamburg\/files\/2016\/08\/Mansaaf-1024x791.jpg 1024w, https:\/\/blog.zeit.de\/hamburg\/files\/2016\/08\/Mansaaf-620x479.jpg 620w, https:\/\/blog.zeit.de\/hamburg\/files\/2016\/08\/Mansaaf-768x593.jpg 768w, https:\/\/blog.zeit.de\/hamburg\/files\/2016\/08\/Mansaaf.jpg 1500w\" sizes=\"auto, (max-width: 640px) 100vw, 640px\" \/><\/p>\n<p>Sabine schw\u00e4rmt von einer kleinen Oase, in der arabische Spezialit\u00e4ten serviert werden. Man reise nicht nur geografisch (Hoheluft-Ost) sondern auch sinnlich in den Osten. Lammfilet gef\u00fcllt mit Rosmarin und Pistazien in einer Schafsk\u00e4sesauce mit frischem Thymian sei bei Mansaaf ihr Lieblingsgericht. Ihr Mann trinke dort gerne ein \u201eTaibeh\u201c, ein pal\u00e4stinensisches Bier.<\/p>\n<p><i><a href=\"http:\/\/www.mansaaf.de\/\" target=\"_blank\">Mansaaf<\/a> | Eppendorfer Weg 208 | <\/i><i>Di\u2013So: 18\u201323 Uhr<\/i><\/p>\n<p>&nbsp;<\/p>\n<p><b>Lieblingsort: Isemarkt<\/b><\/p>\n<p><img loading=\"lazy\" decoding=\"async\" class=\"alignnone size-large wp-image-7160\" src=\"https:\/\/blog.zeit.de\/hamburg\/files\/2016\/08\/Isemarkt-1024x683.jpg\" alt=\"Isemarkt Orte hoch 3 Hoheluft\" width=\"640\" height=\"427\" srcset=\"https:\/\/blog.zeit.de\/hamburg\/files\/2016\/08\/Isemarkt-1024x683.jpg 1024w, https:\/\/blog.zeit.de\/hamburg\/files\/2016\/08\/Isemarkt-620x413.jpg 620w, https:\/\/blog.zeit.de\/hamburg\/files\/2016\/08\/Isemarkt-768x512.jpg 768w, https:\/\/blog.zeit.de\/hamburg\/files\/2016\/08\/Isemarkt.jpg 1500w\" sizes=\"auto, (max-width: 640px) 100vw, 640px\" \/><\/p>\n<p>Auf dem Isemarkt erledigt Sabine ihre w\u00f6chentlichen Eink\u00e4ufe. Neben Gem\u00fcse, Brot und tollen Blumen g\u00e4be es hier auch immer einen Schnack mit den Standbesitzern. \u201eDa werden die besten Rezepte mitgegeben\u201c, sagt sie.<\/p>\n<p><i>Isemarkt | Isestra\u00dfe | <\/i><i>Di und\u00a0 Fr: 08:30\u201314 Uhr<\/i><\/p>\n","protected":false},"excerpt":{"rendered":"<p>Stadtteile haben ihre eigene Atmosph\u00e4re, eigene Mythen und Menschen. Zusammen mit\u00a0Mit Vergn\u00fcgen Hamburg\u00a0wollen wir herausfinden, wie sie ticken. Daf\u00fcr fragen wir jene, die sich am besten auskennen m\u00fcssen: die Bewohner. Wir bitten sie, uns ihr Lieblingscaf\u00e9, ihr Lieblingsrestaurant und einen weiteren Lieblingsort zu verraten. Und das quer durch die Generationen. Folge 8:\u00a0Hoheluft<\/p>\n","protected":false},"author":471,"featured_media":7167,"comment_status":"open","ping_status":"open","sticky":false,"template":"","format":"standard","meta":{"_jetpack_memberships_contains_paid_content":false,"footnotes":""},"categories":[16],"tags":[34826,8187,1329,34860,427,34831,34825,1910,34766,17347],"class_list":["post-7129","post","type-post","status-publish","format-standard","has-post-thumbnail","hentry","category-allgemein","tag-cafe","tag-essen","tag-hamburg","tag-hoheluft","tag-menschen","tag-ort","tag-restaurant","tag-stadt","tag-stadtteil","tag-trinken"],"yoast_head":"<!-- This site is optimized with the Yoast SEO plugin v21.0 - https:\/\/yoast.com\/wordpress\/plugins\/seo\/ -->\n<title>Orte Hoch 3 Hoheluft<\/title>\n<meta name=\"description\" content=\"Drei ganz unterschiedliche Menschen verraten uns ihre Lieblingspl\u00e4tze in Hoheluft.\" \/>\n<meta name=\"robots\" content=\"index, follow, max-snippet:-1, max-image-preview:large, max-video-preview:-1\" \/>\n<link rel=\"canonical\" href=\"https:\/\/blog.zeit.de\/hamburg\/orte-hoch-3-hoheluft\/\" \/>\n<meta property=\"og:locale\" content=\"de_DE\" \/>\n<meta property=\"og:type\" content=\"article\" \/>\n<meta property=\"og:title\" content=\"Orte Hoch 3 Hoheluft\" \/>\n<meta property=\"og:description\" content=\"Drei ganz unterschiedliche Menschen verraten uns ihre Lieblingspl\u00e4tze in Hoheluft.\" \/>\n<meta property=\"og:url\" content=\"https:\/\/blog.zeit.de\/hamburg\/orte-hoch-3-hoheluft\/\" \/>\n<meta property=\"og:site_name\" content=\"Speersort 1\" \/>\n<meta property=\"article:author\" content=\"https:\/\/facebook.com\/mitvergnuegenhh\" \/>\n<meta property=\"article:published_time\" content=\"2016-08-29T12:26:48+00:00\" \/>\n<meta property=\"article:modified_time\" content=\"2016-08-29T12:34:54+00:00\" \/>\n<meta property=\"og:image\" content=\"https:\/\/blog.zeit.de\/hamburg\/files\/2016\/08\/Titelbild2.jpg\" \/>\n\t<meta property=\"og:image:width\" content=\"1500\" \/>\n\t<meta property=\"og:image:height\" content=\"1147\" \/>\n\t<meta property=\"og:image:type\" content=\"image\/jpeg\" \/>\n<meta name=\"author\" content=\"Mit Vergn\u00fcgen Hamburg\" \/>\n<meta name=\"twitter:card\" content=\"summary_large_image\" \/>\n<meta name=\"twitter:creator\" content=\"@mitvergnuegenhh\" \/>\n<meta name=\"twitter:label1\" content=\"Geschrieben von\" \/>\n\t<meta name=\"twitter:data1\" content=\"Mit Vergn\u00fcgen Hamburg\" \/>\n\t<meta name=\"twitter:label2\" content=\"Gesch\u00e4tzte Lesezeit\" \/>\n\t<meta name=\"twitter:data2\" content=\"4\u00a0Minuten\" \/>\n<script type=\"application\/ld+json\" class=\"yoast-schema-graph\">{\"@context\":\"https:\/\/schema.org\",\"@graph\":[{\"@type\":\"WebPage\",\"@id\":\"https:\/\/blog.zeit.de\/hamburg\/orte-hoch-3-hoheluft\/\",\"url\":\"https:\/\/blog.zeit.de\/hamburg\/orte-hoch-3-hoheluft\/\",\"name\":\"Orte Hoch 3 Hoheluft\",\"isPartOf\":{\"@id\":\"https:\/\/blog.zeit.de\/hamburg\/#website\"},\"datePublished\":\"2016-08-29T12:26:48+00:00\",\"dateModified\":\"2016-08-29T12:34:54+00:00\",\"author\":{\"@id\":\"https:\/\/blog.zeit.de\/hamburg\/#\/schema\/person\/3e49776f4fd92b64ac754b22fadacc40\"},\"description\":\"Drei ganz unterschiedliche Menschen verraten uns ihre Lieblingspl\u00e4tze in Hoheluft.\",\"breadcrumb\":{\"@id\":\"https:\/\/blog.zeit.de\/hamburg\/orte-hoch-3-hoheluft\/#breadcrumb\"},\"inLanguage\":\"de\",\"potentialAction\":[{\"@type\":\"ReadAction\",\"target\":[\"https:\/\/blog.zeit.de\/hamburg\/orte-hoch-3-hoheluft\/\"]}]},{\"@type\":\"BreadcrumbList\",\"@id\":\"https:\/\/blog.zeit.de\/hamburg\/orte-hoch-3-hoheluft\/#breadcrumb\",\"itemListElement\":[{\"@type\":\"ListItem\",\"position\":1,\"name\":\"Startseite\",\"item\":\"https:\/\/blog.zeit.de\/hamburg\/\"},{\"@type\":\"ListItem\",\"position\":2,\"name\":\"Auf der Hoheluft gibt es auch pal\u00e4stinensisches Bier\"}]},{\"@type\":\"WebSite\",\"@id\":\"https:\/\/blog.zeit.de\/hamburg\/#website\",\"url\":\"https:\/\/blog.zeit.de\/hamburg\/\",\"name\":\"Speersort 1\",\"description\":\"Das Hamburg-Blog\",\"potentialAction\":[{\"@type\":\"SearchAction\",\"target\":{\"@type\":\"EntryPoint\",\"urlTemplate\":\"https:\/\/blog.zeit.de\/hamburg\/?s={search_term_string}\"},\"query-input\":\"required name=search_term_string\"}],\"inLanguage\":\"de\"},{\"@type\":\"Person\",\"@id\":\"https:\/\/blog.zeit.de\/hamburg\/#\/schema\/person\/3e49776f4fd92b64ac754b22fadacc40\",\"name\":\"Mit Vergn\u00fcgen Hamburg\",\"image\":{\"@type\":\"ImageObject\",\"inLanguage\":\"de\",\"@id\":\"https:\/\/blog.zeit.de\/hamburg\/#\/schema\/person\/image\/\",\"url\":\"https:\/\/secure.gravatar.com\/avatar\/e1a03aaad2511a7903dbd957af3662121c868dbb12f59d4fab6d87b28ffd5a5e?s=96&d=mm&r=g\",\"contentUrl\":\"https:\/\/secure.gravatar.com\/avatar\/e1a03aaad2511a7903dbd957af3662121c868dbb12f59d4fab6d87b28ffd5a5e?s=96&d=mm&r=g\",\"caption\":\"Mit Vergn\u00fcgen Hamburg\"},\"description\":\"Mit Vergn\u00fcgen Hamburg ist das digitale Stadtmagazin f\u00fcr Hamburg. Jeden Tag empfiehlt die Redaktion eine Ausstellung, ein Konzert oder einer Party. F\u00fcr das Blog Speersort 1 haben die Kollegen zun\u00e4chst den Hamburger Eckensteher produziert. Seit einer Weile arbeiten sie an einem neuen Format: Ein Autor f\u00e4hrt in einen Stadtteil und fragt drei Bewohner nach ihren drei nahegelegenen Lieblingspl\u00e4tzen \u2013 einem Caf\u00e9, einem Restaurant und einem beliebiger anderen Ort.\",\"sameAs\":[\"http:\/\/hamburg.mitvergnuegen.com\",\"https:\/\/facebook.com\/mitvergnuegenhh\",\"https:\/\/twitter.com\/mitvergnuegenhh\"],\"url\":\"https:\/\/blog.zeit.de\/hamburg\/author\/mitvergnuegenhh\/\"}]}<\/script>\n<!-- \/ Yoast SEO plugin. -->","yoast_head_json":{"title":"Orte Hoch 3 Hoheluft","description":"Drei ganz unterschiedliche Menschen verraten uns ihre Lieblingspl\u00e4tze in Hoheluft.","robots":{"index":"index","follow":"follow","max-snippet":"max-snippet:-1","max-image-preview":"max-image-preview:large","max-video-preview":"max-video-preview:-1"},"canonical":"https:\/\/blog.zeit.de\/hamburg\/orte-hoch-3-hoheluft\/","og_locale":"de_DE","og_type":"article","og_title":"Orte Hoch 3 Hoheluft","og_description":"Drei ganz unterschiedliche Menschen verraten uns ihre Lieblingspl\u00e4tze in Hoheluft.","og_url":"https:\/\/blog.zeit.de\/hamburg\/orte-hoch-3-hoheluft\/","og_site_name":"Speersort 1","article_author":"https:\/\/facebook.com\/mitvergnuegenhh","article_published_time":"2016-08-29T12:26:48+00:00","article_modified_time":"2016-08-29T12:34:54+00:00","og_image":[{"width":1500,"height":1147,"url":"https:\/\/blog.zeit.de\/hamburg\/files\/2016\/08\/Titelbild2.jpg","type":"image\/jpeg"}],"author":"Mit Vergn\u00fcgen Hamburg","twitter_card":"summary_large_image","twitter_creator":"@mitvergnuegenhh","twitter_misc":{"Geschrieben von":"Mit Vergn\u00fcgen Hamburg","Gesch\u00e4tzte Lesezeit":"4\u00a0Minuten"},"schema":{"@context":"https:\/\/schema.org","@graph":[{"@type":"WebPage","@id":"https:\/\/blog.zeit.de\/hamburg\/orte-hoch-3-hoheluft\/","url":"https:\/\/blog.zeit.de\/hamburg\/orte-hoch-3-hoheluft\/","name":"Orte Hoch 3 Hoheluft","isPartOf":{"@id":"https:\/\/blog.zeit.de\/hamburg\/#website"},"datePublished":"2016-08-29T12:26:48+00:00","dateModified":"2016-08-29T12:34:54+00:00","author":{"@id":"https:\/\/blog.zeit.de\/hamburg\/#\/schema\/person\/3e49776f4fd92b64ac754b22fadacc40"},"description":"Drei ganz unterschiedliche Menschen verraten uns ihre Lieblingspl\u00e4tze in Hoheluft.","breadcrumb":{"@id":"https:\/\/blog.zeit.de\/hamburg\/orte-hoch-3-hoheluft\/#breadcrumb"},"inLanguage":"de","potentialAction":[{"@type":"ReadAction","target":["https:\/\/blog.zeit.de\/hamburg\/orte-hoch-3-hoheluft\/"]}]},{"@type":"BreadcrumbList","@id":"https:\/\/blog.zeit.de\/hamburg\/orte-hoch-3-hoheluft\/#breadcrumb","itemListElement":[{"@type":"ListItem","position":1,"name":"Startseite","item":"https:\/\/blog.zeit.de\/hamburg\/"},{"@type":"ListItem","position":2,"name":"Auf der Hoheluft gibt es auch pal\u00e4stinensisches Bier"}]},{"@type":"WebSite","@id":"https:\/\/blog.zeit.de\/hamburg\/#website","url":"https:\/\/blog.zeit.de\/hamburg\/","name":"Speersort 1","description":"Das Hamburg-Blog","potentialAction":[{"@type":"SearchAction","target":{"@type":"EntryPoint","urlTemplate":"https:\/\/blog.zeit.de\/hamburg\/?s={search_term_string}"},"query-input":"required name=search_term_string"}],"inLanguage":"de"},{"@type":"Person","@id":"https:\/\/blog.zeit.de\/hamburg\/#\/schema\/person\/3e49776f4fd92b64ac754b22fadacc40","name":"Mit Vergn\u00fcgen Hamburg","image":{"@type":"ImageObject","inLanguage":"de","@id":"https:\/\/blog.zeit.de\/hamburg\/#\/schema\/person\/image\/","url":"https:\/\/secure.gravatar.com\/avatar\/e1a03aaad2511a7903dbd957af3662121c868dbb12f59d4fab6d87b28ffd5a5e?s=96&d=mm&r=g","contentUrl":"https:\/\/secure.gravatar.com\/avatar\/e1a03aaad2511a7903dbd957af3662121c868dbb12f59d4fab6d87b28ffd5a5e?s=96&d=mm&r=g","caption":"Mit Vergn\u00fcgen Hamburg"},"description":"Mit Vergn\u00fcgen Hamburg ist das digitale Stadtmagazin f\u00fcr Hamburg. Jeden Tag empfiehlt die Redaktion eine Ausstellung, ein Konzert oder einer Party. F\u00fcr das Blog Speersort 1 haben die Kollegen zun\u00e4chst den Hamburger Eckensteher produziert. Seit einer Weile arbeiten sie an einem neuen Format: Ein Autor f\u00e4hrt in einen Stadtteil und fragt drei Bewohner nach ihren drei nahegelegenen Lieblingspl\u00e4tzen \u2013 einem Caf\u00e9, einem Restaurant und einem beliebiger anderen Ort.","sameAs":["http:\/\/hamburg.mitvergnuegen.com","https:\/\/facebook.com\/mitvergnuegenhh","https:\/\/twitter.com\/mitvergnuegenhh"],"url":"https:\/\/blog.zeit.de\/hamburg\/author\/mitvergnuegenhh\/"}]}},"jetpack_featured_media_url":"https:\/\/blog.zeit.de\/hamburg\/files\/2016\/08\/Titelbild2.jpg","jetpack_sharing_enabled":true,"_links":{"self":[{"href":"https:\/\/blog.zeit.de\/hamburg\/wp-json\/wp\/v2\/posts\/7129","targetHints":{"allow":["GET"]}}],"collection":[{"href":"https:\/\/blog.zeit.de\/hamburg\/wp-json\/wp\/v2\/posts"}],"about":[{"href":"https:\/\/blog.zeit.de\/hamburg\/wp-json\/wp\/v2\/types\/post"}],"author":[{"embeddable":true,"href":"https:\/\/blog.zeit.de\/hamburg\/wp-json\/wp\/v2\/users\/471"}],"replies":[{"embeddable":true,"href":"https:\/\/blog.zeit.de\/hamburg\/wp-json\/wp\/v2\/comments?post=7129"}],"version-history":[{"count":10,"href":"https:\/\/blog.zeit.de\/hamburg\/wp-json\/wp\/v2\/posts\/7129\/revisions"}],"predecessor-version":[{"id":7220,"href":"https:\/\/blog.zeit.de\/hamburg\/wp-json\/wp\/v2\/posts\/7129\/revisions\/7220"}],"wp:featuredmedia":[{"embeddable":true,"href":"https:\/\/blog.zeit.de\/hamburg\/wp-json\/wp\/v2\/media\/7167"}],"wp:attachment":[{"href":"https:\/\/blog.zeit.de\/hamburg\/wp-json\/wp\/v2\/media?parent=7129"}],"wp:term":[{"taxonomy":"category","embeddable":true,"href":"https:\/\/blog.zeit.de\/hamburg\/wp-json\/wp\/v2\/categories?post=7129"},{"taxonomy":"post_tag","embeddable":true,"href":"https:\/\/blog.zeit.de\/hamburg\/wp-json\/wp\/v2\/tags?post=7129"}],"curies":[{"name":"wp","href":"https:\/\/api.w.org\/{rel}","templated":true}]}}