{"id":7180,"date":"2016-08-26T14:30:38","date_gmt":"2016-08-26T12:30:38","guid":{"rendered":"http:\/\/blog.zeit.de\/hamburg\/?p=7180"},"modified":"2016-08-26T15:28:37","modified_gmt":"2016-08-26T13:28:37","slug":"das-wuensche-ich-hsv","status":"publish","type":"post","link":"https:\/\/blog.zeit.de\/hamburg\/das-wuensche-ich-hsv\/","title":{"rendered":"Tr\u00e4umt weiter von Europa"},"content":{"rendered":"<p><em>Unser St.-Pauli-Kolumnist w\u00fcnscht dem HSV f\u00fcr die neue Saison, dass er sich seine Naivit\u00e4t bewahrt. Dar\u00fcber kann man sich am Millerntor so sch\u00f6n am\u00fcsieren.<\/em><br \/>\n<!--more--><\/p>\n<p>Ich kann dem HSV nur w\u00fcnschen, dass er bleibt, wie er ist. Zugegeben: Das ist kein Wunsch zu seinem Vorteil. Aber immerhin profitiere ich pers\u00f6nlich im Alltag davon, wenn der HSV seinen Status quo zementiert. Denn ein HSV im jetzigen Zustand, respektive im Zustand der vergangenen Jahre, ist ein gro\u00dfes Vergn\u00fcgen. Er erleichtert einem auch den Dialog, wenn man zur Mittagszeit in der ZEIT-Kantine auf seine Fans trifft. Die w\u00fcrden jedes Mal nur zu gerne s\u00fcffisant gegen meinen FC sticheln \u2013 aber seit nur noch die \u00c4ltesten im Verein sich an erfolgreiche HSV-Zeiten erinnern und da der HSV seit 2002 nie mehr gegen den FC St. Pauli gewinnen konnte, sind die fu\u00dfballaffinen Stadtrivalen im Zeitverlag sympathisch zahm geworden.<\/p>\n<p>Ich freue mich auf die kommende Saison, weil der Verein aus dem Volkspark auch diesmal nichts \u00e4ndern wird. Bereits nach dem ersten Pflichtspiel konnte man dies beobachten. Da beging der gemeine HSV-Fan denselben Fehler wie immer: Er spach schon wieder von nahender, bald wieder erlangter Gr\u00f6\u00dfe; er sprach von Europa.<\/p>\n<p>Anlass dazu gab ihm der 30-min\u00fctige Auftritt eines zwanzigj\u00e4hrigen Newcomers in der ersten Runde des DFB-Pokals. Der kroatische F\u00fcnf-K\u00fchne-Millionen-Einkauf Alen Halilovi\u0107 kam aufs Feld, nachdem es seiner Mannschaft gegen den FSV Zwickau, der vergangene Saison noch in der vierten Liga spielte, 60 Minuten lang nicht gelungen war, ein Tor zu erzielen. Halilovi\u0107 kam also, sah und traf. Da der junge Mann beim Verhindern des Pokaldebakels auch noch einen Sekundenbruchteil lang agierte wie ungef\u00e4hr Messi und bis vor den Sommerferien dem genialen Argentinier auch leibhaftig im Training zusehen durfte, spricht nun die halbe HSV-Fanschar vom neuen Messi, der ausgerechnet im Besitz des HSV sei \u2013 zumindest ein Jahr lang. Dann kann Barcelona ihn zur\u00fcckkaufen.<\/p>\n<p>&#8222;Halleluja Halilovi\u0107!&#8220;, titelte die HSV-Gazette <em>Bild<\/em> nach dem erstaunlichen Deb\u00fct. Und auch der Fu\u00dfballweise Lodda Matth\u00e4us meldete sich diese Woche gewohnt differenziert zu Wort und sah den HSV schon wieder wo? In Europa.<\/p>\n<p>Was also gibt es f\u00fcr den St.-Pauli-Fan Sch\u00f6neres, als den Start des HSV in eine neue Saison zu beobachten? J\u00e4hrlich gr\u00fc\u00dft das Stellinger Murmeltier und br\u00fcllt Europa. Es reicht schon, wenn die Mannschaft mit Ach und Krach einen Drittligisten aus dem Pokal gekegelt hat.<\/p>\n<p>Wobei ich nun ernst werden muss. Ich verrate, dass ich dem HSV in der kommenden Saison einmal nicht den Abstieg w\u00fcnsche. Der Grund: Unser souver\u00e4ner Pokal-Triumph gegen den VfB L\u00fcbeck aus der Regionalliga Nord best\u00e4tigt mir, dass ich zu Recht mit dem Direktaufstieg des FC St. Pauli in die 1. Liga rechnen darf. Kein Relegationsspiel f\u00fcr den Kiez, so lautet meine Prognose. Und da w\u00e4r es doch schade, in der kommenden Saison kein Derby bestreiten zu k\u00f6nnen.<\/p>\n<p>Liebe HSV-Fans, seid daher beruhigt. Der 14. Tabellenrang sei euch gewiss, wenn es richtig rund l\u00e4uft der 12. Und dann: Lasst uns von Europa tr\u00e4umen!<\/p>\n<p>Lesen Sie <a href=\"https:\/\/blog.zeit.de\/hamburg\/das-wuensche-ich-fc-st-pauli\/\">hier, was unser HSV-Kolumnist Aimen Abdulaziz-Said dem FC St. Pauli f\u00fcr die neue Saison w\u00fcnscht<\/a>.<\/p>\n<p>&nbsp;<\/p>\n","protected":false},"excerpt":{"rendered":"<p>Unser St.-Pauli-Kolumnist w\u00fcnscht dem HSV f\u00fcr die neue Saison, dass er sich seine Naivit\u00e4t bewahrt. Dar\u00fcber kann man sich am Millerntor so sch\u00f6n am\u00fcsieren.<\/p>\n","protected":false},"author":630,"featured_media":7191,"comment_status":"open","ping_status":"open","sticky":false,"template":"","format":"standard","meta":{"_jetpack_memberships_contains_paid_content":false,"footnotes":""},"categories":[16],"tags":[],"class_list":["post-7180","post","type-post","status-publish","format-standard","has-post-thumbnail","hentry","category-allgemein"],"yoast_head":"<!-- This site is optimized with the Yoast SEO plugin v21.0 - https:\/\/yoast.com\/wordpress\/plugins\/seo\/ -->\n<title>Tr\u00e4umt weiter von Europa - Speersort 1 - ZEIT ONLINE<\/title>\n<meta name=\"robots\" content=\"index, follow, max-snippet:-1, max-image-preview:large, max-video-preview:-1\" \/>\n<link rel=\"canonical\" href=\"https:\/\/blog.zeit.de\/hamburg\/das-wuensche-ich-hsv\/\" \/>\n<meta property=\"og:locale\" content=\"de_DE\" \/>\n<meta property=\"og:type\" content=\"article\" \/>\n<meta property=\"og:title\" content=\"Tr\u00e4umt weiter von Europa - Speersort 1 - ZEIT ONLINE\" \/>\n<meta property=\"og:description\" content=\"Unser St.-Pauli-Kolumnist w\u00fcnscht dem HSV f\u00fcr die neue Saison, dass er sich seine Naivit\u00e4t bewahrt. Dar\u00fcber kann man sich am Millerntor so sch\u00f6n am\u00fcsieren.\" \/>\n<meta property=\"og:url\" content=\"https:\/\/blog.zeit.de\/hamburg\/das-wuensche-ich-hsv\/\" \/>\n<meta property=\"og:site_name\" content=\"Speersort 1\" \/>\n<meta property=\"article:published_time\" content=\"2016-08-26T12:30:38+00:00\" \/>\n<meta property=\"article:modified_time\" content=\"2016-08-26T13:28:37+00:00\" \/>\n<meta property=\"og:image\" content=\"https:\/\/blog.zeit.de\/hamburg\/files\/2016\/08\/83025821-1024x574.jpg\" \/>\n\t<meta property=\"og:image:width\" content=\"1024\" \/>\n\t<meta property=\"og:image:height\" content=\"574\" \/>\n\t<meta property=\"og:image:type\" content=\"image\/jpeg\" \/>\n<meta name=\"author\" content=\"Urs Willmann\" \/>\n<meta name=\"twitter:card\" content=\"summary_large_image\" \/>\n<meta name=\"twitter:label1\" content=\"Geschrieben von\" \/>\n\t<meta name=\"twitter:data1\" content=\"Urs Willmann\" \/>\n\t<meta name=\"twitter:label2\" content=\"Gesch\u00e4tzte Lesezeit\" \/>\n\t<meta name=\"twitter:data2\" content=\"3\u00a0Minuten\" \/>\n<script type=\"application\/ld+json\" class=\"yoast-schema-graph\">{\"@context\":\"https:\/\/schema.org\",\"@graph\":[{\"@type\":\"WebPage\",\"@id\":\"https:\/\/blog.zeit.de\/hamburg\/das-wuensche-ich-hsv\/\",\"url\":\"https:\/\/blog.zeit.de\/hamburg\/das-wuensche-ich-hsv\/\",\"name\":\"Tr\u00e4umt weiter von Europa - Speersort 1 - ZEIT ONLINE\",\"isPartOf\":{\"@id\":\"https:\/\/blog.zeit.de\/hamburg\/#website\"},\"datePublished\":\"2016-08-26T12:30:38+00:00\",\"dateModified\":\"2016-08-26T13:28:37+00:00\",\"author\":{\"@id\":\"https:\/\/blog.zeit.de\/hamburg\/#\/schema\/person\/d31b065e8818a42dd2c2dd942976744d\"},\"breadcrumb\":{\"@id\":\"https:\/\/blog.zeit.de\/hamburg\/das-wuensche-ich-hsv\/#breadcrumb\"},\"inLanguage\":\"de\",\"potentialAction\":[{\"@type\":\"ReadAction\",\"target\":[\"https:\/\/blog.zeit.de\/hamburg\/das-wuensche-ich-hsv\/\"]}]},{\"@type\":\"BreadcrumbList\",\"@id\":\"https:\/\/blog.zeit.de\/hamburg\/das-wuensche-ich-hsv\/#breadcrumb\",\"itemListElement\":[{\"@type\":\"ListItem\",\"position\":1,\"name\":\"Startseite\",\"item\":\"https:\/\/blog.zeit.de\/hamburg\/\"},{\"@type\":\"ListItem\",\"position\":2,\"name\":\"Tr\u00e4umt weiter von Europa\"}]},{\"@type\":\"WebSite\",\"@id\":\"https:\/\/blog.zeit.de\/hamburg\/#website\",\"url\":\"https:\/\/blog.zeit.de\/hamburg\/\",\"name\":\"Speersort 1\",\"description\":\"Das Hamburg-Blog\",\"potentialAction\":[{\"@type\":\"SearchAction\",\"target\":{\"@type\":\"EntryPoint\",\"urlTemplate\":\"https:\/\/blog.zeit.de\/hamburg\/?s={search_term_string}\"},\"query-input\":\"required name=search_term_string\"}],\"inLanguage\":\"de\"},{\"@type\":\"Person\",\"@id\":\"https:\/\/blog.zeit.de\/hamburg\/#\/schema\/person\/d31b065e8818a42dd2c2dd942976744d\",\"name\":\"Urs Willmann\",\"image\":{\"@type\":\"ImageObject\",\"inLanguage\":\"de\",\"@id\":\"https:\/\/blog.zeit.de\/hamburg\/#\/schema\/person\/image\/\",\"url\":\"https:\/\/secure.gravatar.com\/avatar\/a4c6414871f51ea392efc43d7326fe3f6c1ed11f8c0d8172ee86cac5eb6900f4?s=96&d=mm&r=g\",\"contentUrl\":\"https:\/\/secure.gravatar.com\/avatar\/a4c6414871f51ea392efc43d7326fe3f6c1ed11f8c0d8172ee86cac5eb6900f4?s=96&d=mm&r=g\",\"caption\":\"Urs Willmann\"},\"description\":\"ist im zivilisierten Leben Wissenschaftsredakteur der ZEIT. An Wochenenden besch\u00e4ftigt er sich mit Ballsport. Er ist Mitglied des FC St. Pauli seit 1910. Bei Ausw\u00e4rtsspielen sitzt er meist in einer Kneipe, bei Heimspielen steht er auf der Gegengeraden \u2013 der sagenumwobenen Trib\u00fcne im S\u00fcdosten des Millerntores. Was macht sie so besonders? Der Antwort auf diese Frage versucht Willmann im Speersort 1-Blog Text f\u00fcr Text n\u00e4her zu kommen.\",\"url\":\"https:\/\/blog.zeit.de\/hamburg\/author\/urswillmann\/\"}]}<\/script>\n<!-- \/ Yoast SEO plugin. -->","yoast_head_json":{"title":"Tr\u00e4umt weiter von Europa - Speersort 1 - ZEIT ONLINE","robots":{"index":"index","follow":"follow","max-snippet":"max-snippet:-1","max-image-preview":"max-image-preview:large","max-video-preview":"max-video-preview:-1"},"canonical":"https:\/\/blog.zeit.de\/hamburg\/das-wuensche-ich-hsv\/","og_locale":"de_DE","og_type":"article","og_title":"Tr\u00e4umt weiter von Europa - Speersort 1 - ZEIT ONLINE","og_description":"Unser St.-Pauli-Kolumnist w\u00fcnscht dem HSV f\u00fcr die neue Saison, dass er sich seine Naivit\u00e4t bewahrt. Dar\u00fcber kann man sich am Millerntor so sch\u00f6n am\u00fcsieren.","og_url":"https:\/\/blog.zeit.de\/hamburg\/das-wuensche-ich-hsv\/","og_site_name":"Speersort 1","article_published_time":"2016-08-26T12:30:38+00:00","article_modified_time":"2016-08-26T13:28:37+00:00","og_image":[{"width":1024,"height":574,"url":"https:\/\/blog.zeit.de\/hamburg\/files\/2016\/08\/83025821-1024x574.jpg","type":"image\/jpeg"}],"author":"Urs Willmann","twitter_card":"summary_large_image","twitter_misc":{"Geschrieben von":"Urs Willmann","Gesch\u00e4tzte Lesezeit":"3\u00a0Minuten"},"schema":{"@context":"https:\/\/schema.org","@graph":[{"@type":"WebPage","@id":"https:\/\/blog.zeit.de\/hamburg\/das-wuensche-ich-hsv\/","url":"https:\/\/blog.zeit.de\/hamburg\/das-wuensche-ich-hsv\/","name":"Tr\u00e4umt weiter von Europa - Speersort 1 - ZEIT ONLINE","isPartOf":{"@id":"https:\/\/blog.zeit.de\/hamburg\/#website"},"datePublished":"2016-08-26T12:30:38+00:00","dateModified":"2016-08-26T13:28:37+00:00","author":{"@id":"https:\/\/blog.zeit.de\/hamburg\/#\/schema\/person\/d31b065e8818a42dd2c2dd942976744d"},"breadcrumb":{"@id":"https:\/\/blog.zeit.de\/hamburg\/das-wuensche-ich-hsv\/#breadcrumb"},"inLanguage":"de","potentialAction":[{"@type":"ReadAction","target":["https:\/\/blog.zeit.de\/hamburg\/das-wuensche-ich-hsv\/"]}]},{"@type":"BreadcrumbList","@id":"https:\/\/blog.zeit.de\/hamburg\/das-wuensche-ich-hsv\/#breadcrumb","itemListElement":[{"@type":"ListItem","position":1,"name":"Startseite","item":"https:\/\/blog.zeit.de\/hamburg\/"},{"@type":"ListItem","position":2,"name":"Tr\u00e4umt weiter von Europa"}]},{"@type":"WebSite","@id":"https:\/\/blog.zeit.de\/hamburg\/#website","url":"https:\/\/blog.zeit.de\/hamburg\/","name":"Speersort 1","description":"Das Hamburg-Blog","potentialAction":[{"@type":"SearchAction","target":{"@type":"EntryPoint","urlTemplate":"https:\/\/blog.zeit.de\/hamburg\/?s={search_term_string}"},"query-input":"required name=search_term_string"}],"inLanguage":"de"},{"@type":"Person","@id":"https:\/\/blog.zeit.de\/hamburg\/#\/schema\/person\/d31b065e8818a42dd2c2dd942976744d","name":"Urs Willmann","image":{"@type":"ImageObject","inLanguage":"de","@id":"https:\/\/blog.zeit.de\/hamburg\/#\/schema\/person\/image\/","url":"https:\/\/secure.gravatar.com\/avatar\/a4c6414871f51ea392efc43d7326fe3f6c1ed11f8c0d8172ee86cac5eb6900f4?s=96&d=mm&r=g","contentUrl":"https:\/\/secure.gravatar.com\/avatar\/a4c6414871f51ea392efc43d7326fe3f6c1ed11f8c0d8172ee86cac5eb6900f4?s=96&d=mm&r=g","caption":"Urs Willmann"},"description":"ist im zivilisierten Leben Wissenschaftsredakteur der ZEIT. An Wochenenden besch\u00e4ftigt er sich mit Ballsport. Er ist Mitglied des FC St. Pauli seit 1910. Bei Ausw\u00e4rtsspielen sitzt er meist in einer Kneipe, bei Heimspielen steht er auf der Gegengeraden \u2013 der sagenumwobenen Trib\u00fcne im S\u00fcdosten des Millerntores. Was macht sie so besonders? Der Antwort auf diese Frage versucht Willmann im Speersort 1-Blog Text f\u00fcr Text n\u00e4her zu kommen.","url":"https:\/\/blog.zeit.de\/hamburg\/author\/urswillmann\/"}]}},"jetpack_featured_media_url":"https:\/\/blog.zeit.de\/hamburg\/files\/2016\/08\/83025821.jpg","jetpack_sharing_enabled":true,"_links":{"self":[{"href":"https:\/\/blog.zeit.de\/hamburg\/wp-json\/wp\/v2\/posts\/7180","targetHints":{"allow":["GET"]}}],"collection":[{"href":"https:\/\/blog.zeit.de\/hamburg\/wp-json\/wp\/v2\/posts"}],"about":[{"href":"https:\/\/blog.zeit.de\/hamburg\/wp-json\/wp\/v2\/types\/post"}],"author":[{"embeddable":true,"href":"https:\/\/blog.zeit.de\/hamburg\/wp-json\/wp\/v2\/users\/630"}],"replies":[{"embeddable":true,"href":"https:\/\/blog.zeit.de\/hamburg\/wp-json\/wp\/v2\/comments?post=7180"}],"version-history":[{"count":9,"href":"https:\/\/blog.zeit.de\/hamburg\/wp-json\/wp\/v2\/posts\/7180\/revisions"}],"predecessor-version":[{"id":7204,"href":"https:\/\/blog.zeit.de\/hamburg\/wp-json\/wp\/v2\/posts\/7180\/revisions\/7204"}],"wp:featuredmedia":[{"embeddable":true,"href":"https:\/\/blog.zeit.de\/hamburg\/wp-json\/wp\/v2\/media\/7191"}],"wp:attachment":[{"href":"https:\/\/blog.zeit.de\/hamburg\/wp-json\/wp\/v2\/media?parent=7180"}],"wp:term":[{"taxonomy":"category","embeddable":true,"href":"https:\/\/blog.zeit.de\/hamburg\/wp-json\/wp\/v2\/categories?post=7180"},{"taxonomy":"post_tag","embeddable":true,"href":"https:\/\/blog.zeit.de\/hamburg\/wp-json\/wp\/v2\/tags?post=7180"}],"curies":[{"name":"wp","href":"https:\/\/api.w.org\/{rel}","templated":true}]}}