{"id":7279,"date":"2016-09-15T11:46:55","date_gmt":"2016-09-15T09:46:55","guid":{"rendered":"http:\/\/blog.zeit.de\/hamburg\/?p=7279"},"modified":"2016-09-15T12:15:03","modified_gmt":"2016-09-15T10:15:03","slug":"hamburger-sv-saisonstart","status":"publish","type":"post","link":"https:\/\/blog.zeit.de\/hamburg\/hamburger-sv-saisonstart\/","title":{"rendered":"Jetzt nicht vom Weg abkommen"},"content":{"rendered":"<p><em>Geht es nach vielen Fans und Journalisten, steckt der HSV schon nach zwei Spieltagen wieder in der Krise. Den Pessimisten das Feld zu \u00fcberlassen w\u00e4re aber fatal.<\/em><!--more--><\/p>\n<p>War doch mal Euphorie in der Stadt, oder? War. Ist schon wieder vorbei. Nach zwei Spieltagen in der Fu\u00dfballbundesliga hat der HSV nur einen Punkt und steht auf Rang 15. Am Wochenende kommt Aufsteiger Leipzig. Auch nicht gerade einfach.<\/p>\n<p>Die Fans sind frustriert. Die Journalisten fragen schon, ob sich Sportchef Dietmar Beiersdorfer verzockt habe, weil er keinen defensiven Mittelfeldspieler verpflichtet hat, und wettern, dass die Schonfrist nun endg\u00fcltig vorbei sei. Zu allem \u00dcberfluss z\u00e4hlt auch noch M\u00e4zen Klaus-Michael K\u00fchne den Trainer an: \u00bbAbwarten, ob Labbadia das Team in Form bringen kann\u00ab, sagte er der <em>Ostsee-Zeitung<\/em>.<\/p>\n<p><figure id=\"attachment_7281\" aria-describedby=\"caption-attachment-7281\" style=\"width: 620px\" class=\"wp-caption alignnone\"><img loading=\"lazy\" decoding=\"async\" class=\"size-medium wp-image-7281\" src=\"https:\/\/blog.zeit.de\/hamburg\/files\/2016\/09\/83641290-620x413.jpg\" alt=\"Fu\u00dfball: Bundesliga, Bayer Leverkusen - Hamburger SV, 2. Spieltag am 10.09.2016 in BayArena, Leverkusen (Nordrhein-Westfalen). Hamburgs Trainer Bruno Labbadia an der Seitenlinie. Das Spiel endete 3:1. Foto: Maja Hitij\/dpa (Wichtiger Hinweis: Aufgrund der Akkreditierungsbestimmungen der DFL ist die Publikation und Weiterverwertung im Internet und in Online-Medien w\u00e4hrend des Spiels auf insgesamt f\u00fcnfzehn Bilder pro Spiel begrenzt.) +++(c) dpa - Bildfunk+++ | Verwendung weltweit\" width=\"620\" height=\"413\" srcset=\"https:\/\/blog.zeit.de\/hamburg\/files\/2016\/09\/83641290-620x413.jpg 620w, https:\/\/blog.zeit.de\/hamburg\/files\/2016\/09\/83641290-768x512.jpg 768w, https:\/\/blog.zeit.de\/hamburg\/files\/2016\/09\/83641290-1024x683.jpg 1024w\" sizes=\"auto, (max-width: 620px) 100vw, 620px\" \/><figcaption id=\"caption-attachment-7281\" class=\"wp-caption-text\">HSV-Trainer Bruno Labbadia beim Spiel gegen Bayer 04 Leverkusen. (c) dpa<\/figcaption><\/figure><\/p>\n<p>Alles wieder furchtbar im HSV-Land, k\u00f6nnte man meinen. Stimmt aber nicht. Furchtbar ist vielmehr, dass fast alle rund um den Verein nach einem ungl\u00fccklichen Saisonstart zu vergessen scheinen, dass eine Bundesligamannschaft nur langfristig aufgebaut werden kann. Selbst wenn das bedeutet, dass kurzfristig noch ein paar weitere langweilige bis elende Monate \u00fcberstanden werden m\u00fcssen.<\/p>\n<p>Der HSV hat im Sommer viel Geld f\u00fcr neue Spieler ausgegeben. Hei\u00dft das, dass die Mannschaft in der laufenden Saison bedeutend besser wird? Nein! Denn die Spieler, die verpflichtet wurden, sind allesamt Talente, die perspektivisch aufgebaut werden sollen. Das ist das Konzept von Dietmar Beiersdorfer. Und es ist der einzig richtige Weg.<\/p>\n<p>Nat\u00fcrlich nervt es, dass es immer noch nicht richtig aufw\u00e4rts geht. Nat\u00fcrlich darf sich jeder Fan fragen: Wie lange soll man sich das noch antun mit diesem Club? Aber die Erkenntnis ist wichtig: Dieser Verein wird sicherlich nicht dadurch besser, dass sinnvolle Ziele nach zwei schlechten Saisonspielen gleich wieder von allen Seiten infrage gestellt werden.<\/p>\n","protected":false},"excerpt":{"rendered":"<p>Geht es nach vielen Fans und Journalisten, steckt der HSV schon nach zwei Spieltagen wieder in der Krise. Den Pessimisten das Feld zu \u00fcberlassen w\u00e4re aber fatal.<\/p>\n","protected":false},"author":516,"featured_media":7281,"comment_status":"open","ping_status":"open","sticky":false,"template":"","format":"standard","meta":{"_jetpack_memberships_contains_paid_content":false,"footnotes":""},"categories":[16],"tags":[],"class_list":["post-7279","post","type-post","status-publish","format-standard","has-post-thumbnail","hentry","category-allgemein"],"yoast_head":"<!-- This site is optimized with the Yoast SEO plugin v21.0 - https:\/\/yoast.com\/wordpress\/plugins\/seo\/ -->\n<title>Jetzt nicht vom Weg abkommen - Speersort 1 - ZEIT ONLINE<\/title>\n<meta name=\"robots\" content=\"index, follow, max-snippet:-1, max-image-preview:large, max-video-preview:-1\" \/>\n<link rel=\"canonical\" href=\"https:\/\/blog.zeit.de\/hamburg\/hamburger-sv-saisonstart\/\" \/>\n<meta property=\"og:locale\" content=\"de_DE\" \/>\n<meta property=\"og:type\" content=\"article\" \/>\n<meta property=\"og:title\" content=\"Jetzt nicht vom Weg abkommen - Speersort 1 - ZEIT ONLINE\" \/>\n<meta property=\"og:description\" content=\"Geht es nach vielen Fans und Journalisten, steckt der HSV schon nach zwei Spieltagen wieder in der Krise. Den Pessimisten das Feld zu \u00fcberlassen w\u00e4re aber fatal.\" \/>\n<meta property=\"og:url\" content=\"https:\/\/blog.zeit.de\/hamburg\/hamburger-sv-saisonstart\/\" \/>\n<meta property=\"og:site_name\" content=\"Speersort 1\" \/>\n<meta property=\"article:published_time\" content=\"2016-09-15T09:46:55+00:00\" \/>\n<meta property=\"article:modified_time\" content=\"2016-09-15T10:15:03+00:00\" \/>\n<meta property=\"og:image\" content=\"https:\/\/blog.zeit.de\/hamburg\/files\/2016\/09\/83641290-1024x683.jpg\" \/>\n\t<meta property=\"og:image:width\" content=\"1024\" \/>\n\t<meta property=\"og:image:height\" content=\"683\" \/>\n\t<meta property=\"og:image:type\" content=\"image\/jpeg\" \/>\n<meta name=\"author\" content=\"Kilian Trotier\" \/>\n<meta name=\"twitter:card\" content=\"summary_large_image\" \/>\n<meta name=\"twitter:label1\" content=\"Geschrieben von\" \/>\n\t<meta name=\"twitter:data1\" content=\"Kilian Trotier\" \/>\n\t<meta name=\"twitter:label2\" content=\"Gesch\u00e4tzte Lesezeit\" \/>\n\t<meta name=\"twitter:data2\" content=\"2\u00a0Minuten\" \/>\n<script type=\"application\/ld+json\" class=\"yoast-schema-graph\">{\"@context\":\"https:\/\/schema.org\",\"@graph\":[{\"@type\":\"WebPage\",\"@id\":\"https:\/\/blog.zeit.de\/hamburg\/hamburger-sv-saisonstart\/\",\"url\":\"https:\/\/blog.zeit.de\/hamburg\/hamburger-sv-saisonstart\/\",\"name\":\"Jetzt nicht vom Weg abkommen - Speersort 1 - ZEIT ONLINE\",\"isPartOf\":{\"@id\":\"https:\/\/blog.zeit.de\/hamburg\/#website\"},\"datePublished\":\"2016-09-15T09:46:55+00:00\",\"dateModified\":\"2016-09-15T10:15:03+00:00\",\"author\":{\"@id\":\"https:\/\/blog.zeit.de\/hamburg\/#\/schema\/person\/483922ed6aa6e2295a4581ed593518ce\"},\"breadcrumb\":{\"@id\":\"https:\/\/blog.zeit.de\/hamburg\/hamburger-sv-saisonstart\/#breadcrumb\"},\"inLanguage\":\"de\",\"potentialAction\":[{\"@type\":\"ReadAction\",\"target\":[\"https:\/\/blog.zeit.de\/hamburg\/hamburger-sv-saisonstart\/\"]}]},{\"@type\":\"BreadcrumbList\",\"@id\":\"https:\/\/blog.zeit.de\/hamburg\/hamburger-sv-saisonstart\/#breadcrumb\",\"itemListElement\":[{\"@type\":\"ListItem\",\"position\":1,\"name\":\"Startseite\",\"item\":\"https:\/\/blog.zeit.de\/hamburg\/\"},{\"@type\":\"ListItem\",\"position\":2,\"name\":\"Jetzt nicht vom Weg abkommen\"}]},{\"@type\":\"WebSite\",\"@id\":\"https:\/\/blog.zeit.de\/hamburg\/#website\",\"url\":\"https:\/\/blog.zeit.de\/hamburg\/\",\"name\":\"Speersort 1\",\"description\":\"Das Hamburg-Blog\",\"potentialAction\":[{\"@type\":\"SearchAction\",\"target\":{\"@type\":\"EntryPoint\",\"urlTemplate\":\"https:\/\/blog.zeit.de\/hamburg\/?s={search_term_string}\"},\"query-input\":\"required name=search_term_string\"}],\"inLanguage\":\"de\"},{\"@type\":\"Person\",\"@id\":\"https:\/\/blog.zeit.de\/hamburg\/#\/schema\/person\/483922ed6aa6e2295a4581ed593518ce\",\"name\":\"Kilian Trotier\",\"image\":{\"@type\":\"ImageObject\",\"inLanguage\":\"de\",\"@id\":\"https:\/\/blog.zeit.de\/hamburg\/#\/schema\/person\/image\/\",\"url\":\"https:\/\/secure.gravatar.com\/avatar\/effcdcdcf51814fcc99026694ad5b6e4c302aabba61942419d42d8afdb96aa0a?s=96&d=mm&r=g\",\"contentUrl\":\"https:\/\/secure.gravatar.com\/avatar\/effcdcdcf51814fcc99026694ad5b6e4c302aabba61942419d42d8afdb96aa0a?s=96&d=mm&r=g\",\"caption\":\"Kilian Trotier\"},\"description\":\"ist Redakteur im Hamburg-Ressort der ZEIT.\",\"url\":\"https:\/\/blog.zeit.de\/hamburg\/author\/kiliantrotier\/\"}]}<\/script>\n<!-- \/ Yoast SEO plugin. -->","yoast_head_json":{"title":"Jetzt nicht vom Weg abkommen - Speersort 1 - ZEIT ONLINE","robots":{"index":"index","follow":"follow","max-snippet":"max-snippet:-1","max-image-preview":"max-image-preview:large","max-video-preview":"max-video-preview:-1"},"canonical":"https:\/\/blog.zeit.de\/hamburg\/hamburger-sv-saisonstart\/","og_locale":"de_DE","og_type":"article","og_title":"Jetzt nicht vom Weg abkommen - Speersort 1 - ZEIT ONLINE","og_description":"Geht es nach vielen Fans und Journalisten, steckt der HSV schon nach zwei Spieltagen wieder in der Krise. Den Pessimisten das Feld zu \u00fcberlassen w\u00e4re aber fatal.","og_url":"https:\/\/blog.zeit.de\/hamburg\/hamburger-sv-saisonstart\/","og_site_name":"Speersort 1","article_published_time":"2016-09-15T09:46:55+00:00","article_modified_time":"2016-09-15T10:15:03+00:00","og_image":[{"width":1024,"height":683,"url":"https:\/\/blog.zeit.de\/hamburg\/files\/2016\/09\/83641290-1024x683.jpg","type":"image\/jpeg"}],"author":"Kilian Trotier","twitter_card":"summary_large_image","twitter_misc":{"Geschrieben von":"Kilian Trotier","Gesch\u00e4tzte Lesezeit":"2\u00a0Minuten"},"schema":{"@context":"https:\/\/schema.org","@graph":[{"@type":"WebPage","@id":"https:\/\/blog.zeit.de\/hamburg\/hamburger-sv-saisonstart\/","url":"https:\/\/blog.zeit.de\/hamburg\/hamburger-sv-saisonstart\/","name":"Jetzt nicht vom Weg abkommen - Speersort 1 - ZEIT ONLINE","isPartOf":{"@id":"https:\/\/blog.zeit.de\/hamburg\/#website"},"datePublished":"2016-09-15T09:46:55+00:00","dateModified":"2016-09-15T10:15:03+00:00","author":{"@id":"https:\/\/blog.zeit.de\/hamburg\/#\/schema\/person\/483922ed6aa6e2295a4581ed593518ce"},"breadcrumb":{"@id":"https:\/\/blog.zeit.de\/hamburg\/hamburger-sv-saisonstart\/#breadcrumb"},"inLanguage":"de","potentialAction":[{"@type":"ReadAction","target":["https:\/\/blog.zeit.de\/hamburg\/hamburger-sv-saisonstart\/"]}]},{"@type":"BreadcrumbList","@id":"https:\/\/blog.zeit.de\/hamburg\/hamburger-sv-saisonstart\/#breadcrumb","itemListElement":[{"@type":"ListItem","position":1,"name":"Startseite","item":"https:\/\/blog.zeit.de\/hamburg\/"},{"@type":"ListItem","position":2,"name":"Jetzt nicht vom Weg abkommen"}]},{"@type":"WebSite","@id":"https:\/\/blog.zeit.de\/hamburg\/#website","url":"https:\/\/blog.zeit.de\/hamburg\/","name":"Speersort 1","description":"Das Hamburg-Blog","potentialAction":[{"@type":"SearchAction","target":{"@type":"EntryPoint","urlTemplate":"https:\/\/blog.zeit.de\/hamburg\/?s={search_term_string}"},"query-input":"required name=search_term_string"}],"inLanguage":"de"},{"@type":"Person","@id":"https:\/\/blog.zeit.de\/hamburg\/#\/schema\/person\/483922ed6aa6e2295a4581ed593518ce","name":"Kilian Trotier","image":{"@type":"ImageObject","inLanguage":"de","@id":"https:\/\/blog.zeit.de\/hamburg\/#\/schema\/person\/image\/","url":"https:\/\/secure.gravatar.com\/avatar\/effcdcdcf51814fcc99026694ad5b6e4c302aabba61942419d42d8afdb96aa0a?s=96&d=mm&r=g","contentUrl":"https:\/\/secure.gravatar.com\/avatar\/effcdcdcf51814fcc99026694ad5b6e4c302aabba61942419d42d8afdb96aa0a?s=96&d=mm&r=g","caption":"Kilian Trotier"},"description":"ist Redakteur im Hamburg-Ressort der ZEIT.","url":"https:\/\/blog.zeit.de\/hamburg\/author\/kiliantrotier\/"}]}},"jetpack_featured_media_url":"https:\/\/blog.zeit.de\/hamburg\/files\/2016\/09\/83641290.jpg","jetpack_sharing_enabled":true,"_links":{"self":[{"href":"https:\/\/blog.zeit.de\/hamburg\/wp-json\/wp\/v2\/posts\/7279","targetHints":{"allow":["GET"]}}],"collection":[{"href":"https:\/\/blog.zeit.de\/hamburg\/wp-json\/wp\/v2\/posts"}],"about":[{"href":"https:\/\/blog.zeit.de\/hamburg\/wp-json\/wp\/v2\/types\/post"}],"author":[{"embeddable":true,"href":"https:\/\/blog.zeit.de\/hamburg\/wp-json\/wp\/v2\/users\/516"}],"replies":[{"embeddable":true,"href":"https:\/\/blog.zeit.de\/hamburg\/wp-json\/wp\/v2\/comments?post=7279"}],"version-history":[{"count":5,"href":"https:\/\/blog.zeit.de\/hamburg\/wp-json\/wp\/v2\/posts\/7279\/revisions"}],"predecessor-version":[{"id":7285,"href":"https:\/\/blog.zeit.de\/hamburg\/wp-json\/wp\/v2\/posts\/7279\/revisions\/7285"}],"wp:featuredmedia":[{"embeddable":true,"href":"https:\/\/blog.zeit.de\/hamburg\/wp-json\/wp\/v2\/media\/7281"}],"wp:attachment":[{"href":"https:\/\/blog.zeit.de\/hamburg\/wp-json\/wp\/v2\/media?parent=7279"}],"wp:term":[{"taxonomy":"category","embeddable":true,"href":"https:\/\/blog.zeit.de\/hamburg\/wp-json\/wp\/v2\/categories?post=7279"},{"taxonomy":"post_tag","embeddable":true,"href":"https:\/\/blog.zeit.de\/hamburg\/wp-json\/wp\/v2\/tags?post=7279"}],"curies":[{"name":"wp","href":"https:\/\/api.w.org\/{rel}","templated":true}]}}